{"id":15646,"date":"2016-06-27T23:58:11","date_gmt":"2016-06-27T23:58:11","guid":{"rendered":"http:\/\/www.grieta.org.mx\/?p=15646"},"modified":"2018-06-21T23:15:06","modified_gmt":"2018-06-22T04:15:06","slug":"en-laollaga-ratifican-no-a-la-presa-no-a-la-mina-si-a-la-vida","status":"publish","type":"post","link":"http:\/\/www.grieta.org.mx\/index.php\/2016\/06\/27\/en-laollaga-ratifican-no-a-la-presa-no-a-la-mina-si-a-la-vida\/","title":{"rendered":"En Laollaga (Oaxaca) ratifican: \u201cNo a la presa, no a la mina\u2026 S\u00ed a la vida\u201d"},"content":{"rendered":"<p>Istmopress.<\/p>\n<p>Mart\u00edn Vargas, Oaxaca.<\/p>\n<p>Laollaga, Oaxaca.- Pobladores de Santiago Laollaga encabezados por el comit\u00e9 Pro-Defensa de recursos naturales, demolieron \u2013a mazo y barreta\u2013cuatro mojoneras construidas por una empresa minera en su territorio, al tiempo que instalaron un anuncio en contra el proyecto minero e hidroel\u00e9ctrico que busca implementarse en este municipio.<\/p>\n<p>Esta acci\u00f3n se realiz\u00f3 en cumplimiento del mandato de la Asamblea del Pueblo presidida por las autoridades municipal, comunal, ejidal y juntas vecinales de Santiago Laollaga, como un mensaje \u2013dirigido al gobierno federal y a las empresas interesadas en explotar los bienes de la comunidad\u2013, de que en Laollaga,no permitir\u00e1n \u201cproyectos de muerte\u201d, ya que la tierra, el agua y el aire es un legado para las futuras generaciones y no se vende.<\/p>\n<p>Las y los pobladores se reunieron en el centro de la poblaci\u00f3n para despu\u00e9s desplazarse a los puntos donde se ubicaban las mojoneras, en las que se le\u00eda \u201cLote Pablito\u201d que demarca 12 mil 426hect\u00e1reas y Lote El Rangercon una superficie de 1800 hect\u00e1reas, adem\u00e1s de las siglas \u201cAG\u201d que indica presencia de plata en la zona.<\/p>\n<p>Las mojoneras se ubicaban en a los costados de la carretera que conecta al Istmo de Tehuantepec con la sierra mixe, v\u00eda Laollaga, por lo que afirman continuar\u00e1n sumando pueblos como Guienagati,a su labor de defensa del territorio con fundamento al convenio 169 de la Organizaci\u00f3n Mundial del Trabajo (OIT) que brinda el derecho a los pueblos originarios del uso y disfrute de sus bienes comunes.<\/p>\n<p>En Laollaga, seg\u00fan testimonios de los pobladores, la Secretaria de Econom\u00eda otorg\u00f3 en el a\u00f1o 2008 una concesi\u00f3n a la empresa \u201cPlata Real\u201d para extraer minerales como oro y plata; adem\u00e1s existe el proyecto de la construcci\u00f3n de una presa hidroel\u00e9ctrica en esta zona, en tal sentido el comit\u00e9 expres\u00f3 que la postura de la comunidad es una: \u201cNo a la presa, no a la mina\u2026 S\u00ed a la vida\u201d.<\/p>\n<p><a href=\"http:\/\/www.istmopress.com.mx\/istmo\/en-laollaga-ratifican-no-a-la-presa-no-a-la-mina-si-a-la-vida\/\" target=\"_blank\" rel=\"noopener\">http:\/\/www.istmopress.com.mx\/istmo\/en-laollaga-ratifican-no-a-la-presa-no-a-la-mina-si-a-la-vida\/<\/a><\/p>\n","protected":false},"excerpt":{"rendered":"<p>Istmopress. Mart\u00edn Vargas, Oaxaca. Laollaga, Oaxaca.- Pobladores de Santiago Laollaga encabezados por el comit\u00e9 Pro-Defensa de recursos naturales, demolieron \u2013a mazo y barreta\u2013cuatro mojoneras construidas por una empresa minera en &hellip; <a href=\"http:\/\/www.grieta.org.mx\/index.php\/2016\/06\/27\/en-laollaga-ratifican-no-a-la-presa-no-a-la-mina-si-a-la-vida\/\" class=\"more-link\">Leer m\u00e1s<\/a><\/p>\n","protected":false},"author":2,"featured_media":21928,"comment_status":"closed","ping_status":"closed","sticky":false,"template":"","format":"standard","meta":{"ngg_post_thumbnail":0,"_jetpack_newsletter_access":"","_jetpack_dont_email_post_to_subs":false,"_jetpack_newsletter_tier_id":0,"_jetpack_memberships_contains_paywalled_content":false,"_jetpack_memberships_contains_paid_content":false,"footnotes":""},"categories":[80,1357,2,25],"tags":[425,184,96,93],"class_list":["post-15646","post","type-post","status-publish","format-standard","has-post-thumbnail","hentry","category-cintillo","category-conflictos-mineros-en-oaxaca","category-noticias-nacionales","category-oaxaca","tag-contaminacion-agua","tag-despojo","tag-megaproyectos","tag-oaxaca","entry"],"jetpack_featured_media_url":"http:\/\/www.grieta.org.mx\/wp-content\/uploads\/2018\/03\/14524434_1106112876131411_958039263622046936_o.jpg","jetpack_sharing_enabled":true,"jetpack_shortlink":"https:\/\/wp.me\/p7ZJR4-44m","jetpack_likes_enabled":false,"jetpack-related-posts":[{"id":1720,"url":"http:\/\/www.grieta.org.mx\/index.php\/2016\/01\/23\/matan-a-otro-comunicador-de-oaxaca-ahora-en-el-istmo\/","url_meta":{"origin":15646,"position":0},"title":"Matan a otro comunicador de Oaxaca; ahora en el Istmo","author":"grieta","date":"23 enero, 2016","format":false,"excerpt":"P\u00e1gina 3. Pedro Mat\u00edas, Oaxaca.- En menos de 24 horas asesinaron a otro comunicador en Oaxaca, ahora fue el locutor de la radio comunitaria \u201cManantial\u201d de Santiago Laollaga, Reynel Mart\u00ednez Cerqueda, quien fue ejecutado cuando viajaba en un mototaxi. El cuerpo de Reynel, de 43 a\u00f1os de edad, fue localizado\u2026","rel":"","context":"En &quot;CINTILLO&quot;","block_context":{"text":"CINTILLO","link":"http:\/\/www.grieta.org.mx\/index.php\/category\/cintillo\/"},"img":{"alt_text":"","src":"https:\/\/i0.wp.com\/www.grieta.org.mx\/wp-content\/uploads\/2018\/03\/14524434_1106112876131411_958039263622046936_o.jpg?resize=350%2C200","width":350,"height":200,"srcset":"https:\/\/i0.wp.com\/www.grieta.org.mx\/wp-content\/uploads\/2018\/03\/14524434_1106112876131411_958039263622046936_o.jpg?resize=350%2C200 1x, https:\/\/i0.wp.com\/www.grieta.org.mx\/wp-content\/uploads\/2018\/03\/14524434_1106112876131411_958039263622046936_o.jpg?resize=525%2C300 1.5x, https:\/\/i0.wp.com\/www.grieta.org.mx\/wp-content\/uploads\/2018\/03\/14524434_1106112876131411_958039263622046936_o.jpg?resize=700%2C400 2x"},"classes":[]},{"id":26328,"url":"http:\/\/www.grieta.org.mx\/index.php\/2017\/05\/04\/laollaga-oaxaca-contra-el-despojo-minero\/","url_meta":{"origin":15646,"position":1},"title":"Laollaga, Oaxaca contra el despojo minero","author":"grieta","date":"4 mayo, 2017","format":false,"excerpt":"Somos el Medio. Por: Ricardo Ortiz \u201cNo a la presa, no a la mina, s\u00ed a la vida\u201d \u201cLos pa\u00edses m\u00e1s avanzados est\u00e1n conduciendo al mundo al desastre, mientras que los pueblos hasta ahora considerados como primitivos est\u00e1n tratando de salvar al planeta entero\u201d Noam Chomsky Santiago Laollaga, Oaxaca.- Comunidades\u2026","rel":"","context":"En &quot;CINTILLO&quot;","block_context":{"text":"CINTILLO","link":"http:\/\/www.grieta.org.mx\/index.php\/category\/cintillo\/"},"img":{"alt_text":"","src":"https:\/\/i0.wp.com\/www.grieta.org.mx\/wp-content\/uploads\/2018\/09\/Laollaga-Oaxaca-Ricardo-Ortiz-696x378.jpg?resize=350%2C200","width":350,"height":200,"srcset":"https:\/\/i0.wp.com\/www.grieta.org.mx\/wp-content\/uploads\/2018\/09\/Laollaga-Oaxaca-Ricardo-Ortiz-696x378.jpg?resize=350%2C200 1x, https:\/\/i0.wp.com\/www.grieta.org.mx\/wp-content\/uploads\/2018\/09\/Laollaga-Oaxaca-Ricardo-Ortiz-696x378.jpg?resize=525%2C300 1.5x"},"classes":[]},{"id":10628,"url":"http:\/\/www.grieta.org.mx\/index.php\/2016\/04\/19\/inician-en-ixtepec-campana-en-defensa-del-rio-de-los-perros\/","url_meta":{"origin":15646,"position":2},"title":"Inician en Ixtepec campa\u00f1a en defensa del R\u00edo de los Perros","author":"grieta","date":"19 abril, 2016","format":false,"excerpt":"Diana Manzo, Oaxaca. 19 de abril de 2016. Ixtepec, Oax. Integrantes del Comit\u00e9 Ixtepecano en Defensa de la Tierra y el Territorio iniciaron este lunes una campa\u00f1a en la comunidad Santiago Laollaga, a fin de articular acciones con los pueblos, organizaciones y vecinos de diversos municipios para defender la cuenca\u2026","rel":"","context":"En &quot;CINTILLO&quot;","block_context":{"text":"CINTILLO","link":"http:\/\/www.grieta.org.mx\/index.php\/category\/cintillo\/"},"img":{"alt_text":"","src":"https:\/\/i0.wp.com\/www.grieta.org.mx\/wp-content\/uploads\/2018\/03\/14524434_1106112876131411_958039263622046936_o.jpg?resize=350%2C200","width":350,"height":200,"srcset":"https:\/\/i0.wp.com\/www.grieta.org.mx\/wp-content\/uploads\/2018\/03\/14524434_1106112876131411_958039263622046936_o.jpg?resize=350%2C200 1x, https:\/\/i0.wp.com\/www.grieta.org.mx\/wp-content\/uploads\/2018\/03\/14524434_1106112876131411_958039263622046936_o.jpg?resize=525%2C300 1.5x, https:\/\/i0.wp.com\/www.grieta.org.mx\/wp-content\/uploads\/2018\/03\/14524434_1106112876131411_958039263622046936_o.jpg?resize=700%2C400 2x"},"classes":[]},{"id":36583,"url":"http:\/\/www.grieta.org.mx\/index.php\/2019\/07\/16\/rechazan-consulta-para-reforma-constitucional-sobre-derechos-de-pueblos-indigenas-oaxaca\/","url_meta":{"origin":15646,"position":3},"title":"Rechazan consulta para Reforma Constitucional sobre derechos de pueblos ind\u00edgenas (Oaxaca)","author":"grieta","date":"16 julio, 2019","format":false,"excerpt":"Redacci\u00f3n \/ La Cooperacha. Se realiza etapa deliberativa sin llevar a cabo la informativa, se\u00f1alan pueblos y organizaciones de Oaxaca y Veracruz. Ciudad de M\u00e9xico.- Pueblos y organizaciones de Oaxaca y Veracruz, pertenecientes a la campa\u00f1a El Istmo es Nuestro, rechazaron el proceso de consulta para la Reforma Constitucional sobre\u2026","rel":"","context":"En &quot;CINTILLO&quot;","block_context":{"text":"CINTILLO","link":"http:\/\/www.grieta.org.mx\/index.php\/category\/cintillo\/"},"img":{"alt_text":"","src":"https:\/\/i0.wp.com\/www.grieta.org.mx\/wp-content\/uploads\/2019\/07\/Rechazan-consulta-para-reforma-constitucional-sobre-Pueblos-Indigenas-2019.jpg?resize=350%2C200","width":350,"height":200,"srcset":"https:\/\/i0.wp.com\/www.grieta.org.mx\/wp-content\/uploads\/2019\/07\/Rechazan-consulta-para-reforma-constitucional-sobre-Pueblos-Indigenas-2019.jpg?resize=350%2C200 1x, https:\/\/i0.wp.com\/www.grieta.org.mx\/wp-content\/uploads\/2019\/07\/Rechazan-consulta-para-reforma-constitucional-sobre-Pueblos-Indigenas-2019.jpg?resize=525%2C300 1.5x, https:\/\/i0.wp.com\/www.grieta.org.mx\/wp-content\/uploads\/2019\/07\/Rechazan-consulta-para-reforma-constitucional-sobre-Pueblos-Indigenas-2019.jpg?resize=700%2C400 2x, https:\/\/i0.wp.com\/www.grieta.org.mx\/wp-content\/uploads\/2019\/07\/Rechazan-consulta-para-reforma-constitucional-sobre-Pueblos-Indigenas-2019.jpg?resize=1050%2C600 3x"},"classes":[]},{"id":17516,"url":"http:\/\/www.grieta.org.mx\/index.php\/2016\/07\/23\/concesiones-mineras-acaparan-47-mil-hectareas-en-el-istmo\/","url_meta":{"origin":15646,"position":4},"title":"Concesiones mineras acaparan 47 mil hect\u00e1reas en el istmo","author":"grieta","date":"23 julio, 2016","format":false,"excerpt":"Redacci\u00f3n Istmo Press #Ixtepec 23 julio (#istmopress).- En el marco del D\u00eda Mundial Contra la Megaminer\u00eda, celebrado cada 22 de julio, colectivos del Istmo de Tehuantepec participaron en el foro \u201cEstrategias de lucha para la defensa de la Madre Tierra y el territorio\u201d en la capital de Oaxaca, como parte\u2026","rel":"","context":"En &quot;CINTILLO&quot;","block_context":{"text":"CINTILLO","link":"http:\/\/www.grieta.org.mx\/index.php\/category\/cintillo\/"},"img":{"alt_text":"","src":"https:\/\/i0.wp.com\/www.grieta.org.mx\/wp-content\/uploads\/2018\/03\/14524434_1106112876131411_958039263622046936_o.jpg?resize=350%2C200","width":350,"height":200,"srcset":"https:\/\/i0.wp.com\/www.grieta.org.mx\/wp-content\/uploads\/2018\/03\/14524434_1106112876131411_958039263622046936_o.jpg?resize=350%2C200 1x, https:\/\/i0.wp.com\/www.grieta.org.mx\/wp-content\/uploads\/2018\/03\/14524434_1106112876131411_958039263622046936_o.jpg?resize=525%2C300 1.5x, https:\/\/i0.wp.com\/www.grieta.org.mx\/wp-content\/uploads\/2018\/03\/14524434_1106112876131411_958039263622046936_o.jpg?resize=700%2C400 2x"},"classes":[]},{"id":11776,"url":"http:\/\/www.grieta.org.mx\/index.php\/2016\/04\/28\/marchan-en-ixtepec-para-exigir-insumos-y-medicamentos-a-los-sso\/","url_meta":{"origin":15646,"position":5},"title":"Marchan en Ixtepec para exigir insumos y medicamentos a los SSO","author":"grieta","date":"28 abril, 2016","format":false,"excerpt":"P\u00e1gina 3. Diana Manzo, Ixtepec, Oaxaca.- Unos cien ciudadanos originarios de Ciudad Ixtepec y localidades de la sierra mixe\u2013zapoteca que se benefician con los servicios que presta el Hospital General conocido como \u201c30 Camas\u201d marcharon para exigir insumos y medicamentos al encargado del despacho de los Servicios de Salud de\u2026","rel":"","context":"En &quot;CINTILLO&quot;","block_context":{"text":"CINTILLO","link":"http:\/\/www.grieta.org.mx\/index.php\/category\/cintillo\/"},"img":{"alt_text":"","src":"https:\/\/i0.wp.com\/www.grieta.org.mx\/wp-content\/uploads\/2018\/03\/14524434_1106112876131411_958039263622046936_o.jpg?resize=350%2C200","width":350,"height":200,"srcset":"https:\/\/i0.wp.com\/www.grieta.org.mx\/wp-content\/uploads\/2018\/03\/14524434_1106112876131411_958039263622046936_o.jpg?resize=350%2C200 1x, https:\/\/i0.wp.com\/www.grieta.org.mx\/wp-content\/uploads\/2018\/03\/14524434_1106112876131411_958039263622046936_o.jpg?resize=525%2C300 1.5x, https:\/\/i0.wp.com\/www.grieta.org.mx\/wp-content\/uploads\/2018\/03\/14524434_1106112876131411_958039263622046936_o.jpg?resize=700%2C400 2x"},"classes":[]}],"_links":{"self":[{"href":"http:\/\/www.grieta.org.mx\/index.php\/wp-json\/wp\/v2\/posts\/15646","targetHints":{"allow":["GET"]}}],"collection":[{"href":"http:\/\/www.grieta.org.mx\/index.php\/wp-json\/wp\/v2\/posts"}],"about":[{"href":"http:\/\/www.grieta.org.mx\/index.php\/wp-json\/wp\/v2\/types\/post"}],"author":[{"embeddable":true,"href":"http:\/\/www.grieta.org.mx\/index.php\/wp-json\/wp\/v2\/users\/2"}],"replies":[{"embeddable":true,"href":"http:\/\/www.grieta.org.mx\/index.php\/wp-json\/wp\/v2\/comments?post=15646"}],"version-history":[{"count":1,"href":"http:\/\/www.grieta.org.mx\/index.php\/wp-json\/wp\/v2\/posts\/15646\/revisions"}],"predecessor-version":[{"id":23892,"href":"http:\/\/www.grieta.org.mx\/index.php\/wp-json\/wp\/v2\/posts\/15646\/revisions\/23892"}],"wp:featuredmedia":[{"embeddable":true,"href":"http:\/\/www.grieta.org.mx\/index.php\/wp-json\/wp\/v2\/media\/21928"}],"wp:attachment":[{"href":"http:\/\/www.grieta.org.mx\/index.php\/wp-json\/wp\/v2\/media?parent=15646"}],"wp:term":[{"taxonomy":"category","embeddable":true,"href":"http:\/\/www.grieta.org.mx\/index.php\/wp-json\/wp\/v2\/categories?post=15646"},{"taxonomy":"post_tag","embeddable":true,"href":"http:\/\/www.grieta.org.mx\/index.php\/wp-json\/wp\/v2\/tags?post=15646"}],"curies":[{"name":"wp","href":"https:\/\/api.w.org\/{rel}","templated":true}]}}