{"id":1563,"date":"2015-08-28T18:33:28","date_gmt":"2015-08-28T18:33:28","guid":{"rendered":"http:\/\/50.22.11.12\/~grietaor\/?p=1563"},"modified":"2016-03-08T18:40:09","modified_gmt":"2016-03-08T18:40:09","slug":"muere-trabajador-en-plataforma-de-pemex-en-campeche-hay-un-herido","status":"publish","type":"post","link":"http:\/\/www.grieta.org.mx\/index.php\/2015\/08\/28\/muere-trabajador-en-plataforma-de-pemex-en-campeche-hay-un-herido\/","title":{"rendered":"Muere trabajador en plataforma de Pemex en Campeche; hay un herido"},"content":{"rendered":"<p>Ciudad del Carmen, Camp.<\/p>\n<p>Por segunda ocasi\u00f3n en el a\u00f1o ocurri\u00f3 un accidente en la plataforma de Petr\u00f3leos Mexicanos (Pemex) Abkat\u00fan Permanente, en el Golfo de M\u00e9xico. El mi\u00e9rcoles por la noche un flamazo ocasion\u00f3 la muerte del trabajador Luis Alberto V\u00e1zquez P\u00e9rez y dej\u00f3 un lesionado.<\/p>\n<p>La paraestatal confirm\u00f3 en un comunicado que el incidente fue a las 21:03 horas, cuando se realizaban trabajos de soldadura para el desmantelamiento de placas y tuber\u00edas.<\/p>\n<p>Detall\u00f3 que esa plataforma no estaba operando y se encuentra totalmente aislada.<\/p>\n<p>Pemex lament\u00f3 el fallecimiento del trabajador Luis Alberto V\u00e1zquez P\u00e9rez, de la compa\u00f1\u00eda Servicios Mar\u00edtimos de Campeche, a consecuencia de las lesiones que sufri\u00f3 tras el flamazo. Refiri\u00f3 que Luis Manuel V\u00e1zquez Bautista, quien laboraba en la misma compa\u00f1\u00eda, fue internado en el Instituto Mexicano del Seguro Social (IMSS) de Ciudad del Carmen.<\/p>\n<p>Es el segundo incidente que ocurre en esa plataforma. En abril pasado hubo una explosi\u00f3n e incendio que dej\u00f3 cinco muertos, 16 lesionados y dos desaparecidos.<\/p>\n<p>En tanto, en Villahermosa, Tabasco Pemex anunci\u00f3 el cierre del pozo Terra 123, como parte de los protocolos de seguridad de instalaciones petroleras.<\/p>\n<p>En octubre de 2013 un accidente en ese pozo caus\u00f3 graves da\u00f1os a unas 48 mil familias de 75 comunidades de los municipios de Nacajuca y Jalpa de M\u00e9ndez por la fuga de gas y el incendio, suceso que deriv\u00f3 en manifestaciones de campesinos que exigen el pago de indemnizaciones, pues aseguran que el percance contamin\u00f3 sembrad\u00edos, cuerpos de agua afect\u00f3 viviendas y caus\u00f3 la muerte de animales de traspatio.<\/p>\n<p>Ayer en un comunicado la empresa explic\u00f3 que se realizan trabajos del cierre total. Asegur\u00f3 que ya no existe riesgo para la poblaci\u00f3n y que Pemex cumple con los protocolos de seguridad que establecen normas en la materia.<\/p>\n<p><a href=\"http:\/\/www.jornada.unam.mx\/2015\/08\/28\/estados\/034n2est?partner=rss\" target=\"_blank\">www.jornada.unam.mx\/2015\/08\/28\/estados\/034n2est?partner=rss<\/a><\/p>\n","protected":false},"excerpt":{"rendered":"<p>Ciudad del Carmen, Camp. Por segunda ocasi\u00f3n en el a\u00f1o ocurri\u00f3 un accidente en la plataforma de Petr\u00f3leos Mexicanos (Pemex) Abkat\u00fan Permanente, en el Golfo de M\u00e9xico. El mi\u00e9rcoles por &hellip; <a href=\"http:\/\/www.grieta.org.mx\/index.php\/2015\/08\/28\/muere-trabajador-en-plataforma-de-pemex-en-campeche-hay-un-herido\/\" class=\"more-link\">Leer m\u00e1s<\/a><\/p>\n","protected":false},"author":2,"featured_media":21928,"comment_status":"closed","ping_status":"open","sticky":false,"template":"","format":"standard","meta":{"ngg_post_thumbnail":0,"_jetpack_newsletter_access":"","_jetpack_dont_email_post_to_subs":false,"_jetpack_newsletter_tier_id":0,"_jetpack_memberships_contains_paywalled_content":false,"_jetpack_memberships_contains_paid_content":false,"footnotes":""},"categories":[123,80],"tags":[186,125],"class_list":["post-1563","post","type-post","status-publish","format-standard","has-post-thumbnail","hentry","category-campeche","category-cintillo","tag-accidente","tag-pemex","entry"],"jetpack_featured_media_url":"http:\/\/www.grieta.org.mx\/wp-content\/uploads\/2018\/03\/14524434_1106112876131411_958039263622046936_o.jpg","jetpack_sharing_enabled":true,"jetpack_shortlink":"https:\/\/wp.me\/p7ZJR4-pd","jetpack_likes_enabled":false,"jetpack-related-posts":[{"id":68798,"url":"http:\/\/www.grieta.org.mx\/index.php\/2024\/04\/07\/un-trabajador-muerto-y-13-heridos-en-un-incendio-en-una-plataforma-de-pemex-campeche\/","url_meta":{"origin":1563,"position":0},"title":"Un trabajador muerto y 13 heridos en un incendio en una plataforma de Pemex (Campeche)","author":"grieta","date":"7 abril, 2024","format":false,"excerpt":"Pablo Ferri \/ El Pa\u00eds Un incendio en una plataforma de Pemex en Campeche, en el sur de M\u00e9xico, ha dejado un muerto y 13 heridos, seg\u00fan ha confirmado la empresa paraestatal, en un comunicado divulgado este domingo. Pemex no ha dado detalles del origen y los motivos del siniestro.\u2026","rel":"","context":"En &quot;Campeche&quot;","block_context":{"text":"Campeche","link":"http:\/\/www.grieta.org.mx\/index.php\/category\/noticias-nacionales\/campeche\/"},"img":{"alt_text":"","src":"https:\/\/i0.wp.com\/www.grieta.org.mx\/wp-content\/uploads\/2024\/04\/Incendio-e1712951433295.jpg?resize=350%2C200","width":350,"height":200,"srcset":"https:\/\/i0.wp.com\/www.grieta.org.mx\/wp-content\/uploads\/2024\/04\/Incendio-e1712951433295.jpg?resize=350%2C200 1x, https:\/\/i0.wp.com\/www.grieta.org.mx\/wp-content\/uploads\/2024\/04\/Incendio-e1712951433295.jpg?resize=525%2C300 1.5x, https:\/\/i0.wp.com\/www.grieta.org.mx\/wp-content\/uploads\/2024\/04\/Incendio-e1712951433295.jpg?resize=700%2C400 2x"},"classes":[]},{"id":1726,"url":"http:\/\/www.grieta.org.mx\/index.php\/2016\/02\/07\/planean-cadenas-productivas-petroleras-en-la-sonda-campeche-donde-la-explosiones-y-los-accidentes-no-cesan\/","url_meta":{"origin":1563,"position":1},"title":"Planean cadenas productivas petroleras en La Sonda, Campeche, donde la explosiones y los accidentes no cesan","author":"grieta","date":"7 febrero, 2016","format":false,"excerpt":"07\/02\/16. Incendio en plataforma de Pemex de Abkat\u00fan deja tres muertos El Financiero 25\/01\/16. Temen tragedias en plataformas petroleras de Pemex por reducci\u00f3n presupuestal Jorge Castro Comunicaci\u00f3n Digital 24\/01\/16. Nueva explosi\u00f3n de Pemex en la Sonda de Campeche P\u00e1gin@bierta 20\/10\/15. Campeche tendr\u00e1 cadenas productivas para industria petrolera El Financiero 28\/08\/15.\u2026","rel":"","context":"En &quot;Campeche&quot;","block_context":{"text":"Campeche","link":"http:\/\/www.grieta.org.mx\/index.php\/category\/noticias-nacionales\/campeche\/"},"img":{"alt_text":"","src":"https:\/\/i0.wp.com\/www.grieta.org.mx\/wp-content\/uploads\/2018\/03\/14524434_1106112876131411_958039263622046936_o.jpg?resize=350%2C200","width":350,"height":200,"srcset":"https:\/\/i0.wp.com\/www.grieta.org.mx\/wp-content\/uploads\/2018\/03\/14524434_1106112876131411_958039263622046936_o.jpg?resize=350%2C200 1x, https:\/\/i0.wp.com\/www.grieta.org.mx\/wp-content\/uploads\/2018\/03\/14524434_1106112876131411_958039263622046936_o.jpg?resize=525%2C300 1.5x, https:\/\/i0.wp.com\/www.grieta.org.mx\/wp-content\/uploads\/2018\/03\/14524434_1106112876131411_958039263622046936_o.jpg?resize=700%2C400 2x"},"classes":[]},{"id":1746,"url":"http:\/\/www.grieta.org.mx\/index.php\/2015\/04\/01\/arde-plataforma-en-la-sonda-de-campeche\/","url_meta":{"origin":1563,"position":2},"title":"Arde plataforma en la Sonda de Campeche","author":"grieta","date":"1 abril, 2015","format":false,"excerpt":"Petr\u00f3leos Mexicanos (Pemex) inform\u00f3 que cuatro trabajadores murieron al estallar un incendio en la madrugada del mi\u00e9rcoles en la plataforma Abkatun Permanente, en la Sonda de Campeche. Previamente, hab\u00eda confirmado solo un fallecimiento \u2013empleado de la compa\u00f1\u00eda Cotemar\u2013 y 16 heridos. Luego la cifra de heridos subi\u00f3 a 39. Dos\u2026","rel":"","context":"En &quot;campeche&quot;","block_context":{"text":"campeche","link":"http:\/\/www.grieta.org.mx\/index.php\/category\/campeche\/"},"img":{"alt_text":"","src":"https:\/\/i0.wp.com\/www.grieta.org.mx\/wp-content\/uploads\/2018\/03\/14524434_1106112876131411_958039263622046936_o.jpg?resize=350%2C200","width":350,"height":200,"srcset":"https:\/\/i0.wp.com\/www.grieta.org.mx\/wp-content\/uploads\/2018\/03\/14524434_1106112876131411_958039263622046936_o.jpg?resize=350%2C200 1x, https:\/\/i0.wp.com\/www.grieta.org.mx\/wp-content\/uploads\/2018\/03\/14524434_1106112876131411_958039263622046936_o.jpg?resize=525%2C300 1.5x, https:\/\/i0.wp.com\/www.grieta.org.mx\/wp-content\/uploads\/2018\/03\/14524434_1106112876131411_958039263622046936_o.jpg?resize=700%2C400 2x"},"classes":[]},{"id":1732,"url":"http:\/\/www.grieta.org.mx\/index.php\/2015\/05\/07\/reporta-pemex-un-percance-mas-en-plataforma-de-sonda-de-campeche\/","url_meta":{"origin":1563,"position":3},"title":"Reporta Pemex un percance m\u00e1s en plataforma de Sonda de Campeche","author":"grieta","date":"7 mayo, 2015","format":false,"excerpt":"Proceso Rosa Santana 7 de mayo de 2015 Nacional CIUDAD DEL CARMEN, Cam. (apro).- A dos d\u00edas del accidente en la plataforma Troll Solutions, que oficialmente dej\u00f3 dos muertos, Petr\u00f3leos Mexicanos (Pemex) report\u00f3 hoy una nueva contingencia en la Sonda de Campeche, esta vez en la plataforma Ocean Summit, de\u2026","rel":"","context":"En &quot;campeche&quot;","block_context":{"text":"campeche","link":"http:\/\/www.grieta.org.mx\/index.php\/category\/campeche\/"},"img":{"alt_text":"","src":"https:\/\/i0.wp.com\/www.grieta.org.mx\/wp-content\/uploads\/2018\/03\/14524434_1106112876131411_958039263622046936_o.jpg?resize=350%2C200","width":350,"height":200,"srcset":"https:\/\/i0.wp.com\/www.grieta.org.mx\/wp-content\/uploads\/2018\/03\/14524434_1106112876131411_958039263622046936_o.jpg?resize=350%2C200 1x, https:\/\/i0.wp.com\/www.grieta.org.mx\/wp-content\/uploads\/2018\/03\/14524434_1106112876131411_958039263622046936_o.jpg?resize=525%2C300 1.5x, https:\/\/i0.wp.com\/www.grieta.org.mx\/wp-content\/uploads\/2018\/03\/14524434_1106112876131411_958039263622046936_o.jpg?resize=700%2C400 2x"},"classes":[]},{"id":1754,"url":"http:\/\/www.grieta.org.mx\/index.php\/2016\/01\/24\/nueva-explosion-de-pemex-en-la-sonda-de-campeche\/","url_meta":{"origin":1563,"position":4},"title":"Nueva explosi\u00f3n de Pemex en la Sonda de Campeche","author":"grieta","date":"24 enero, 2016","format":false,"excerpt":"Ahora fue en el cuarto de m\u00e1quinas de la plataforma Zaap-E, en el principal complejo de producci\u00f3n de petr\u00f3leo, el Ku-Maloob-Zaap, y Pemex da a conocer que no hubo lesionados, ni muertos. Por Daniel S\u00e1nchez CIUDAD DEL CARMEN, Cam. 23 de enero del 2016.- Un nuevo accidente se registr\u00f3 en\u2026","rel":"","context":"En &quot;campeche&quot;","block_context":{"text":"campeche","link":"http:\/\/www.grieta.org.mx\/index.php\/category\/campeche\/"},"img":{"alt_text":"","src":"https:\/\/i0.wp.com\/www.grieta.org.mx\/wp-content\/uploads\/2018\/03\/14524434_1106112876131411_958039263622046936_o.jpg?resize=350%2C200","width":350,"height":200,"srcset":"https:\/\/i0.wp.com\/www.grieta.org.mx\/wp-content\/uploads\/2018\/03\/14524434_1106112876131411_958039263622046936_o.jpg?resize=350%2C200 1x, https:\/\/i0.wp.com\/www.grieta.org.mx\/wp-content\/uploads\/2018\/03\/14524434_1106112876131411_958039263622046936_o.jpg?resize=525%2C300 1.5x, https:\/\/i0.wp.com\/www.grieta.org.mx\/wp-content\/uploads\/2018\/03\/14524434_1106112876131411_958039263622046936_o.jpg?resize=700%2C400 2x"},"classes":[]},{"id":1742,"url":"http:\/\/www.grieta.org.mx\/index.php\/2015\/05\/05\/otro-accidente-en-la-sonda-de-campeche-confirma-pemex-2-muertos-y-mas-de-100-evacuados-por-percance-en-plataforma-troll-solution\/","url_meta":{"origin":1563,"position":5},"title":"Otro Accidente en la Sonda de Campeche: Confirma Pemex 2 muertos y m\u00e1s de 100 evacuados por percance en plataforma \u2018Troll Solution\u2019","author":"grieta","date":"5 mayo, 2015","format":false,"excerpt":"La plataforma Troll Solution, instalada frente a costas de Campeche en el Golfo de M\u00e9xico, habr\u00eda sufrido un accidente este martes por el que se lade\u00f3, inform\u00f3 Petr\u00f3leos Mexicanos (Pemex). Dos personas murieron tras el incidente, confirm\u00f3 la paraestatal en su cuenta de Twitter. En su cuenta de Twitter, la\u2026","rel":"","context":"En &quot;campeche&quot;","block_context":{"text":"campeche","link":"http:\/\/www.grieta.org.mx\/index.php\/category\/campeche\/"},"img":{"alt_text":"","src":"https:\/\/i0.wp.com\/www.grieta.org.mx\/wp-content\/uploads\/2018\/03\/14524434_1106112876131411_958039263622046936_o.jpg?resize=350%2C200","width":350,"height":200,"srcset":"https:\/\/i0.wp.com\/www.grieta.org.mx\/wp-content\/uploads\/2018\/03\/14524434_1106112876131411_958039263622046936_o.jpg?resize=350%2C200 1x, https:\/\/i0.wp.com\/www.grieta.org.mx\/wp-content\/uploads\/2018\/03\/14524434_1106112876131411_958039263622046936_o.jpg?resize=525%2C300 1.5x, https:\/\/i0.wp.com\/www.grieta.org.mx\/wp-content\/uploads\/2018\/03\/14524434_1106112876131411_958039263622046936_o.jpg?resize=700%2C400 2x"},"classes":[]}],"_links":{"self":[{"href":"http:\/\/www.grieta.org.mx\/index.php\/wp-json\/wp\/v2\/posts\/1563","targetHints":{"allow":["GET"]}}],"collection":[{"href":"http:\/\/www.grieta.org.mx\/index.php\/wp-json\/wp\/v2\/posts"}],"about":[{"href":"http:\/\/www.grieta.org.mx\/index.php\/wp-json\/wp\/v2\/types\/post"}],"author":[{"embeddable":true,"href":"http:\/\/www.grieta.org.mx\/index.php\/wp-json\/wp\/v2\/users\/2"}],"replies":[{"embeddable":true,"href":"http:\/\/www.grieta.org.mx\/index.php\/wp-json\/wp\/v2\/comments?post=1563"}],"version-history":[{"count":1,"href":"http:\/\/www.grieta.org.mx\/index.php\/wp-json\/wp\/v2\/posts\/1563\/revisions"}],"predecessor-version":[{"id":1565,"href":"http:\/\/www.grieta.org.mx\/index.php\/wp-json\/wp\/v2\/posts\/1563\/revisions\/1565"}],"wp:featuredmedia":[{"embeddable":true,"href":"http:\/\/www.grieta.org.mx\/index.php\/wp-json\/wp\/v2\/media\/21928"}],"wp:attachment":[{"href":"http:\/\/www.grieta.org.mx\/index.php\/wp-json\/wp\/v2\/media?parent=1563"}],"wp:term":[{"taxonomy":"category","embeddable":true,"href":"http:\/\/www.grieta.org.mx\/index.php\/wp-json\/wp\/v2\/categories?post=1563"},{"taxonomy":"post_tag","embeddable":true,"href":"http:\/\/www.grieta.org.mx\/index.php\/wp-json\/wp\/v2\/tags?post=1563"}],"curies":[{"name":"wp","href":"https:\/\/api.w.org\/{rel}","templated":true}]}}