{"id":15617,"date":"2016-06-29T17:59:56","date_gmt":"2016-06-29T17:59:56","guid":{"rendered":"http:\/\/www.grieta.org.mx\/?p=15617"},"modified":"2018-07-24T13:42:27","modified_gmt":"2018-07-24T18:42:27","slug":"alertan-a-hopelchen-campeche-sobre-contaminacion-de-glifosato","status":"publish","type":"post","link":"http:\/\/www.grieta.org.mx\/index.php\/2016\/06\/29\/alertan-a-hopelchen-campeche-sobre-contaminacion-de-glifosato\/","title":{"rendered":"Alertan a Hopelchen (Campeche) sobre contaminaci\u00f3n de glifosato"},"content":{"rendered":"<p>7 de cada 10 menores en Ich Ek presentan glifosato en la orina, dijo Alvaro Mena Fuentes, de la Asociaci\u00f3n Civil Ka-Kuxtal<br \/>\n(Jorge Caamal Ek)<br \/>\nHOPELCHEN, Cam., 29 de junio. La comunidad chenera debe tener mucho cuidado por la contaminaci\u00f3n masiva en el manto Fre\u00e1tico por la reciente investigaci\u00f3n de laboratorios en los menores en la comunidad de Ich Ek, donde de cada 10 menores 7 se le encontr\u00f3 substancias de glifosato en la orina, menciono Alvaro Mena Fuentes, de la Asociaci\u00f3n Civil Ka-Kuxtal, quien se pronunci\u00f3 sobre los recientes acontecimientos registrados en menores de edad y tomar mayores cuidados por la llegada de agua en los pozos de absorci\u00f3n donde se escurre los residuos de los qu\u00edmicos prohibidos.<br \/>\nExplic\u00f3 que la consulta ind\u00edgena maya de este jueves debe ser en completa calma y quien se sienta afectado en su siembra de soya transg\u00e9nica, que lo manifieste y quien se oponga tambi\u00e9n, puesto que est\u00e1n invitados 36 pueblos para que avalen el segundo foro a llevarse a efecto.<br \/>\nIndic\u00f3 que est\u00e1 en contra de que se siembre la soya transg\u00e9nica y no puede ser que se siga distribuyendo los qu\u00edmicos que maneja la empresa Internacional Monsanto y ya se inici\u00f3 con las complicaciones, seg\u00fan los laboratorios del doctor Rend\u00f3n explic\u00f3.<br \/>\nA\u00f1adi\u00f3 que los labriegos deben de alzar la voz por la negativa del uso indebido de los qu\u00edmicos, a tal grado que los ni\u00f1os est\u00e1n contaminados, sabiendo que no tienen completa las defensas y son tan vulnerables para adoptar la contaminaci\u00f3n, sobre todo, al parecer lo que consumen como el ma\u00edz de la mejorada o h\u00edbrida tambi\u00e9n es de la familia gen\u00e9ticamente modificado y en la consulta la Comisi\u00f3n Intersectorial de Bioseguridad de los Organismos Gen\u00e9ticamente Modificado (Cibiogen) es la responsable y la CDI como un r\u00e9feri, indic\u00f3.<br \/>\nAclar\u00f3 que la Organizaci\u00f3n Mundial de la Salud (OMS) dictamin\u00f3 desde a\u00f1os atr\u00e1s, sobre el peligro que representa la siembra de la soya transg\u00e9nica y como base fundamental para complementar la tarea de su crecimiento, para evitar algunas plagas y lograr un mejor desarrollo, utilizan el producto m\u00e1s da\u00f1ino, el herbicida Glifosato, que es investigado por el propio organismo gubermantal de Campeche, la Secretaria del Medio Ambiente y Recursos Naturales de Campeche (SEMARNATCAM?, aclar\u00f3.<br \/>\nExplic\u00f3 que se complica cada d\u00eda m\u00e1s, la consulta por los recientes descubrimientos en laboratorio y dados a saber por diputados del Congreso local, no est\u00e1n vacilando, dijo.<br \/>\nAseguraron que los agricultores para su mejoramiento econ\u00f3mico est\u00e1n sembrando este tipo de soya en su modalidad la transg\u00e9nica, pero no se ponen a pensar la devastaci\u00f3n de la selva y la contaminaci\u00f3n que han causado, es un peligro para el estado campechano y para la Pen\u00ednsula de Yucat\u00e1n, aclar\u00f3.<\/p>\n<p><a href=\"http:\/\/www.poresto.net\/ver_nota.php?zona=yucatan&#038;idSeccion=31&#038;idTitulo=488059\" target=\"_blank\">http:\/\/www.poresto.net\/ver_nota.php?zona=yucatan&#038;idSeccion=31&#038;idTitulo=488059<\/a><\/p>\n","protected":false},"excerpt":{"rendered":"<p>7 de cada 10 menores en Ich Ek presentan glifosato en la orina, dijo Alvaro Mena Fuentes, de la Asociaci\u00f3n Civil Ka-Kuxtal (Jorge Caamal Ek) HOPELCHEN, Cam., 29 de junio. &hellip; <a href=\"http:\/\/www.grieta.org.mx\/index.php\/2016\/06\/29\/alertan-a-hopelchen-campeche-sobre-contaminacion-de-glifosato\/\" class=\"more-link\">Leer m\u00e1s<\/a><\/p>\n","protected":false},"author":2,"featured_media":21928,"comment_status":"closed","ping_status":"closed","sticky":false,"template":"","format":"standard","meta":{"ngg_post_thumbnail":0,"_jetpack_newsletter_access":"","_jetpack_dont_email_post_to_subs":false,"_jetpack_newsletter_tier_id":0,"_jetpack_memberships_contains_paywalled_content":false,"_jetpack_memberships_contains_paid_content":false,"footnotes":""},"categories":[60,123,11,80,958,976,984,1,954,2,28,1151,1152,1153,36],"tags":[91,161,159],"class_list":{"0":"post-15617","1":"post","2":"type-post","3":"status-publish","4":"format-standard","5":"has-post-thumbnail","6":"hentry","7":"category-16-pueblo-maya","8":"category-campeche","10":"category-cintillo","11":"category-esp-campeche","12":"category-esp-quintana-roo","13":"category-esp-yucatan","14":"category-espejos-de-la-resistencia","15":"category-espejos-estados","16":"category-noticias-nacionales","17":"category-quintana-roo","18":"category-se-organizan-para-frenar-avance-de-transgenicos-en-yucatan-campeche-y-quintana-roo","19":"category-se-organizan-para-frenar-avance-de-transgenicos-en-yucatan-campeche-y-quintana-roo-yucatan","20":"category-se-organizan-para-frenar-avance-de-transgenicos-en-yucatan-campeche-y-quintana-roo-quintana-roo","21":"category-yucatan","22":"tag-contaminacion-ambiental","23":"tag-monsanto","24":"tag-transgenicos","25":"entry"},"jetpack_featured_media_url":"http:\/\/www.grieta.org.mx\/wp-content\/uploads\/2018\/03\/14524434_1106112876131411_958039263622046936_o.jpg","jetpack_sharing_enabled":true,"jetpack_shortlink":"https:\/\/wp.me\/p7ZJR4-43T","jetpack_likes_enabled":false,"jetpack-related-posts":[{"id":17435,"url":"http:\/\/www.grieta.org.mx\/index.php\/2016\/07\/20\/firmas-contra-transgenicos-campeche\/","url_meta":{"origin":15617,"position":0},"title":"Firmas contra transg\u00e9nicos (Campeche)","author":"grieta","date":"20 julio, 2016","format":false,"excerpt":"Ejidatarios de Iturbide, Hopelch\u00e9n, entregaron ayer documento con 540 firmas a la Comisi\u00f3n de Derechos Humanos del Estado de Campeche (Codhecam), en que rechazan la siembra de soya transg\u00e9nica, ya que la consideran da\u00f1ina para la salud y de inter\u00e9s exclusivo de menonitas. Los comisarios ejidal y municipal Abelardo Brice\u00f1o\u2026","rel":"","context":"En &quot;16. Pueblo Maya&quot;","block_context":{"text":"16. Pueblo Maya","link":"http:\/\/www.grieta.org.mx\/index.php\/category\/espejos-de-la-resistencia\/16-pueblo-maya\/"},"img":{"alt_text":"","src":"https:\/\/i0.wp.com\/www.grieta.org.mx\/wp-content\/uploads\/2018\/03\/14524434_1106112876131411_958039263622046936_o.jpg?resize=350%2C200","width":350,"height":200,"srcset":"https:\/\/i0.wp.com\/www.grieta.org.mx\/wp-content\/uploads\/2018\/03\/14524434_1106112876131411_958039263622046936_o.jpg?resize=350%2C200 1x, https:\/\/i0.wp.com\/www.grieta.org.mx\/wp-content\/uploads\/2018\/03\/14524434_1106112876131411_958039263622046936_o.jpg?resize=525%2C300 1.5x, https:\/\/i0.wp.com\/www.grieta.org.mx\/wp-content\/uploads\/2018\/03\/14524434_1106112876131411_958039263622046936_o.jpg?resize=700%2C400 2x"},"classes":[]},{"id":17044,"url":"http:\/\/www.grieta.org.mx\/index.php\/2016\/07\/05\/dicen-no-a-transgenicos-campeche\/","url_meta":{"origin":15617,"position":1},"title":"Dicen no a transg\u00e9nicos (Campeche)","author":"grieta","date":"5 julio, 2016","format":false,"excerpt":"Hopelch\u00e9n: En Iturbide no se sembrar\u00e1 ning\u00fan cent\u00edmetro de soya transg\u00e9nica, advirti\u00f3 el comisario ejidal Abelardo Brice\u00f1o Montoy, quien dijo que en asamblea, los ejidatarios acordaron que no se d\u00e9 lugar a cultivos con semillas gen\u00e9ticamente modificadas, pues ponen en riesgo al sector ap\u00edcola. En entrevista con TRIBUNA la autoridad\u2026","rel":"","context":"En &quot;16. Pueblo Maya&quot;","block_context":{"text":"16. Pueblo Maya","link":"http:\/\/www.grieta.org.mx\/index.php\/category\/espejos-de-la-resistencia\/16-pueblo-maya\/"},"img":{"alt_text":"","src":"https:\/\/i0.wp.com\/www.grieta.org.mx\/wp-content\/uploads\/2018\/03\/14524434_1106112876131411_958039263622046936_o.jpg?resize=350%2C200","width":350,"height":200,"srcset":"https:\/\/i0.wp.com\/www.grieta.org.mx\/wp-content\/uploads\/2018\/03\/14524434_1106112876131411_958039263622046936_o.jpg?resize=350%2C200 1x, https:\/\/i0.wp.com\/www.grieta.org.mx\/wp-content\/uploads\/2018\/03\/14524434_1106112876131411_958039263622046936_o.jpg?resize=525%2C300 1.5x, https:\/\/i0.wp.com\/www.grieta.org.mx\/wp-content\/uploads\/2018\/03\/14524434_1106112876131411_958039263622046936_o.jpg?resize=700%2C400 2x"},"classes":[]},{"id":12841,"url":"http:\/\/www.grieta.org.mx\/index.php\/2016\/05\/22\/xmejia-campeche-tambien-se-une-contra-monsanto\/","url_meta":{"origin":15617,"position":2},"title":"Xmej\u00eda (Campeche) tambi\u00e9n se une contra Monsanto","author":"grieta","date":"22 mayo, 2016","format":false,"excerpt":"(Jorge Amado Caamal Ek) XMEJIA, Hopelch\u00e9n, Cam., 22 de mayo.- \u201cEn el D\u00eda Mundial contra Monsanto, tambi\u00e9n los comuneros de Xmej\u00eda nos sumamos contra la empresa transnacional, que busca la posibilidad de introducir en territorio mexicano la semilla de los transg\u00e9nicos y no lo vamos a permitir\u201d, mencionaron los comisarios\u2026","rel":"","context":"En &quot;16. Pueblo Maya&quot;","block_context":{"text":"16. Pueblo Maya","link":"http:\/\/www.grieta.org.mx\/index.php\/category\/espejos-de-la-resistencia\/16-pueblo-maya\/"},"img":{"alt_text":"","src":"https:\/\/i0.wp.com\/www.grieta.org.mx\/wp-content\/uploads\/2018\/03\/14524434_1106112876131411_958039263622046936_o.jpg?resize=350%2C200","width":350,"height":200,"srcset":"https:\/\/i0.wp.com\/www.grieta.org.mx\/wp-content\/uploads\/2018\/03\/14524434_1106112876131411_958039263622046936_o.jpg?resize=350%2C200 1x, https:\/\/i0.wp.com\/www.grieta.org.mx\/wp-content\/uploads\/2018\/03\/14524434_1106112876131411_958039263622046936_o.jpg?resize=525%2C300 1.5x, https:\/\/i0.wp.com\/www.grieta.org.mx\/wp-content\/uploads\/2018\/03\/14524434_1106112876131411_958039263622046936_o.jpg?resize=700%2C400 2x"},"classes":[]},{"id":20568,"url":"http:\/\/www.grieta.org.mx\/index.php\/2016\/08\/30\/contaminan-pozos-cuenca-peninsular-campeche\/","url_meta":{"origin":15617,"position":3},"title":"Contaminan pozos en cuenca peninsular (Campeche)","author":"grieta","date":"30 agosto, 2016","format":false,"excerpt":"Representantes de comunidades mayas de Hopelch\u00e9n denunciaron que en gran parte del territorio estatal existen decenas de pozos ilegales de absorci\u00f3n, que contribuyen a la contaminaci\u00f3n de la cuenca de la Pen\u00ednsula de Yucat\u00e1n y da\u00f1an al medio ambiente sano, lo que repercute en la salud de las personas. Miembros\u2026","rel":"","context":"En &quot;16. Pueblo Maya&quot;","block_context":{"text":"16. Pueblo Maya","link":"http:\/\/www.grieta.org.mx\/index.php\/category\/espejos-de-la-resistencia\/16-pueblo-maya\/"},"img":{"alt_text":"","src":"https:\/\/i0.wp.com\/www.grieta.org.mx\/wp-content\/uploads\/2018\/03\/14524434_1106112876131411_958039263622046936_o.jpg?resize=350%2C200","width":350,"height":200,"srcset":"https:\/\/i0.wp.com\/www.grieta.org.mx\/wp-content\/uploads\/2018\/03\/14524434_1106112876131411_958039263622046936_o.jpg?resize=350%2C200 1x, https:\/\/i0.wp.com\/www.grieta.org.mx\/wp-content\/uploads\/2018\/03\/14524434_1106112876131411_958039263622046936_o.jpg?resize=525%2C300 1.5x, https:\/\/i0.wp.com\/www.grieta.org.mx\/wp-content\/uploads\/2018\/03\/14524434_1106112876131411_958039263622046936_o.jpg?resize=700%2C400 2x"},"classes":[]},{"id":14970,"url":"http:\/\/www.grieta.org.mx\/index.php\/2016\/06\/16\/alerta-en-comunidades-mayas-por-contaminacion-con-glifosato\/","url_meta":{"origin":15617,"position":4},"title":"Alerta en comunidades mayas por contaminaci\u00f3n con glifosato","author":"grieta","date":"16 junio, 2016","format":false,"excerpt":"Por Ronny Aguilar CAMPECHE, Cam. 16 de junio del 2016.- Leydi Pech Mart\u00edn, integrante del Colectivo Ap\u00edcola de Los Chenes, se\u00f1al\u00f3 que hay alerta y preocupaci\u00f3n en comunidades de Hopelch\u00e9n, por lo que demand\u00f3 que ahora que se est\u00e1 haciendo la consulta, se hagan estudios m\u00e9dicos a todos los habitantes\u2026","rel":"","context":"En &quot;16. Pueblo Maya&quot;","block_context":{"text":"16. Pueblo Maya","link":"http:\/\/www.grieta.org.mx\/index.php\/category\/espejos-de-la-resistencia\/16-pueblo-maya\/"},"img":{"alt_text":"","src":"https:\/\/i0.wp.com\/www.grieta.org.mx\/wp-content\/uploads\/2018\/03\/14524434_1106112876131411_958039263622046936_o.jpg?resize=350%2C200","width":350,"height":200,"srcset":"https:\/\/i0.wp.com\/www.grieta.org.mx\/wp-content\/uploads\/2018\/03\/14524434_1106112876131411_958039263622046936_o.jpg?resize=350%2C200 1x, https:\/\/i0.wp.com\/www.grieta.org.mx\/wp-content\/uploads\/2018\/03\/14524434_1106112876131411_958039263622046936_o.jpg?resize=525%2C300 1.5x, https:\/\/i0.wp.com\/www.grieta.org.mx\/wp-content\/uploads\/2018\/03\/14524434_1106112876131411_958039263622046936_o.jpg?resize=700%2C400 2x"},"classes":[]},{"id":19369,"url":"http:\/\/www.grieta.org.mx\/index.php\/2016\/07\/30\/sagarpa-y-la-cdi-alientan-conflictos-campeche\/","url_meta":{"origin":15617,"position":5},"title":"Sagarpa y la CDI alientan conflictos (Campeche)","author":"grieta","date":"30 julio, 2016","format":false,"excerpt":"Habitantes de 27 comunidades mayas del municipio de Hopelch\u00e9n presentar\u00e1n pruebas documentales ante el Juzgado Segundo de Distrito, de las irregularidades que se est\u00e1n cometiendo en el proceso de consulta popular, en donde la Comisi\u00f3n Nacional para el Desarrollo de los Pueblos Ind\u00edgenas (CDI) y la Secretar\u00eda de Agricultura, Ganader\u00eda,\u2026","rel":"","context":"En &quot;16. Pueblo Maya&quot;","block_context":{"text":"16. Pueblo Maya","link":"http:\/\/www.grieta.org.mx\/index.php\/category\/espejos-de-la-resistencia\/16-pueblo-maya\/"},"img":{"alt_text":"","src":"https:\/\/i0.wp.com\/www.grieta.org.mx\/wp-content\/uploads\/2018\/03\/14524434_1106112876131411_958039263622046936_o.jpg?resize=350%2C200","width":350,"height":200,"srcset":"https:\/\/i0.wp.com\/www.grieta.org.mx\/wp-content\/uploads\/2018\/03\/14524434_1106112876131411_958039263622046936_o.jpg?resize=350%2C200 1x, https:\/\/i0.wp.com\/www.grieta.org.mx\/wp-content\/uploads\/2018\/03\/14524434_1106112876131411_958039263622046936_o.jpg?resize=525%2C300 1.5x, https:\/\/i0.wp.com\/www.grieta.org.mx\/wp-content\/uploads\/2018\/03\/14524434_1106112876131411_958039263622046936_o.jpg?resize=700%2C400 2x"},"classes":[]}],"_links":{"self":[{"href":"http:\/\/www.grieta.org.mx\/index.php\/wp-json\/wp\/v2\/posts\/15617","targetHints":{"allow":["GET"]}}],"collection":[{"href":"http:\/\/www.grieta.org.mx\/index.php\/wp-json\/wp\/v2\/posts"}],"about":[{"href":"http:\/\/www.grieta.org.mx\/index.php\/wp-json\/wp\/v2\/types\/post"}],"author":[{"embeddable":true,"href":"http:\/\/www.grieta.org.mx\/index.php\/wp-json\/wp\/v2\/users\/2"}],"replies":[{"embeddable":true,"href":"http:\/\/www.grieta.org.mx\/index.php\/wp-json\/wp\/v2\/comments?post=15617"}],"version-history":[{"count":1,"href":"http:\/\/www.grieta.org.mx\/index.php\/wp-json\/wp\/v2\/posts\/15617\/revisions"}],"predecessor-version":[{"id":15622,"href":"http:\/\/www.grieta.org.mx\/index.php\/wp-json\/wp\/v2\/posts\/15617\/revisions\/15622"}],"wp:featuredmedia":[{"embeddable":true,"href":"http:\/\/www.grieta.org.mx\/index.php\/wp-json\/wp\/v2\/media\/21928"}],"wp:attachment":[{"href":"http:\/\/www.grieta.org.mx\/index.php\/wp-json\/wp\/v2\/media?parent=15617"}],"wp:term":[{"taxonomy":"category","embeddable":true,"href":"http:\/\/www.grieta.org.mx\/index.php\/wp-json\/wp\/v2\/categories?post=15617"},{"taxonomy":"post_tag","embeddable":true,"href":"http:\/\/www.grieta.org.mx\/index.php\/wp-json\/wp\/v2\/tags?post=15617"}],"curies":[{"name":"wp","href":"https:\/\/api.w.org\/{rel}","templated":true}]}}