{"id":1559,"date":"2015-10-20T18:19:01","date_gmt":"2015-10-20T18:19:01","guid":{"rendered":"http:\/\/50.22.11.12\/~grietaor\/?p=1559"},"modified":"2016-03-08T18:29:58","modified_gmt":"2016-03-08T18:29:58","slug":"campeche-tendra-cadenas-productivas-para-industria-petrolera","status":"publish","type":"post","link":"http:\/\/www.grieta.org.mx\/index.php\/2015\/10\/20\/campeche-tendra-cadenas-productivas-para-industria-petrolera\/","title":{"rendered":"Campeche tendr\u00e1 cadenas productivas para industria petrolera"},"content":{"rendered":"<p>El Financiero<br \/>\nYoisi Moguel \/Corresponsal<br \/>\n20.10.2015<\/p>\n<p>Empresarios de Campeche se integrar\u00e1n en cadenas productivas con el fin de atender a la industria petrolera que se instalar\u00e1 en el estado, indic\u00f3 el CCE del estado, el cual indic\u00f3 que con \u00e9stas tambi\u00e9n se busca aumentar la competitividad de las empresas locales.<\/p>\n<p>SAN FRANCISCO DE CAMPECHE.- Para aumentar su capacidad de proveedur\u00eda y competir contra empresas nacionales e internacionales, empresarios de Campeche se unir\u00e1n para la creaci\u00f3n de cadenas productivas dirigidas a atender y prestar servicios a la industria petrolera y a Pemex.<\/p>\n<p>El presidente del Consejo Coordinador Empresarial de Campeche (CCE), Gustavo Rodr\u00edguez Valle, explic\u00f3 que con la formaci\u00f3n de las cadenas productivas se busca aumentar la competitividad de las empresas locales, que los productores se vuelvan industriales para entrar al ramo energ\u00e9tico.<\/p>\n<p>De esta forma, asegur\u00f3, el sector empresarial se prepara para la llegada de nuevas empresas nacionales e internacionales que brindan servicio a las grandes firmas petroleras que proyectan su instalaci\u00f3n en la Sonda de Campeche.<\/p>\n<p>En la primera fase del proyecto se clasificar\u00e1 a los productos campechanos y se les dar\u00e1 acompa\u00f1amiento en el desarrollo del negocio, adem\u00e1s se realizar\u00e1n las gestiones que se requieran para impulsarlos en su penetraci\u00f3n a ese sector, subray\u00f3.<\/p>\n<p>El l\u00edder empresarial sostuvo que se pretende detonar las actividades que ya existen en el estado con planes estrat\u00e9gicos que desarrollen la econom\u00eda y transformen a las empresas, para que alcancen los niveles de competitividad para ser proveedoras de Pemex.<\/p>\n<p>En el caso de la petrolera mexicana, es una gran industria que requiere de insumos y servicios en las plataformas, y los empresarios locales pueden tener ah\u00ed un importante mercado sin necesidad de salir del estado.<\/p>\n<p>Rodr\u00edguez Valle consider\u00f3 relevante la suma de esfuerzos del sector empresarial local, pues es una forma de caminar hacia el mismo rumbo y alcanzar los objetivos como sector.<\/p>\n<p>Por su parte el presidente del Consejo Coordinador de Ciudad del Carmen, Gonzalo Hern\u00e1ndez P\u00e9rez, se\u00f1al\u00f3 que ser\u00e1 hasta marzo de 2016 cuando Petr\u00f3leos Mexicanos destine una fuerte inversi\u00f3n para reactivar la productividad y que las empresas locales puedan empezar a tener nuevos contratos de trabajo, lo que abrir\u00e1 la posibilidad de ser proveedoras y contar con plazas laborales temporales, lo que dejar\u00e1 una buena derrama en la isla.<\/p>\n<p>www.elfinanciero.com.mx\/economia\/campeche-tendra-cadenas-productivas-para-industria-petrolera.html<\/p>\n","protected":false},"excerpt":{"rendered":"<p>El Financiero Yoisi Moguel \/Corresponsal 20.10.2015 Empresarios de Campeche se integrar\u00e1n en cadenas productivas con el fin de atender a la industria petrolera que se instalar\u00e1 en el estado, indic\u00f3 &hellip; <a href=\"http:\/\/www.grieta.org.mx\/index.php\/2015\/10\/20\/campeche-tendra-cadenas-productivas-para-industria-petrolera\/\" class=\"more-link\">Leer m\u00e1s<\/a><\/p>\n","protected":false},"author":2,"featured_media":21928,"comment_status":"closed","ping_status":"open","sticky":false,"template":"","format":"standard","meta":{"ngg_post_thumbnail":0,"_jetpack_newsletter_access":"","_jetpack_dont_email_post_to_subs":false,"_jetpack_newsletter_tier_id":0,"_jetpack_memberships_contains_paywalled_content":false,"_jetpack_memberships_contains_paid_content":false,"footnotes":""},"categories":[123,80],"tags":[125],"class_list":["post-1559","post","type-post","status-publish","format-standard","has-post-thumbnail","hentry","category-campeche","category-cintillo","tag-pemex","entry"],"jetpack_featured_media_url":"http:\/\/www.grieta.org.mx\/wp-content\/uploads\/2018\/03\/14524434_1106112876131411_958039263622046936_o.jpg","jetpack_sharing_enabled":true,"jetpack_shortlink":"https:\/\/wp.me\/p7ZJR4-p9","jetpack_likes_enabled":false,"jetpack-related-posts":[{"id":1726,"url":"http:\/\/www.grieta.org.mx\/index.php\/2016\/02\/07\/planean-cadenas-productivas-petroleras-en-la-sonda-campeche-donde-la-explosiones-y-los-accidentes-no-cesan\/","url_meta":{"origin":1559,"position":0},"title":"Planean cadenas productivas petroleras en La Sonda, Campeche, donde la explosiones y los accidentes no cesan","author":"grieta","date":"7 febrero, 2016","format":false,"excerpt":"07\/02\/16. Incendio en plataforma de Pemex de Abkat\u00fan deja tres muertos El Financiero 25\/01\/16. Temen tragedias en plataformas petroleras de Pemex por reducci\u00f3n presupuestal Jorge Castro Comunicaci\u00f3n Digital 24\/01\/16. Nueva explosi\u00f3n de Pemex en la Sonda de Campeche P\u00e1gin@bierta 20\/10\/15. Campeche tendr\u00e1 cadenas productivas para industria petrolera El Financiero 28\/08\/15.\u2026","rel":"","context":"En &quot;Campeche&quot;","block_context":{"text":"Campeche","link":"http:\/\/www.grieta.org.mx\/index.php\/category\/noticias-nacionales\/campeche\/"},"img":{"alt_text":"","src":"https:\/\/i0.wp.com\/www.grieta.org.mx\/wp-content\/uploads\/2018\/03\/14524434_1106112876131411_958039263622046936_o.jpg?resize=350%2C200","width":350,"height":200,"srcset":"https:\/\/i0.wp.com\/www.grieta.org.mx\/wp-content\/uploads\/2018\/03\/14524434_1106112876131411_958039263622046936_o.jpg?resize=350%2C200 1x, https:\/\/i0.wp.com\/www.grieta.org.mx\/wp-content\/uploads\/2018\/03\/14524434_1106112876131411_958039263622046936_o.jpg?resize=525%2C300 1.5x, https:\/\/i0.wp.com\/www.grieta.org.mx\/wp-content\/uploads\/2018\/03\/14524434_1106112876131411_958039263622046936_o.jpg?resize=700%2C400 2x"},"classes":[]},{"id":68798,"url":"http:\/\/www.grieta.org.mx\/index.php\/2024\/04\/07\/un-trabajador-muerto-y-13-heridos-en-un-incendio-en-una-plataforma-de-pemex-campeche\/","url_meta":{"origin":1559,"position":1},"title":"Un trabajador muerto y 13 heridos en un incendio en una plataforma de Pemex (Campeche)","author":"grieta","date":"7 abril, 2024","format":false,"excerpt":"Pablo Ferri \/ El Pa\u00eds Un incendio en una plataforma de Pemex en Campeche, en el sur de M\u00e9xico, ha dejado un muerto y 13 heridos, seg\u00fan ha confirmado la empresa paraestatal, en un comunicado divulgado este domingo. Pemex no ha dado detalles del origen y los motivos del siniestro.\u2026","rel":"","context":"En &quot;Campeche&quot;","block_context":{"text":"Campeche","link":"http:\/\/www.grieta.org.mx\/index.php\/category\/noticias-nacionales\/campeche\/"},"img":{"alt_text":"","src":"https:\/\/i0.wp.com\/www.grieta.org.mx\/wp-content\/uploads\/2024\/04\/Incendio-e1712951433295.jpg?resize=350%2C200","width":350,"height":200,"srcset":"https:\/\/i0.wp.com\/www.grieta.org.mx\/wp-content\/uploads\/2024\/04\/Incendio-e1712951433295.jpg?resize=350%2C200 1x, https:\/\/i0.wp.com\/www.grieta.org.mx\/wp-content\/uploads\/2024\/04\/Incendio-e1712951433295.jpg?resize=525%2C300 1.5x, https:\/\/i0.wp.com\/www.grieta.org.mx\/wp-content\/uploads\/2024\/04\/Incendio-e1712951433295.jpg?resize=700%2C400 2x"},"classes":[]},{"id":21519,"url":"http:\/\/www.grieta.org.mx\/index.php\/2016\/06\/11\/mas-despidos-campeche\/","url_meta":{"origin":1559,"position":2},"title":"M\u00e1s despidos (Campeche)","author":"grieta","date":"11 junio, 2016","format":false,"excerpt":"Ahora toca el turno a 12 mil empleados de servicios m\u00e9dicos El fantasma del desempleo se cierne ahora sobre m\u00e1s de 12 mil m\u00e9dicos y enfermeras registrados en las instituciones de salud de Petr\u00f3leos Mexicanos a nivel nacional, recorte que afectar\u00eda a un n\u00famero no determinado de galenos que prestan\u2026","rel":"","context":"En &quot;campeche&quot;","block_context":{"text":"campeche","link":"http:\/\/www.grieta.org.mx\/index.php\/category\/campeche\/"},"img":{"alt_text":"","src":"https:\/\/i0.wp.com\/www.grieta.org.mx\/wp-content\/uploads\/2018\/03\/14524434_1106112876131411_958039263622046936_o.jpg?resize=350%2C200","width":350,"height":200,"srcset":"https:\/\/i0.wp.com\/www.grieta.org.mx\/wp-content\/uploads\/2018\/03\/14524434_1106112876131411_958039263622046936_o.jpg?resize=350%2C200 1x, https:\/\/i0.wp.com\/www.grieta.org.mx\/wp-content\/uploads\/2018\/03\/14524434_1106112876131411_958039263622046936_o.jpg?resize=525%2C300 1.5x, https:\/\/i0.wp.com\/www.grieta.org.mx\/wp-content\/uploads\/2018\/03\/14524434_1106112876131411_958039263622046936_o.jpg?resize=700%2C400 2x"},"classes":[]},{"id":1734,"url":"http:\/\/www.grieta.org.mx\/index.php\/2015\/05\/05\/mueren-dos-trabajadores-por-accidente-en-plataforma-pemex\/","url_meta":{"origin":1559,"position":3},"title":"Mueren dos trabajadores por accidente en plataforma: Pemex","author":"grieta","date":"5 mayo, 2015","format":false,"excerpt":"La plataforma Troll Solution, propiedad de la empresa Typhoon, se lade\u00f3 cuando se estaba posicionando para dar servicio de mantenimiento a pozos por lo que 101 trabajadores tuvieron que ser desalojados, inform\u00f3 Petr\u00f3leos Mexicanos. CIUDAD DE M\u00c9XICO.- Dos trabajadores murieron este martes luego de que una plataforma en la Sonda\u2026","rel":"","context":"En &quot;campeche&quot;","block_context":{"text":"campeche","link":"http:\/\/www.grieta.org.mx\/index.php\/category\/campeche\/"},"img":{"alt_text":"","src":"https:\/\/i0.wp.com\/www.grieta.org.mx\/wp-content\/uploads\/2018\/03\/14524434_1106112876131411_958039263622046936_o.jpg?resize=350%2C200","width":350,"height":200,"srcset":"https:\/\/i0.wp.com\/www.grieta.org.mx\/wp-content\/uploads\/2018\/03\/14524434_1106112876131411_958039263622046936_o.jpg?resize=350%2C200 1x, https:\/\/i0.wp.com\/www.grieta.org.mx\/wp-content\/uploads\/2018\/03\/14524434_1106112876131411_958039263622046936_o.jpg?resize=525%2C300 1.5x, https:\/\/i0.wp.com\/www.grieta.org.mx\/wp-content\/uploads\/2018\/03\/14524434_1106112876131411_958039263622046936_o.jpg?resize=700%2C400 2x"},"classes":[]},{"id":42966,"url":"http:\/\/www.grieta.org.mx\/index.php\/2020\/01\/07\/un-incendio-en-una-plataforma-de-pemex-en-campeche-deja-tres-heridos\/","url_meta":{"origin":1559,"position":4},"title":"Un incendio en una plataforma de Pemex en Campeche deja tres heridos","author":"grieta","date":"7 enero, 2020","format":false,"excerpt":"Rosa Santana \/ Proceso CIUDAD DEL CARMEN, Cam. (apro). \u2013 Un incendio registrado esta ma\u00f1ana en la plataforma Akal-C 6 de Pemex, ubicada en la Sonda de Campeche, dej\u00f3 un saldo de tres trabajadores lesionados. El incidente ocurri\u00f3 aproximadamente a las 10:00 horas de este martes en el lado oeste\u2026","rel":"","context":"En &quot;Campeche&quot;","block_context":{"text":"Campeche","link":"http:\/\/www.grieta.org.mx\/index.php\/category\/noticias-nacionales\/campeche\/"},"img":{"alt_text":"","src":"https:\/\/i0.wp.com\/www.grieta.org.mx\/wp-content\/uploads\/2020\/01\/Pemex_Campeche-870x522-e1578770327600.jpg?resize=350%2C200","width":350,"height":200,"srcset":"https:\/\/i0.wp.com\/www.grieta.org.mx\/wp-content\/uploads\/2020\/01\/Pemex_Campeche-870x522-e1578770327600.jpg?resize=350%2C200 1x, https:\/\/i0.wp.com\/www.grieta.org.mx\/wp-content\/uploads\/2020\/01\/Pemex_Campeche-870x522-e1578770327600.jpg?resize=525%2C300 1.5x, https:\/\/i0.wp.com\/www.grieta.org.mx\/wp-content\/uploads\/2020\/01\/Pemex_Campeche-870x522-e1578770327600.jpg?resize=700%2C400 2x"},"classes":[]},{"id":69346,"url":"http:\/\/www.grieta.org.mx\/index.php\/2024\/07\/26\/amagan-con-cerrar-puente-llevan-seis-meses-sin-cobrar-campeche\/","url_meta":{"origin":1559,"position":5},"title":"Amagan con cerrar puente; llevan seis meses sin cobrar (Campeche)","author":"grieta","date":"26 julio, 2024","format":false,"excerpt":"Campeche Hoy CARMEN, CAMP.- Angustiados por hasta seis meses sin cobrar sus remuneraciones, trabajadores de empresas proveedoras de Petr\u00f3leos Mexicanos (Pemex), bajo el argumento del impago de la petrolera nacional, amenazan con bloquear el Puente Zacatal. Los obreros, quienes pidieron el anonimato por temor a la represalias, expusieron que en\u2026","rel":"","context":"En &quot;Campeche&quot;","block_context":{"text":"Campeche","link":"http:\/\/www.grieta.org.mx\/index.php\/category\/noticias-nacionales\/campeche\/"},"img":{"alt_text":"","src":"https:\/\/i0.wp.com\/www.grieta.org.mx\/wp-content\/uploads\/2024\/07\/Puente-e1722100074644.jpg?resize=350%2C200","width":350,"height":200,"srcset":"https:\/\/i0.wp.com\/www.grieta.org.mx\/wp-content\/uploads\/2024\/07\/Puente-e1722100074644.jpg?resize=350%2C200 1x, https:\/\/i0.wp.com\/www.grieta.org.mx\/wp-content\/uploads\/2024\/07\/Puente-e1722100074644.jpg?resize=525%2C300 1.5x, https:\/\/i0.wp.com\/www.grieta.org.mx\/wp-content\/uploads\/2024\/07\/Puente-e1722100074644.jpg?resize=700%2C400 2x"},"classes":[]}],"_links":{"self":[{"href":"http:\/\/www.grieta.org.mx\/index.php\/wp-json\/wp\/v2\/posts\/1559","targetHints":{"allow":["GET"]}}],"collection":[{"href":"http:\/\/www.grieta.org.mx\/index.php\/wp-json\/wp\/v2\/posts"}],"about":[{"href":"http:\/\/www.grieta.org.mx\/index.php\/wp-json\/wp\/v2\/types\/post"}],"author":[{"embeddable":true,"href":"http:\/\/www.grieta.org.mx\/index.php\/wp-json\/wp\/v2\/users\/2"}],"replies":[{"embeddable":true,"href":"http:\/\/www.grieta.org.mx\/index.php\/wp-json\/wp\/v2\/comments?post=1559"}],"version-history":[{"count":1,"href":"http:\/\/www.grieta.org.mx\/index.php\/wp-json\/wp\/v2\/posts\/1559\/revisions"}],"predecessor-version":[{"id":1562,"href":"http:\/\/www.grieta.org.mx\/index.php\/wp-json\/wp\/v2\/posts\/1559\/revisions\/1562"}],"wp:featuredmedia":[{"embeddable":true,"href":"http:\/\/www.grieta.org.mx\/index.php\/wp-json\/wp\/v2\/media\/21928"}],"wp:attachment":[{"href":"http:\/\/www.grieta.org.mx\/index.php\/wp-json\/wp\/v2\/media?parent=1559"}],"wp:term":[{"taxonomy":"category","embeddable":true,"href":"http:\/\/www.grieta.org.mx\/index.php\/wp-json\/wp\/v2\/categories?post=1559"},{"taxonomy":"post_tag","embeddable":true,"href":"http:\/\/www.grieta.org.mx\/index.php\/wp-json\/wp\/v2\/tags?post=1559"}],"curies":[{"name":"wp","href":"https:\/\/api.w.org\/{rel}","templated":true}]}}