{"id":15582,"date":"2016-06-22T22:31:26","date_gmt":"2016-06-22T22:31:26","guid":{"rendered":"http:\/\/www.grieta.org.mx\/?p=15582"},"modified":"2016-06-30T02:35:07","modified_gmt":"2016-06-30T02:35:07","slug":"mega-asamblea-en-ciudad-universitaria-en-apoyo-a-la-cnte","status":"publish","type":"post","link":"http:\/\/www.grieta.org.mx\/index.php\/2016\/06\/22\/mega-asamblea-en-ciudad-universitaria-en-apoyo-a-la-cnte\/","title":{"rendered":"Mega asamblea en Ciudad Universitaria en apoyo a la CNTE"},"content":{"rendered":"<p>Juan Carlos Hern\u00e1ndez Rosete<\/p>\n<p><img decoding=\"async\" data-attachment-id=\"15583\" data-permalink=\"http:\/\/www.grieta.org.mx\/index.php\/2016\/06\/22\/mega-asamblea-en-ciudad-universitaria-en-apoyo-a-la-cnte\/13517730_10209525773971010_1765940762_o\/\" data-orig-file=\"http:\/\/www.grieta.org.mx\/wp-content\/uploads\/2016\/06\/13517730_10209525773971010_1765940762_o.jpg\" data-orig-size=\"700,380\" data-comments-opened=\"0\" data-image-meta=\"{&quot;aperture&quot;:&quot;0&quot;,&quot;credit&quot;:&quot;&quot;,&quot;camera&quot;:&quot;&quot;,&quot;caption&quot;:&quot;&quot;,&quot;created_timestamp&quot;:&quot;0&quot;,&quot;copyright&quot;:&quot;&quot;,&quot;focal_length&quot;:&quot;0&quot;,&quot;iso&quot;:&quot;0&quot;,&quot;shutter_speed&quot;:&quot;0&quot;,&quot;title&quot;:&quot;&quot;,&quot;orientation&quot;:&quot;0&quot;}\" data-image-title=\"13517730_10209525773971010_1765940762_o\" data-image-description=\"\" data-image-caption=\"\" data-medium-file=\"http:\/\/www.grieta.org.mx\/wp-content\/uploads\/2016\/06\/13517730_10209525773971010_1765940762_o-300x163.jpg\" data-large-file=\"http:\/\/www.grieta.org.mx\/wp-content\/uploads\/2016\/06\/13517730_10209525773971010_1765940762_o.jpg\" src=\"http:\/\/www.grieta.org.mx\/wp-content\/uploads\/2016\/06\/13517730_10209525773971010_1765940762_o-300x163.jpg\" alt=\"13517730_10209525773971010_1765940762_o\" width=\"100%\" class=\"aligncenter size-medium wp-image-15583\" srcset=\"http:\/\/www.grieta.org.mx\/wp-content\/uploads\/2016\/06\/13517730_10209525773971010_1765940762_o-300x163.jpg 300w, http:\/\/www.grieta.org.mx\/wp-content\/uploads\/2016\/06\/13517730_10209525773971010_1765940762_o.jpg 700w\" sizes=\"(max-width: 300px) 100vw, 300px\" \/><\/p>\n<p>Foto: Juan Carlos Hern\u00e1ndez Rosete \/ Somoselmedio.org<\/p>\n<p>La siguiente reuni\u00f3n fue convocada para el jueves 30 de junio<\/p>\n<p>Ciudad de M\u00e9xico, 22 de junio de 2016. Ayer se realiz\u00f3 en Ciudad Universitaria la Primera Asamblea en apoyo a la Coordinadora Nacional de Trabajadores de la Educaci\u00f3n (CNTE). La reuni\u00f3n inici\u00f3 a las 18 horas y se estableci\u00f3 a un costado de Rector\u00eda.<\/p>\n<p>Desde las reuniones por el problema con el CCH hace un par de a\u00f1os no concurr\u00edan tantos estudiantes: el d\u00eda de ayer asistieron j\u00f3venes de la Universidad Aut\u00f3noma Metropolitana (UAM), la Escuela Nacional de Antropolog\u00eda e Historia (ENAH), la Universidad Pedag\u00f3gica Nacional (UPN), el Instituto Polit\u00e9cnico Nacional (IPN), la Universidad Nacional Aut\u00f3noma de M\u00e9xico (UNAM) y algunos integrantes de la CNTE que se encuentran en la acampada de la Ciudadela.<\/p>\n<p>Durante la asamblea se plante\u00f3 exigir \u201cel cese de la represi\u00f3n que ha venido realizado el gobierno federal contra al movimiento magisterial\u201d, libertad a los detenidos, la derogaci\u00f3n de la Reforma Educativa y se convoc\u00f3 a un paro nacional.<\/p>\n<p>Otras acciones acordadas fueron apoyar las marchas del 22, 24 y 26 de junio convocadas por la CNTE; para el d\u00eda de hoy se propuso una reuni\u00f3n por la ma\u00f1ana en las instalaciones de TV UNAM con el objetivo de lanzar un comunicado en apoyo a la CNTE. Tambi\u00e9n se acord\u00f3 reforzar el plant\u00f3n de la Ciudadela con la asistencia y participaci\u00f3n de la comunidad universitaria. En la primera asamblea del d\u00eda de ayer hubo acopio de v\u00edveres. La siguiente reuni\u00f3n fue convocada para el jueves 30 de junio. <\/p>\n","protected":false},"excerpt":{"rendered":"<p>Juan Carlos Hern\u00e1ndez Rosete Foto: Juan Carlos Hern\u00e1ndez Rosete \/ Somoselmedio.org La siguiente reuni\u00f3n fue convocada para el jueves 30 de junio Ciudad de M\u00e9xico, 22 de junio de 2016. &hellip; <a href=\"http:\/\/www.grieta.org.mx\/index.php\/2016\/06\/22\/mega-asamblea-en-ciudad-universitaria-en-apoyo-a-la-cnte\/\" class=\"more-link\">Leer m\u00e1s<\/a><\/p>\n","protected":false},"author":2,"featured_media":21928,"comment_status":"closed","ping_status":"closed","sticky":false,"template":"","format":"standard","meta":{"ngg_post_thumbnail":0,"_jetpack_newsletter_access":"","_jetpack_dont_email_post_to_subs":false,"_jetpack_newsletter_tier_id":0,"_jetpack_memberships_contains_paywalled_content":false,"_jetpack_memberships_contains_paid_content":false,"footnotes":""},"categories":[80],"tags":[],"class_list":["post-15582","post","type-post","status-publish","format-standard","has-post-thumbnail","hentry","category-cintillo","entry"],"jetpack_featured_media_url":"http:\/\/www.grieta.org.mx\/wp-content\/uploads\/2018\/03\/14524434_1106112876131411_958039263622046936_o.jpg","jetpack_sharing_enabled":true,"jetpack_shortlink":"https:\/\/wp.me\/p7ZJR4-43k","jetpack_likes_enabled":false,"jetpack-related-posts":[{"id":16550,"url":"http:\/\/www.grieta.org.mx\/index.php\/2016\/07\/11\/bloquean-calzada-zaragoza-en-apoyo-a-la-cnte\/","url_meta":{"origin":15582,"position":0},"title":"Bloquean Calzada Zaragoza en apoyo a la CNTE","author":"grieta","date":"11 julio, 2016","format":false,"excerpt":"Eric Lugo Ciudad de M\u00e9xico, 11 de julio de 2016.- Las Secciones 10 y 11 de la CNTE acordaron en asamblea la adhesi\u00f3n al paro magisterial que se efect\u00faa desde el pasado 15 de mayo por parte de la CNTE realizando acciones pac\u00edficas como la realizada este lunes bloqueando la\u2026","rel":"","context":"En &quot;cdmx&quot;","block_context":{"text":"cdmx","link":"http:\/\/www.grieta.org.mx\/index.php\/category\/cdmx\/"},"img":{"alt_text":"","src":"https:\/\/i0.wp.com\/www.grieta.org.mx\/wp-content\/uploads\/2018\/03\/14524434_1106112876131411_958039263622046936_o.jpg?resize=350%2C200","width":350,"height":200,"srcset":"https:\/\/i0.wp.com\/www.grieta.org.mx\/wp-content\/uploads\/2018\/03\/14524434_1106112876131411_958039263622046936_o.jpg?resize=350%2C200 1x, https:\/\/i0.wp.com\/www.grieta.org.mx\/wp-content\/uploads\/2018\/03\/14524434_1106112876131411_958039263622046936_o.jpg?resize=525%2C300 1.5x, https:\/\/i0.wp.com\/www.grieta.org.mx\/wp-content\/uploads\/2018\/03\/14524434_1106112876131411_958039263622046936_o.jpg?resize=700%2C400 2x"},"classes":[]},{"id":14769,"url":"http:\/\/www.grieta.org.mx\/index.php\/2016\/06\/23\/marchan-en-apoyo-a-la-cnte\/","url_meta":{"origin":15582,"position":1},"title":"Marchan en apoyo a la CNTE en Toluca","author":"grieta","date":"23 junio, 2016","format":false,"excerpt":"Alma R\u00edos Con el grito \"\u00a1Oaxaca aguanta Toluca se levanta!\", m\u00e1s de dos mil maestros, estudiantes, m\u00e9dicos, enfermeras, integrantes de distintas organizaciones sociales y dem\u00e1s ciudadanos, marcharon en la capital mexiquense, como se ha hecho en otros estados de la rep\u00fablica, en respaldo al movimiento magisterial de la Coordinadora Nacional\u2026","rel":"","context":"En &quot;CINTILLO&quot;","block_context":{"text":"CINTILLO","link":"http:\/\/www.grieta.org.mx\/index.php\/category\/cintillo\/"},"img":{"alt_text":"","src":"https:\/\/i0.wp.com\/www.grieta.org.mx\/wp-content\/uploads\/2018\/03\/14524434_1106112876131411_958039263622046936_o.jpg?resize=350%2C200","width":350,"height":200,"srcset":"https:\/\/i0.wp.com\/www.grieta.org.mx\/wp-content\/uploads\/2018\/03\/14524434_1106112876131411_958039263622046936_o.jpg?resize=350%2C200 1x, https:\/\/i0.wp.com\/www.grieta.org.mx\/wp-content\/uploads\/2018\/03\/14524434_1106112876131411_958039263622046936_o.jpg?resize=525%2C300 1.5x, https:\/\/i0.wp.com\/www.grieta.org.mx\/wp-content\/uploads\/2018\/03\/14524434_1106112876131411_958039263622046936_o.jpg?resize=700%2C400 2x"},"classes":[]},{"id":16064,"url":"http:\/\/www.grieta.org.mx\/index.php\/2016\/07\/06\/estudiantes-de-unam-e-ipn-toman-caseta-en-apoyo-a-maestros\/","url_meta":{"origin":15582,"position":2},"title":"Estudiantes de UNAM e IPN toman caseta en apoyo a maestros","author":"grieta","date":"6 julio, 2016","format":false,"excerpt":"Desde las 9am estudiantes del IPN y la UNAM protestaron durante m\u00e1s de tres horas, liberando la caseta de cobro de la autopista M\u00e9xico-Puebla, donde se solidarizaron con la CNTE. Regeneraci\u00f3n, 6 de julio de 2016.- Por la ma\u00f1ana estudiantes del Instituto Polit\u00e9cnico Nacional (IPN) y de la Universidad Nacional\u2026","rel":"","context":"En &quot;cdmx&quot;","block_context":{"text":"cdmx","link":"http:\/\/www.grieta.org.mx\/index.php\/category\/cdmx\/"},"img":{"alt_text":"","src":"https:\/\/i0.wp.com\/www.grieta.org.mx\/wp-content\/uploads\/2018\/03\/14524434_1106112876131411_958039263622046936_o.jpg?resize=350%2C200","width":350,"height":200,"srcset":"https:\/\/i0.wp.com\/www.grieta.org.mx\/wp-content\/uploads\/2018\/03\/14524434_1106112876131411_958039263622046936_o.jpg?resize=350%2C200 1x, https:\/\/i0.wp.com\/www.grieta.org.mx\/wp-content\/uploads\/2018\/03\/14524434_1106112876131411_958039263622046936_o.jpg?resize=525%2C300 1.5x, https:\/\/i0.wp.com\/www.grieta.org.mx\/wp-content\/uploads\/2018\/03\/14524434_1106112876131411_958039263622046936_o.jpg?resize=700%2C400 2x"},"classes":[]},{"id":14878,"url":"http:\/\/www.grieta.org.mx\/index.php\/2016\/06\/21\/la-cnte-marcha-en-morelia-y-bloquea-tramos-carreteros-en-varios-municipios\/","url_meta":{"origin":15582,"position":3},"title":"La CNTE marcha en Morelia y bloquea tramos carreteros en varios municipios","author":"grieta","date":"21 junio, 2016","format":false,"excerpt":"Francisco Castellanos MORELIA, Mich. (apro).- Integrantes de la secci\u00f3n 18 de Coordinadora Nacional de Trabajadores de la Educaci\u00f3n (CNTE) , marcharon por las calles de Morelia hasta el Palacio de Gobierno. Los profesores se manifiestan de nueva cuenta en contra de la reforma educativa. Durante su camino al centro de\u2026","rel":"","context":"En &quot;CINTILLO&quot;","block_context":{"text":"CINTILLO","link":"http:\/\/www.grieta.org.mx\/index.php\/category\/cintillo\/"},"img":{"alt_text":"","src":"https:\/\/i0.wp.com\/www.grieta.org.mx\/wp-content\/uploads\/2018\/03\/14524434_1106112876131411_958039263622046936_o.jpg?resize=350%2C200","width":350,"height":200,"srcset":"https:\/\/i0.wp.com\/www.grieta.org.mx\/wp-content\/uploads\/2018\/03\/14524434_1106112876131411_958039263622046936_o.jpg?resize=350%2C200 1x, https:\/\/i0.wp.com\/www.grieta.org.mx\/wp-content\/uploads\/2018\/03\/14524434_1106112876131411_958039263622046936_o.jpg?resize=525%2C300 1.5x, https:\/\/i0.wp.com\/www.grieta.org.mx\/wp-content\/uploads\/2018\/03\/14524434_1106112876131411_958039263622046936_o.jpg?resize=700%2C400 2x"},"classes":[]},{"id":17747,"url":"http:\/\/www.grieta.org.mx\/index.php\/2016\/07\/19\/desquician-maestros-de-la-cnte-avenidas-en-la-ciudad-de-puebla\/","url_meta":{"origin":15582,"position":4},"title":"Desquician maestros de la CNTE avenidas en la ciudad de Puebla","author":"grieta","date":"19 julio, 2016","format":false,"excerpt":"Por H\u00e9ctor Hern\u00e1ndez Maestros de la CNTE (Coordinadora Nacional de Trabajadores de la Educaci\u00f3n), ahora desquiciaron vialidades de la ciudad de Puebla. Esta ma\u00f1ana salieron del mercado Hidalgo, para comenzar una marcha rumbo a la Ciudad de M\u00e9xico. Los profesores llegaron ayer por la noche a la capital del estado\u2026","rel":"","context":"En &quot;CINTILLO&quot;","block_context":{"text":"CINTILLO","link":"http:\/\/www.grieta.org.mx\/index.php\/category\/cintillo\/"},"img":{"alt_text":"","src":"https:\/\/i0.wp.com\/www.grieta.org.mx\/wp-content\/uploads\/2016\/07\/CNTE-marcha-e1464982902464-960x5001.jpg?resize=350%2C200","width":350,"height":200,"srcset":"https:\/\/i0.wp.com\/www.grieta.org.mx\/wp-content\/uploads\/2016\/07\/CNTE-marcha-e1464982902464-960x5001.jpg?resize=350%2C200 1x, https:\/\/i0.wp.com\/www.grieta.org.mx\/wp-content\/uploads\/2016\/07\/CNTE-marcha-e1464982902464-960x5001.jpg?resize=525%2C300 1.5x, https:\/\/i0.wp.com\/www.grieta.org.mx\/wp-content\/uploads\/2016\/07\/CNTE-marcha-e1464982902464-960x5001.jpg?resize=700%2C400 2x"},"classes":[]},{"id":69065,"url":"http:\/\/www.grieta.org.mx\/index.php\/2024\/06\/05\/maestros-exigen-castigar-a-los-responsables-de-las-agresiones-cometidas-en-el-zocalo-capitalino-y-en-oaxaca\/","url_meta":{"origin":15582,"position":5},"title":"Maestros exigen castigar a los responsables de las agresiones cometidas en el Z\u00f3calo capitalino y en Oaxaca","author":"grieta","date":"5 junio, 2024","format":false,"excerpt":"Ale Huitron y Olivia V\u00e1zquez Herrera \/ Infobae Los docentes se\u00f1alaron que mantendr\u00e1n el plant\u00f3n en el Z\u00f3calo Los maestros de la CNTE anunciaron pr\u00f3xima marcha del \u00c1ngel de la Independencia al Z\u00f3calo de la CDMX Yenny Aracely P\u00e9rez, secretaria general de la Secci\u00f3n 22 de Oaxaca, anunci\u00f3 que el\u2026","rel":"","context":"En &quot;CINTILLO&quot;","block_context":{"text":"CINTILLO","link":"http:\/\/www.grieta.org.mx\/index.php\/category\/cintillo\/"},"img":{"alt_text":"Los maestros de la CNTE que fueron reprimidos en Oaxaca tambi\u00e9n protestaron. (Cencos Secci\u00f3n Veintid\u00f3s)","src":"https:\/\/www.infobae.com\/new-resizer\/oIfhoEkxWR11t_hMzes3QWbCk3U=\/420x315\/filters:format(webp):quality(85)\/cloudfront-us-east-1.images.arcpublishing.com\/infobae\/SDIDKBPHERHF5AMXTJG6ED5ZKM.jpg%20420w","width":350,"height":200,"srcset":"https:\/\/www.infobae.com\/new-resizer\/oIfhoEkxWR11t_hMzes3QWbCk3U=\/420x315\/filters:format(webp):quality(85)\/cloudfront-us-east-1.images.arcpublishing.com\/infobae\/SDIDKBPHERHF5AMXTJG6ED5ZKM.jpg%20420w 1x, https:\/\/www.infobae.com\/new-resizer\/oIfhoEkxWR11t_hMzes3QWbCk3U=\/420x315\/filters:format(webp):quality(85)\/cloudfront-us-east-1.images.arcpublishing.com\/infobae\/SDIDKBPHERHF5AMXTJG6ED5ZKM.jpg%20420w 1.5x, https:\/\/www.infobae.com\/new-resizer\/oIfhoEkxWR11t_hMzes3QWbCk3U=\/420x315\/filters:format(webp):quality(85)\/cloudfront-us-east-1.images.arcpublishing.com\/infobae\/SDIDKBPHERHF5AMXTJG6ED5ZKM.jpg%20420w 2x, https:\/\/www.infobae.com\/new-resizer\/oIfhoEkxWR11t_hMzes3QWbCk3U=\/420x315\/filters:format(webp):quality(85)\/cloudfront-us-east-1.images.arcpublishing.com\/infobae\/SDIDKBPHERHF5AMXTJG6ED5ZKM.jpg%20420w 3x, https:\/\/www.infobae.com\/new-resizer\/oIfhoEkxWR11t_hMzes3QWbCk3U=\/420x315\/filters:format(webp):quality(85)\/cloudfront-us-east-1.images.arcpublishing.com\/infobae\/SDIDKBPHERHF5AMXTJG6ED5ZKM.jpg%20420w 4x"},"classes":[]}],"_links":{"self":[{"href":"http:\/\/www.grieta.org.mx\/index.php\/wp-json\/wp\/v2\/posts\/15582","targetHints":{"allow":["GET"]}}],"collection":[{"href":"http:\/\/www.grieta.org.mx\/index.php\/wp-json\/wp\/v2\/posts"}],"about":[{"href":"http:\/\/www.grieta.org.mx\/index.php\/wp-json\/wp\/v2\/types\/post"}],"author":[{"embeddable":true,"href":"http:\/\/www.grieta.org.mx\/index.php\/wp-json\/wp\/v2\/users\/2"}],"replies":[{"embeddable":true,"href":"http:\/\/www.grieta.org.mx\/index.php\/wp-json\/wp\/v2\/comments?post=15582"}],"version-history":[{"count":1,"href":"http:\/\/www.grieta.org.mx\/index.php\/wp-json\/wp\/v2\/posts\/15582\/revisions"}],"predecessor-version":[{"id":15584,"href":"http:\/\/www.grieta.org.mx\/index.php\/wp-json\/wp\/v2\/posts\/15582\/revisions\/15584"}],"wp:featuredmedia":[{"embeddable":true,"href":"http:\/\/www.grieta.org.mx\/index.php\/wp-json\/wp\/v2\/media\/21928"}],"wp:attachment":[{"href":"http:\/\/www.grieta.org.mx\/index.php\/wp-json\/wp\/v2\/media?parent=15582"}],"wp:term":[{"taxonomy":"category","embeddable":true,"href":"http:\/\/www.grieta.org.mx\/index.php\/wp-json\/wp\/v2\/categories?post=15582"},{"taxonomy":"post_tag","embeddable":true,"href":"http:\/\/www.grieta.org.mx\/index.php\/wp-json\/wp\/v2\/tags?post=15582"}],"curies":[{"name":"wp","href":"https:\/\/api.w.org\/{rel}","templated":true}]}}