{"id":15575,"date":"2016-06-21T22:27:06","date_gmt":"2016-06-21T22:27:06","guid":{"rendered":"http:\/\/www.grieta.org.mx\/?p=15575"},"modified":"2016-06-30T02:30:23","modified_gmt":"2016-06-30T02:30:23","slug":"represion-en-la-ciudad-de-mexico-por-manifestarse-en-solidaridad-al-magisterio","status":"publish","type":"post","link":"http:\/\/www.grieta.org.mx\/index.php\/2016\/06\/21\/represion-en-la-ciudad-de-mexico-por-manifestarse-en-solidaridad-al-magisterio\/","title":{"rendered":"Represi\u00f3n en la Ciudad de M\u00e9xico por manifestarse en solidaridad al magisterio"},"content":{"rendered":"<p>Alejandra Pe\u00f1a<\/p>\n<p><img decoding=\"async\" data-attachment-id=\"15579\" data-permalink=\"http:\/\/www.grieta.org.mx\/index.php\/2016\/06\/21\/represion-en-la-ciudad-de-mexico-por-manifestarse-en-solidaridad-al-magisterio\/13499706_1058137614276916_159978857_o\/\" data-orig-file=\"http:\/\/www.grieta.org.mx\/wp-content\/uploads\/2016\/06\/13499706_1058137614276916_159978857_o.jpg\" data-orig-size=\"700,380\" data-comments-opened=\"0\" data-image-meta=\"{&quot;aperture&quot;:&quot;0&quot;,&quot;credit&quot;:&quot;&quot;,&quot;camera&quot;:&quot;&quot;,&quot;caption&quot;:&quot;&quot;,&quot;created_timestamp&quot;:&quot;0&quot;,&quot;copyright&quot;:&quot;&quot;,&quot;focal_length&quot;:&quot;0&quot;,&quot;iso&quot;:&quot;0&quot;,&quot;shutter_speed&quot;:&quot;0&quot;,&quot;title&quot;:&quot;&quot;,&quot;orientation&quot;:&quot;0&quot;}\" data-image-title=\"13499706_1058137614276916_159978857_o\" data-image-description=\"\" data-image-caption=\"\" data-medium-file=\"http:\/\/www.grieta.org.mx\/wp-content\/uploads\/2016\/06\/13499706_1058137614276916_159978857_o-300x163.jpg\" data-large-file=\"http:\/\/www.grieta.org.mx\/wp-content\/uploads\/2016\/06\/13499706_1058137614276916_159978857_o.jpg\" src=\"http:\/\/www.grieta.org.mx\/wp-content\/uploads\/2016\/06\/13499706_1058137614276916_159978857_o-300x163.jpg\" alt=\"13499706_1058137614276916_159978857_o\" width=\"100%\" class=\"aligncenter size-medium wp-image-15579\" srcset=\"http:\/\/www.grieta.org.mx\/wp-content\/uploads\/2016\/06\/13499706_1058137614276916_159978857_o-300x163.jpg 300w, http:\/\/www.grieta.org.mx\/wp-content\/uploads\/2016\/06\/13499706_1058137614276916_159978857_o.jpg 700w\" sizes=\"(max-width: 300px) 100vw, 300px\" \/><\/p>\n<p>Estudiantes e integrantes de medios de comunicaci\u00f3n agredidos por SSP<\/p>\n<p>Ciudad de M\u00e9xico 21 de junio 216.-  Elementos de Seguridad p\u00fablica detuvieron a estudiantes  e integrantes de medios de comunicaci\u00f3n independientes, a las afueras de la Representaci\u00f3n del Gobierno del Estado de Oaxaca. Esto sucedio antes de la manifestacion convocada en solidaridad al magisterio el dia 20 de Julio del 2016.<\/p>\n<p>La sociedad civil convoc\u00f3 este lunes a una acci\u00f3n a las afueras de la Representaci\u00f3n del Gobierno del Estado de Oaxaca en la Ciudad de M\u00e9xico, con el fin de exigir justicia ante la represi\u00f3n del d\u00eda 19 de Junio en Nochixtl\u00e1n Oaxaca.en contra del magisterio, estudiantes y familias que apoyan al movimiento.<\/p>\n<p>Alrededor de las 12 horas, personas que se dirig\u00edan a dicho evento fueron detenidos a los alrededores del lugar;  los testigos comentaron  que los manifestantes  fueron encapsulados y agredidos arbitrariamente. La primera detenci\u00f3n fue a nueve integrantes de medios libres, uno de ellos de la \u201cAgencia Aut\u00f3noma de Comunicaci\u00f3n Subversiones\u201d, Rafael Camacho, y ocho m\u00e1s del colectivo \u201cCr\u00e1ter Invertido\u201d, colaboradores de dicha agencia. Todos ellos fueron enviados al Juzgado C\u00edvico N\u00famero 3 de la Delegaci\u00f3n Miguel Hidalgo. La detenci\u00f3n ocurri\u00f3 a la altura de Circuito Interior.<\/p>\n<p>La segunda detenci\u00f3n fue cercana a la Representaci\u00f3n del Estado de Oaxaca, en la que 33 personas, entre estudiantes de la Universidad Aut\u00f3noma Metropolitana (UAM) y de la Escuela Nacional de Antropolog\u00eda e Historia (ENAH), fueron enviadas al Juzgado C\u00edvico N\u00famero 5 en la delegaci\u00f3n Cuauht\u00e9moc. Se mencionan los nombres de Amaranta Viridiana Valgallon Salazar, Susana S\u00e1nchez Flores, Itandehui Rosario Ram\u00edrez,  Mar\u00eda Fernanda Ram\u00edrez, Auvin S\u00e1nchez,  Diego Armando S\u00e1nchez Mejorada,  Hern\u00e1ndez Ch\u00e1vez Mara Itzel,  Tonantzin Lozada Cortes, Karina Rosas D\u00edaz, Yessica Mart\u00ednez Recillas,  Ivonne Avelino S\u00e1nchez y Mar\u00eda Jimena Cort\u00e9s Flores. <\/p>\n<p>Posteriormente, a la las 13 horas y durante el mitin que se realiz\u00f3 en solidaridad con el magisterio a las afueras de la Representaci\u00f3n del Gobierno del Estado de Oaxaca, los manifestantes denunciaron la detenci\u00f3n de sus compa\u00f1eros e hicieron un llamado a los presentes para exigir su liberaci\u00f3n.  El mitin dur\u00f3 alrededor de  tres horas en las que los manifestantes\u2014 entre estudiantes, activistas y sociedad civil en general\u2014 denunciaron que \u201cel Estado Mexicano de Enrique Pe\u00f1a Nieto est\u00e1 actuando con brutal represi\u00f3n y violencia\u201d, puesto que los ataques que se suscitaron en Nochixtl\u00e1n el 19 de julio por cielo y tierra y con armas de fuego son muestra clara de cr\u00edmenes de lesa humanidad;  raz\u00f3n por la cual hicieron un llamado a todas las luchas sociales a unificarse en una sola lucha para poder resistir juntos: \u201cvenimos a solidarizarnos y a decirle el  magisterio que tiene todo el apoyo de todos los aqu\u00ed presentes y muchos actores sociales m\u00e1s y que junto con ellos vamos a resistir y vamos a defender la educaci\u00f3n p\u00fablica y gratuita a nivel nacional\u201d, destac\u00f3 uno de los manifestantes.<\/p>\n<p>\u201cEstoy aqu\u00ed porque estoy indignada, porque el dolor del pueblo me duele, porque la ignorancia, obediencia y sometimiento de polic\u00eda y militares me indigna. Tenemos que ver todos que juntos podemos tener la fuerza, somos m\u00e1s que esa peque\u00f1a clase pol\u00edtica que se est\u00e1 llenando  los bolsillos, es indignante que todos guardemos silencio, debemos movilizarnos por una educaci\u00f3n, por un mejor pa\u00eds. Esto es un dolor profundo que debemos transformar en rabia y fuerza\u201d, exalt\u00f3 otra de las manifestantes.<\/p>\n<p><img decoding=\"async\" data-attachment-id=\"15578\" data-permalink=\"http:\/\/www.grieta.org.mx\/index.php\/2016\/06\/21\/represion-en-la-ciudad-de-mexico-por-manifestarse-en-solidaridad-al-magisterio\/13467694_1058137727610238_1766479319_o_0\/\" data-orig-file=\"http:\/\/www.grieta.org.mx\/wp-content\/uploads\/2016\/06\/13467694_1058137727610238_1766479319_o_0.jpg\" data-orig-size=\"2048,1365\" data-comments-opened=\"0\" data-image-meta=\"{&quot;aperture&quot;:&quot;0&quot;,&quot;credit&quot;:&quot;&quot;,&quot;camera&quot;:&quot;&quot;,&quot;caption&quot;:&quot;&quot;,&quot;created_timestamp&quot;:&quot;0&quot;,&quot;copyright&quot;:&quot;&quot;,&quot;focal_length&quot;:&quot;0&quot;,&quot;iso&quot;:&quot;0&quot;,&quot;shutter_speed&quot;:&quot;0&quot;,&quot;title&quot;:&quot;&quot;,&quot;orientation&quot;:&quot;0&quot;}\" data-image-title=\"13467694_1058137727610238_1766479319_o_0\" data-image-description=\"\" data-image-caption=\"\" data-medium-file=\"http:\/\/www.grieta.org.mx\/wp-content\/uploads\/2016\/06\/13467694_1058137727610238_1766479319_o_0-300x200.jpg\" data-large-file=\"http:\/\/www.grieta.org.mx\/wp-content\/uploads\/2016\/06\/13467694_1058137727610238_1766479319_o_0-1024x683.jpg\" src=\"http:\/\/www.grieta.org.mx\/wp-content\/uploads\/2016\/06\/13467694_1058137727610238_1766479319_o_0-300x200.jpg\" alt=\"13467694_1058137727610238_1766479319_o_0\" width=\"100%\" class=\"aligncenter size-medium wp-image-15578\" srcset=\"http:\/\/www.grieta.org.mx\/wp-content\/uploads\/2016\/06\/13467694_1058137727610238_1766479319_o_0-300x200.jpg 300w, http:\/\/www.grieta.org.mx\/wp-content\/uploads\/2016\/06\/13467694_1058137727610238_1766479319_o_0-768x512.jpg 768w, http:\/\/www.grieta.org.mx\/wp-content\/uploads\/2016\/06\/13467694_1058137727610238_1766479319_o_0-1024x683.jpg 1024w, http:\/\/www.grieta.org.mx\/wp-content\/uploads\/2016\/06\/13467694_1058137727610238_1766479319_o_0.jpg 2048w\" sizes=\"(max-width: 300px) 100vw, 300px\" \/><\/p>\n<p>Fotograf\u00eda: Alejandra Pe\u00f1a \/ Somoselmedio.org<\/p>\n<p><img decoding=\"async\" data-attachment-id=\"15577\" data-permalink=\"http:\/\/www.grieta.org.mx\/index.php\/2016\/06\/21\/represion-en-la-ciudad-de-mexico-por-manifestarse-en-solidaridad-al-magisterio\/13502518_1058123197611691_7839928696313276844_o\/\" data-orig-file=\"http:\/\/www.grieta.org.mx\/wp-content\/uploads\/2016\/06\/13502518_1058123197611691_7839928696313276844_o.jpg\" data-orig-size=\"2048,1365\" data-comments-opened=\"0\" data-image-meta=\"{&quot;aperture&quot;:&quot;0&quot;,&quot;credit&quot;:&quot;&quot;,&quot;camera&quot;:&quot;&quot;,&quot;caption&quot;:&quot;&quot;,&quot;created_timestamp&quot;:&quot;0&quot;,&quot;copyright&quot;:&quot;&quot;,&quot;focal_length&quot;:&quot;0&quot;,&quot;iso&quot;:&quot;0&quot;,&quot;shutter_speed&quot;:&quot;0&quot;,&quot;title&quot;:&quot;&quot;,&quot;orientation&quot;:&quot;0&quot;}\" data-image-title=\"13502518_1058123197611691_7839928696313276844_o\" data-image-description=\"\" data-image-caption=\"\" data-medium-file=\"http:\/\/www.grieta.org.mx\/wp-content\/uploads\/2016\/06\/13502518_1058123197611691_7839928696313276844_o-300x200.jpg\" data-large-file=\"http:\/\/www.grieta.org.mx\/wp-content\/uploads\/2016\/06\/13502518_1058123197611691_7839928696313276844_o-1024x683.jpg\" src=\"http:\/\/www.grieta.org.mx\/wp-content\/uploads\/2016\/06\/13502518_1058123197611691_7839928696313276844_o-300x200.jpg\" alt=\"13502518_1058123197611691_7839928696313276844_o\" width=\"100%\" class=\"aligncenter size-medium wp-image-15577\" srcset=\"http:\/\/www.grieta.org.mx\/wp-content\/uploads\/2016\/06\/13502518_1058123197611691_7839928696313276844_o-300x200.jpg 300w, http:\/\/www.grieta.org.mx\/wp-content\/uploads\/2016\/06\/13502518_1058123197611691_7839928696313276844_o-768x512.jpg 768w, http:\/\/www.grieta.org.mx\/wp-content\/uploads\/2016\/06\/13502518_1058123197611691_7839928696313276844_o-1024x683.jpg 1024w, http:\/\/www.grieta.org.mx\/wp-content\/uploads\/2016\/06\/13502518_1058123197611691_7839928696313276844_o.jpg 2048w\" sizes=\"(max-width: 300px) 100vw, 300px\" \/><\/p>\n<p>Fotograf\u00eda: Alejandra Pe\u00f1a \/ Somoselmedio.org<\/p>\n<p><img decoding=\"async\" data-attachment-id=\"15576\" data-permalink=\"http:\/\/www.grieta.org.mx\/index.php\/2016\/06\/21\/represion-en-la-ciudad-de-mexico-por-manifestarse-en-solidaridad-al-magisterio\/13493238_1058137794276898_334810770_o\/\" data-orig-file=\"http:\/\/www.grieta.org.mx\/wp-content\/uploads\/2016\/06\/13493238_1058137794276898_334810770_o.jpg\" data-orig-size=\"2048,1365\" data-comments-opened=\"0\" data-image-meta=\"{&quot;aperture&quot;:&quot;0&quot;,&quot;credit&quot;:&quot;&quot;,&quot;camera&quot;:&quot;&quot;,&quot;caption&quot;:&quot;&quot;,&quot;created_timestamp&quot;:&quot;0&quot;,&quot;copyright&quot;:&quot;&quot;,&quot;focal_length&quot;:&quot;0&quot;,&quot;iso&quot;:&quot;0&quot;,&quot;shutter_speed&quot;:&quot;0&quot;,&quot;title&quot;:&quot;&quot;,&quot;orientation&quot;:&quot;0&quot;}\" data-image-title=\"13493238_1058137794276898_334810770_o\" data-image-description=\"\" data-image-caption=\"\" data-medium-file=\"http:\/\/www.grieta.org.mx\/wp-content\/uploads\/2016\/06\/13493238_1058137794276898_334810770_o-300x200.jpg\" data-large-file=\"http:\/\/www.grieta.org.mx\/wp-content\/uploads\/2016\/06\/13493238_1058137794276898_334810770_o-1024x683.jpg\" src=\"http:\/\/www.grieta.org.mx\/wp-content\/uploads\/2016\/06\/13493238_1058137794276898_334810770_o-300x200.jpg\" alt=\"13493238_1058137794276898_334810770_o\" width=\"100%\" class=\"aligncenter size-medium wp-image-15576\" srcset=\"http:\/\/www.grieta.org.mx\/wp-content\/uploads\/2016\/06\/13493238_1058137794276898_334810770_o-300x200.jpg 300w, http:\/\/www.grieta.org.mx\/wp-content\/uploads\/2016\/06\/13493238_1058137794276898_334810770_o-768x512.jpg 768w, http:\/\/www.grieta.org.mx\/wp-content\/uploads\/2016\/06\/13493238_1058137794276898_334810770_o-1024x683.jpg 1024w, http:\/\/www.grieta.org.mx\/wp-content\/uploads\/2016\/06\/13493238_1058137794276898_334810770_o.jpg 2048w\" sizes=\"(max-width: 300px) 100vw, 300px\" \/><\/p>\n<p>Fotograf\u00eda: Alejandra Pe\u00f1a \/ Somoselmedio.org<\/p>\n<p>Terminando el mitin, los  manifestantes se dirigieron al Juzgado C\u00edvico N\u00fam. 3 de la delegaci\u00f3n Miguel  Hidalgo, para exigir a liberaci\u00f3n de los  9 integrantes de medios independientes de comunicaci\u00f3n. Al llegar al Juzgado C\u00edvico N\u00fam. 3  se inform\u00f3 que los 9 detenidos no presentaban ning\u00fan cargo, ni multa alguna y alrededor de  las 4:30 de la tarde fueron liberados. Mientras que las personas detenidas en el Juzgado C\u00edvico N\u00fam. 5 de la delegaci\u00f3n Cuauht\u00e9moc, salieron 28 y faltaban aun cinco de ellas.<\/p>\n<p>De los 9 detenidos que fueron liberados, algunos presentaban golpes, uno de ellos lastimado del brazo;  \u201clos polic\u00edas nos comenzaron a pegar, nos detuvieron, a un compa\u00f1ero le lastimaron el brazo y pues va ir al m\u00e9dico por su cuenta,   golpearon a varios\u201d, mencion\u00f3 una de las detenidas.<\/p>\n<p>Mientras que las mujeres que fueron liberadas del  Juzgado C\u00edvico N\u00fam. 5 en la delegaci\u00f3n Cuauht\u00e9moc denunciaron que  fueron acosadas sexualmente por parte de los elementos de seguridad p\u00fablica,  recibiendo amenazas, agresiones e incluso tocamientos;  \u201cDeja que te coja a ver si se te quita lo revolucionaria\u201d \u201cNo que eras muy guerrillera\u201d  \u201cLas vamos a poner en cuatro\u201d \u201cJefa deme permiso para romperle su madre a estas culeras\u201d \u201cA ti te vamos a desaparecer\u201d \u201cSigue ladrando perra\u201d. <\/p>\n<p>Adem\u00e1s, denunciaron el robo de sus pertenencias por parte de estos elementos de seguridad.<\/p>\n<p>Aproximadamente a las 17:30 horas la Agencia Aut\u00f3noma Subversiones inform\u00f3 que todos los detenidos en el Juzgado C\u00edvico N\u00fam. 5 en la delegaci\u00f3n Cuauht\u00e9moc tambi\u00e9n fueron liberados.  <\/p>\n<p><a href=\"http:\/\/www.somoselmedio.org\/article\/represi%C3%B3n-en-la-ciudad-de-m%C3%A9xico-por-manifestarse-en-solidaridad-al-magisterio\" target=\"_blank\">http:\/\/www.somoselmedio.org\/article\/represi%C3%B3n-en-la-ciudad-de-m%C3%A9xico-por-manifestarse-en-solidaridad-al-magisterio<\/a><\/p>\n","protected":false},"excerpt":{"rendered":"<p>Alejandra Pe\u00f1a Estudiantes e integrantes de medios de comunicaci\u00f3n agredidos por SSP Ciudad de M\u00e9xico 21 de junio 216.- Elementos de Seguridad p\u00fablica detuvieron a estudiantes e integrantes de medios &hellip; <a href=\"http:\/\/www.grieta.org.mx\/index.php\/2016\/06\/21\/represion-en-la-ciudad-de-mexico-por-manifestarse-en-solidaridad-al-magisterio\/\" class=\"more-link\">Leer m\u00e1s<\/a><\/p>\n","protected":false},"author":2,"featured_media":21928,"comment_status":"closed","ping_status":"closed","sticky":false,"template":"","format":"standard","meta":{"ngg_post_thumbnail":0,"_jetpack_newsletter_access":"","_jetpack_dont_email_post_to_subs":false,"_jetpack_newsletter_tier_id":0,"_jetpack_memberships_contains_paywalled_content":false,"_jetpack_memberships_contains_paid_content":false,"footnotes":""},"categories":[598,80],"tags":[134,757,130,619],"class_list":["post-15575","post","type-post","status-publish","format-standard","has-post-thumbnail","hentry","category-cdmx","category-cintillo","tag-cnte","tag-enah","tag-represion","tag-uam","entry"],"jetpack_featured_media_url":"http:\/\/www.grieta.org.mx\/wp-content\/uploads\/2018\/03\/14524434_1106112876131411_958039263622046936_o.jpg","jetpack_sharing_enabled":true,"jetpack_shortlink":"https:\/\/wp.me\/p7ZJR4-43d","jetpack_likes_enabled":false,"jetpack-related-posts":[{"id":15850,"url":"http:\/\/www.grieta.org.mx\/index.php\/2016\/06\/28\/manifiestan-estudiantes-de-la-normal-de-teneria-apoyo-a-cnte\/","url_meta":{"origin":15575,"position":0},"title":"Manifiestan estudiantes de la Normal de Tener\u00eda apoyo a CNTE","author":"grieta","date":"28 junio, 2016","format":false,"excerpt":"Alberto Dzib Alrededor de 45 estudiantes de la Escuela Normal Rural de Tener\u00eda en el municipio de Tenancingo Estado de M\u00e9xico, acudieron al palacio del Poder Ejecutivo de la entidad para manifestar su apoyo al gremio magisterial, principalmente del Estado de Oaxaca, derivado de los conflictos que de su rechazo\u2026","rel":"","context":"En &quot;CINTILLO&quot;","block_context":{"text":"CINTILLO","link":"http:\/\/www.grieta.org.mx\/index.php\/category\/cintillo\/"},"img":{"alt_text":"","src":"https:\/\/i0.wp.com\/www.grieta.org.mx\/wp-content\/uploads\/2018\/03\/14524434_1106112876131411_958039263622046936_o.jpg?resize=350%2C200","width":350,"height":200,"srcset":"https:\/\/i0.wp.com\/www.grieta.org.mx\/wp-content\/uploads\/2018\/03\/14524434_1106112876131411_958039263622046936_o.jpg?resize=350%2C200 1x, https:\/\/i0.wp.com\/www.grieta.org.mx\/wp-content\/uploads\/2018\/03\/14524434_1106112876131411_958039263622046936_o.jpg?resize=525%2C300 1.5x, https:\/\/i0.wp.com\/www.grieta.org.mx\/wp-content\/uploads\/2018\/03\/14524434_1106112876131411_958039263622046936_o.jpg?resize=700%2C400 2x"},"classes":[]},{"id":15574,"url":"http:\/\/www.grieta.org.mx\/index.php\/2016\/08\/17\/manifestaciones-en-solidaridad-con-el-magisterio-en-la-ciudad-de-mexico\/","url_meta":{"origin":15575,"position":1},"title":"Manifestaciones en solidaridad con el magisterio en la Ciudad de M\u00e9xico","author":"grieta","date":"17 agosto, 2016","format":false,"excerpt":"16\/08\/16. Escuela Secundaria Diurna No. 36 entra en paro indefinido; \u201chasta que caiga la reforma educativa\u201d (CDMX)Ruptura Colectiva 14\/07\/16. Brigada informativa en el pedregal de Santo DomingoKe Huelga Radio 07\/07\/16. Con 4 marchas y m\u00e1s de 30 bloqueos la CdMx dice no a la Reforma EducativaApia Virtual 07\/07\/16. Por tercer\u2026","rel":"","context":"En &quot;Ciudad de M\u00e9xico&quot;","block_context":{"text":"Ciudad de M\u00e9xico","link":"http:\/\/www.grieta.org.mx\/index.php\/category\/noticias-nacionales\/ciudad-de-mexico\/"},"img":{"alt_text":"","src":"https:\/\/i0.wp.com\/www.grieta.org.mx\/wp-content\/uploads\/2018\/03\/14524434_1106112876131411_958039263622046936_o.jpg?resize=350%2C200","width":350,"height":200,"srcset":"https:\/\/i0.wp.com\/www.grieta.org.mx\/wp-content\/uploads\/2018\/03\/14524434_1106112876131411_958039263622046936_o.jpg?resize=350%2C200 1x, https:\/\/i0.wp.com\/www.grieta.org.mx\/wp-content\/uploads\/2018\/03\/14524434_1106112876131411_958039263622046936_o.jpg?resize=525%2C300 1.5x, https:\/\/i0.wp.com\/www.grieta.org.mx\/wp-content\/uploads\/2018\/03\/14524434_1106112876131411_958039263622046936_o.jpg?resize=700%2C400 2x"},"classes":[]},{"id":14776,"url":"http:\/\/www.grieta.org.mx\/index.php\/2016\/06\/21\/universitarios-de-la-uaem-se-solidarizan-con-la-cnte\/","url_meta":{"origin":15575,"position":2},"title":"Universitarios de la UAEM se solidarizan con la CNTE","author":"grieta","date":"21 junio, 2016","format":false,"excerpt":"Chimalhuac\u00e1n, M\u00e9x., 21 de junio de 2016.- Cerca de las 16:00 horas, estudiantes de la Universidad Aut\u00f3noma del Estado de M\u00e9xico (UAEM) Chimalhuac\u00e1n, comenzaron a concentrarse en Plaza Zaragoza para protestar y solidarizarse con los hechos violentos registrados en el Estado de Oaxaca. Al menos 20 estudiantes de la (UAEM)\u2026","rel":"","context":"En &quot;CINTILLO&quot;","block_context":{"text":"CINTILLO","link":"http:\/\/www.grieta.org.mx\/index.php\/category\/cintillo\/"},"img":{"alt_text":"","src":"https:\/\/i0.wp.com\/www.grieta.org.mx\/wp-content\/uploads\/2018\/03\/14524434_1106112876131411_958039263622046936_o.jpg?resize=350%2C200","width":350,"height":200,"srcset":"https:\/\/i0.wp.com\/www.grieta.org.mx\/wp-content\/uploads\/2018\/03\/14524434_1106112876131411_958039263622046936_o.jpg?resize=350%2C200 1x, https:\/\/i0.wp.com\/www.grieta.org.mx\/wp-content\/uploads\/2018\/03\/14524434_1106112876131411_958039263622046936_o.jpg?resize=525%2C300 1.5x, https:\/\/i0.wp.com\/www.grieta.org.mx\/wp-content\/uploads\/2018\/03\/14524434_1106112876131411_958039263622046936_o.jpg?resize=700%2C400 2x"},"classes":[]},{"id":12896,"url":"http:\/\/www.grieta.org.mx\/index.php\/2016\/05\/23\/marchan-padres-de-familia-a-favor-del-magisterio-en-salina-cruz\/","url_meta":{"origin":15575,"position":3},"title":"Marchan padres de familia a favor del magisterio en Salina Cruz","author":"grieta","date":"23 mayo, 2016","format":false,"excerpt":"P\u00e1gina 3. Diana Manzo, Salina Cruz, Oaxaca.- Unos mil padres de familia que integran el sector Salina Cruz marcharon en defensa y solidaridad del magisterio oaxaque\u00f1o. Con pancartas y lonas as\u00ed como altavoces los padres de familia e integrantes de organizaciones civiles partieron del crucero principal de esta ciudad y\u2026","rel":"","context":"En &quot;CINTILLO&quot;","block_context":{"text":"CINTILLO","link":"http:\/\/www.grieta.org.mx\/index.php\/category\/cintillo\/"},"img":{"alt_text":"","src":"https:\/\/i0.wp.com\/www.grieta.org.mx\/wp-content\/uploads\/2018\/03\/14524434_1106112876131411_958039263622046936_o.jpg?resize=350%2C200","width":350,"height":200,"srcset":"https:\/\/i0.wp.com\/www.grieta.org.mx\/wp-content\/uploads\/2018\/03\/14524434_1106112876131411_958039263622046936_o.jpg?resize=350%2C200 1x, https:\/\/i0.wp.com\/www.grieta.org.mx\/wp-content\/uploads\/2018\/03\/14524434_1106112876131411_958039263622046936_o.jpg?resize=525%2C300 1.5x, https:\/\/i0.wp.com\/www.grieta.org.mx\/wp-content\/uploads\/2018\/03\/14524434_1106112876131411_958039263622046936_o.jpg?resize=700%2C400 2x"},"classes":[]},{"id":14756,"url":"http:\/\/www.grieta.org.mx\/index.php\/2016\/06\/21\/marcha-cnte-hidalgo-contra-agresiones-en-oaxaca\/","url_meta":{"origin":15575,"position":4},"title":"Marcha CNTE Hidalgo contra agresiones en Oaxaca","author":"grieta","date":"21 junio, 2016","format":false,"excerpt":"Alan Jimenez Luego de las agresiones ocurridas en Oaxaca contra simpatizantes de la CNTE, que dejaron como saldo ocho muertos y m\u00faltiples heridos, integrantes del magisterio disidente en Hidalgo marcharon en repudio ante la represi\u00f3n contra integrantes de esa agrupaci\u00f3n y en apoyo a las acciones contra la reforma educativa.\u2026","rel":"","context":"En &quot;CINTILLO&quot;","block_context":{"text":"CINTILLO","link":"http:\/\/www.grieta.org.mx\/index.php\/category\/cintillo\/"},"img":{"alt_text":"","src":"https:\/\/i0.wp.com\/www.grieta.org.mx\/wp-content\/uploads\/2018\/03\/14524434_1106112876131411_958039263622046936_o.jpg?resize=350%2C200","width":350,"height":200,"srcset":"https:\/\/i0.wp.com\/www.grieta.org.mx\/wp-content\/uploads\/2018\/03\/14524434_1106112876131411_958039263622046936_o.jpg?resize=350%2C200 1x, https:\/\/i0.wp.com\/www.grieta.org.mx\/wp-content\/uploads\/2018\/03\/14524434_1106112876131411_958039263622046936_o.jpg?resize=525%2C300 1.5x, https:\/\/i0.wp.com\/www.grieta.org.mx\/wp-content\/uploads\/2018\/03\/14524434_1106112876131411_958039263622046936_o.jpg?resize=700%2C400 2x"},"classes":[]},{"id":59646,"url":"http:\/\/www.grieta.org.mx\/index.php\/2021\/05\/24\/normalistas-de-huajuapan-exigen-al-gobierno-liberacion-de-dos-normalistas-detenidos-por-policias-oaxaca\/","url_meta":{"origin":15575,"position":5},"title":"Normalistas de Huajuapan exigen al gobierno liberaci\u00f3n de dos normalistas detenidos por polic\u00edas (Oaxaca)","author":"grieta","date":"24 mayo, 2021","format":false,"excerpt":"Noticias \/ Lesli Aguilar. HUAJUAPAN DE LE\u00d3N, Oaxaca.- Integrantes de la Normal Experimental de Huajuapan exigieron al gobierno de Oaxaca la liberaci\u00f3n de dos estudiantes de esta escuela, quienes presuntamente fueron detenidos por polic\u00edas estatales el 21 de mayo pasado, en la ciudad de Oaxaca. Los estudiantes de la Normal\u2026","rel":"","context":"En &quot;CINTILLO&quot;","block_context":{"text":"CINTILLO","link":"http:\/\/www.grieta.org.mx\/index.php\/category\/cintillo\/"},"img":{"alt_text":"","src":"https:\/\/i0.wp.com\/www.grieta.org.mx\/wp-content\/uploads\/2021\/06\/a.jpg?resize=350%2C200","width":350,"height":200,"srcset":"https:\/\/i0.wp.com\/www.grieta.org.mx\/wp-content\/uploads\/2021\/06\/a.jpg?resize=350%2C200 1x, https:\/\/i0.wp.com\/www.grieta.org.mx\/wp-content\/uploads\/2021\/06\/a.jpg?resize=525%2C300 1.5x, https:\/\/i0.wp.com\/www.grieta.org.mx\/wp-content\/uploads\/2021\/06\/a.jpg?resize=700%2C400 2x, https:\/\/i0.wp.com\/www.grieta.org.mx\/wp-content\/uploads\/2021\/06\/a.jpg?resize=1050%2C600 3x"},"classes":[]}],"_links":{"self":[{"href":"http:\/\/www.grieta.org.mx\/index.php\/wp-json\/wp\/v2\/posts\/15575","targetHints":{"allow":["GET"]}}],"collection":[{"href":"http:\/\/www.grieta.org.mx\/index.php\/wp-json\/wp\/v2\/posts"}],"about":[{"href":"http:\/\/www.grieta.org.mx\/index.php\/wp-json\/wp\/v2\/types\/post"}],"author":[{"embeddable":true,"href":"http:\/\/www.grieta.org.mx\/index.php\/wp-json\/wp\/v2\/users\/2"}],"replies":[{"embeddable":true,"href":"http:\/\/www.grieta.org.mx\/index.php\/wp-json\/wp\/v2\/comments?post=15575"}],"version-history":[{"count":1,"href":"http:\/\/www.grieta.org.mx\/index.php\/wp-json\/wp\/v2\/posts\/15575\/revisions"}],"predecessor-version":[{"id":15580,"href":"http:\/\/www.grieta.org.mx\/index.php\/wp-json\/wp\/v2\/posts\/15575\/revisions\/15580"}],"wp:featuredmedia":[{"embeddable":true,"href":"http:\/\/www.grieta.org.mx\/index.php\/wp-json\/wp\/v2\/media\/21928"}],"wp:attachment":[{"href":"http:\/\/www.grieta.org.mx\/index.php\/wp-json\/wp\/v2\/media?parent=15575"}],"wp:term":[{"taxonomy":"category","embeddable":true,"href":"http:\/\/www.grieta.org.mx\/index.php\/wp-json\/wp\/v2\/categories?post=15575"},{"taxonomy":"post_tag","embeddable":true,"href":"http:\/\/www.grieta.org.mx\/index.php\/wp-json\/wp\/v2\/tags?post=15575"}],"curies":[{"name":"wp","href":"https:\/\/api.w.org\/{rel}","templated":true}]}}