{"id":1548,"date":"2016-02-20T03:28:08","date_gmt":"2016-02-20T03:28:08","guid":{"rendered":"http:\/\/50.22.11.12\/~grietaor\/?p=1548"},"modified":"2016-03-08T03:31:08","modified_gmt":"2016-03-08T03:31:08","slug":"marchan-trabajadores-de-dina-exigen-reinstalacion","status":"publish","type":"post","link":"http:\/\/www.grieta.org.mx\/index.php\/2016\/02\/20\/marchan-trabajadores-de-dina-exigen-reinstalacion\/","title":{"rendered":"Marchan trabajadores de Dina; exigen reinstalaci\u00f3n"},"content":{"rendered":"<p>Laura Elizabeth Trejo<\/p>\n<p>Para exigir la reinstalaci\u00f3n de al menos 250 trabajadores que fueron despedidos de Dina tras el conflicto suscitado en la empresa en enero, un grupo de inconformes march\u00f3 por las principales calles de la ciudad hasta palacio de gobierno.<\/p>\n<p>Los quejosos exigieron intervenci\u00f3n de las autoridades en el conflicto que a casi un mes persiste.<br \/>\nIndicaron que hicieron llegar un pliego petitorio que conten\u00eda las inconformidades y demandas a la empresa, sin embargo los acuerdos no se han cumplido.<\/p>\n<p>\u201cHubo varias minutas que no se respetaron, incluso por parte del mismo secretario del Trabajo Valent\u00edn Echavarr\u00eda, lo que estamos pidiendo desde el principio es la reinstalaci\u00f3n de los trabajadores que despidieron injustificadamente escud\u00e1ndose en que ya no hab\u00eda trabajo y fue una burla porque ahorita hay una feria de empleo en la que participaba Dina, entonces como es posible que digan que no hay trabajo\u201d, expuso Alfredo Islas Vera, secretario general del Sindicato Nacional Minero Metal\u00fargico secci\u00f3n 210.<\/p>\n<p>Adem\u00e1s reiteraron sus exigencias como que la firma permita la libre asociaci\u00f3n sindical y respeto a los derechos de los obreros, as\u00ed como frenar los despidos injustificados.<\/p>\n<p>En entrevista, Islas Vera indic\u00f3 que la firma despidi\u00f3 a varios de sus compa\u00f1eros tras obligarlos a firmar con presuntas amenazas, \u201ca algunos les hicieron el comentario de que les pod\u00eda pasar algo en el camino, ese tipo de amenazas no se valen\u201d.<\/p>\n<p>Asegur\u00f3 que hasta el momento el grupo de trabajadores agrupados en el sindicato minero no ha recibido buena respuesta.<\/p>\n<p>\u201cSe dio atenci\u00f3n a asuntos secundarios como el comedor y el servicio m\u00e9dico, pero no la reinstalaci\u00f3n\u201d, indic\u00f3.<br \/>\nManifest\u00f3 que el titular de la Secretar\u00eda del Trabajo y Previsi\u00f3n Social de Hidalgo (STPSH) falt\u00f3 a su palabra al ofrecer a los trabajadores \u201cde palabra\u201d y sin respaldo de alg\u00fan documento concretar reuni\u00f3n de trabajo entre la empresa Pasa y al Sindicato de Trabajadores y Empleados del Comercio Similares y Conexos de Hidalgo, la cual, asegur\u00f3, no se ha realizado.<\/p>\n<p>\u201cVamos a dialogar, esperemos pronta respuesta, porque hay gente que depende de esta fuente de trabajo, queremos mantenerla, nunca hemos querido da\u00f1ar a la empresa\u201d, concluy\u00f3.<\/p>\n<p>Los trabajadores de Dina est\u00e1n subcontratados por la empresa Pasa Administraci\u00f3n de Servicios SA de CV.<br \/>\nEl 20 de enero un grupo de trabajadores realiz\u00f3 paro de labores en la planta de Ciudad Sahag\u00fan, el cual, de acuerdo con las autoridades, estuvo fuera de la ley debido a que los inconformes no dieron parte a las autoridades.<\/p>\n<p>La intenci\u00f3n de los trabajadores de afiliarse al Sindicato Nacional Minero Metal\u00fargico y no reconocer al Sindicato de Trabajadores y Empleados del Comercio Similares y Conexos de Hidalgo, deriv\u00f3, seg\u00fan las denuncias, en despidos injustificados.<\/p>\n<p><a href=\"http:\/\/www.elindependientedehidalgo.com.mx\/2016\/02\/315934\" target=\"_blank\">http:\/\/www.elindependientedehidalgo.com.mx\/2016\/02\/315934<\/a><\/p>\n","protected":false},"excerpt":{"rendered":"<p>Laura Elizabeth Trejo Para exigir la reinstalaci\u00f3n de al menos 250 trabajadores que fueron despedidos de Dina tras el conflicto suscitado en la empresa en enero, un grupo de inconformes &hellip; <a href=\"http:\/\/www.grieta.org.mx\/index.php\/2016\/02\/20\/marchan-trabajadores-de-dina-exigen-reinstalacion\/\" class=\"more-link\">Leer m\u00e1s<\/a><\/p>\n","protected":false},"author":2,"featured_media":21928,"comment_status":"closed","ping_status":"open","sticky":false,"template":"","format":"standard","meta":{"ngg_post_thumbnail":0,"_jetpack_newsletter_access":"","_jetpack_dont_email_post_to_subs":false,"_jetpack_newsletter_tier_id":0,"_jetpack_memberships_contains_paywalled_content":false,"_jetpack_memberships_contains_paid_content":false,"footnotes":""},"categories":[80,129],"tags":[113],"class_list":["post-1548","post","type-post","status-publish","format-standard","has-post-thumbnail","hentry","category-cintillo","category-hidalgo","tag-conflictos-laborales","entry"],"jetpack_featured_media_url":"http:\/\/www.grieta.org.mx\/wp-content\/uploads\/2018\/03\/14524434_1106112876131411_958039263622046936_o.jpg","jetpack_sharing_enabled":true,"jetpack_shortlink":"https:\/\/wp.me\/p7ZJR4-oY","jetpack_likes_enabled":false,"jetpack-related-posts":[{"id":1148,"url":"http:\/\/www.grieta.org.mx\/index.php\/2016\/02\/20\/trabajadores-de-dina-en-ciudad-sahagun-exigen-respeto-a-sus-derechos-laborales\/","url_meta":{"origin":1548,"position":0},"title":"Trabajadores de DINA en Ciudad Sahag\u00fan exigen respeto a sus derechos laborales","author":"grieta","date":"20 febrero, 2016","format":false,"excerpt":"20\/02\/16. Marchan trabajadores de Dina; exigen reinstalaci\u00f3nEl Independiente de Hidalgo 05\/02\/16. Persisten inconformidades contra Dina; trabajadores protestanEl Independiente de Hidalgo 25\/01\/16. Polic\u00edas Estatales desalojan a obreros de DINA CamionesEl Reportero 24\/01\/16. Granaderos y empresa Dina arremete contra trabajadoresSomos el Medio 21\/01\/16. Se van a paro 500 trabajadores de DINACriterio Hidalgo\u2026","rel":"","context":"En &quot;Hidalgo&quot;","block_context":{"text":"Hidalgo","link":"http:\/\/www.grieta.org.mx\/index.php\/category\/noticias-nacionales\/hidalgo\/"},"img":{"alt_text":"","src":"https:\/\/i0.wp.com\/www.grieta.org.mx\/wp-content\/uploads\/2018\/03\/14524434_1106112876131411_958039263622046936_o.jpg?resize=350%2C200","width":350,"height":200,"srcset":"https:\/\/i0.wp.com\/www.grieta.org.mx\/wp-content\/uploads\/2018\/03\/14524434_1106112876131411_958039263622046936_o.jpg?resize=350%2C200 1x, https:\/\/i0.wp.com\/www.grieta.org.mx\/wp-content\/uploads\/2018\/03\/14524434_1106112876131411_958039263622046936_o.jpg?resize=525%2C300 1.5x, https:\/\/i0.wp.com\/www.grieta.org.mx\/wp-content\/uploads\/2018\/03\/14524434_1106112876131411_958039263622046936_o.jpg?resize=700%2C400 2x"},"classes":[]},{"id":1138,"url":"http:\/\/www.grieta.org.mx\/index.php\/2016\/02\/05\/persisten-inconformidades-contra-dina-trabajadores-protestan\/","url_meta":{"origin":1548,"position":1},"title":"Persisten inconformidades contra Dina; trabajadores protestan","author":"grieta","date":"5 febrero, 2016","format":false,"excerpt":"Laura Elizabeth Trejo Pese a que Dina asegur\u00f3 la semana pasada que el conflicto laboral en la empresa estaba resuelto, ayer un grupo de trabajadores y extrabajadores protestaron a las afueras de la Secretar\u00eda del Trabajo y Previsi\u00f3n de Hidalgo (STPSH). Los quejosos se presentaron en las oficinas de la\u2026","rel":"","context":"En &quot;CINTILLO&quot;","block_context":{"text":"CINTILLO","link":"http:\/\/www.grieta.org.mx\/index.php\/category\/cintillo\/"},"img":{"alt_text":"","src":"https:\/\/i0.wp.com\/www.grieta.org.mx\/wp-content\/uploads\/2018\/03\/14524434_1106112876131411_958039263622046936_o.jpg?resize=350%2C200","width":350,"height":200,"srcset":"https:\/\/i0.wp.com\/www.grieta.org.mx\/wp-content\/uploads\/2018\/03\/14524434_1106112876131411_958039263622046936_o.jpg?resize=350%2C200 1x, https:\/\/i0.wp.com\/www.grieta.org.mx\/wp-content\/uploads\/2018\/03\/14524434_1106112876131411_958039263622046936_o.jpg?resize=525%2C300 1.5x, https:\/\/i0.wp.com\/www.grieta.org.mx\/wp-content\/uploads\/2018\/03\/14524434_1106112876131411_958039263622046936_o.jpg?resize=700%2C400 2x"},"classes":[]},{"id":71973,"url":"http:\/\/www.grieta.org.mx\/index.php\/2025\/07\/09\/paro-laboral-en-alpura-por-presuntos-abusos-trabajadores-denuncian-violaciones-a-derechos\/","url_meta":{"origin":1548,"position":2},"title":"Paro laboral en Alpura por presuntos abusos; trabajadores denuncian violaciones a derechos","author":"grieta","date":"9 julio, 2025","format":false,"excerpt":"Redacci\u00f3n Fortuna y poder En Puebla iniciar\u00edan huelga el 4 de agosto de no llegar a acuerdos con la empresa Trabajadores de la empresa\u00a0Alpura\u00a0llevaron a cabo un\u00a0paro de labores\u00a0en varias de las plantas productoras de la compa\u00f1\u00eda. En Cuautitl\u00e1n Izcalli y Los Reyes La Paz (Estado de M\u00e9xico), as\u00ed como\u2026","rel":"","context":"En &quot;CINTILLO&quot;","block_context":{"text":"CINTILLO","link":"http:\/\/www.grieta.org.mx\/index.php\/category\/cintillo\/"},"img":{"alt_text":"","src":"https:\/\/i0.wp.com\/www.grieta.org.mx\/wp-content\/uploads\/2025\/07\/Captura-de-pantalla-2025-07-09-000854.png?resize=350%2C200","width":350,"height":200,"srcset":"https:\/\/i0.wp.com\/www.grieta.org.mx\/wp-content\/uploads\/2025\/07\/Captura-de-pantalla-2025-07-09-000854.png?resize=350%2C200 1x, https:\/\/i0.wp.com\/www.grieta.org.mx\/wp-content\/uploads\/2025\/07\/Captura-de-pantalla-2025-07-09-000854.png?resize=525%2C300 1.5x, https:\/\/i0.wp.com\/www.grieta.org.mx\/wp-content\/uploads\/2025\/07\/Captura-de-pantalla-2025-07-09-000854.png?resize=700%2C400 2x"},"classes":[]},{"id":1140,"url":"http:\/\/www.grieta.org.mx\/index.php\/2016\/01\/24\/granaderos-y-empresa-dina-arremete-contra-trabajadores\/","url_meta":{"origin":1548,"position":3},"title":"Granaderos y empresa Dina arremete contra trabajadores","author":"grieta","date":"24 enero, 2016","format":false,"excerpt":"Ricardo Ortiz El pasado mi\u00e9rcoles 20 de enero, entraron en paro laboral alrededor de 500 trabajadores de la empresa de autobuses Dina, localizada en el corredor industrial de Ciudad Sahag\u00fan, Hidalgo para exigir su adhesi\u00f3n a una organizaci\u00f3n sindical que los represente y d\u00e9 estabilidad laboral. Otras de las demandas\u2026","rel":"","context":"En &quot;CINTILLO&quot;","block_context":{"text":"CINTILLO","link":"http:\/\/www.grieta.org.mx\/index.php\/category\/cintillo\/"},"img":{"alt_text":"","src":"https:\/\/i0.wp.com\/www.grieta.org.mx\/wp-content\/uploads\/2018\/03\/14524434_1106112876131411_958039263622046936_o.jpg?resize=350%2C200","width":350,"height":200,"srcset":"https:\/\/i0.wp.com\/www.grieta.org.mx\/wp-content\/uploads\/2018\/03\/14524434_1106112876131411_958039263622046936_o.jpg?resize=350%2C200 1x, https:\/\/i0.wp.com\/www.grieta.org.mx\/wp-content\/uploads\/2018\/03\/14524434_1106112876131411_958039263622046936_o.jpg?resize=525%2C300 1.5x, https:\/\/i0.wp.com\/www.grieta.org.mx\/wp-content\/uploads\/2018\/03\/14524434_1106112876131411_958039263622046936_o.jpg?resize=700%2C400 2x"},"classes":[]},{"id":21868,"url":"http:\/\/www.grieta.org.mx\/index.php\/2017\/05\/24\/sin-solucion-conflicto-en-grupo-modelo-zacatecas\/","url_meta":{"origin":1548,"position":4},"title":"Sin soluci\u00f3n, conflicto en Grupo Modelo (Zacatecas)","author":"grieta","date":"24 mayo, 2017","format":false,"excerpt":"Dante Godoy\/NTR Zacatecas Zacatecas.- Manuel Torres Barrios, l\u00edder de trabajadores despedidos por la empresa Grupo Modelo, explic\u00f3 que las negociaciones no han rendido frutos y el corporativo se niega a dar cabida al pliego petitorio del pretendido sindicato independiente que mantiene un bloqueo al acceso de camiones surtidores de materia\u2026","rel":"","context":"En &quot;CINTILLO&quot;","block_context":{"text":"CINTILLO","link":"http:\/\/www.grieta.org.mx\/index.php\/category\/cintillo\/"},"img":{"alt_text":"","src":"https:\/\/i0.wp.com\/www.grieta.org.mx\/wp-content\/uploads\/2018\/03\/gm1.jpg?resize=350%2C200","width":350,"height":200,"srcset":"https:\/\/i0.wp.com\/www.grieta.org.mx\/wp-content\/uploads\/2018\/03\/gm1.jpg?resize=350%2C200 1x, https:\/\/i0.wp.com\/www.grieta.org.mx\/wp-content\/uploads\/2018\/03\/gm1.jpg?resize=525%2C300 1.5x, https:\/\/i0.wp.com\/www.grieta.org.mx\/wp-content\/uploads\/2018\/03\/gm1.jpg?resize=700%2C400 2x"},"classes":[]},{"id":1141,"url":"http:\/\/www.grieta.org.mx\/index.php\/2016\/01\/21\/se-van-a-paro-500-trabajadores-de-dina\/","url_meta":{"origin":1548,"position":5},"title":"Se van a paro 500 trabajadores de DINA","author":"grieta","date":"21 enero, 2016","format":false,"excerpt":"\u00c1ngel Rinc\u00f3n Alrededor de 500 trabajadores de la empresa Dina, localizada en el corredor industrial de Ciudad Sahag\u00fan, iniciaron ayer un paro de trabajo para exigir su adhesi\u00f3n a una organizaci\u00f3n sindical que los represente y d\u00e9 estabilidad laboral. Alfredo Yasenth Islas Vera, secretario general del naciente comit\u00e9 local del\u2026","rel":"","context":"En &quot;CINTILLO&quot;","block_context":{"text":"CINTILLO","link":"http:\/\/www.grieta.org.mx\/index.php\/category\/cintillo\/"},"img":{"alt_text":"","src":"https:\/\/i0.wp.com\/www.grieta.org.mx\/wp-content\/uploads\/2018\/03\/14524434_1106112876131411_958039263622046936_o.jpg?resize=350%2C200","width":350,"height":200,"srcset":"https:\/\/i0.wp.com\/www.grieta.org.mx\/wp-content\/uploads\/2018\/03\/14524434_1106112876131411_958039263622046936_o.jpg?resize=350%2C200 1x, https:\/\/i0.wp.com\/www.grieta.org.mx\/wp-content\/uploads\/2018\/03\/14524434_1106112876131411_958039263622046936_o.jpg?resize=525%2C300 1.5x, https:\/\/i0.wp.com\/www.grieta.org.mx\/wp-content\/uploads\/2018\/03\/14524434_1106112876131411_958039263622046936_o.jpg?resize=700%2C400 2x"},"classes":[]}],"_links":{"self":[{"href":"http:\/\/www.grieta.org.mx\/index.php\/wp-json\/wp\/v2\/posts\/1548","targetHints":{"allow":["GET"]}}],"collection":[{"href":"http:\/\/www.grieta.org.mx\/index.php\/wp-json\/wp\/v2\/posts"}],"about":[{"href":"http:\/\/www.grieta.org.mx\/index.php\/wp-json\/wp\/v2\/types\/post"}],"author":[{"embeddable":true,"href":"http:\/\/www.grieta.org.mx\/index.php\/wp-json\/wp\/v2\/users\/2"}],"replies":[{"embeddable":true,"href":"http:\/\/www.grieta.org.mx\/index.php\/wp-json\/wp\/v2\/comments?post=1548"}],"version-history":[{"count":1,"href":"http:\/\/www.grieta.org.mx\/index.php\/wp-json\/wp\/v2\/posts\/1548\/revisions"}],"predecessor-version":[{"id":1550,"href":"http:\/\/www.grieta.org.mx\/index.php\/wp-json\/wp\/v2\/posts\/1548\/revisions\/1550"}],"wp:featuredmedia":[{"embeddable":true,"href":"http:\/\/www.grieta.org.mx\/index.php\/wp-json\/wp\/v2\/media\/21928"}],"wp:attachment":[{"href":"http:\/\/www.grieta.org.mx\/index.php\/wp-json\/wp\/v2\/media?parent=1548"}],"wp:term":[{"taxonomy":"category","embeddable":true,"href":"http:\/\/www.grieta.org.mx\/index.php\/wp-json\/wp\/v2\/categories?post=1548"},{"taxonomy":"post_tag","embeddable":true,"href":"http:\/\/www.grieta.org.mx\/index.php\/wp-json\/wp\/v2\/tags?post=1548"}],"curies":[{"name":"wp","href":"https:\/\/api.w.org\/{rel}","templated":true}]}}