{"id":15399,"date":"2016-06-20T19:04:53","date_gmt":"2016-06-20T19:04:53","guid":{"rendered":"http:\/\/www.grieta.org.mx\/?p=15399"},"modified":"2016-06-27T19:15:13","modified_gmt":"2016-06-27T19:15:13","slug":"condenan-colectivos-y-magisterio-de-cancun-represion-en-oaxaca","status":"publish","type":"post","link":"http:\/\/www.grieta.org.mx\/index.php\/2016\/06\/20\/condenan-colectivos-y-magisterio-de-cancun-represion-en-oaxaca\/","title":{"rendered":"Condenan colectivos y magisterio de Canc\u00fan represi\u00f3n en Oaxaca"},"content":{"rendered":"<p>IQCANC\u00daN 20 JUN.- Integrantes del magisterio y de numerosos colectivos sociales de Canc\u00fan condenaron los violentos hechos de represi\u00f3n registrados este domingo en Nochixtl\u00e1n, Oaxaca, donde la Polic\u00eda Federal se enfrent\u00f3 con docentes y comunidad dejando un saldo de ocho muertos, 22 desaparecidos y 45 heridos de bala, de acuerdo con dirigentes de la Coordinadora Nacional de Trabajadores de la Educaci\u00f3n (CNTE).<br \/>\nJunto a una gran manta negra que reza \u201cAlto a la represi\u00f3n del Estado contra el pueblo de Oaxaca. \u00a1C\u00e1rcel a Pe\u00f1a Nieto corrupto!\u201d, instalada frente a la glorieta conocida como \u201cEl Ceviche\u201d, los representantes sociales exigieron el cese inmediato a la represi\u00f3n y hostigamiento contra el pueblo de Oaxaca y otros estados de la Rep\u00fablica.<br \/>\nA\u00f1adieron que tambi\u00e9n exigen la renuncia de funcionarios federales, en tanto que criticaron la total incapacidad del presidente Enrique Pe\u00f1a Nieto ante una situaci\u00f3n de crisis como la vivida este domingo.<br \/>\n\u201cExigimos un cese total a la represi\u00f3n y hostigamiento contra el pueblo mexicano, porque no es solo contra los maestros sino contra la sociedad civil. La represi\u00f3n ha sido brutal. Est\u00e1n usando las balas contra el pueblo. Ellos no quieren dialogar porque no tienen elementos ni argumentos para defender su caduca reforma educativa\u201d, se\u00f1alaron.<br \/>\nAsimismo, apuntaron que los colectivos sociales y el magisterio de Canc\u00fan se est\u00e1n aglutinando para realizar manifestaciones de protesta tanto en contra de la reforma educativa como de los actos de represi\u00f3n.<br \/>\nDe hecho, adelantaron que se est\u00e1 lanzando una gran convocatoria para una magna manifestaci\u00f3n a nivel nacional para el pr\u00f3ximo 26 de junio.<\/p>\n<p><a href=\"http:\/\/www.iqcancun.com\/condenan-colectivos-y-magisterio-de-cancun-represion-en-oaxaca\/\" target=\"_blank\">http:\/\/www.iqcancun.com\/condenan-colectivos-y-magisterio-de-cancun-represion-en-oaxaca\/<\/a><\/p>\n","protected":false},"excerpt":{"rendered":"<p>IQCANC\u00daN 20 JUN.- Integrantes del magisterio y de numerosos colectivos sociales de Canc\u00fan condenaron los violentos hechos de represi\u00f3n registrados este domingo en Nochixtl\u00e1n, Oaxaca, donde la Polic\u00eda Federal se &hellip; <a href=\"http:\/\/www.grieta.org.mx\/index.php\/2016\/06\/20\/condenan-colectivos-y-magisterio-de-cancun-represion-en-oaxaca\/\" class=\"more-link\">Leer m\u00e1s<\/a><\/p>\n","protected":false},"author":2,"featured_media":21928,"comment_status":"closed","ping_status":"closed","sticky":false,"template":"","format":"standard","meta":{"ngg_post_thumbnail":0,"_jetpack_newsletter_access":"","_jetpack_dont_email_post_to_subs":false,"_jetpack_newsletter_tier_id":0,"_jetpack_memberships_contains_paywalled_content":false,"_jetpack_memberships_contains_paid_content":false,"footnotes":""},"categories":[80,151],"tags":[93,135,130],"class_list":["post-15399","post","type-post","status-publish","format-standard","has-post-thumbnail","hentry","category-cintillo","category-quintana-roo","tag-oaxaca","tag-reforma-educativa","tag-represion","entry"],"jetpack_featured_media_url":"http:\/\/www.grieta.org.mx\/wp-content\/uploads\/2018\/03\/14524434_1106112876131411_958039263622046936_o.jpg","jetpack_sharing_enabled":true,"jetpack_shortlink":"https:\/\/wp.me\/p7ZJR4-40n","jetpack_likes_enabled":false,"jetpack-related-posts":[{"id":3590,"url":"http:\/\/www.grieta.org.mx\/index.php\/2016\/06\/20\/maestros-protestan-contra-la-evaluacion-del-magisterio-en-quintana-roo\/","url_meta":{"origin":15399,"position":0},"title":"Movilizaciones contra la Reforma Educativa y la evaluaci\u00f3n magisterial en Quintana Roo","author":"grieta","date":"20 junio, 2016","format":false,"excerpt":"20\/06\/16. Condenan colectivos y magisterio de Canc\u00fan represi\u00f3n en OaxacaIQ Canc\u00fan 16\/06\/16. Padres de familia cierran escuela primaria en Chetumal; no reconocen calificaciones de maestro cesado y los ni\u00f1os pierdenNoticaribe 14\/04\/16. Presentan queja formal contra intimidaci\u00f3n a ni\u00f1osSipse 14\/04\/16. Maestros despedidos pondr\u00e1n demanda contra la SEyCSipse 18\/03\/16. Padres de familia\u2026","rel":"","context":"En &quot;NOTICIAS NACIONALES&quot;","block_context":{"text":"NOTICIAS NACIONALES","link":"http:\/\/www.grieta.org.mx\/index.php\/category\/noticias-nacionales\/"},"img":{"alt_text":"","src":"https:\/\/i0.wp.com\/www.grieta.org.mx\/wp-content\/uploads\/2018\/03\/14524434_1106112876131411_958039263622046936_o.jpg?resize=350%2C200","width":350,"height":200,"srcset":"https:\/\/i0.wp.com\/www.grieta.org.mx\/wp-content\/uploads\/2018\/03\/14524434_1106112876131411_958039263622046936_o.jpg?resize=350%2C200 1x, https:\/\/i0.wp.com\/www.grieta.org.mx\/wp-content\/uploads\/2018\/03\/14524434_1106112876131411_958039263622046936_o.jpg?resize=525%2C300 1.5x, https:\/\/i0.wp.com\/www.grieta.org.mx\/wp-content\/uploads\/2018\/03\/14524434_1106112876131411_958039263622046936_o.jpg?resize=700%2C400 2x"},"classes":[]},{"id":68531,"url":"http:\/\/www.grieta.org.mx\/index.php\/2024\/02\/18\/colonos-denuncian-represion-de-edil-de-salina-cruz-por-oponerse-a-obra-que-afecta-agua-potable-oaxaca\/","url_meta":{"origin":15399,"position":1},"title":"Colonos denuncian represi\u00f3n de edil de Salina Cruz por oponerse a obra que afecta agua potable (Oaxaca)","author":"grieta","date":"18 febrero, 2024","format":false,"excerpt":"Imagen: Pagina 3 Diana Manzo \/ P\u00e1gina 3 Salina Cruz, Oaxaca.- Polic\u00edas municipales de este puerto oaxaque\u00f1o y elementos de la Marina reprimieron una protesta que encabezaban vecinos de la colonia \u201cBenito Ju\u00e1rez\u201d al exigir una mesa de di\u00e1logo con el presidente municipal, Daniel M\u00e9ndez. Los colonos denunciaron que la\u2026","rel":"","context":"En &quot;Brutalidad polic\u00edaca en Oaxaca&quot;","block_context":{"text":"Brutalidad polic\u00edaca en Oaxaca","link":"http:\/\/www.grieta.org.mx\/index.php\/category\/noticias-nacionales\/oaxaca\/brutalidad-policiaca-en-oaxaca\/"},"img":{"alt_text":"","src":"https:\/\/i0.wp.com\/www.grieta.org.mx\/wp-content\/uploads\/2024\/02\/3ff939b7-7749-4115-8603-5767a11dd32d.webp?resize=350%2C200","width":350,"height":200,"srcset":"https:\/\/i0.wp.com\/www.grieta.org.mx\/wp-content\/uploads\/2024\/02\/3ff939b7-7749-4115-8603-5767a11dd32d.webp?resize=350%2C200 1x, https:\/\/i0.wp.com\/www.grieta.org.mx\/wp-content\/uploads\/2024\/02\/3ff939b7-7749-4115-8603-5767a11dd32d.webp?resize=525%2C300 1.5x"},"classes":[]},{"id":16201,"url":"http:\/\/www.grieta.org.mx\/index.php\/2016\/07\/01\/maestros-de-tamaulipas-se-manifiestan-contra-la-represion-en-oaxaca\/","url_meta":{"origin":15399,"position":2},"title":"Maestros de Tamaulipas se manifiestan contra la represi\u00f3n en Oaxaca","author":"grieta","date":"1 julio, 2016","format":false,"excerpt":"27\/06\/16. Maestros de Reynosa se manifiestan en apoyo a OaxacaNoticias de Tamaulipas","rel":"","context":"En &quot;NOTICIAS NACIONALES&quot;","block_context":{"text":"NOTICIAS NACIONALES","link":"http:\/\/www.grieta.org.mx\/index.php\/category\/noticias-nacionales\/"},"img":{"alt_text":"","src":"https:\/\/i0.wp.com\/www.grieta.org.mx\/wp-content\/uploads\/2018\/03\/14524434_1106112876131411_958039263622046936_o.jpg?resize=350%2C200","width":350,"height":200,"srcset":"https:\/\/i0.wp.com\/www.grieta.org.mx\/wp-content\/uploads\/2018\/03\/14524434_1106112876131411_958039263622046936_o.jpg?resize=350%2C200 1x, https:\/\/i0.wp.com\/www.grieta.org.mx\/wp-content\/uploads\/2018\/03\/14524434_1106112876131411_958039263622046936_o.jpg?resize=525%2C300 1.5x, https:\/\/i0.wp.com\/www.grieta.org.mx\/wp-content\/uploads\/2018\/03\/14524434_1106112876131411_958039263622046936_o.jpg?resize=700%2C400 2x"},"classes":[]},{"id":71507,"url":"http:\/\/www.grieta.org.mx\/index.php\/2025\/03\/08\/con-gas-lacrimogeno-y-balas-de-goma-policias-reprimen-a-mujeres-durante-el-8m-en-oaxaca\/","url_meta":{"origin":15399,"position":3},"title":"Con gas lacrim\u00f3geno y balas de goma, polic\u00edas reprimen a mujeres durante el 8M en Oaxaca","author":"grieta","date":"8 marzo, 2025","format":false,"excerpt":"Imagen:\u00a0 captura de video \/ Proceso Consorcio Oaxaca denunci\u00f3 \"la represi\u00f3n de la administraci\u00f3n encabezada por Salom\u00f3n Jara Cruz, quien esta tarde orden\u00f3 a elementos de Seguridad P\u00fablica que dispararan gas lacrim\u00f3geno desde Palacio de Gobierno contra las asistentes a la marcha en el marco del 8M, a su\u00a0 \u00a0llegada\u2026","rel":"","context":"En &quot;CINTILLO&quot;","block_context":{"text":"CINTILLO","link":"http:\/\/www.grieta.org.mx\/index.php\/category\/cintillo\/"},"img":{"alt_text":"","src":"https:\/\/i0.wp.com\/www.grieta.org.mx\/wp-content\/uploads\/2025\/03\/f685x385-218537_256230_5453.webp?resize=350%2C200","width":350,"height":200,"srcset":"https:\/\/i0.wp.com\/www.grieta.org.mx\/wp-content\/uploads\/2025\/03\/f685x385-218537_256230_5453.webp?resize=350%2C200 1x, https:\/\/i0.wp.com\/www.grieta.org.mx\/wp-content\/uploads\/2025\/03\/f685x385-218537_256230_5453.webp?resize=525%2C300 1.5x"},"classes":[]},{"id":15111,"url":"http:\/\/www.grieta.org.mx\/index.php\/2016\/06\/23\/cuarto-dia-de-protestas-en-bcs-por-la-represion-a-maestros-en-oaxaca\/","url_meta":{"origin":15399,"position":4},"title":"Cuarto d\u00eda de protestas en BCS por la represi\u00f3n a maestros en Oaxaca","author":"grieta","date":"23 junio, 2016","format":false,"excerpt":"Por Redacci\u00f3n SDP Noticias La Paz, BCS. En un tercer d\u00eda de actividades de los profesores del Comit\u00e9 Ejecutivo Democr\u00e1tico Seccional, junto a la ciudadan\u00eda, salieron a las calles a repudiar el asesinato de ocho manifestantes a manos de la Polic\u00eda Federal en Oaxaca y la Reforma Educativa emprendida por\u2026","rel":"","context":"En &quot;CINTILLO&quot;","block_context":{"text":"CINTILLO","link":"http:\/\/www.grieta.org.mx\/index.php\/category\/cintillo\/"},"img":{"alt_text":"","src":"https:\/\/i0.wp.com\/www.grieta.org.mx\/wp-content\/uploads\/2018\/03\/14524434_1106112876131411_958039263622046936_o.jpg?resize=350%2C200","width":350,"height":200,"srcset":"https:\/\/i0.wp.com\/www.grieta.org.mx\/wp-content\/uploads\/2018\/03\/14524434_1106112876131411_958039263622046936_o.jpg?resize=350%2C200 1x, https:\/\/i0.wp.com\/www.grieta.org.mx\/wp-content\/uploads\/2018\/03\/14524434_1106112876131411_958039263622046936_o.jpg?resize=525%2C300 1.5x, https:\/\/i0.wp.com\/www.grieta.org.mx\/wp-content\/uploads\/2018\/03\/14524434_1106112876131411_958039263622046936_o.jpg?resize=700%2C400 2x"},"classes":[]},{"id":14756,"url":"http:\/\/www.grieta.org.mx\/index.php\/2016\/06\/21\/marcha-cnte-hidalgo-contra-agresiones-en-oaxaca\/","url_meta":{"origin":15399,"position":5},"title":"Marcha CNTE Hidalgo contra agresiones en Oaxaca","author":"grieta","date":"21 junio, 2016","format":false,"excerpt":"Alan Jimenez Luego de las agresiones ocurridas en Oaxaca contra simpatizantes de la CNTE, que dejaron como saldo ocho muertos y m\u00faltiples heridos, integrantes del magisterio disidente en Hidalgo marcharon en repudio ante la represi\u00f3n contra integrantes de esa agrupaci\u00f3n y en apoyo a las acciones contra la reforma educativa.\u2026","rel":"","context":"En &quot;CINTILLO&quot;","block_context":{"text":"CINTILLO","link":"http:\/\/www.grieta.org.mx\/index.php\/category\/cintillo\/"},"img":{"alt_text":"","src":"https:\/\/i0.wp.com\/www.grieta.org.mx\/wp-content\/uploads\/2018\/03\/14524434_1106112876131411_958039263622046936_o.jpg?resize=350%2C200","width":350,"height":200,"srcset":"https:\/\/i0.wp.com\/www.grieta.org.mx\/wp-content\/uploads\/2018\/03\/14524434_1106112876131411_958039263622046936_o.jpg?resize=350%2C200 1x, https:\/\/i0.wp.com\/www.grieta.org.mx\/wp-content\/uploads\/2018\/03\/14524434_1106112876131411_958039263622046936_o.jpg?resize=525%2C300 1.5x, https:\/\/i0.wp.com\/www.grieta.org.mx\/wp-content\/uploads\/2018\/03\/14524434_1106112876131411_958039263622046936_o.jpg?resize=700%2C400 2x"},"classes":[]}],"_links":{"self":[{"href":"http:\/\/www.grieta.org.mx\/index.php\/wp-json\/wp\/v2\/posts\/15399","targetHints":{"allow":["GET"]}}],"collection":[{"href":"http:\/\/www.grieta.org.mx\/index.php\/wp-json\/wp\/v2\/posts"}],"about":[{"href":"http:\/\/www.grieta.org.mx\/index.php\/wp-json\/wp\/v2\/types\/post"}],"author":[{"embeddable":true,"href":"http:\/\/www.grieta.org.mx\/index.php\/wp-json\/wp\/v2\/users\/2"}],"replies":[{"embeddable":true,"href":"http:\/\/www.grieta.org.mx\/index.php\/wp-json\/wp\/v2\/comments?post=15399"}],"version-history":[{"count":1,"href":"http:\/\/www.grieta.org.mx\/index.php\/wp-json\/wp\/v2\/posts\/15399\/revisions"}],"predecessor-version":[{"id":15401,"href":"http:\/\/www.grieta.org.mx\/index.php\/wp-json\/wp\/v2\/posts\/15399\/revisions\/15401"}],"wp:featuredmedia":[{"embeddable":true,"href":"http:\/\/www.grieta.org.mx\/index.php\/wp-json\/wp\/v2\/media\/21928"}],"wp:attachment":[{"href":"http:\/\/www.grieta.org.mx\/index.php\/wp-json\/wp\/v2\/media?parent=15399"}],"wp:term":[{"taxonomy":"category","embeddable":true,"href":"http:\/\/www.grieta.org.mx\/index.php\/wp-json\/wp\/v2\/categories?post=15399"},{"taxonomy":"post_tag","embeddable":true,"href":"http:\/\/www.grieta.org.mx\/index.php\/wp-json\/wp\/v2\/tags?post=15399"}],"curies":[{"name":"wp","href":"https:\/\/api.w.org\/{rel}","templated":true}]}}