{"id":15393,"date":"2016-06-21T18:48:12","date_gmt":"2016-06-21T18:48:12","guid":{"rendered":"http:\/\/www.grieta.org.mx\/?p=15393"},"modified":"2016-06-27T18:59:29","modified_gmt":"2016-06-27T18:59:29","slug":"protestan-maestros-en-yucatan-por-los-actos-violentos-en-oaxaca","status":"publish","type":"post","link":"http:\/\/www.grieta.org.mx\/index.php\/2016\/06\/21\/protestan-maestros-en-yucatan-por-los-actos-violentos-en-oaxaca\/","title":{"rendered":"Protestan maestros [en Yucat\u00e1n] por los actos violentos en Oaxaca"},"content":{"rendered":"<p><img loading=\"lazy\" decoding=\"async\" data-attachment-id=\"15396\" data-permalink=\"http:\/\/www.grieta.org.mx\/index.php\/2016\/06\/21\/protestan-maestros-en-yucatan-por-los-actos-violentos-en-oaxaca\/4-editada-1\/\" data-orig-file=\"http:\/\/www.grieta.org.mx\/wp-content\/uploads\/2016\/06\/4-EDITADA-1.jpg\" data-orig-size=\"1200,800\" data-comments-opened=\"0\" data-image-meta=\"{&quot;aperture&quot;:&quot;2.8&quot;,&quot;credit&quot;:&quot;&quot;,&quot;camera&quot;:&quot;Canon EOS 5D Mark III&quot;,&quot;caption&quot;:&quot;&quot;,&quot;created_timestamp&quot;:&quot;1466444699&quot;,&quot;copyright&quot;:&quot;&quot;,&quot;focal_length&quot;:&quot;98&quot;,&quot;iso&quot;:&quot;400&quot;,&quot;shutter_speed&quot;:&quot;0.004&quot;,&quot;title&quot;:&quot;&quot;,&quot;orientation&quot;:&quot;1&quot;}\" data-image-title=\"4-EDITADA-1\" data-image-description=\"\" data-image-caption=\"\" data-medium-file=\"http:\/\/www.grieta.org.mx\/wp-content\/uploads\/2016\/06\/4-EDITADA-1-300x200.jpg\" data-large-file=\"http:\/\/www.grieta.org.mx\/wp-content\/uploads\/2016\/06\/4-EDITADA-1-1024x683.jpg\" src=\"http:\/\/www.grieta.org.mx\/wp-content\/uploads\/2016\/06\/4-EDITADA-1-300x200.jpg\" alt=\"4-EDITADA-1\" width=\"300\" height=\"200\" class=\"aligncenter size-medium wp-image-15396\" srcset=\"http:\/\/www.grieta.org.mx\/wp-content\/uploads\/2016\/06\/4-EDITADA-1-300x200.jpg 300w, http:\/\/www.grieta.org.mx\/wp-content\/uploads\/2016\/06\/4-EDITADA-1-768x512.jpg 768w, http:\/\/www.grieta.org.mx\/wp-content\/uploads\/2016\/06\/4-EDITADA-1-1024x683.jpg 1024w, http:\/\/www.grieta.org.mx\/wp-content\/uploads\/2016\/06\/4-EDITADA-1.jpg 1200w\" sizes=\"auto, (max-width: 300px) 100vw, 300px\" \/><\/p>\n<p>Maestros marcharon alrededor de la Plaza Grande de M\u00e9rida, exigiendo la renuncia de Aurelio Nu\u00f1o Mayer como secretario de Educaci\u00f3n P\u00fablica, a quien acusan de represi\u00f3n y violencia contra integrantes de la Coordinadora Nacional de Trabajadores de la Educaci\u00f3n (CNTE).<\/p>\n<p>Encabezados por la coordinadora del CNTE en el Estado, Neyda Pat Dzul, m\u00e1s de 200 profesores del interior del Estado protestaron por la muerte de seis integrantes de esa agrupaci\u00f3n en Oaxaca el pasado fin de semana.<\/p>\n<p>\u201cLas noticias hablaron de tres mentores muertos a manos de polic\u00edas federales, luego que hab\u00edan sido seis, pero tengo conocimiento de un total de nueve asesinados\u201d, dijo.<\/p>\n<p>Record\u00f3 que la semana pasada el presidente Enrique Pe\u00f1a Nieto y el titular de la SEP, Nu\u00f1o Mayer, estuvieron en M\u00e9rida bajo estrictas medidas de seguridad, y polic\u00edas estatales y elementos del Estado Mayor Presidencial tambi\u00e9n golpearon a maestros que protestaban contra la reforma educativa.<\/p>\n<p><a href=\"http:\/\/tribunacampeche.com\/yucatan\/2016\/06\/21\/protestan-maestros-los-actos-violentos-oaxaca\/\" target=\"_blank\">http:\/\/tribunacampeche.com\/yucatan\/2016\/06\/21\/protestan-maestros-los-actos-violentos-oaxaca\/<\/a><\/p>\n","protected":false},"excerpt":{"rendered":"<p>Maestros marcharon alrededor de la Plaza Grande de M\u00e9rida, exigiendo la renuncia de Aurelio Nu\u00f1o Mayer como secretario de Educaci\u00f3n P\u00fablica, a quien acusan de represi\u00f3n y violencia contra integrantes &hellip; <a href=\"http:\/\/www.grieta.org.mx\/index.php\/2016\/06\/21\/protestan-maestros-en-yucatan-por-los-actos-violentos-en-oaxaca\/\" class=\"more-link\">Leer m\u00e1s<\/a><\/p>\n","protected":false},"author":2,"featured_media":21928,"comment_status":"closed","ping_status":"closed","sticky":false,"template":"","format":"standard","meta":{"ngg_post_thumbnail":0,"_jetpack_newsletter_access":"","_jetpack_dont_email_post_to_subs":false,"_jetpack_newsletter_tier_id":0,"_jetpack_memberships_contains_paywalled_content":false,"_jetpack_memberships_contains_paid_content":false,"footnotes":""},"categories":[80,153],"tags":[674,135],"class_list":["post-15393","post","type-post","status-publish","format-standard","has-post-thumbnail","hentry","category-cintillo","category-yucatan","tag-movilizaciones-maestros","tag-reforma-educativa","entry"],"jetpack_featured_media_url":"http:\/\/www.grieta.org.mx\/wp-content\/uploads\/2018\/03\/14524434_1106112876131411_958039263622046936_o.jpg","jetpack_sharing_enabled":true,"jetpack_shortlink":"https:\/\/wp.me\/p7ZJR4-40h","jetpack_likes_enabled":false,"jetpack-related-posts":[{"id":15434,"url":"http:\/\/www.grieta.org.mx\/index.php\/2016\/06\/22\/nos-quieren-imponer-la-reforma-a-golpes-cnte-yucatan\/","url_meta":{"origin":15393,"position":0},"title":"\u201cNos quieren imponer la reforma a golpes\u201d: CNTE Yucat\u00e1n","author":"grieta","date":"22 junio, 2016","format":false,"excerpt":"Maestros y simpatizantes protestaron en M\u00e9rida tras los actos violentos en Oaxaca (foto Lorenzo Hern\u00e1ndez) Herbeth Escalante M\u00e9rida, Yucat\u00e1n 22 de junio de 2016.- Cerca de 50 maestros y simpatizantes de la Coordinadora Nacional de Trabajadores de la Educaci\u00f3n (CNTE) de Yucat\u00e1n, protestaron esta noche a las puertas del Palacio\u2026","rel":"","context":"En &quot;CINTILLO&quot;","block_context":{"text":"CINTILLO","link":"http:\/\/www.grieta.org.mx\/index.php\/category\/cintillo\/"},"img":{"alt_text":"","src":"https:\/\/i0.wp.com\/www.grieta.org.mx\/wp-content\/uploads\/2018\/03\/14524434_1106112876131411_958039263622046936_o.jpg?resize=350%2C200","width":350,"height":200,"srcset":"https:\/\/i0.wp.com\/www.grieta.org.mx\/wp-content\/uploads\/2018\/03\/14524434_1106112876131411_958039263622046936_o.jpg?resize=350%2C200 1x, https:\/\/i0.wp.com\/www.grieta.org.mx\/wp-content\/uploads\/2018\/03\/14524434_1106112876131411_958039263622046936_o.jpg?resize=525%2C300 1.5x, https:\/\/i0.wp.com\/www.grieta.org.mx\/wp-content\/uploads\/2018\/03\/14524434_1106112876131411_958039263622046936_o.jpg?resize=700%2C400 2x"},"classes":[]},{"id":12926,"url":"http:\/\/www.grieta.org.mx\/index.php\/2016\/05\/19\/despidos-de-maestros-no-se-justifican-cnte-michoacan\/","url_meta":{"origin":15393,"position":1},"title":"Despidos de maestros no se justifican: CNTE Michoac\u00e1n","author":"grieta","date":"19 mayo, 2016","format":false,"excerpt":"Advierte la Secci\u00f3n XVIII que emprender\u00e1n medidas de tipo jur\u00eddico y de movilizaci\u00f3n, luego del anuncio de la SEP. Dicen desconocer a Aurelio Nu\u00f1o como interlocutor v\u00e1lido V\u00edctor Manuel Zavala Hurtado, secretario general de la Secci\u00f3n XVIII de la Coordinadora Nacional de Trabajadores de la Educaci\u00f3n (CNTE), indic\u00f3 que emprender\u00e1n\u2026","rel":"","context":"En &quot;CINTILLO&quot;","block_context":{"text":"CINTILLO","link":"http:\/\/www.grieta.org.mx\/index.php\/category\/cintillo\/"},"img":{"alt_text":"","src":"https:\/\/i0.wp.com\/www.grieta.org.mx\/wp-content\/uploads\/2018\/03\/14524434_1106112876131411_958039263622046936_o.jpg?resize=350%2C200","width":350,"height":200,"srcset":"https:\/\/i0.wp.com\/www.grieta.org.mx\/wp-content\/uploads\/2018\/03\/14524434_1106112876131411_958039263622046936_o.jpg?resize=350%2C200 1x, https:\/\/i0.wp.com\/www.grieta.org.mx\/wp-content\/uploads\/2018\/03\/14524434_1106112876131411_958039263622046936_o.jpg?resize=525%2C300 1.5x, https:\/\/i0.wp.com\/www.grieta.org.mx\/wp-content\/uploads\/2018\/03\/14524434_1106112876131411_958039263622046936_o.jpg?resize=700%2C400 2x"},"classes":[]},{"id":925,"url":"http:\/\/www.grieta.org.mx\/index.php\/2015\/12\/16\/exige-cnte-liberacion-de-cuatro-miembros\/","url_meta":{"origin":15393,"position":2},"title":"Exige CNTE liberaci\u00f3n de cuatro miembros","author":"grieta","date":"16 diciembre, 2015","format":false,"excerpt":"Erick Alvarez Rub\u00e9n N\u00fa\u00f1ez Giles, Secretario General de la Secci\u00f3n 22 de la CNTE de Oaxaca, se\u00f1al\u00f3 que los cuatro profesores, que fueron detenidos el pasado mes de octubre en Oaxaca, no cometieron los delitos que se les han imputado y que el \u00fanico delito de ellos es ser un\u2026","rel":"","context":"En &quot;CINTILLO&quot;","block_context":{"text":"CINTILLO","link":"http:\/\/www.grieta.org.mx\/index.php\/category\/cintillo\/"},"img":{"alt_text":"","src":"https:\/\/i0.wp.com\/www.grieta.org.mx\/wp-content\/uploads\/2018\/03\/14524434_1106112876131411_958039263622046936_o.jpg?resize=350%2C200","width":350,"height":200,"srcset":"https:\/\/i0.wp.com\/www.grieta.org.mx\/wp-content\/uploads\/2018\/03\/14524434_1106112876131411_958039263622046936_o.jpg?resize=350%2C200 1x, https:\/\/i0.wp.com\/www.grieta.org.mx\/wp-content\/uploads\/2018\/03\/14524434_1106112876131411_958039263622046936_o.jpg?resize=525%2C300 1.5x, https:\/\/i0.wp.com\/www.grieta.org.mx\/wp-content\/uploads\/2018\/03\/14524434_1106112876131411_958039263622046936_o.jpg?resize=700%2C400 2x"},"classes":[]},{"id":15919,"url":"http:\/\/www.grieta.org.mx\/index.php\/2016\/07\/01\/marchan-cnte-y-la-disidencia-contra-reforma\/","url_meta":{"origin":15393,"position":3},"title":"Marchan CNTE y la disidencia contra reforma","author":"grieta","date":"1 julio, 2016","format":false,"excerpt":"Jos\u00e9 Antonio Alcaraz I Pachuca Dos contingentes tomaron calles y avenidas para exigir la renuncia de Aurelio Nu\u00f1o, titular de la SEP Maestros pertenecientes a la Coordinadora Nacional de Trabaja-dores de la Educaci\u00f3n (CNTE) y al Movimiento de Bases de Hidalgo marcharon la tarde de ayer, por separado, para exigir\u2026","rel":"","context":"En &quot;CINTILLO&quot;","block_context":{"text":"CINTILLO","link":"http:\/\/www.grieta.org.mx\/index.php\/category\/cintillo\/"},"img":{"alt_text":"","src":"https:\/\/i0.wp.com\/www.grieta.org.mx\/wp-content\/uploads\/2018\/03\/14524434_1106112876131411_958039263622046936_o.jpg?resize=350%2C200","width":350,"height":200,"srcset":"https:\/\/i0.wp.com\/www.grieta.org.mx\/wp-content\/uploads\/2018\/03\/14524434_1106112876131411_958039263622046936_o.jpg?resize=350%2C200 1x, https:\/\/i0.wp.com\/www.grieta.org.mx\/wp-content\/uploads\/2018\/03\/14524434_1106112876131411_958039263622046936_o.jpg?resize=525%2C300 1.5x, https:\/\/i0.wp.com\/www.grieta.org.mx\/wp-content\/uploads\/2018\/03\/14524434_1106112876131411_958039263622046936_o.jpg?resize=700%2C400 2x"},"classes":[]},{"id":71764,"url":"http:\/\/www.grieta.org.mx\/index.php\/2025\/05\/27\/maestros-protestan-en-merida-e-intentan-arrollarlos-yucatan\/","url_meta":{"origin":15393,"position":4},"title":"Maestros protestan en M\u00e9rida e intentan arrollarlos (Yucat\u00e1n)","author":"grieta","date":"27 mayo, 2025","format":false,"excerpt":"Herbeth Escalante \/ Haz Ruido Las y los maestros yucatecos se han sumado a la huelga nacional convocada por la CNTE, aunque tambi\u00e9n est\u00e1n protestando profesores del SNTE. M\u00e1s de 180 escuelas de Yucat\u00e1n est\u00e1n en paro desde hace una semana. M\u00e9rida, Yucat\u00e1n, 27 de mayo de 2025.- M\u00e1s de\u2026","rel":"","context":"En &quot;CINTILLO&quot;","block_context":{"text":"CINTILLO","link":"http:\/\/www.grieta.org.mx\/index.php\/category\/cintillo\/"},"img":{"alt_text":"","src":"https:\/\/i0.wp.com\/www.grieta.org.mx\/wp-content\/uploads\/2025\/06\/Paro-e1749035806353.jpg?resize=350%2C200","width":350,"height":200,"srcset":"https:\/\/i0.wp.com\/www.grieta.org.mx\/wp-content\/uploads\/2025\/06\/Paro-e1749035806353.jpg?resize=350%2C200 1x, https:\/\/i0.wp.com\/www.grieta.org.mx\/wp-content\/uploads\/2025\/06\/Paro-e1749035806353.jpg?resize=525%2C300 1.5x, https:\/\/i0.wp.com\/www.grieta.org.mx\/wp-content\/uploads\/2025\/06\/Paro-e1749035806353.jpg?resize=700%2C400 2x"},"classes":[]},{"id":10083,"url":"http:\/\/www.grieta.org.mx\/index.php\/2016\/04\/08\/maestros-se-manifiestan-en-visita-de-aurelio-nuno\/","url_meta":{"origin":15393,"position":5},"title":"Maestros se manifiestan en visita de Aurelio Nu\u00f1o","author":"grieta","date":"8 abril, 2016","format":false,"excerpt":"Mar\u00eda Consuelo Leyson, Sinaloa. Culiac\u00e1n, Sinaloa.- Maestros integrantes de la Coordinadora Nacional de Trabajadores de la Educaci\u00f3n (CNTE) esperan con una manifestaci\u00f3n al secretario Nacional de Educaci\u00f3n, Aurelio Nu\u00f1o, quien se encuentra de visita en Culiac\u00e1n. A las afueras de la escuela primaria club de leones se instalaron con cartelones\u2026","rel":"","context":"En &quot;CINTILLO&quot;","block_context":{"text":"CINTILLO","link":"http:\/\/www.grieta.org.mx\/index.php\/category\/cintillo\/"},"img":{"alt_text":"","src":"https:\/\/i0.wp.com\/www.grieta.org.mx\/wp-content\/uploads\/2018\/03\/14524434_1106112876131411_958039263622046936_o.jpg?resize=350%2C200","width":350,"height":200,"srcset":"https:\/\/i0.wp.com\/www.grieta.org.mx\/wp-content\/uploads\/2018\/03\/14524434_1106112876131411_958039263622046936_o.jpg?resize=350%2C200 1x, https:\/\/i0.wp.com\/www.grieta.org.mx\/wp-content\/uploads\/2018\/03\/14524434_1106112876131411_958039263622046936_o.jpg?resize=525%2C300 1.5x, https:\/\/i0.wp.com\/www.grieta.org.mx\/wp-content\/uploads\/2018\/03\/14524434_1106112876131411_958039263622046936_o.jpg?resize=700%2C400 2x"},"classes":[]}],"_links":{"self":[{"href":"http:\/\/www.grieta.org.mx\/index.php\/wp-json\/wp\/v2\/posts\/15393","targetHints":{"allow":["GET"]}}],"collection":[{"href":"http:\/\/www.grieta.org.mx\/index.php\/wp-json\/wp\/v2\/posts"}],"about":[{"href":"http:\/\/www.grieta.org.mx\/index.php\/wp-json\/wp\/v2\/types\/post"}],"author":[{"embeddable":true,"href":"http:\/\/www.grieta.org.mx\/index.php\/wp-json\/wp\/v2\/users\/2"}],"replies":[{"embeddable":true,"href":"http:\/\/www.grieta.org.mx\/index.php\/wp-json\/wp\/v2\/comments?post=15393"}],"version-history":[{"count":1,"href":"http:\/\/www.grieta.org.mx\/index.php\/wp-json\/wp\/v2\/posts\/15393\/revisions"}],"predecessor-version":[{"id":15397,"href":"http:\/\/www.grieta.org.mx\/index.php\/wp-json\/wp\/v2\/posts\/15393\/revisions\/15397"}],"wp:featuredmedia":[{"embeddable":true,"href":"http:\/\/www.grieta.org.mx\/index.php\/wp-json\/wp\/v2\/media\/21928"}],"wp:attachment":[{"href":"http:\/\/www.grieta.org.mx\/index.php\/wp-json\/wp\/v2\/media?parent=15393"}],"wp:term":[{"taxonomy":"category","embeddable":true,"href":"http:\/\/www.grieta.org.mx\/index.php\/wp-json\/wp\/v2\/categories?post=15393"},{"taxonomy":"post_tag","embeddable":true,"href":"http:\/\/www.grieta.org.mx\/index.php\/wp-json\/wp\/v2\/tags?post=15393"}],"curies":[{"name":"wp","href":"https:\/\/api.w.org\/{rel}","templated":true}]}}