{"id":15232,"date":"2016-06-22T01:45:15","date_gmt":"2016-06-22T01:45:15","guid":{"rendered":"http:\/\/www.grieta.org.mx\/?p=15232"},"modified":"2016-06-27T01:47:26","modified_gmt":"2016-06-27T01:47:26","slug":"hallan-mujer-quemada-en-ecatepec","status":"publish","type":"post","link":"http:\/\/www.grieta.org.mx\/index.php\/2016\/06\/22\/hallan-mujer-quemada-en-ecatepec\/","title":{"rendered":"Hallan mujer quemada en Ecatepec"},"content":{"rendered":"<p>Paco Dorado<\/p>\n<p>En lo que va de a\u00f1o se han presentado m\u00e1s de 120 feminicidios: organizaciones sociales<\/p>\n<p>Ecatepec, Estado de M\u00e9xico. 22 de junio de 2016. Esta noche vecinos de la colonia Ciudad Cuauht\u00e9moc, en Ecatepec, localizaron a una mujer de aproximadamente 46 a\u00f1os de edad en un terreno bald\u00edo con el ochenta por ciento de su cuerpo quemado con solventes. <\/p>\n<p>El hallazgo ocurri\u00f3 en las inmediaciones del Barrio 2 de dicha colonia. La v\u00edctima presentaba se\u00f1ales de haber sido degollada. No se pudo precisar en primera instancia si fue v\u00edctima de violencia sexual. <\/p>\n<p>Lo anterior se da despu\u00e9s de confirmarse por parte de organizaciones sociales que en el Estado de M\u00e9xico se han presentado m\u00e1s de ciento veinte feminicidios en lo que va del a\u00f1o. Ecatepec es uno de los once municipios de la entidad que cuenta con la declaratoria de Alerta de Violencia de G\u00e9nero para hacer frente a la violencia feminicida, la cual es un mecanismo articulado desde la Ley General de Acceso de las Mujeres a una Vida Libre de Violencia, no obstante, no se ha visto un decremento en los feminicidios desde su activaci\u00f3n.<\/p>\n<p>La zona donde fue encontrado el cuerpo de la mujer no cuenta con alumbrado p\u00fablico, no obstante que hace un par meses las autoridades estrenaron una campa\u00f1a de publicidad con el nombre No dejemos que las aparten de nuestras vidas, como parte de un dec\u00e1logo de acciones para hacer frente a los asesinatos de mujeres y la violencia feminicida. En dicha campa\u00f1a el gobierno de Eruviel \u00c1vila asegura haber instalado alumbrado p\u00fablico, mayor vigilancia en las calles, en el transporte p\u00fablico, as\u00ed como la recuperaci\u00f3n de espacios p\u00fablicos, sin embargo este lugar cuenta con la misma precariedad desde hace a\u00f1os y sus habitantes son quienes padecen dichas condiciones. <\/p>\n<p><a href=\"http:\/\/www.somoselmedio.org\/article\/hallan-mujer-quemada-en-ecatepec\" target=\"_blank\">http:\/\/www.somoselmedio.org\/article\/hallan-mujer-quemada-en-ecatepec<\/a><\/p>\n","protected":false},"excerpt":{"rendered":"<p>Paco Dorado En lo que va de a\u00f1o se han presentado m\u00e1s de 120 feminicidios: organizaciones sociales Ecatepec, Estado de M\u00e9xico. 22 de junio de 2016. Esta noche vecinos de &hellip; <a href=\"http:\/\/www.grieta.org.mx\/index.php\/2016\/06\/22\/hallan-mujer-quemada-en-ecatepec\/\" class=\"more-link\">Leer m\u00e1s<\/a><\/p>\n","protected":false},"author":2,"featured_media":21928,"comment_status":"closed","ping_status":"closed","sticky":false,"template":"","format":"standard","meta":{"ngg_post_thumbnail":0,"_jetpack_newsletter_access":"","_jetpack_dont_email_post_to_subs":false,"_jetpack_newsletter_tier_id":0,"_jetpack_memberships_contains_paywalled_content":false,"_jetpack_memberships_contains_paid_content":false,"footnotes":""},"categories":[80],"tags":[92,81],"class_list":["post-15232","post","type-post","status-publish","format-standard","has-post-thumbnail","hentry","category-cintillo","tag-estado-de-mexico","tag-feminicidios","entry"],"jetpack_featured_media_url":"http:\/\/www.grieta.org.mx\/wp-content\/uploads\/2018\/03\/14524434_1106112876131411_958039263622046936_o.jpg","jetpack_sharing_enabled":true,"jetpack_shortlink":"https:\/\/wp.me\/p7ZJR4-3XG","jetpack_likes_enabled":false,"jetpack-related-posts":[{"id":25292,"url":"http:\/\/www.grieta.org.mx\/index.php\/2018\/08\/01\/hallan-a-mujer-estrangulada-en-ecatepec-van-100-feminicidios-en-edomex-en-los-ultimos-2-anos\/","url_meta":{"origin":15232,"position":0},"title":"Hallan a mujer estrangulada en Ecatepec; van 100 feminicidios en Edomex en los \u00faltimos 2 a\u00f1os","author":"grieta","date":"1 agosto, 2018","format":false,"excerpt":"Animal Pol\u00edtico La madrugada de este mi\u00e9rcoles, el cuerpo de una mujer fue hallado en la v\u00eda p\u00fablica, en la colonia Solidaridad del municipio de Ecatepec, Estado de M\u00e9xico. De acuerdo con reportes del diario Reforma, vecinos de la colonia reportaron el hallazgo del cuerpo \u2013 que ten\u00eda un cable\u2026","rel":"","context":"En &quot;CINTILLO&quot;","block_context":{"text":"CINTILLO","link":"http:\/\/www.grieta.org.mx\/index.php\/category\/cintillo\/"},"img":{"alt_text":"","src":"https:\/\/i0.wp.com\/www.grieta.org.mx\/wp-content\/uploads\/2018\/08\/Puebla_Marcha_Feminicidios-1-e1533144300176-960x500.jpg?resize=350%2C200","width":350,"height":200,"srcset":"https:\/\/i0.wp.com\/www.grieta.org.mx\/wp-content\/uploads\/2018\/08\/Puebla_Marcha_Feminicidios-1-e1533144300176-960x500.jpg?resize=350%2C200 1x, https:\/\/i0.wp.com\/www.grieta.org.mx\/wp-content\/uploads\/2018\/08\/Puebla_Marcha_Feminicidios-1-e1533144300176-960x500.jpg?resize=525%2C300 1.5x, https:\/\/i0.wp.com\/www.grieta.org.mx\/wp-content\/uploads\/2018\/08\/Puebla_Marcha_Feminicidios-1-e1533144300176-960x500.jpg?resize=700%2C400 2x"},"classes":[]},{"id":3661,"url":"http:\/\/www.grieta.org.mx\/index.php\/2016\/03\/13\/ecatepec-se-inunda-de-cruces-rosas\/","url_meta":{"origin":15232,"position":1},"title":"Ecatepec se inunda de cruces rosas","author":"grieta","date":"13 marzo, 2016","format":false,"excerpt":"Paco Dorado Ecatepec, Estado de M\u00e9xico, 13 de marzo de 2016.- Este domingo organizaciones civiles se dieron cita en la explanada del Palacio Municipal de Ecatepec para la instalaci\u00f3n de 600 cruces rosas, realizadas por los mismos colectivos, en protesta por los m\u00e1s de 600 feminicidios ocurridos en menos de\u2026","rel":"","context":"En &quot;CINTILLO&quot;","block_context":{"text":"CINTILLO","link":"http:\/\/www.grieta.org.mx\/index.php\/category\/cintillo\/"},"img":{"alt_text":"","src":"https:\/\/i0.wp.com\/www.grieta.org.mx\/wp-content\/uploads\/2018\/03\/14524434_1106112876131411_958039263622046936_o.jpg?resize=350%2C200","width":350,"height":200,"srcset":"https:\/\/i0.wp.com\/www.grieta.org.mx\/wp-content\/uploads\/2018\/03\/14524434_1106112876131411_958039263622046936_o.jpg?resize=350%2C200 1x, https:\/\/i0.wp.com\/www.grieta.org.mx\/wp-content\/uploads\/2018\/03\/14524434_1106112876131411_958039263622046936_o.jpg?resize=525%2C300 1.5x, https:\/\/i0.wp.com\/www.grieta.org.mx\/wp-content\/uploads\/2018\/03\/14524434_1106112876131411_958039263622046936_o.jpg?resize=700%2C400 2x"},"classes":[]},{"id":16555,"url":"http:\/\/www.grieta.org.mx\/index.php\/2016\/07\/12\/alarman-feminicidios-en-ecatepec-y-neza\/","url_meta":{"origin":15232,"position":2},"title":"Alarman feminicidios en Ecatepec y Neza","author":"grieta","date":"12 julio, 2016","format":false,"excerpt":"Guadalupe Fern\u00e1ndez Estado de M\u00e9xico, M\u00e9xico (12 julio 2016).- Nezahualc\u00f3yotl y Ecatepec son los municipios de mayor riesgo para las mujeres en el Estado de M\u00e9xico, de acuerdo con el Observatorio Ciudadano Nacional de Feminicidios. Emiten protocolo para feminicidios La zona oriente del Edomex, y municipios como Tlalnepantla y Cuautitl\u00e1n\u2026","rel":"","context":"En &quot;CINTILLO&quot;","block_context":{"text":"CINTILLO","link":"http:\/\/www.grieta.org.mx\/index.php\/category\/cintillo\/"},"img":{"alt_text":"","src":"https:\/\/i0.wp.com\/www.grieta.org.mx\/wp-content\/uploads\/2018\/03\/14524434_1106112876131411_958039263622046936_o.jpg?resize=350%2C200","width":350,"height":200,"srcset":"https:\/\/i0.wp.com\/www.grieta.org.mx\/wp-content\/uploads\/2018\/03\/14524434_1106112876131411_958039263622046936_o.jpg?resize=350%2C200 1x, https:\/\/i0.wp.com\/www.grieta.org.mx\/wp-content\/uploads\/2018\/03\/14524434_1106112876131411_958039263622046936_o.jpg?resize=525%2C300 1.5x, https:\/\/i0.wp.com\/www.grieta.org.mx\/wp-content\/uploads\/2018\/03\/14524434_1106112876131411_958039263622046936_o.jpg?resize=700%2C400 2x"},"classes":[]},{"id":41423,"url":"http:\/\/www.grieta.org.mx\/index.php\/2019\/11\/07\/ecatepec-la-ciudad-menos-habitable-de-mexico-en-2019-segun-estudio-estado-de-mexico\/","url_meta":{"origin":15232,"position":3},"title":"Ecatepec, la ciudad menos habitable de M\u00e9xico en 2019, seg\u00fan estudio (Estado de M\u00e9xico)","author":"grieta","date":"7 noviembre, 2019","format":false,"excerpt":"El Financiero El municipio mexiquense ocup\u00f3 el \u00faltimo lugar en el estudio 'Ciudades m\u00e1s Habitables 2019', del Gabinete de Comunicaci\u00f3n Estrat\u00e9gica, que analiza variables como calidad de vida y servicios p\u00fablicos. El municipio de Ecatepec, en el Estado de M\u00e9xico, es la ciudad menos habitable del pa\u00eds, de acuerdo con\u2026","rel":"","context":"En &quot;CINTILLO&quot;","block_context":{"text":"CINTILLO","link":"http:\/\/www.grieta.org.mx\/index.php\/category\/cintillo\/"},"img":{"alt_text":"","src":"https:\/\/i0.wp.com\/www.grieta.org.mx\/wp-content\/uploads\/2019\/11\/Ecatepec-la-ciudad-menos-habitable-de-M%C3%A9xico-en-2019-seg%C3%BAn-estudio-edomex-nov.jpeg?resize=350%2C200","width":350,"height":200,"srcset":"https:\/\/i0.wp.com\/www.grieta.org.mx\/wp-content\/uploads\/2019\/11\/Ecatepec-la-ciudad-menos-habitable-de-M%C3%A9xico-en-2019-seg%C3%BAn-estudio-edomex-nov.jpeg?resize=350%2C200 1x, https:\/\/i0.wp.com\/www.grieta.org.mx\/wp-content\/uploads\/2019\/11\/Ecatepec-la-ciudad-menos-habitable-de-M%C3%A9xico-en-2019-seg%C3%BAn-estudio-edomex-nov.jpeg?resize=525%2C300 1.5x, https:\/\/i0.wp.com\/www.grieta.org.mx\/wp-content\/uploads\/2019\/11\/Ecatepec-la-ciudad-menos-habitable-de-M%C3%A9xico-en-2019-seg%C3%BAn-estudio-edomex-nov.jpeg?resize=700%2C400 2x, https:\/\/i0.wp.com\/www.grieta.org.mx\/wp-content\/uploads\/2019\/11\/Ecatepec-la-ciudad-menos-habitable-de-M%C3%A9xico-en-2019-seg%C3%BAn-estudio-edomex-nov.jpeg?resize=1050%2C600 3x"},"classes":[]},{"id":45793,"url":"http:\/\/www.grieta.org.mx\/index.php\/2020\/03\/06\/con-cacerolazo-protestan-contra-los-feminicidios-en-ecatepec-estado-de-mexico\/","url_meta":{"origin":15232,"position":4},"title":"Con cacerolazo, protestan contra los feminicidios en Ecatepec (Estado de M\u00e9xico)","author":"grieta","date":"6 marzo, 2020","format":false,"excerpt":"Foto: Cortes\u00eda de @abismada_ Karina Almaraz T\u00e9llez \/ La Raz\u00f3n de M\u00e9xico Colectivos feministas protestaron en las afueras del metro R\u00edo de los Remedios, punto emblem\u00e1tico de la violencia que padecen las mujeres en ese municipio. Colectivos feministas protestaron con un cacerolazo en las afueras del metro R\u00edo de los\u2026","rel":"","context":"En &quot;CINTILLO&quot;","block_context":{"text":"CINTILLO","link":"http:\/\/www.grieta.org.mx\/index.php\/category\/cintillo\/"},"img":{"alt_text":"","src":"https:\/\/i0.wp.com\/www.grieta.org.mx\/wp-content\/uploads\/2020\/03\/Con-cacerolazo-protestan-contra-los-feminicidios-en-Ecatepec-edomex-mzo.jpeg?resize=350%2C200","width":350,"height":200,"srcset":"https:\/\/i0.wp.com\/www.grieta.org.mx\/wp-content\/uploads\/2020\/03\/Con-cacerolazo-protestan-contra-los-feminicidios-en-Ecatepec-edomex-mzo.jpeg?resize=350%2C200 1x, https:\/\/i0.wp.com\/www.grieta.org.mx\/wp-content\/uploads\/2020\/03\/Con-cacerolazo-protestan-contra-los-feminicidios-en-Ecatepec-edomex-mzo.jpeg?resize=525%2C300 1.5x"},"classes":[]},{"id":32597,"url":"http:\/\/www.grieta.org.mx\/index.php\/2019\/04\/23\/chimalhuacan-y-ecatepec-encabezan-la-lista-en-numero-de-feminicidios-en-edomex\/","url_meta":{"origin":15232,"position":5},"title":"Chimalhuac\u00e1n y Ecatepec encabezan la lista en n\u00famero de feminicidios en Edomex","author":"grieta","date":"23 abril, 2019","format":false,"excerpt":"Mariana Cervantes\/Grupo F\u00f3rmula Las cifras aumentaron entre 2017 y 2018 Desde hace cuatro a\u00f1os el municipio de Chimalhuac\u00e1n lidera la lista de los municipios del Estado de M\u00e9xico con el n\u00famero m\u00e1s alto de feminicidios, con 2.4 casos por cada cien mil habitantes, seg\u00fan cifras oficiales. A partir del asesinato\u2026","rel":"","context":"En &quot;CINTILLO&quot;","block_context":{"text":"CINTILLO","link":"http:\/\/www.grieta.org.mx\/index.php\/category\/cintillo\/"},"img":{"alt_text":"","src":"https:\/\/i0.wp.com\/www.grieta.org.mx\/wp-content\/uploads\/2018\/03\/14524434_1106112876131411_958039263622046936_o.jpg?resize=350%2C200","width":350,"height":200,"srcset":"https:\/\/i0.wp.com\/www.grieta.org.mx\/wp-content\/uploads\/2018\/03\/14524434_1106112876131411_958039263622046936_o.jpg?resize=350%2C200 1x, https:\/\/i0.wp.com\/www.grieta.org.mx\/wp-content\/uploads\/2018\/03\/14524434_1106112876131411_958039263622046936_o.jpg?resize=525%2C300 1.5x, https:\/\/i0.wp.com\/www.grieta.org.mx\/wp-content\/uploads\/2018\/03\/14524434_1106112876131411_958039263622046936_o.jpg?resize=700%2C400 2x"},"classes":[]}],"_links":{"self":[{"href":"http:\/\/www.grieta.org.mx\/index.php\/wp-json\/wp\/v2\/posts\/15232","targetHints":{"allow":["GET"]}}],"collection":[{"href":"http:\/\/www.grieta.org.mx\/index.php\/wp-json\/wp\/v2\/posts"}],"about":[{"href":"http:\/\/www.grieta.org.mx\/index.php\/wp-json\/wp\/v2\/types\/post"}],"author":[{"embeddable":true,"href":"http:\/\/www.grieta.org.mx\/index.php\/wp-json\/wp\/v2\/users\/2"}],"replies":[{"embeddable":true,"href":"http:\/\/www.grieta.org.mx\/index.php\/wp-json\/wp\/v2\/comments?post=15232"}],"version-history":[{"count":1,"href":"http:\/\/www.grieta.org.mx\/index.php\/wp-json\/wp\/v2\/posts\/15232\/revisions"}],"predecessor-version":[{"id":15237,"href":"http:\/\/www.grieta.org.mx\/index.php\/wp-json\/wp\/v2\/posts\/15232\/revisions\/15237"}],"wp:featuredmedia":[{"embeddable":true,"href":"http:\/\/www.grieta.org.mx\/index.php\/wp-json\/wp\/v2\/media\/21928"}],"wp:attachment":[{"href":"http:\/\/www.grieta.org.mx\/index.php\/wp-json\/wp\/v2\/media?parent=15232"}],"wp:term":[{"taxonomy":"category","embeddable":true,"href":"http:\/\/www.grieta.org.mx\/index.php\/wp-json\/wp\/v2\/categories?post=15232"},{"taxonomy":"post_tag","embeddable":true,"href":"http:\/\/www.grieta.org.mx\/index.php\/wp-json\/wp\/v2\/tags?post=15232"}],"curies":[{"name":"wp","href":"https:\/\/api.w.org\/{rel}","templated":true}]}}