{"id":152,"date":"2015-11-17T17:27:28","date_gmt":"2015-11-17T17:27:28","guid":{"rendered":"http:\/\/50.22.11.12\/~grietaor\/?p=152"},"modified":"2018-06-22T16:27:02","modified_gmt":"2018-06-22T21:27:02","slug":"gobierno-intenta-relanzar-14-megaproyectos-en-pueblos-indigenas-de-oaxaca","status":"publish","type":"post","link":"http:\/\/www.grieta.org.mx\/index.php\/2015\/11\/17\/gobierno-intenta-relanzar-14-megaproyectos-en-pueblos-indigenas-de-oaxaca\/","title":{"rendered":"Gobierno intenta relanzar 14 megaproyectos en pueblos ind\u00edgenas de Oaxaca"},"content":{"rendered":"<p>P\u00e1gina 3.<\/p>\n<p>Pedro Mat\u00edas,<\/p>\n<p>Oaxaca.- Comunidades de la Costa y Sierra Sur alzaron su voz para denunciar que el gobierno federal y estatal intentan \u201crelanzar\u201d 14 proyectos hidroel\u00e9ctricos y mineros en su regi\u00f3n, al tiempo que refrendaron su decisi\u00f3n de organizarse para defender sus territorios ind\u00edgenas.<\/p>\n<p>En el Foro Regional \u201cR\u00edos y Monta\u00f1as en peligro\u201d realizado el pasado 14 de noviembre en el municipio de Tataltepec de Vald\u00e9s, los representantes de 51 comunidades y 17 organizaciones civiles emitieron una declaraci\u00f3n donde decretan que sus territorios ind\u00edgenas quedan prohibidos para presas, Miner\u00eda y todo proyectos de extracci\u00f3n porque generan graves da\u00f1os al medio ambiente y ponen en riesgo la vida comunitaria.<\/p>\n<p>Ante m\u00e1s de 400 participantes, denunciaron la existencia de al menos 14 proyectos hidroel\u00e9ctricos en la Costa de Oaxaca, adem\u00e1s de mineros, que amenazan el territorio y la naturaleza de los pueblos de esta regi\u00f3n.<\/p>\n<p>Mencionaron que aunque muchos de esos proyectos fueron rechazaron de manera organizada, hoy han sido relanzados por autoridades federales en conjunto con el gobierno de Oaxaca.<\/p>\n<p>\u201cReiteramos que este tipo de estrategias vulneran desde nuestro derecho al acceso a la informaci\u00f3n, hasta el derecho a preservar nuestros territorios y decidir sobre nuestro propio desarrollo\u201d.<\/p>\n<p>Afirmaron que los proyectos de presas como de minas, generan graves da\u00f1os en los territorios y medio ambiente, devastan el agua y con ello ponen en riesgo la continuidad de nuestra vida como pueblos, generan da\u00f1os sociales y culturales, y los dividen para permitir la entrada de empresas trasnacionales.<\/p>\n<p>Los mixtecos, chatinos y afromexicanos que viven en estas regiones de la Costa y Sierra Sur compartieron sus estrategias de resistencia y defensa, para estar prevenidos y rechazar los proyectos de presas hidroel\u00e9ctricas y mineros que amenazan nuevamente sus territorios ind\u00edgenas.<\/p>\n<p>\u201cDesde hace muchos a\u00f1os nos hemos organizado para defender nuestras tierras y bienes comunes frente a proyectos de desarrollo e infraestructura, o mejor conocidos como megaproyectos. Consideramos que nos debemos coordinar de manera m\u00e1s activa e informarnos porque compartimos problem\u00e1ticas comunes\u201d, puntualizaron.<br \/>\nAdem\u00e1s, reconocieron que se han activado nuevos riesgos que se desencadenan a la luz de la reforma energ\u00e9tica aprobada por el Congreso y el gobierno federal.<\/p>\n<p>Advirtieron que estas nuevas leyes, son continuidad de programas anteriores que han buscado desnaturalizar el car\u00e1cter social y colectivo de sus tierras para individualizarlas, como en su caso fue PRODECE ahora FANAR.<\/p>\n<p>Al foro asistieron representantes de Tataltepec de Vald\u00e9s, Plan del Aire, Paso de la Reyna, Piedra Amarilla, San Jos\u00e9 de las Flores, Llano V\u00edbora, Consejo del Agua, Puerto Escondido, Santa Mar\u00eda Templo Viejo, El Ocote o La Palma, Las Trojes, Colotepec, Piedra Grande, Llano Verde, Virgen de los Pobres, Teojomulco, Santa Cruz Zenzontepec, Independencia Itundujia, San Lucas Atoyaquillo, San Pedro Atoyac, El Camalote Colotepec, La Luz Tututepec, San Jacinto Tlacotepec y Tenamazapa.<\/p>\n<p>As\u00ed como El Vidrio, Santa Mar\u00eda Tlapanalquiahuitl, Cerro Flor, Cerro Luna, Santiago Ixtayutla, Corral de Piedras, Pe\u00f1as Negras, Jos\u00e9 Mar\u00eda Morelos, San Pedro Jicay\u00e1n, Cacahuatepec, Pinotepa Nacional, Santa Ana, Panixtlahuaca, El Ocotillo, Agua Ceniza, Huazolotitlan, Cozoaltepec, Soledad Etla, Pe\u00f1as Negras, Santa Mar\u00eda Jicaltepec, Villa de Tututepec de Melchor Ocampo, Santiago Jocotepec, Paso de la Garrocha, San Jos\u00e9 Cofrad\u00eda, Los Naranjos, Potchutla, Campanario Putla de Guerrero.<\/p>\n<p>En cuanto a organizaciones participaron el Consejo de Pueblos Unidos en Defensa del R\u00edo Verde, la Di\u00f3cesis de Puerto Escondido; Uni\u00f3n de Comisariados de la Regi\u00f3n Sierra Sur; Comit\u00e9 Magisterial Popular Tatu \u00d1uu, Tlachinollan; el Consejo Regional de Autoridades Agrarias por la Defensa del Territorio y en contra de la Miner\u00eda de la monta\u00f1a de Guerrero, la Organizaci\u00f3n Nacional Ind\u00edgena de Colombia, Tequio Jur\u00eddico, Ser Mixe, Miguel Agust\u00edn Pro Ju\u00e1rez, \u201cFlor y Canto\u201d, Uni\u00f3n de Organizaciones de la Sierra Ju\u00e1rez y Servicios para una Educaci\u00f3n Alternativa.<\/p>\n<p><a href=\"http:\/\/pagina3.mx\/2015\/11\/gobierno-intenta-relanzar-14-megaproyectos-en-pueblos-indigenas-de-oaxaca\/\" target=\"_blank\" rel=\"noopener\">http:\/\/pagina3.mx\/2015\/11\/gobierno-intenta-relanzar-14-megaproyectos-en-pueblos-indigenas-de-oaxaca\/<\/a><\/p>\n","protected":false},"excerpt":{"rendered":"<p>P\u00e1gina 3. Pedro Mat\u00edas, Oaxaca.- Comunidades de la Costa y Sierra Sur alzaron su voz para denunciar que el gobierno federal y estatal intentan \u201crelanzar\u201d 14 proyectos hidroel\u00e9ctricos y mineros &hellip; <a href=\"http:\/\/www.grieta.org.mx\/index.php\/2015\/11\/17\/gobierno-intenta-relanzar-14-megaproyectos-en-pueblos-indigenas-de-oaxaca\/\" class=\"more-link\">Leer m\u00e1s<\/a><\/p>\n","protected":false},"author":2,"featured_media":21928,"comment_status":"closed","ping_status":"open","sticky":false,"template":"","format":"standard","meta":{"ngg_post_thumbnail":0,"_jetpack_newsletter_access":"","_jetpack_dont_email_post_to_subs":false,"_jetpack_newsletter_tier_id":0,"_jetpack_memberships_contains_paywalled_content":false,"_jetpack_memberships_contains_paid_content":false,"footnotes":""},"categories":[80,1358,2,25],"tags":[91,96,109,93],"class_list":["post-152","post","type-post","status-publish","format-standard","has-post-thumbnail","hentry","category-cintillo","category-conflictos-por-megaproyectos-en-oaxaca","category-noticias-nacionales","category-oaxaca","tag-contaminacion-ambiental","tag-megaproyectos","tag-mineria","tag-oaxaca","entry"],"jetpack_featured_media_url":"http:\/\/www.grieta.org.mx\/wp-content\/uploads\/2018\/03\/14524434_1106112876131411_958039263622046936_o.jpg","jetpack_sharing_enabled":true,"jetpack_shortlink":"https:\/\/wp.me\/p7ZJR4-2s","jetpack_likes_enabled":false,"jetpack-related-posts":[{"id":72174,"url":"http:\/\/www.grieta.org.mx\/index.php\/2025\/08\/11\/pueblos-indigenas-del-istmo-de-tehuantepec-refuerzan-su-lucha-contra-megaproyectos-extractivistas-oaxaca\/","url_meta":{"origin":152,"position":0},"title":"Pueblos ind\u00edgenas del Istmo de Tehuantepec refuerzan su lucha contra megaproyectos extractivistas (Oaxaca)","author":"grieta","date":"11 agosto, 2025","format":false,"excerpt":"Imagen: Somos el Medio Comunidades chontales, zapotecas e ikoots denunciaron que megaproyectos como el Corredor Interoce\u00e1nico y la miner\u00eda violan sus derechos colectivos mientras anuncian nuevas estrategias de resistencia territorial. Redacci\u00f3n \/ @Somoselmedio Ciudad de M\u00e9xico, 11 de agosto 2025.- Con un llamado urgente a la unidad de los pueblos\u2026","rel":"","context":"En &quot;5. Istmo&quot;","block_context":{"text":"5. Istmo","link":"http:\/\/www.grieta.org.mx\/index.php\/category\/espejos-de-la-resistencia\/5-istmo\/"},"img":{"alt_text":"","src":"https:\/\/i0.wp.com\/www.grieta.org.mx\/wp-content\/uploads\/2025\/08\/529219594_1183510233813309_6588029443724338084_n.webp?resize=350%2C200","width":350,"height":200,"srcset":"https:\/\/i0.wp.com\/www.grieta.org.mx\/wp-content\/uploads\/2025\/08\/529219594_1183510233813309_6588029443724338084_n.webp?resize=350%2C200 1x, https:\/\/i0.wp.com\/www.grieta.org.mx\/wp-content\/uploads\/2025\/08\/529219594_1183510233813309_6588029443724338084_n.webp?resize=525%2C300 1.5x, https:\/\/i0.wp.com\/www.grieta.org.mx\/wp-content\/uploads\/2025\/08\/529219594_1183510233813309_6588029443724338084_n.webp?resize=700%2C400 2x, https:\/\/i0.wp.com\/www.grieta.org.mx\/wp-content\/uploads\/2025\/08\/529219594_1183510233813309_6588029443724338084_n.webp?resize=1050%2C600 3x, https:\/\/i0.wp.com\/www.grieta.org.mx\/wp-content\/uploads\/2025\/08\/529219594_1183510233813309_6588029443724338084_n.webp?resize=1400%2C800 4x"},"classes":[]},{"id":70622,"url":"http:\/\/www.grieta.org.mx\/index.php\/2024\/11\/15\/comunidades-zapotecas-de-valles-centrales-de-oaxaca-rechazan-la-mineria-y-exigen-la-cancelacion-de-proyectos-extractivistas\/","url_meta":{"origin":152,"position":1},"title":"Comunidades zapotecas de Valles Centrales de Oaxaca rechazan la miner\u00eda y exigen la cancelaci\u00f3n de proyectos extractivistas","author":"grieta","date":"15 noviembre, 2024","format":false,"excerpt":"Imagen: Somos el Medio 29 comunidades zapotecas de los Valles Centrales de Oaxaca firmaron una declaratoria regional para prohibir la miner\u00eda en sus territorios, exigiendo la cancelaci\u00f3n del proyecto minero San Jos\u00e9 y las concesiones otorgadas sin su consentimiento, en defensa de sus derechos, el medio ambiente y su tejido\u2026","rel":"","context":"En &quot;CINTILLO&quot;","block_context":{"text":"CINTILLO","link":"http:\/\/www.grieta.org.mx\/index.php\/category\/cintillo\/"},"img":{"alt_text":"","src":"https:\/\/i0.wp.com\/www.grieta.org.mx\/wp-content\/uploads\/2024\/12\/466868332_588359390253850_6499656997780845187_n.jpg?resize=350%2C200","width":350,"height":200,"srcset":"https:\/\/i0.wp.com\/www.grieta.org.mx\/wp-content\/uploads\/2024\/12\/466868332_588359390253850_6499656997780845187_n.jpg?resize=350%2C200 1x, https:\/\/i0.wp.com\/www.grieta.org.mx\/wp-content\/uploads\/2024\/12\/466868332_588359390253850_6499656997780845187_n.jpg?resize=525%2C300 1.5x, https:\/\/i0.wp.com\/www.grieta.org.mx\/wp-content\/uploads\/2024\/12\/466868332_588359390253850_6499656997780845187_n.jpg?resize=700%2C400 2x, https:\/\/i0.wp.com\/www.grieta.org.mx\/wp-content\/uploads\/2024\/12\/466868332_588359390253850_6499656997780845187_n.jpg?resize=1050%2C600 3x, https:\/\/i0.wp.com\/www.grieta.org.mx\/wp-content\/uploads\/2024\/12\/466868332_588359390253850_6499656997780845187_n.jpg?resize=1400%2C800 4x"},"classes":[]},{"id":71990,"url":"http:\/\/www.grieta.org.mx\/index.php\/2025\/07\/09\/oaxaca-sera-sede-del-encuentro-nacional-contra-la-gentrificacion-comunidades-indigenas-exigen-alto-a-megaproyectos-y-turistificacion\/","url_meta":{"origin":152,"position":2},"title":"Oaxaca ser\u00e1 sede del Encuentro Nacional Contra la Gentrificaci\u00f3n: comunidades ind\u00edgenas exigen alto a megaproyectos y turistificaci\u00f3n","author":"grieta","date":"9 julio, 2025","format":false,"excerpt":"Imagen: Somos El Medio Del 16 al 21 de julio, organizaciones ind\u00edgenas y colectivos convocan a seis d\u00edas de trabajo y movilizaci\u00f3n en Oaxaca para frenar la gentrificaci\u00f3n y el despojo territorial. Acusan al gobierno estatal de impulsar el desplazamiento de comunidades y convertir la cultura originaria en mercanc\u00eda tur\u00edstica.\u2026","rel":"","context":"En &quot;5. Istmo&quot;","block_context":{"text":"5. Istmo","link":"http:\/\/www.grieta.org.mx\/index.php\/category\/espejos-de-la-resistencia\/5-istmo\/"},"img":{"alt_text":"","src":"https:\/\/i0.wp.com\/www.grieta.org.mx\/wp-content\/uploads\/2025\/07\/516596731_24031654596494878_8772883915710158805_n.webp?resize=350%2C200","width":350,"height":200,"srcset":"https:\/\/i0.wp.com\/www.grieta.org.mx\/wp-content\/uploads\/2025\/07\/516596731_24031654596494878_8772883915710158805_n.webp?resize=350%2C200 1x, https:\/\/i0.wp.com\/www.grieta.org.mx\/wp-content\/uploads\/2025\/07\/516596731_24031654596494878_8772883915710158805_n.webp?resize=525%2C300 1.5x, https:\/\/i0.wp.com\/www.grieta.org.mx\/wp-content\/uploads\/2025\/07\/516596731_24031654596494878_8772883915710158805_n.webp?resize=700%2C400 2x, https:\/\/i0.wp.com\/www.grieta.org.mx\/wp-content\/uploads\/2025\/07\/516596731_24031654596494878_8772883915710158805_n.webp?resize=1050%2C600 3x"},"classes":[]},{"id":149,"url":"http:\/\/www.grieta.org.mx\/index.php\/2015\/11\/30\/comuneros-de-oaxaca-firman-declaratoria-para-impedir-operacion-de-18-minas-de-oro-y-plata\/","url_meta":{"origin":152,"position":3},"title":"Comuneros de Oaxaca firman declaratoria para impedir operaci\u00f3n de 18 minas de oro y plata","author":"grieta","date":"30 noviembre, 2015","format":false,"excerpt":"Redacci\u00f3n Revoluci\u00f3n 3.0, Oaxaca (30 de noviembre, 2015).- Comuneros de 9 poblaciones de Oaxaca firmaron una declaratoria para impedir la operaci\u00f3n de 18 minas de oro y plata y advirtieron que sus territorios est\u00e1n prohibidos para la Miner\u00eda. Con el documento y la uni\u00f3n de las comunidades como Tlacolula, Ejutla\u2026","rel":"","context":"En &quot;CINTILLO&quot;","block_context":{"text":"CINTILLO","link":"http:\/\/www.grieta.org.mx\/index.php\/category\/cintillo\/"},"img":{"alt_text":"","src":"https:\/\/i0.wp.com\/www.grieta.org.mx\/wp-content\/uploads\/2018\/03\/14524434_1106112876131411_958039263622046936_o.jpg?resize=350%2C200","width":350,"height":200,"srcset":"https:\/\/i0.wp.com\/www.grieta.org.mx\/wp-content\/uploads\/2018\/03\/14524434_1106112876131411_958039263622046936_o.jpg?resize=350%2C200 1x, https:\/\/i0.wp.com\/www.grieta.org.mx\/wp-content\/uploads\/2018\/03\/14524434_1106112876131411_958039263622046936_o.jpg?resize=525%2C300 1.5x, https:\/\/i0.wp.com\/www.grieta.org.mx\/wp-content\/uploads\/2018\/03\/14524434_1106112876131411_958039263622046936_o.jpg?resize=700%2C400 2x"},"classes":[]},{"id":145,"url":"http:\/\/www.grieta.org.mx\/index.php\/2016\/02\/01\/mineria-en-oaxaca-imposicion-temor-y-despojo\/","url_meta":{"origin":152,"position":4},"title":"Miner\u00eda en Oaxaca: imposici\u00f3n, temor y despojo","author":"grieta","date":"1 febrero, 2016","format":false,"excerpt":"Roc\u00edo Flores, Oaxaca Ejutla de Crespo, Oaxaca.- \u201cEl territorio es abajo, arriba\u201d, el territorio no s\u00f3lo es s\u00f3lo una parcela de tierra, es el agua, las plantas, los r\u00edos, nuestras familias, nuestros derechos\u201d, coincidieron habitantes de 48 comunidades de Oaxaca y otros pa\u00edses a quienes se les ha violentado su\u2026","rel":"","context":"En &quot;CINTILLO&quot;","block_context":{"text":"CINTILLO","link":"http:\/\/www.grieta.org.mx\/index.php\/category\/cintillo\/"},"img":{"alt_text":"","src":"https:\/\/i0.wp.com\/www.grieta.org.mx\/wp-content\/uploads\/2018\/03\/14524434_1106112876131411_958039263622046936_o.jpg?resize=350%2C200","width":350,"height":200,"srcset":"https:\/\/i0.wp.com\/www.grieta.org.mx\/wp-content\/uploads\/2018\/03\/14524434_1106112876131411_958039263622046936_o.jpg?resize=350%2C200 1x, https:\/\/i0.wp.com\/www.grieta.org.mx\/wp-content\/uploads\/2018\/03\/14524434_1106112876131411_958039263622046936_o.jpg?resize=525%2C300 1.5x, https:\/\/i0.wp.com\/www.grieta.org.mx\/wp-content\/uploads\/2018\/03\/14524434_1106112876131411_958039263622046936_o.jpg?resize=700%2C400 2x"},"classes":[]},{"id":72087,"url":"http:\/\/www.grieta.org.mx\/index.php\/2025\/07\/24\/pueblos-de-oaxaca-acusan-que-autoridades-avalan-despojo-y-desastre-ecologico-de-minera-cuzcatlan-exigimos-que-se-vayan-de-nuestro-territorio\/","url_meta":{"origin":152,"position":5},"title":"Pueblos de Oaxaca acusan que autoridades avalan despojo y desastre ecol\u00f3gico de Minera Cuzcatl\u00e1n: \u201cExigimos que se vayan de nuestro territorio\u201d","author":"grieta","date":"24 julio, 2025","format":false,"excerpt":"Imagen: Istmo Press Diana Manzo \/ Istmo Press Oaxaca, Oax.- Con aval de autoridades federales y de Oaxaca la Minera Cuzcatl\u00e1n sigue operando en este territorio sure\u00f1o dejando un desastre ecol\u00f3gico y social en diversas comunidades ind\u00edgenas, quienes con una marcha exigen que se vayan de su territorio. Conformadas en\u2026","rel":"","context":"En &quot;CINTILLO&quot;","block_context":{"text":"CINTILLO","link":"http:\/\/www.grieta.org.mx\/index.php\/category\/cintillo\/"},"img":{"alt_text":"","src":"https:\/\/i0.wp.com\/www.grieta.org.mx\/wp-content\/uploads\/2025\/07\/IMG_9769.jpeg?resize=350%2C200","width":350,"height":200,"srcset":"https:\/\/i0.wp.com\/www.grieta.org.mx\/wp-content\/uploads\/2025\/07\/IMG_9769.jpeg?resize=350%2C200 1x, https:\/\/i0.wp.com\/www.grieta.org.mx\/wp-content\/uploads\/2025\/07\/IMG_9769.jpeg?resize=525%2C300 1.5x, https:\/\/i0.wp.com\/www.grieta.org.mx\/wp-content\/uploads\/2025\/07\/IMG_9769.jpeg?resize=700%2C400 2x"},"classes":[]}],"_links":{"self":[{"href":"http:\/\/www.grieta.org.mx\/index.php\/wp-json\/wp\/v2\/posts\/152","targetHints":{"allow":["GET"]}}],"collection":[{"href":"http:\/\/www.grieta.org.mx\/index.php\/wp-json\/wp\/v2\/posts"}],"about":[{"href":"http:\/\/www.grieta.org.mx\/index.php\/wp-json\/wp\/v2\/types\/post"}],"author":[{"embeddable":true,"href":"http:\/\/www.grieta.org.mx\/index.php\/wp-json\/wp\/v2\/users\/2"}],"replies":[{"embeddable":true,"href":"http:\/\/www.grieta.org.mx\/index.php\/wp-json\/wp\/v2\/comments?post=152"}],"version-history":[{"count":1,"href":"http:\/\/www.grieta.org.mx\/index.php\/wp-json\/wp\/v2\/posts\/152\/revisions"}],"predecessor-version":[{"id":23898,"href":"http:\/\/www.grieta.org.mx\/index.php\/wp-json\/wp\/v2\/posts\/152\/revisions\/23898"}],"wp:featuredmedia":[{"embeddable":true,"href":"http:\/\/www.grieta.org.mx\/index.php\/wp-json\/wp\/v2\/media\/21928"}],"wp:attachment":[{"href":"http:\/\/www.grieta.org.mx\/index.php\/wp-json\/wp\/v2\/media?parent=152"}],"wp:term":[{"taxonomy":"category","embeddable":true,"href":"http:\/\/www.grieta.org.mx\/index.php\/wp-json\/wp\/v2\/categories?post=152"},{"taxonomy":"post_tag","embeddable":true,"href":"http:\/\/www.grieta.org.mx\/index.php\/wp-json\/wp\/v2\/tags?post=152"}],"curies":[{"name":"wp","href":"https:\/\/api.w.org\/{rel}","templated":true}]}}