{"id":15089,"date":"2016-06-21T20:37:42","date_gmt":"2016-06-21T20:37:42","guid":{"rendered":"http:\/\/www.grieta.org.mx\/?p=15089"},"modified":"2016-06-26T20:39:34","modified_gmt":"2016-06-26T20:39:34","slug":"ceteg-y-padres-de-familia-marchan-en-cinco-puntos-de-guerrero-en-repudio-a-violencia-en-oaxaca","status":"publish","type":"post","link":"http:\/\/www.grieta.org.mx\/index.php\/2016\/06\/21\/ceteg-y-padres-de-familia-marchan-en-cinco-puntos-de-guerrero-en-repudio-a-violencia-en-oaxaca\/","title":{"rendered":"CETEG y padres de familia marchan en cinco puntos de Guerrero en repudio a violencia en Oaxaca"},"content":{"rendered":"<p>Francisca Santiaguez<\/p>\n<p>En Chilpancingo, los maestros de la Coordinadora Estatal marcharon por las calles de la ciudad, efectuaron paradas de protesta en Palacio de Gobierno, en la Fiscal\u00eda General del Estado (FGE), y recorrieron algunas tiendas de autoservicio; posteriormente, tomaron un tramo de la Autopista del Sol y retornaron a su campamento.<\/p>\n<p>Maestros de la Coordinadora Estatal de Trabajadores de la Educaci\u00f3n Guerrero (CETEG), con el respaldo de los padres de familia, protestaron y marcharon en por lo menos cinco puntos del estado, en repudio por los hechos violentos de Nochixtl\u00e1n, Oaxaca, y contra la reforma educativa.<\/p>\n<p>En Chilpancingo, los maestros de la Coordinadora Estatal marcharon por las calles de la ciudad, efectuaron paradas de protesta en Palacio de Gobierno, en la Fiscal\u00eda General del Estado (FGE), y recorrieron algunas tiendas de autoservicio; posteriormente, tomaron un tramo de la Autopista del Sol y retornaron a su campamento.<\/p>\n<p>En Ciudad Altamirano, unos 500 maestros, padres de familia e integrantes del partido Morena se movilizaron por la ciudad.<\/p>\n<p>En Acapulco, los maestros llevaron un bloqueo sobre la Costera Miguel Alem\u00e1n.<\/p>\n<p>En Mazatl\u00e1n, poblado perteneciente al municipio de Chilpancingo, tambi\u00e9n se llev\u00f3 a cabo una marcha con la participaci\u00f3n de alumnos de educaci\u00f3n primaria.<\/p>\n<p>Mientras que en la escuela primaria Eucaria Apreza, en Chilapa, fue colocado un mo\u00f1o negro con pancartas con leyendas como: &#8220;de luto por los asesinatos de Oaxaca&#8221; y &#8220;no vine a clase, estoy en paro&#8221;.<\/p>\n<p><a href=\"http:\/\/www.noticiasmvs.com\/#!\/noticias\/ceteg-y-padres-de-familia-marchan-en-cinco-puntos-de-guerrero-en-repudio-a-violencia-en-oaxaca-676\">http:\/\/www.noticiasmvs.com\/#!\/noticias\/ceteg-y-padres-de-familia-marchan-en-cinco-puntos-de-guerrero-en-repudio-a-violencia-en-oaxaca-676<\/a><\/p>\n","protected":false},"excerpt":{"rendered":"<p>Francisca Santiaguez En Chilpancingo, los maestros de la Coordinadora Estatal marcharon por las calles de la ciudad, efectuaron paradas de protesta en Palacio de Gobierno, en la Fiscal\u00eda General del &hellip; <a href=\"http:\/\/www.grieta.org.mx\/index.php\/2016\/06\/21\/ceteg-y-padres-de-familia-marchan-en-cinco-puntos-de-guerrero-en-repudio-a-violencia-en-oaxaca\/\" class=\"more-link\">Leer m\u00e1s<\/a><\/p>\n","protected":false},"author":2,"featured_media":21928,"comment_status":"closed","ping_status":"closed","sticky":false,"template":"","format":"standard","meta":{"ngg_post_thumbnail":0,"_jetpack_newsletter_access":"","_jetpack_dont_email_post_to_subs":false,"_jetpack_newsletter_tier_id":0,"_jetpack_memberships_contains_paywalled_content":false,"_jetpack_memberships_contains_paid_content":false,"footnotes":""},"categories":[80,320],"tags":[674,135],"class_list":["post-15089","post","type-post","status-publish","format-standard","has-post-thumbnail","hentry","category-cintillo","category-guerrero","tag-movilizaciones-maestros","tag-reforma-educativa","entry"],"jetpack_featured_media_url":"http:\/\/www.grieta.org.mx\/wp-content\/uploads\/2018\/03\/14524434_1106112876131411_958039263622046936_o.jpg","jetpack_sharing_enabled":true,"jetpack_shortlink":"https:\/\/wp.me\/p7ZJR4-3Vn","jetpack_likes_enabled":false,"jetpack-related-posts":[{"id":12528,"url":"http:\/\/www.grieta.org.mx\/index.php\/2016\/09\/09\/movilizaciones-de-maestros-en-guerrero\/","url_meta":{"origin":15089,"position":0},"title":"Movilizaciones contra la Reforma educativa en Guerrero","author":"grieta","date":"9 septiembre, 2016","format":false,"excerpt":"08\/09\/16. CETEG toma una hora caseta de Palo Blanco, GuerreroMilenio 24\/08\/16. Contin\u00faan movilizaciones de Ceteg en Guerrero para abrogar la reforma educativa La Jornada 04\/08\/16. Antimotines repliegan a maestros de Guerrero sobre la autopista del sol El Financiero 01\/08\/16. La CETEG cierra dos gasolineras en la Cuernavaca-Acapulco en protesta contra\u2026","rel":"","context":"En &quot;Guerrero&quot;","block_context":{"text":"Guerrero","link":"http:\/\/www.grieta.org.mx\/index.php\/category\/noticias-nacionales\/guerrero\/"},"img":{"alt_text":"","src":"https:\/\/i0.wp.com\/www.grieta.org.mx\/wp-content\/uploads\/2018\/03\/14524434_1106112876131411_958039263622046936_o.jpg?resize=350%2C200","width":350,"height":200,"srcset":"https:\/\/i0.wp.com\/www.grieta.org.mx\/wp-content\/uploads\/2018\/03\/14524434_1106112876131411_958039263622046936_o.jpg?resize=350%2C200 1x, https:\/\/i0.wp.com\/www.grieta.org.mx\/wp-content\/uploads\/2018\/03\/14524434_1106112876131411_958039263622046936_o.jpg?resize=525%2C300 1.5x, https:\/\/i0.wp.com\/www.grieta.org.mx\/wp-content\/uploads\/2018\/03\/14524434_1106112876131411_958039263622046936_o.jpg?resize=700%2C400 2x"},"classes":[]},{"id":13978,"url":"http:\/\/www.grieta.org.mx\/index.php\/2016\/06\/10\/movilizaciones-de-ceteg-y-otros-sindicatos-en-chilpancingo-iguala-tecpan-y-ayutla\/","url_meta":{"origin":15089,"position":1},"title":"Movilizaciones de CETEG y otros sindicatos en Chilpancingo, Iguala, Tecpan y Ayutla","author":"grieta","date":"10 junio, 2016","format":false,"excerpt":"El Sur, Destrozan e incendian maestros de la Ceteg oficinas de Educaci\u00f3n B\u00e1sica de la SEG Alina Navarrete Fern\u00e1ndez Chilpancingo.- Integrantes de la Coordinadora Estatal de Trabajadores de la Educaci\u00f3n en Guerrero (CETEG) de la facci\u00f3n encabezada por el secretario general Ramos Reyes Guerrero, destrozaron e incendiaron la Subsecretar\u00eda de\u2026","rel":"","context":"En &quot;CINTILLO&quot;","block_context":{"text":"CINTILLO","link":"http:\/\/www.grieta.org.mx\/index.php\/category\/cintillo\/"},"img":{"alt_text":"","src":"https:\/\/i0.wp.com\/www.grieta.org.mx\/wp-content\/uploads\/2018\/03\/14524434_1106112876131411_958039263622046936_o.jpg?resize=350%2C200","width":350,"height":200,"srcset":"https:\/\/i0.wp.com\/www.grieta.org.mx\/wp-content\/uploads\/2018\/03\/14524434_1106112876131411_958039263622046936_o.jpg?resize=350%2C200 1x, https:\/\/i0.wp.com\/www.grieta.org.mx\/wp-content\/uploads\/2018\/03\/14524434_1106112876131411_958039263622046936_o.jpg?resize=525%2C300 1.5x, https:\/\/i0.wp.com\/www.grieta.org.mx\/wp-content\/uploads\/2018\/03\/14524434_1106112876131411_958039263622046936_o.jpg?resize=700%2C400 2x"},"classes":[]},{"id":12850,"url":"http:\/\/www.grieta.org.mx\/index.php\/2016\/05\/18\/no-se-permitira-ingreso-de-docentes-a-escuelas-para-reanudar-labores-ceteg\/","url_meta":{"origin":15089,"position":2},"title":"No se permitir\u00e1 ingreso de docentes a escuelas para reanudar labores: Ceteg","author":"grieta","date":"18 mayo, 2016","format":false,"excerpt":"Proceso Ezequiel Flores Contreras Chilpancingo (apro). Miembros de la Coordinadora Estatal de Trabajadores de la Educaci\u00f3n en Guerrero (Ceteg) marcharon por calles de esta capital y desafiaron una vez m\u00e1s al gobierno de Enrique Pe\u00f1a Nieto al expresar su rechazo a la reforma educativa y la evaluaci\u00f3n magisterial. Los manifestantes\u2026","rel":"","context":"En &quot;CINTILLO&quot;","block_context":{"text":"CINTILLO","link":"http:\/\/www.grieta.org.mx\/index.php\/category\/cintillo\/"},"img":{"alt_text":"","src":"https:\/\/i0.wp.com\/www.grieta.org.mx\/wp-content\/uploads\/2018\/03\/14524434_1106112876131411_958039263622046936_o.jpg?resize=350%2C200","width":350,"height":200,"srcset":"https:\/\/i0.wp.com\/www.grieta.org.mx\/wp-content\/uploads\/2018\/03\/14524434_1106112876131411_958039263622046936_o.jpg?resize=350%2C200 1x, https:\/\/i0.wp.com\/www.grieta.org.mx\/wp-content\/uploads\/2018\/03\/14524434_1106112876131411_958039263622046936_o.jpg?resize=525%2C300 1.5x, https:\/\/i0.wp.com\/www.grieta.org.mx\/wp-content\/uploads\/2018\/03\/14524434_1106112876131411_958039263622046936_o.jpg?resize=700%2C400 2x"},"classes":[]},{"id":14083,"url":"http:\/\/www.grieta.org.mx\/index.php\/2016\/06\/11\/marchan-20-mil-en-chilpancingo-y-bloquean-autopista-del-sol-contra-la-reforma-educativa\/","url_meta":{"origin":15089,"position":3},"title":"Marchan 20 mil en Chilpancingo y bloquean Autopista del Sol contra la reforma educativa","author":"grieta","date":"11 junio, 2016","format":false,"excerpt":"El Sur Corresponsales, Marchan 20 mil personas en Chilpancingo; bloquean la Autopista del Sol en contra de la reforma educativa Alina Navarrete Fern\u00e1ndez, corresponsal Participan la CETEG, el STAUAG, el SUSPEG, el SNTE, el Sutcobach, el STTAISUAG, activistas y padres de familia Hubo marchas tambi\u00e9n en Zihuatanejo y Teloloapan Despleg\u00f3\u2026","rel":"","context":"En &quot;CINTILLO&quot;","block_context":{"text":"CINTILLO","link":"http:\/\/www.grieta.org.mx\/index.php\/category\/cintillo\/"},"img":{"alt_text":"","src":"https:\/\/i0.wp.com\/www.grieta.org.mx\/wp-content\/uploads\/2018\/03\/14524434_1106112876131411_958039263622046936_o.jpg?resize=350%2C200","width":350,"height":200,"srcset":"https:\/\/i0.wp.com\/www.grieta.org.mx\/wp-content\/uploads\/2018\/03\/14524434_1106112876131411_958039263622046936_o.jpg?resize=350%2C200 1x, https:\/\/i0.wp.com\/www.grieta.org.mx\/wp-content\/uploads\/2018\/03\/14524434_1106112876131411_958039263622046936_o.jpg?resize=525%2C300 1.5x, https:\/\/i0.wp.com\/www.grieta.org.mx\/wp-content\/uploads\/2018\/03\/14524434_1106112876131411_958039263622046936_o.jpg?resize=700%2C400 2x"},"classes":[]},{"id":12529,"url":"http:\/\/www.grieta.org.mx\/index.php\/2016\/05\/16\/magisterio-se-moviliza-en-guerrero-en-repudio-a-la-reforma\/","url_meta":{"origin":15089,"position":4},"title":"Magisterio se moviliza en Guerrero en repudio a la reforma","author":"grieta","date":"16 mayo, 2016","format":false,"excerpt":"Proceso Ezequiel Flores Contreras Chilpancingo (apro). Integrantes del magisterio disidente marcharon este d\u00eda en diferentes partes de la entidad y anunciaron el cierre de planteles escolares para exigir la derogaci\u00f3n de la reforma educativa y expresar su rechazo contra la evaluaci\u00f3n. En la capital, al menos mil docentes marcharon y\u2026","rel":"","context":"En &quot;CINTILLO&quot;","block_context":{"text":"CINTILLO","link":"http:\/\/www.grieta.org.mx\/index.php\/category\/cintillo\/"},"img":{"alt_text":"","src":"https:\/\/i0.wp.com\/www.grieta.org.mx\/wp-content\/uploads\/2018\/03\/14524434_1106112876131411_958039263622046936_o.jpg?resize=350%2C200","width":350,"height":200,"srcset":"https:\/\/i0.wp.com\/www.grieta.org.mx\/wp-content\/uploads\/2018\/03\/14524434_1106112876131411_958039263622046936_o.jpg?resize=350%2C200 1x, https:\/\/i0.wp.com\/www.grieta.org.mx\/wp-content\/uploads\/2018\/03\/14524434_1106112876131411_958039263622046936_o.jpg?resize=525%2C300 1.5x, https:\/\/i0.wp.com\/www.grieta.org.mx\/wp-content\/uploads\/2018\/03\/14524434_1106112876131411_958039263622046936_o.jpg?resize=700%2C400 2x"},"classes":[]},{"id":15004,"url":"http:\/\/www.grieta.org.mx\/index.php\/2016\/06\/24\/marchan-en-guerrero-y-morelos-contra-reforma-educativa\/","url_meta":{"origin":15089,"position":5},"title":"Marchan en Guerrero y Morelos contra reforma educativa","author":"grieta","date":"24 junio, 2016","format":false,"excerpt":"Sergio Ocampo Diversas movilizaciones se llevan a cabo en dos estados de la Rep\u00fablica en rechazo a la reforma educativa. En Chilpancingo, Guerrero, contingentes de la Coordinadora Estatal de Trabajadores de la Educaci\u00f3n en Guerrero (Ceteg), marchan apoyados por padres de familia y organizaciones sociales a favor a las negociaciones\u2026","rel":"","context":"En &quot;CINTILLO&quot;","block_context":{"text":"CINTILLO","link":"http:\/\/www.grieta.org.mx\/index.php\/category\/cintillo\/"},"img":{"alt_text":"","src":"https:\/\/i0.wp.com\/www.grieta.org.mx\/wp-content\/uploads\/2018\/03\/14524434_1106112876131411_958039263622046936_o.jpg?resize=350%2C200","width":350,"height":200,"srcset":"https:\/\/i0.wp.com\/www.grieta.org.mx\/wp-content\/uploads\/2018\/03\/14524434_1106112876131411_958039263622046936_o.jpg?resize=350%2C200 1x, https:\/\/i0.wp.com\/www.grieta.org.mx\/wp-content\/uploads\/2018\/03\/14524434_1106112876131411_958039263622046936_o.jpg?resize=525%2C300 1.5x, https:\/\/i0.wp.com\/www.grieta.org.mx\/wp-content\/uploads\/2018\/03\/14524434_1106112876131411_958039263622046936_o.jpg?resize=700%2C400 2x"},"classes":[]}],"_links":{"self":[{"href":"http:\/\/www.grieta.org.mx\/index.php\/wp-json\/wp\/v2\/posts\/15089","targetHints":{"allow":["GET"]}}],"collection":[{"href":"http:\/\/www.grieta.org.mx\/index.php\/wp-json\/wp\/v2\/posts"}],"about":[{"href":"http:\/\/www.grieta.org.mx\/index.php\/wp-json\/wp\/v2\/types\/post"}],"author":[{"embeddable":true,"href":"http:\/\/www.grieta.org.mx\/index.php\/wp-json\/wp\/v2\/users\/2"}],"replies":[{"embeddable":true,"href":"http:\/\/www.grieta.org.mx\/index.php\/wp-json\/wp\/v2\/comments?post=15089"}],"version-history":[{"count":1,"href":"http:\/\/www.grieta.org.mx\/index.php\/wp-json\/wp\/v2\/posts\/15089\/revisions"}],"predecessor-version":[{"id":15091,"href":"http:\/\/www.grieta.org.mx\/index.php\/wp-json\/wp\/v2\/posts\/15089\/revisions\/15091"}],"wp:featuredmedia":[{"embeddable":true,"href":"http:\/\/www.grieta.org.mx\/index.php\/wp-json\/wp\/v2\/media\/21928"}],"wp:attachment":[{"href":"http:\/\/www.grieta.org.mx\/index.php\/wp-json\/wp\/v2\/media?parent=15089"}],"wp:term":[{"taxonomy":"category","embeddable":true,"href":"http:\/\/www.grieta.org.mx\/index.php\/wp-json\/wp\/v2\/categories?post=15089"},{"taxonomy":"post_tag","embeddable":true,"href":"http:\/\/www.grieta.org.mx\/index.php\/wp-json\/wp\/v2\/tags?post=15089"}],"curies":[{"name":"wp","href":"https:\/\/api.w.org\/{rel}","templated":true}]}}