{"id":1506,"date":"2015-09-24T21:33:51","date_gmt":"2015-09-24T21:33:51","guid":{"rendered":"http:\/\/50.22.11.12\/~grietaor\/?p=1506"},"modified":"2016-03-07T21:37:04","modified_gmt":"2016-03-07T21:37:04","slug":"detienen-a-lider-ejidal-en-campeche-por-presunto-despojo-de-bien-inmueble","status":"publish","type":"post","link":"http:\/\/www.grieta.org.mx\/index.php\/2015\/09\/24\/detienen-a-lider-ejidal-en-campeche-por-presunto-despojo-de-bien-inmueble\/","title":{"rendered":"Detienen a l\u00edder ejidal en Campeche por presunto \u201cdespojo de bien inmueble\u201d"},"content":{"rendered":"<p>CAMPECHE, Camp., (apro).- El presidente del Movimiento Campesino Tierra y Justicia de Lerma, Pedro Celestino May Can, y tres integrantes de esa agrupaci\u00f3n fueron acusados y detenidos por despojo de bien inmueble.<\/p>\n<p>La detenci\u00f3n se dio en el contexto de la disputa por unos terrenos del ejido Lerma, donde se construye el exclusivo proyecto inmobiliario Campeche Country Club.<\/p>\n<p>El antecedente de esta pol\u00e9mica comenz\u00f3 cuando los ejidatarios se negaron a ceder sus terrenos a Carlos Mouri\u00f1o Atanes \u2013padre de Juan Camilo Mouri\u00f1o Terrazo, exsecretario de Gobernaci\u00f3n en la administraci\u00f3n de Felipe Calder\u00f3n\u2013, para construir su exclusivo proyecto inmobiliario Campeche Country Club.<\/p>\n<p>Para hacer realidad su proyecto, el empresario due\u00f1o del gasolinero Grupo Energ\u00e9tico del Sureste y del equipo de futbol espa\u00f1ol Celta de Vigo, presuntamente hizo valer sus influencias en las dependencias federales para apropiarse de las tierras del ejido Lerma, en las postrimer\u00edas del calderonato.<\/p>\n<p>De este modo, se apoder\u00f3 de 9 mil 685 hect\u00e1reas por las que pag\u00f3 aproximadamente 40 centavos por metro cuadrado, seg\u00fan c\u00e1lculos de los miembros del Movimiento Campesino Tierra y Justicia, quienes aseguran que ahora \u00e9l revende en 288 d\u00f3lares.<\/p>\n<p>As\u00ed, el ejido qued\u00f3 reducido a s\u00f3lo 400 hect\u00e1reas, luego de un juicio que dej\u00f3 a salvo los derechos de los ocho ejidatarios que se negaron a cederlos o venderlos. Seg\u00fan su denuncia, el magnate tambi\u00e9n quiere apoderarse de ese terreno para construir un estadio de futbol.<\/p>\n<p>Y para evitar ser despojados, los ocho ejidatarios decidieron regalar sus tierras circundantes al Country Club con el fin de que ah\u00ed se creara \u201cuna colonia proletaria\u201d.<\/p>\n<p>Fue as\u00ed que repartieron dos mil lotes a personas humildes para que construyeran sus viviendas y, con ello, se depreciara el valor de los predios del club.<\/p>\n<p>Meses atr\u00e1s, Celestino May Can denunci\u00f3 amenazas y atentados de muerte en su contra y responsabiliz\u00f3 directamente a Carlos Mouri\u00f1o. Por ello, exigi\u00f3 ante el Congreso y el exgobernador Fernando Ortega Bern\u00e9s poner atenci\u00f3n a su caso.<\/p>\n<p>Tiempo despu\u00e9s, apareci\u00f3 en escena el empresario local Rafael Selem Ferrer para disputar a los ejidatarios una porci\u00f3n de las tierras. Su argument\u00f3 fue que el gobierno del estado se la dio hace a\u00f1os para instalar una de sus agencias concesionaria de autos nuevos.<\/p>\n<p>La franja que reclama ese empresario, que motiv\u00f3 ahora la detenci\u00f3n del grupo ejidatarios, es justamente el acceso a la colonia proletaria Tierra y Justicia.<\/p>\n<p>El sector donde se encuentran esos terrenos fue donado al gobierno del estado hace m\u00e1s de 30 a\u00f1os para desarrollar un parque industrial. No obstante, en las cl\u00e1usulas de la donaci\u00f3n estaba especificado que si luego de las tres d\u00e9cadas no se desarrollaba el proyecto, como es el caso, esas tierras se reincorporar\u00edan al ejido.<\/p>\n<p><a href=\"http:\/\/www.proceso.com.mx\/416363\" target=\"_blank\">www.proceso.com.mx\/?p=416363&#038;utm_source=feedburner&#038;utm_medium=feed&#038;utm_campaign=Feed%3A+revista_proceso+%28Revista+Proceso%29<\/a><\/p>\n","protected":false},"excerpt":{"rendered":"<p>CAMPECHE, Camp., (apro).- El presidente del Movimiento Campesino Tierra y Justicia de Lerma, Pedro Celestino May Can, y tres integrantes de esa agrupaci\u00f3n fueron acusados y detenidos por despojo de &hellip; <a href=\"http:\/\/www.grieta.org.mx\/index.php\/2015\/09\/24\/detienen-a-lider-ejidal-en-campeche-por-presunto-despojo-de-bien-inmueble\/\" class=\"more-link\">Leer m\u00e1s<\/a><\/p>\n","protected":false},"author":2,"featured_media":21928,"comment_status":"closed","ping_status":"open","sticky":false,"template":"","format":"standard","meta":{"ngg_post_thumbnail":0,"_jetpack_newsletter_access":"","_jetpack_dont_email_post_to_subs":false,"_jetpack_newsletter_tier_id":0,"_jetpack_memberships_contains_paywalled_content":false,"_jetpack_memberships_contains_paid_content":false,"footnotes":""},"categories":[123,80],"tags":[184,131],"class_list":["post-1506","post","type-post","status-publish","format-standard","has-post-thumbnail","hentry","category-campeche","category-cintillo","tag-despojo","tag-presos-politicos","entry"],"jetpack_featured_media_url":"http:\/\/www.grieta.org.mx\/wp-content\/uploads\/2018\/03\/14524434_1106112876131411_958039263622046936_o.jpg","jetpack_sharing_enabled":true,"jetpack_shortlink":"https:\/\/wp.me\/p7ZJR4-oi","jetpack_likes_enabled":false,"jetpack-related-posts":[{"id":1497,"url":"http:\/\/www.grieta.org.mx\/index.php\/2016\/01\/28\/reprimen-a-lider-campesino-por-oponerse-a-proyecto-inmobiliario-en-campeche\/","url_meta":{"origin":1506,"position":0},"title":"Reprimen a l\u00edder campesino por oponerse a proyecto inmobiliario en Campeche","author":"grieta","date":"28 enero, 2016","format":false,"excerpt":"28\/01\/16. \u201cPara la ley, acept\u00f3 ser culpable, pero la verdad hist\u00f3rica es diferente\u201d P\u00e1gin@bierta 25\/01\/16. Sale de la c\u00e1rcel primer preso pol\u00edtico del sexenio de \u201cAlito\u201d P\u00e1gin@bierta 20\/11\/15. \u201cMi encarcelamiento pago de una factura pol\u00edtica a Mouri\u00f1o\u201d: Celestino May Proceso 03\/10\/15. Campeche: arrestan de nuevo a l\u00edder campesino La Jornada\u2026","rel":"","context":"En &quot;Campeche&quot;","block_context":{"text":"Campeche","link":"http:\/\/www.grieta.org.mx\/index.php\/category\/noticias-nacionales\/campeche\/"},"img":{"alt_text":"","src":"https:\/\/i0.wp.com\/www.grieta.org.mx\/wp-content\/uploads\/2018\/03\/14524434_1106112876131411_958039263622046936_o.jpg?resize=350%2C200","width":350,"height":200,"srcset":"https:\/\/i0.wp.com\/www.grieta.org.mx\/wp-content\/uploads\/2018\/03\/14524434_1106112876131411_958039263622046936_o.jpg?resize=350%2C200 1x, https:\/\/i0.wp.com\/www.grieta.org.mx\/wp-content\/uploads\/2018\/03\/14524434_1106112876131411_958039263622046936_o.jpg?resize=525%2C300 1.5x, https:\/\/i0.wp.com\/www.grieta.org.mx\/wp-content\/uploads\/2018\/03\/14524434_1106112876131411_958039263622046936_o.jpg?resize=700%2C400 2x"},"classes":[]},{"id":1508,"url":"http:\/\/www.grieta.org.mx\/index.php\/2014\/05\/06\/campeche-haran-colonia-proletaria-junto-a-club-campestre-de-los-mourino\/","url_meta":{"origin":1506,"position":1},"title":"Campeche: har\u00e1n \u201ccolonia proletaria\u201d junto a club campestre de los Mouri\u00f1o","author":"grieta","date":"6 mayo, 2014","format":false,"excerpt":"Un grupo de ejidatarios de Lerma decidi\u00f3 donar al menos 3 mil 200 predios, que suman 40 hect\u00e1reas, para fundar la \u201ccolonia proletaria\u201d Tierra y Justicia a un costado del lujoso Campeche Country Club. El dirigente de los campesinos, Celestino May Can, asegur\u00f3 que no ceder\u00e1n sus tierras a este\u2026","rel":"","context":"En &quot;campeche&quot;","block_context":{"text":"campeche","link":"http:\/\/www.grieta.org.mx\/index.php\/category\/campeche\/"},"img":{"alt_text":"","src":"https:\/\/i0.wp.com\/www.grieta.org.mx\/wp-content\/uploads\/2018\/03\/14524434_1106112876131411_958039263622046936_o.jpg?resize=350%2C200","width":350,"height":200,"srcset":"https:\/\/i0.wp.com\/www.grieta.org.mx\/wp-content\/uploads\/2018\/03\/14524434_1106112876131411_958039263622046936_o.jpg?resize=350%2C200 1x, https:\/\/i0.wp.com\/www.grieta.org.mx\/wp-content\/uploads\/2018\/03\/14524434_1106112876131411_958039263622046936_o.jpg?resize=525%2C300 1.5x, https:\/\/i0.wp.com\/www.grieta.org.mx\/wp-content\/uploads\/2018\/03\/14524434_1106112876131411_958039263622046936_o.jpg?resize=700%2C400 2x"},"classes":[]},{"id":1504,"url":"http:\/\/www.grieta.org.mx\/index.php\/2015\/09\/25\/liberan-a-lider-campesino-acusado-de-despojar-de-terrenos-a-la-familia-mourino\/","url_meta":{"origin":1506,"position":2},"title":"Liberan a l\u00edder campesino acusado de despojar de terrenos a la familia Mouri\u00f1o","author":"grieta","date":"25 septiembre, 2015","format":false,"excerpt":"CAMPECHE, Camp. (apro).- El Juzgado de Control orden\u00f3 esta tarde la libertad del l\u00edder campesino Celestino May, por considerar que su detenci\u00f3n, el pasado mi\u00e9rcoles 23, fue ilegal. El dirigente del movimiento Tierra y Justicia fue aprehendido junto con Jacqueline Palomo y sus hijos Abner y Pedro Natanael, acusados del\u2026","rel":"","context":"En &quot;campeche&quot;","block_context":{"text":"campeche","link":"http:\/\/www.grieta.org.mx\/index.php\/category\/campeche\/"},"img":{"alt_text":"","src":"https:\/\/i0.wp.com\/www.grieta.org.mx\/wp-content\/uploads\/2018\/03\/14524434_1106112876131411_958039263622046936_o.jpg?resize=350%2C200","width":350,"height":200,"srcset":"https:\/\/i0.wp.com\/www.grieta.org.mx\/wp-content\/uploads\/2018\/03\/14524434_1106112876131411_958039263622046936_o.jpg?resize=350%2C200 1x, https:\/\/i0.wp.com\/www.grieta.org.mx\/wp-content\/uploads\/2018\/03\/14524434_1106112876131411_958039263622046936_o.jpg?resize=525%2C300 1.5x, https:\/\/i0.wp.com\/www.grieta.org.mx\/wp-content\/uploads\/2018\/03\/14524434_1106112876131411_958039263622046936_o.jpg?resize=700%2C400 2x"},"classes":[]},{"id":1498,"url":"http:\/\/www.grieta.org.mx\/index.php\/2015\/11\/20\/mi-encarcelamiento-pago-de-una-factura-politica-a-mourino-celestino-may\/","url_meta":{"origin":1506,"position":3},"title":"\u201cMi encarcelamiento pago de una factura pol\u00edtica a Mouri\u00f1o\u201d: Celestino May","author":"grieta","date":"20 noviembre, 2015","format":false,"excerpt":"Rosa Santana 20 de noviembre de 2015 Proceso CAMPECHE, Camp. (apro).- El l\u00edder campesino Pedro Celestino May Can, recluido desde hace m\u00e1s de un mes en el penal de Kob\u00e9n, acusado de despojo, se declar\u00f3 \u201cpreso pol\u00edtico\u201d y denunci\u00f3 que su encarcelamiento es el pago de una \u201cfactura pol\u00edtica\u201d del\u2026","rel":"","context":"En &quot;campeche&quot;","block_context":{"text":"campeche","link":"http:\/\/www.grieta.org.mx\/index.php\/category\/campeche\/"},"img":{"alt_text":"","src":"https:\/\/i0.wp.com\/www.grieta.org.mx\/wp-content\/uploads\/2018\/03\/14524434_1106112876131411_958039263622046936_o.jpg?resize=350%2C200","width":350,"height":200,"srcset":"https:\/\/i0.wp.com\/www.grieta.org.mx\/wp-content\/uploads\/2018\/03\/14524434_1106112876131411_958039263622046936_o.jpg?resize=350%2C200 1x, https:\/\/i0.wp.com\/www.grieta.org.mx\/wp-content\/uploads\/2018\/03\/14524434_1106112876131411_958039263622046936_o.jpg?resize=525%2C300 1.5x, https:\/\/i0.wp.com\/www.grieta.org.mx\/wp-content\/uploads\/2018\/03\/14524434_1106112876131411_958039263622046936_o.jpg?resize=700%2C400 2x"},"classes":[]},{"id":1502,"url":"http:\/\/www.grieta.org.mx\/index.php\/2015\/10\/03\/campeche-arrestan-de-nuevo-a-lider-campesino\/","url_meta":{"origin":1506,"position":4},"title":"Campeche: arrestan de nuevo a l\u00edder campesino","author":"grieta","date":"3 octubre, 2015","format":false,"excerpt":"El l\u00edder del Movimiento Campesino Tierra y Justicia, Pedro Celestino May Can, fue detenido por segunda vez en menos de una semana, acusado de despojar un bien inmueble. May Can fue apresado por primera vez el pasado 23 de septiembre pero un juez orden\u00f3 su libertad bajo fianza el d\u00eda\u2026","rel":"","context":"En &quot;campeche&quot;","block_context":{"text":"campeche","link":"http:\/\/www.grieta.org.mx\/index.php\/category\/campeche\/"},"img":{"alt_text":"","src":"https:\/\/i0.wp.com\/www.grieta.org.mx\/wp-content\/uploads\/2018\/03\/14524434_1106112876131411_958039263622046936_o.jpg?resize=350%2C200","width":350,"height":200,"srcset":"https:\/\/i0.wp.com\/www.grieta.org.mx\/wp-content\/uploads\/2018\/03\/14524434_1106112876131411_958039263622046936_o.jpg?resize=350%2C200 1x, https:\/\/i0.wp.com\/www.grieta.org.mx\/wp-content\/uploads\/2018\/03\/14524434_1106112876131411_958039263622046936_o.jpg?resize=525%2C300 1.5x, https:\/\/i0.wp.com\/www.grieta.org.mx\/wp-content\/uploads\/2018\/03\/14524434_1106112876131411_958039263622046936_o.jpg?resize=700%2C400 2x"},"classes":[]},{"id":1512,"url":"http:\/\/www.grieta.org.mx\/index.php\/2016\/01\/25\/sale-de-la-carcel-primer-preso-politico-del-sexenio-de-alito\/","url_meta":{"origin":1506,"position":5},"title":"Sale de la c\u00e1rcel primer preso pol\u00edtico del sexenio de \u201cAlito\u201d","author":"grieta","date":"25 enero, 2016","format":false,"excerpt":"El l\u00edder campesino de Lerma, Pedro Celestino May, tuvo que declararse culpable y dar una disculpa p\u00fablica a la compa\u00f1\u00eda que lo demand\u00f3. Por Daniel S\u00e1nchez CAMPECHE, Cam. 24 de enero del 2016.- El autodeclarado primer preso pol\u00edtico del sexenio del ileg\u00edtimo y espurio Alejandro Moreno C\u00e1rdenas, Pedro Celestino May\u2026","rel":"","context":"En &quot;campeche&quot;","block_context":{"text":"campeche","link":"http:\/\/www.grieta.org.mx\/index.php\/category\/campeche\/"},"img":{"alt_text":"","src":"https:\/\/i0.wp.com\/www.grieta.org.mx\/wp-content\/uploads\/2018\/03\/14524434_1106112876131411_958039263622046936_o.jpg?resize=350%2C200","width":350,"height":200,"srcset":"https:\/\/i0.wp.com\/www.grieta.org.mx\/wp-content\/uploads\/2018\/03\/14524434_1106112876131411_958039263622046936_o.jpg?resize=350%2C200 1x, https:\/\/i0.wp.com\/www.grieta.org.mx\/wp-content\/uploads\/2018\/03\/14524434_1106112876131411_958039263622046936_o.jpg?resize=525%2C300 1.5x, https:\/\/i0.wp.com\/www.grieta.org.mx\/wp-content\/uploads\/2018\/03\/14524434_1106112876131411_958039263622046936_o.jpg?resize=700%2C400 2x"},"classes":[]}],"_links":{"self":[{"href":"http:\/\/www.grieta.org.mx\/index.php\/wp-json\/wp\/v2\/posts\/1506","targetHints":{"allow":["GET"]}}],"collection":[{"href":"http:\/\/www.grieta.org.mx\/index.php\/wp-json\/wp\/v2\/posts"}],"about":[{"href":"http:\/\/www.grieta.org.mx\/index.php\/wp-json\/wp\/v2\/types\/post"}],"author":[{"embeddable":true,"href":"http:\/\/www.grieta.org.mx\/index.php\/wp-json\/wp\/v2\/users\/2"}],"replies":[{"embeddable":true,"href":"http:\/\/www.grieta.org.mx\/index.php\/wp-json\/wp\/v2\/comments?post=1506"}],"version-history":[{"count":1,"href":"http:\/\/www.grieta.org.mx\/index.php\/wp-json\/wp\/v2\/posts\/1506\/revisions"}],"predecessor-version":[{"id":1507,"href":"http:\/\/www.grieta.org.mx\/index.php\/wp-json\/wp\/v2\/posts\/1506\/revisions\/1507"}],"wp:featuredmedia":[{"embeddable":true,"href":"http:\/\/www.grieta.org.mx\/index.php\/wp-json\/wp\/v2\/media\/21928"}],"wp:attachment":[{"href":"http:\/\/www.grieta.org.mx\/index.php\/wp-json\/wp\/v2\/media?parent=1506"}],"wp:term":[{"taxonomy":"category","embeddable":true,"href":"http:\/\/www.grieta.org.mx\/index.php\/wp-json\/wp\/v2\/categories?post=1506"},{"taxonomy":"post_tag","embeddable":true,"href":"http:\/\/www.grieta.org.mx\/index.php\/wp-json\/wp\/v2\/tags?post=1506"}],"curies":[{"name":"wp","href":"https:\/\/api.w.org\/{rel}","templated":true}]}}