{"id":15057,"date":"2016-06-20T19:56:24","date_gmt":"2016-06-20T19:56:24","guid":{"rendered":"http:\/\/www.grieta.org.mx\/?p=15057"},"modified":"2016-06-26T20:03:25","modified_gmt":"2016-06-26T20:03:25","slug":"violencia-contra-la-mujer-en-slp","status":"publish","type":"post","link":"http:\/\/www.grieta.org.mx\/index.php\/2016\/06\/20\/violencia-contra-la-mujer-en-slp\/","title":{"rendered":"Violencia contra la mujer en SLP"},"content":{"rendered":"<p>San Luis Potos\u00ed, est\u00e1 entre las 12 entidades que tienen problemas para garantizar una vida libre de violencia a sus mujeres, de acuerdo con la Comisi\u00f3n Nacional para Prevenir y Erradicar la Violencia Contra las Mujeres (Conavim): Baja California, Michoac\u00e1n, Colima, Guanajuato, Sonora, Quer\u00e9taro, Veracruz, San Luis Potos\u00ed y Quintana Roo.<\/p>\n<p>En Morelos, Jalisco y el Estado de M\u00e9xico ya se decretado una Alerta de Violencia de G\u00e9nero contra las Mujeres (AVGM).<\/p>\n<p>Sin embargo, San Luis a\u00fan no es un estado con Alerta de G\u00e9nero, destac\u00f3 la titular del Instituto de las Mujeres, \u00c9rika Velazquez Guti\u00e9rrez, en un comunicado publicado el pasado 10 de junio.<\/p>\n<p>En territorio potosino se han cometido al menos 171 asesinatos de mujeres entre 2011 y 2015, que de acuerdo con la CEDH, y por las circunstancias en las cuales fueron perpetrados, pueden ser considerados como feminicidios, sin embargo, San Luis Potos\u00ed a\u00fan no es un estado en Alerta de G\u00e9nero.<\/p>\n<p>De 2011 a 2015, la PGJE, ha turnado a los juzgados al menos 52 asesinatos de mujeres considerados feminicidios, de estos s\u00f3lo en 9 hubo sentencia condenatoria, es decir, m\u00e1s del 80 por ciento de los casos, quedaron impunes.<\/p>\n<p>Mujer o v\u00edctima<\/p>\n<p>A pesar de que en pa\u00edses desarrollados la auto defensa de la mujer se ha establecido en la pisque popular desde hace 30 a\u00f1os, en M\u00e9xico el asunto se encuentra en pa\u00f1ales, ya que las autoridades encargadas de la protecci\u00f3n a las mujeres se han mostrado reacias a esta cultura porque a nivel nacional se tiene la consigna de que la violencia genera m\u00e1s violencia.<\/p>\n<p>Sin embargo, sitios web y publicaciones editoriales al respecto se\u00f1alan que las mujeres deben saber que pueden cuidarse por s\u00ed mismas usando t\u00e9cnicas que van desde la defensa personal hasta el uso de armas no letales.<\/p>\n<p>Por su parte, Erika Vel\u00e1zquez Guti\u00e9rrez, a pregunta expresa de si podr\u00eda iniciarse al menos en San Luis Potos\u00ed una cultura de auto defensa femenina como consecuencia del alza en la violencia de g\u00e9nero, consider\u00f3 que m\u00e1s que autodefensas, lo que hace falta es educar desde edades tempranas a los menores a no ejercer violencia contra la mujer.<\/p>\n<p>\u201cHay que educarnos a todas y a todos, no puede ser que cualquier mujer tenga que traer una pistola porque la violencia nos la van a ejercer\u201d.<\/p>\n<p>\u00bfY las que no puedan, las que no tengan acceso a ello? \u00bfQu\u00e9 va a pasar? cuestion\u00f3.<\/p>\n<p>\u201cMejor hay que preparar a los hombres desde peque\u00f1os para que no ejerzan ninguna clase de violencia contra las mujeres\u201d.<\/p>\n<p>Se\u00f1al\u00f3 que hay un programa contra la violencia contra las mujeres, en el que tambi\u00e9n se dirigen a los ni\u00f1os y se les dice que no deben ejercer la violencia porque mujeres y hombres somos iguales.<\/p>\n<p>\u201cEsto ser\u00eda un cuento de nunca acabar en el que las mujeres tendr\u00edamos que defendernos de algo que no provocamos\u201d.<\/p>\n<p>Por su parte, la activista F\u00e1tima Alvizo consider\u00f3 que la autodefensa es necesaria y urgente pues \u201cmientras siga habiendo una violaci\u00f3n cada cinco minutos y seis feminicidios diarios, la autodefensa es una estrategia emergente para un estado de violencia sistem\u00e1tica contra las mujeres. Mientras el panorama no cambie, debemos negarnos a ser una cifra de muerte\u201d.<\/p>\n<p>En internet, mientras tanto, pueden encontrarse cientos de publicaciones que emiten una postura radical sobre el tema, siendo algunas las que recomiendan incluso, la compra de armas no letales que pueden adquirirse por internet o en tiendas especializadas y que seg\u00fan la ley actual en el pa\u00eds, no son prohibidas.<\/p>\n<p>http:\/\/planoinformativo.com\/nota\/id\/465916\/noticia\/slp-no-sabe-cuidar-a-sus-mujeres.html<\/p>\n","protected":false},"excerpt":{"rendered":"<p>San Luis Potos\u00ed, est\u00e1 entre las 12 entidades que tienen problemas para garantizar una vida libre de violencia a sus mujeres, de acuerdo con la Comisi\u00f3n Nacional para Prevenir y &hellip; <a href=\"http:\/\/www.grieta.org.mx\/index.php\/2016\/06\/20\/violencia-contra-la-mujer-en-slp\/\" class=\"more-link\">Leer m\u00e1s<\/a><\/p>\n","protected":false},"author":2,"featured_media":21928,"comment_status":"closed","ping_status":"closed","sticky":false,"template":"","format":"standard","meta":{"ngg_post_thumbnail":0,"_jetpack_newsletter_access":"","_jetpack_dont_email_post_to_subs":false,"_jetpack_newsletter_tier_id":0,"_jetpack_memberships_contains_paywalled_content":false,"_jetpack_memberships_contains_paid_content":false,"footnotes":""},"categories":[80,141],"tags":[94],"class_list":["post-15057","post","type-post","status-publish","format-standard","has-post-thumbnail","hentry","category-cintillo","category-san-luis-potosi","tag-violencia-contra-mujeres","entry"],"jetpack_featured_media_url":"http:\/\/www.grieta.org.mx\/wp-content\/uploads\/2018\/03\/14524434_1106112876131411_958039263622046936_o.jpg","jetpack_sharing_enabled":true,"jetpack_shortlink":"https:\/\/wp.me\/p7ZJR4-3UR","jetpack_likes_enabled":false,"jetpack-related-posts":[{"id":11512,"url":"http:\/\/www.grieta.org.mx\/index.php\/2016\/07\/20\/movilizacion-contra-la-violencia-hacia-las-mujeres-en-san-luis-potosi\/","url_meta":{"origin":15057,"position":0},"title":"Movilizaci\u00f3n contra la violencia hacia las mujeres en San Luis Potosi","author":"grieta","date":"20 julio, 2016","format":false,"excerpt":"07\/07\/16. En SLP, \u201cno se ven\u201d avances contra la violencia contra las mujeres: InmujeresLa Jornada San Luis 25\/05\/16. Mujeres de SL, en marcha contra la violencia machistaLa jornada 25\/05\/16. Realizan marcha contra la violencia machistaEl Sol de San Luis","rel":"","context":"En &quot;San Luis Potos\u00ed&quot;","block_context":{"text":"San Luis Potos\u00ed","link":"http:\/\/www.grieta.org.mx\/index.php\/category\/noticias-nacionales\/san-luis-potosi\/"},"img":{"alt_text":"","src":"https:\/\/i0.wp.com\/www.grieta.org.mx\/wp-content\/uploads\/2018\/03\/14524434_1106112876131411_958039263622046936_o.jpg?resize=350%2C200","width":350,"height":200,"srcset":"https:\/\/i0.wp.com\/www.grieta.org.mx\/wp-content\/uploads\/2018\/03\/14524434_1106112876131411_958039263622046936_o.jpg?resize=350%2C200 1x, https:\/\/i0.wp.com\/www.grieta.org.mx\/wp-content\/uploads\/2018\/03\/14524434_1106112876131411_958039263622046936_o.jpg?resize=525%2C300 1.5x, https:\/\/i0.wp.com\/www.grieta.org.mx\/wp-content\/uploads\/2018\/03\/14524434_1106112876131411_958039263622046936_o.jpg?resize=700%2C400 2x"},"classes":[]},{"id":43014,"url":"http:\/\/www.grieta.org.mx\/index.php\/2020\/01\/07\/regresa-slp-recursos-para-alerta-de-violencia-de-genero\/","url_meta":{"origin":15057,"position":1},"title":"Regresa SLP recursos para alerta de violencia de g\u00e9nero","author":"grieta","date":"7 enero, 2020","format":false,"excerpt":"La Federaci\u00f3n los mand\u00f3 en la segunda quincena de noviembre para ejecutar a m\u00e1s tardar el 31 en diciembre y no hubo tiempo Raymundo Rocha\/El Sol de San Luis 7 enero 2020 San Luis Potos\u00ed tuvo que reintegrar a finales del a\u00f1o pasado a la Federaci\u00f3n recursos que le fueron\u2026","rel":"","context":"En &quot;CINTILLO&quot;","block_context":{"text":"CINTILLO","link":"http:\/\/www.grieta.org.mx\/index.php\/category\/cintillo\/"},"img":{"alt_text":"","src":"https:\/\/i0.wp.com\/www.grieta.org.mx\/wp-content\/uploads\/2020\/01\/paliacate.png?resize=350%2C200","width":350,"height":200,"srcset":"https:\/\/i0.wp.com\/www.grieta.org.mx\/wp-content\/uploads\/2020\/01\/paliacate.png?resize=350%2C200 1x, https:\/\/i0.wp.com\/www.grieta.org.mx\/wp-content\/uploads\/2020\/01\/paliacate.png?resize=525%2C300 1.5x, https:\/\/i0.wp.com\/www.grieta.org.mx\/wp-content\/uploads\/2020\/01\/paliacate.png?resize=700%2C400 2x"},"classes":[]},{"id":29551,"url":"http:\/\/www.grieta.org.mx\/index.php\/2019\/02\/24\/otro-recorte-ahora-afectara-a-refugios-para-mujeres-san-luis-potosi\/","url_meta":{"origin":15057,"position":2},"title":"Otro recorte, ahora afectar\u00e1 a refugios para mujeres (San Luis Potos\u00ed)","author":"grieta","date":"24 febrero, 2019","format":false,"excerpt":"Jorge Torres \/ Plano Informativo El refugio que existe en SLP que maneja la asociaci\u00f3n civil Otra Oportunidad. San Luis Potos\u00ed, SLP.- \"Es verdaderamente grave la ceguera de g\u00e9nero que tiene este Gobierno Federal al querer coartar, limitar y hacer un retroceso inconcebible en los Derechos Humanos de las mujeres\",\u2026","rel":"","context":"En &quot;CINTILLO&quot;","block_context":{"text":"CINTILLO","link":"http:\/\/www.grieta.org.mx\/index.php\/category\/cintillo\/"},"img":{"alt_text":"","src":"https:\/\/i0.wp.com\/www.grieta.org.mx\/wp-content\/uploads\/2019\/02\/Otro-recorte-ahora-afectar%C3%A1-a-refugios-para-mujeres-slp-feb.jpg?resize=350%2C200","width":350,"height":200,"srcset":"https:\/\/i0.wp.com\/www.grieta.org.mx\/wp-content\/uploads\/2019\/02\/Otro-recorte-ahora-afectar%C3%A1-a-refugios-para-mujeres-slp-feb.jpg?resize=350%2C200 1x, https:\/\/i0.wp.com\/www.grieta.org.mx\/wp-content\/uploads\/2019\/02\/Otro-recorte-ahora-afectar%C3%A1-a-refugios-para-mujeres-slp-feb.jpg?resize=525%2C300 1.5x, https:\/\/i0.wp.com\/www.grieta.org.mx\/wp-content\/uploads\/2019\/02\/Otro-recorte-ahora-afectar%C3%A1-a-refugios-para-mujeres-slp-feb.jpg?resize=700%2C400 2x"},"classes":[]},{"id":30559,"url":"http:\/\/www.grieta.org.mx\/index.php\/2019\/03\/11\/preocupa-en-matehuala-indice-de-feminicidios-san-luis-potosi\/","url_meta":{"origin":15057,"position":3},"title":"Preocupa en Matehuala, \u00edndice de feminicidios (San Luis Potos\u00ed)","author":"grieta","date":"11 marzo, 2019","format":false,"excerpt":"Alejandra M\u00e9ndez \/ El Sol de San Luis Como primera actividad de la red, en conmemoraci\u00f3n del 8 de marzo, se emprendi\u00f3 un taller de de defensa personal dirigido a las mujeres Un grupo profesionistas de la Universidad de Matehuala, se integraron para conformar la red de mujeres al servicio\u2026","rel":"","context":"En &quot;CINTILLO&quot;","block_context":{"text":"CINTILLO","link":"http:\/\/www.grieta.org.mx\/index.php\/category\/cintillo\/"},"img":{"alt_text":"","src":"https:\/\/i0.wp.com\/www.grieta.org.mx\/wp-content\/uploads\/2019\/03\/Preocupa-en-Matehuala-%C3%ADndice-de-feminicidios-slp-mzo.jpg?resize=350%2C200","width":350,"height":200,"srcset":"https:\/\/i0.wp.com\/www.grieta.org.mx\/wp-content\/uploads\/2019\/03\/Preocupa-en-Matehuala-%C3%ADndice-de-feminicidios-slp-mzo.jpg?resize=350%2C200 1x, https:\/\/i0.wp.com\/www.grieta.org.mx\/wp-content\/uploads\/2019\/03\/Preocupa-en-Matehuala-%C3%ADndice-de-feminicidios-slp-mzo.jpg?resize=525%2C300 1.5x, https:\/\/i0.wp.com\/www.grieta.org.mx\/wp-content\/uploads\/2019\/03\/Preocupa-en-Matehuala-%C3%ADndice-de-feminicidios-slp-mzo.jpg?resize=700%2C400 2x"},"classes":[]},{"id":33494,"url":"http:\/\/www.grieta.org.mx\/index.php\/2019\/05\/15\/asesinadas-15-mujeres-en-2019-san-luis-potosi\/","url_meta":{"origin":15057,"position":4},"title":"Asesinadas 15 mujeres, en 2019 (San Luis Potos\u00ed)","author":"grieta","date":"15 mayo, 2019","format":false,"excerpt":"Leopoldo Pacheco \/ Plano Informativo No se sabe si por el calor, el deterioro del poder adquisitivo o la descomposici\u00f3n social emanada de la violencia sin freno que invade las redes sociales, pero lo cierto es que la violencia feminicida se ha recrudecido y m\u00e1s mujeres mueren a manos, mayormente,\u2026","rel":"","context":"En &quot;CINTILLO&quot;","block_context":{"text":"CINTILLO","link":"http:\/\/www.grieta.org.mx\/index.php\/category\/cintillo\/"},"img":{"alt_text":"","src":"https:\/\/i0.wp.com\/www.grieta.org.mx\/wp-content\/uploads\/2019\/05\/Asesinadas-15-mujeres-en-2019-slp-may.png?resize=350%2C200","width":350,"height":200,"srcset":"https:\/\/i0.wp.com\/www.grieta.org.mx\/wp-content\/uploads\/2019\/05\/Asesinadas-15-mujeres-en-2019-slp-may.png?resize=350%2C200 1x, https:\/\/i0.wp.com\/www.grieta.org.mx\/wp-content\/uploads\/2019\/05\/Asesinadas-15-mujeres-en-2019-slp-may.png?resize=525%2C300 1.5x, https:\/\/i0.wp.com\/www.grieta.org.mx\/wp-content\/uploads\/2019\/05\/Asesinadas-15-mujeres-en-2019-slp-may.png?resize=700%2C400 2x"},"classes":[]},{"id":63675,"url":"http:\/\/www.grieta.org.mx\/index.php\/2022\/03\/08\/8m-se-manifiestan-en-la-universidad-autonoma-de-san-luis-potosi\/","url_meta":{"origin":15057,"position":5},"title":"8M: Se manifiestan en la Universidad Aut\u00f3noma de San Luis Potos\u00ed","author":"grieta","date":"8 marzo, 2022","format":false,"excerpt":"Redacci\u00f3n\/La Raz\u00f3n Online 8 marzo 2022 Las manifestantes exigen justicia por abusos que han sufrido por parte de profesores y compa\u00f1eros de la Universidad Aut\u00f3noma de San Luis Potos\u00ed Al grito de \"s\u00ed me representan\", cientos de mujeres se manifestaron en la Plaza de los Fundadores durante su paso por\u2026","rel":"","context":"En &quot;CINTILLO&quot;","block_context":{"text":"CINTILLO","link":"http:\/\/www.grieta.org.mx\/index.php\/category\/cintillo\/"},"img":{"alt_text":"","src":"https:\/\/i0.wp.com\/www.grieta.org.mx\/wp-content\/uploads\/2022\/03\/8m2022.jpeg?resize=350%2C200","width":350,"height":200,"srcset":"https:\/\/i0.wp.com\/www.grieta.org.mx\/wp-content\/uploads\/2022\/03\/8m2022.jpeg?resize=350%2C200 1x, https:\/\/i0.wp.com\/www.grieta.org.mx\/wp-content\/uploads\/2022\/03\/8m2022.jpeg?resize=525%2C300 1.5x, https:\/\/i0.wp.com\/www.grieta.org.mx\/wp-content\/uploads\/2022\/03\/8m2022.jpeg?resize=700%2C400 2x"},"classes":[]}],"_links":{"self":[{"href":"http:\/\/www.grieta.org.mx\/index.php\/wp-json\/wp\/v2\/posts\/15057","targetHints":{"allow":["GET"]}}],"collection":[{"href":"http:\/\/www.grieta.org.mx\/index.php\/wp-json\/wp\/v2\/posts"}],"about":[{"href":"http:\/\/www.grieta.org.mx\/index.php\/wp-json\/wp\/v2\/types\/post"}],"author":[{"embeddable":true,"href":"http:\/\/www.grieta.org.mx\/index.php\/wp-json\/wp\/v2\/users\/2"}],"replies":[{"embeddable":true,"href":"http:\/\/www.grieta.org.mx\/index.php\/wp-json\/wp\/v2\/comments?post=15057"}],"version-history":[{"count":1,"href":"http:\/\/www.grieta.org.mx\/index.php\/wp-json\/wp\/v2\/posts\/15057\/revisions"}],"predecessor-version":[{"id":15058,"href":"http:\/\/www.grieta.org.mx\/index.php\/wp-json\/wp\/v2\/posts\/15057\/revisions\/15058"}],"wp:featuredmedia":[{"embeddable":true,"href":"http:\/\/www.grieta.org.mx\/index.php\/wp-json\/wp\/v2\/media\/21928"}],"wp:attachment":[{"href":"http:\/\/www.grieta.org.mx\/index.php\/wp-json\/wp\/v2\/media?parent=15057"}],"wp:term":[{"taxonomy":"category","embeddable":true,"href":"http:\/\/www.grieta.org.mx\/index.php\/wp-json\/wp\/v2\/categories?post=15057"},{"taxonomy":"post_tag","embeddable":true,"href":"http:\/\/www.grieta.org.mx\/index.php\/wp-json\/wp\/v2\/tags?post=15057"}],"curies":[{"name":"wp","href":"https:\/\/api.w.org\/{rel}","templated":true}]}}