{"id":15051,"date":"2016-06-20T19:46:25","date_gmt":"2016-06-20T19:46:25","guid":{"rendered":"http:\/\/www.grieta.org.mx\/?p=15051"},"modified":"2016-06-26T19:54:24","modified_gmt":"2016-06-26T19:54:24","slug":"militarizacion-en-san-luis-potosi","status":"publish","type":"post","link":"http:\/\/www.grieta.org.mx\/index.php\/2016\/06\/20\/militarizacion-en-san-luis-potosi\/","title":{"rendered":"Militarizaci\u00f3n en San Luis Potos\u00ed"},"content":{"rendered":"<p><strong>26\/04\/16. <\/strong><a href=\"http:\/\/www.grieta.org.mx\/index.php\/2016\/05\/26\/matehuala-tendra-cuartel-militar\/\">Matehuala Tendr\u00e1 Cuartel Militar<\/a><br  \/><em>La Jornada San Luis<\/em><br  \/><\/p>\n","protected":false},"excerpt":{"rendered":"<p>26\/04\/16. Matehuala Tendr\u00e1 Cuartel MilitarLa Jornada San Luis<\/p>\n","protected":false},"author":2,"featured_media":21928,"comment_status":"closed","ping_status":"closed","sticky":false,"template":"","format":"standard","meta":{"ngg_post_thumbnail":0,"_jetpack_newsletter_access":"","_jetpack_dont_email_post_to_subs":false,"_jetpack_newsletter_tier_id":0,"_jetpack_memberships_contains_paywalled_content":false,"_jetpack_memberships_contains_paid_content":false,"footnotes":""},"categories":[29],"tags":[],"class_list":["post-15051","post","type-post","status-publish","format-standard","has-post-thumbnail","hentry","category-san-luis-potosi","entry"],"jetpack_featured_media_url":"http:\/\/www.grieta.org.mx\/wp-content\/uploads\/2018\/03\/14524434_1106112876131411_958039263622046936_o.jpg","jetpack_sharing_enabled":true,"jetpack_shortlink":"https:\/\/wp.me\/p7ZJR4-3UL","jetpack_likes_enabled":false,"jetpack-related-posts":[{"id":15060,"url":"http:\/\/www.grieta.org.mx\/index.php\/2016\/08\/09\/movilizaciones-contra-la-reforma-educativa-en-san-luis-potosi\/","url_meta":{"origin":15051,"position":0},"title":"Movilizaciones contra la reforma educativa en San Luis Potos\u00ed","author":"grieta","date":"9 agosto, 2016","format":false,"excerpt":"04\/08\/16. Se agrupan maestros de SNTE y CNTE contra reforma educativa en SLPLa Jornada San Luis 22\/07\/16. Maestros se vuelven a manifestar en SLPEl Sol de San Luis 21\/07\/16. CNTE en SLP entrega pliego petitorio en Congreso local de SLPQuadratin 13\/07\/16. Marchan maestros en San Luis Potos\u00ed contra la reforma\u2026","rel":"","context":"En &quot;San Luis Potos\u00ed&quot;","block_context":{"text":"San Luis Potos\u00ed","link":"http:\/\/www.grieta.org.mx\/index.php\/category\/noticias-nacionales\/san-luis-potosi\/"},"img":{"alt_text":"","src":"https:\/\/i0.wp.com\/www.grieta.org.mx\/wp-content\/uploads\/2018\/03\/14524434_1106112876131411_958039263622046936_o.jpg?resize=350%2C200","width":350,"height":200,"srcset":"https:\/\/i0.wp.com\/www.grieta.org.mx\/wp-content\/uploads\/2018\/03\/14524434_1106112876131411_958039263622046936_o.jpg?resize=350%2C200 1x, https:\/\/i0.wp.com\/www.grieta.org.mx\/wp-content\/uploads\/2018\/03\/14524434_1106112876131411_958039263622046936_o.jpg?resize=525%2C300 1.5x, https:\/\/i0.wp.com\/www.grieta.org.mx\/wp-content\/uploads\/2018\/03\/14524434_1106112876131411_958039263622046936_o.jpg?resize=700%2C400 2x"},"classes":[]},{"id":17580,"url":"http:\/\/www.grieta.org.mx\/index.php\/2016\/07\/22\/movilizaciones-del-sector-salud-en-san-luis-potosi\/","url_meta":{"origin":15051,"position":1},"title":"Movilizaciones del sector salud en San Luis Potos\u00ed","author":"grieta","date":"22 julio, 2016","format":false,"excerpt":"30\/06\/16. Exigen m\u00e9dicos mejores condiciones en el Sector Salud en SLPLa Jornada San Luis 30\/06\/16. Opositores a las reformas se unen en una manifestaci\u00f3n en SLPLa Jornada San Luis","rel":"","context":"En &quot;San Luis Potos\u00ed&quot;","block_context":{"text":"San Luis Potos\u00ed","link":"http:\/\/www.grieta.org.mx\/index.php\/category\/noticias-nacionales\/san-luis-potosi\/"},"img":{"alt_text":"","src":"https:\/\/i0.wp.com\/www.grieta.org.mx\/wp-content\/uploads\/2018\/03\/14524434_1106112876131411_958039263622046936_o.jpg?resize=350%2C200","width":350,"height":200,"srcset":"https:\/\/i0.wp.com\/www.grieta.org.mx\/wp-content\/uploads\/2018\/03\/14524434_1106112876131411_958039263622046936_o.jpg?resize=350%2C200 1x, https:\/\/i0.wp.com\/www.grieta.org.mx\/wp-content\/uploads\/2018\/03\/14524434_1106112876131411_958039263622046936_o.jpg?resize=525%2C300 1.5x, https:\/\/i0.wp.com\/www.grieta.org.mx\/wp-content\/uploads\/2018\/03\/14524434_1106112876131411_958039263622046936_o.jpg?resize=700%2C400 2x"},"classes":[]},{"id":15053,"url":"http:\/\/www.grieta.org.mx\/index.php\/2016\/05\/26\/matehuala-tendra-cuartel-militar\/","url_meta":{"origin":15051,"position":2},"title":"Matehuala Tendr\u00e1 Cuartel Militar","author":"grieta","date":"26 mayo, 2016","format":false,"excerpt":"La Jornada Samuel Estrada El presidente municipal de Matehuala, Everardo Nava Gomez inform\u00f3 que ya est\u00e1n las pl\u00e1ticas avanzadas para que el ayuntamiento pueda donar un terreno a la Secretar\u00eda de la Defensa Nacional (Sedena) para la construcci\u00f3n de un cuartel militar en el municipio. que servir\u00e1 para tener presencia\u2026","rel":"","context":"En &quot;CINTILLO&quot;","block_context":{"text":"CINTILLO","link":"http:\/\/www.grieta.org.mx\/index.php\/category\/cintillo\/"},"img":{"alt_text":"","src":"https:\/\/i0.wp.com\/www.grieta.org.mx\/wp-content\/uploads\/2018\/03\/14524434_1106112876131411_958039263622046936_o.jpg?resize=350%2C200","width":350,"height":200,"srcset":"https:\/\/i0.wp.com\/www.grieta.org.mx\/wp-content\/uploads\/2018\/03\/14524434_1106112876131411_958039263622046936_o.jpg?resize=350%2C200 1x, https:\/\/i0.wp.com\/www.grieta.org.mx\/wp-content\/uploads\/2018\/03\/14524434_1106112876131411_958039263622046936_o.jpg?resize=525%2C300 1.5x, https:\/\/i0.wp.com\/www.grieta.org.mx\/wp-content\/uploads\/2018\/03\/14524434_1106112876131411_958039263622046936_o.jpg?resize=700%2C400 2x"},"classes":[]},{"id":8751,"url":"http:\/\/www.grieta.org.mx\/index.php\/2016\/08\/10\/feminicidios-en-san-luis-potosi\/","url_meta":{"origin":15051,"position":3},"title":"Feminicidios en San Luis Potos\u00ed","author":"grieta","date":"10 agosto, 2016","format":false,"excerpt":"09\/08\/16. Inmujeres y asociaciones critican fallida estrategia contra la violencia de g\u00e9nero en SLPLa Jornada San Luis 20\/06\/16. Violencia contra la mujer en SLPPlano Informativo 10\/05\/16. En San Luis Potos\u00ed. 171 feminicidios en 5 a\u00f1osAstrolabio 18\/01\/16. Feminicidio en Alaquines Plano Informativo 13\/11\/15. Feminicidios en SLP: Ausencia de protocolos, casos olvidados,\u2026","rel":"","context":"En &quot;Feminicidios&quot;","block_context":{"text":"Feminicidios","link":"http:\/\/www.grieta.org.mx\/index.php\/category\/temas-nacionales\/feminicidios\/"},"img":{"alt_text":"","src":"https:\/\/i0.wp.com\/www.grieta.org.mx\/wp-content\/uploads\/2018\/03\/14524434_1106112876131411_958039263622046936_o.jpg?resize=350%2C200","width":350,"height":200,"srcset":"https:\/\/i0.wp.com\/www.grieta.org.mx\/wp-content\/uploads\/2018\/03\/14524434_1106112876131411_958039263622046936_o.jpg?resize=350%2C200 1x, https:\/\/i0.wp.com\/www.grieta.org.mx\/wp-content\/uploads\/2018\/03\/14524434_1106112876131411_958039263622046936_o.jpg?resize=525%2C300 1.5x, https:\/\/i0.wp.com\/www.grieta.org.mx\/wp-content\/uploads\/2018\/03\/14524434_1106112876131411_958039263622046936_o.jpg?resize=700%2C400 2x"},"classes":[]},{"id":11512,"url":"http:\/\/www.grieta.org.mx\/index.php\/2016\/07\/20\/movilizacion-contra-la-violencia-hacia-las-mujeres-en-san-luis-potosi\/","url_meta":{"origin":15051,"position":4},"title":"Movilizaci\u00f3n contra la violencia hacia las mujeres en San Luis Potosi","author":"grieta","date":"20 julio, 2016","format":false,"excerpt":"07\/07\/16. En SLP, \u201cno se ven\u201d avances contra la violencia contra las mujeres: InmujeresLa Jornada San Luis 25\/05\/16. Mujeres de SL, en marcha contra la violencia machistaLa jornada 25\/05\/16. Realizan marcha contra la violencia machistaEl Sol de San Luis","rel":"","context":"En &quot;San Luis Potos\u00ed&quot;","block_context":{"text":"San Luis Potos\u00ed","link":"http:\/\/www.grieta.org.mx\/index.php\/category\/noticias-nacionales\/san-luis-potosi\/"},"img":{"alt_text":"","src":"https:\/\/i0.wp.com\/www.grieta.org.mx\/wp-content\/uploads\/2018\/03\/14524434_1106112876131411_958039263622046936_o.jpg?resize=350%2C200","width":350,"height":200,"srcset":"https:\/\/i0.wp.com\/www.grieta.org.mx\/wp-content\/uploads\/2018\/03\/14524434_1106112876131411_958039263622046936_o.jpg?resize=350%2C200 1x, https:\/\/i0.wp.com\/www.grieta.org.mx\/wp-content\/uploads\/2018\/03\/14524434_1106112876131411_958039263622046936_o.jpg?resize=525%2C300 1.5x, https:\/\/i0.wp.com\/www.grieta.org.mx\/wp-content\/uploads\/2018\/03\/14524434_1106112876131411_958039263622046936_o.jpg?resize=700%2C400 2x"},"classes":[]},{"id":30559,"url":"http:\/\/www.grieta.org.mx\/index.php\/2019\/03\/11\/preocupa-en-matehuala-indice-de-feminicidios-san-luis-potosi\/","url_meta":{"origin":15051,"position":5},"title":"Preocupa en Matehuala, \u00edndice de feminicidios (San Luis Potos\u00ed)","author":"grieta","date":"11 marzo, 2019","format":false,"excerpt":"Alejandra M\u00e9ndez \/ El Sol de San Luis Como primera actividad de la red, en conmemoraci\u00f3n del 8 de marzo, se emprendi\u00f3 un taller de de defensa personal dirigido a las mujeres Un grupo profesionistas de la Universidad de Matehuala, se integraron para conformar la red de mujeres al servicio\u2026","rel":"","context":"En &quot;CINTILLO&quot;","block_context":{"text":"CINTILLO","link":"http:\/\/www.grieta.org.mx\/index.php\/category\/cintillo\/"},"img":{"alt_text":"","src":"https:\/\/i0.wp.com\/www.grieta.org.mx\/wp-content\/uploads\/2019\/03\/Preocupa-en-Matehuala-%C3%ADndice-de-feminicidios-slp-mzo.jpg?resize=350%2C200","width":350,"height":200,"srcset":"https:\/\/i0.wp.com\/www.grieta.org.mx\/wp-content\/uploads\/2019\/03\/Preocupa-en-Matehuala-%C3%ADndice-de-feminicidios-slp-mzo.jpg?resize=350%2C200 1x, https:\/\/i0.wp.com\/www.grieta.org.mx\/wp-content\/uploads\/2019\/03\/Preocupa-en-Matehuala-%C3%ADndice-de-feminicidios-slp-mzo.jpg?resize=525%2C300 1.5x, https:\/\/i0.wp.com\/www.grieta.org.mx\/wp-content\/uploads\/2019\/03\/Preocupa-en-Matehuala-%C3%ADndice-de-feminicidios-slp-mzo.jpg?resize=700%2C400 2x"},"classes":[]}],"_links":{"self":[{"href":"http:\/\/www.grieta.org.mx\/index.php\/wp-json\/wp\/v2\/posts\/15051","targetHints":{"allow":["GET"]}}],"collection":[{"href":"http:\/\/www.grieta.org.mx\/index.php\/wp-json\/wp\/v2\/posts"}],"about":[{"href":"http:\/\/www.grieta.org.mx\/index.php\/wp-json\/wp\/v2\/types\/post"}],"author":[{"embeddable":true,"href":"http:\/\/www.grieta.org.mx\/index.php\/wp-json\/wp\/v2\/users\/2"}],"replies":[{"embeddable":true,"href":"http:\/\/www.grieta.org.mx\/index.php\/wp-json\/wp\/v2\/comments?post=15051"}],"version-history":[{"count":1,"href":"http:\/\/www.grieta.org.mx\/index.php\/wp-json\/wp\/v2\/posts\/15051\/revisions"}],"predecessor-version":[{"id":15056,"href":"http:\/\/www.grieta.org.mx\/index.php\/wp-json\/wp\/v2\/posts\/15051\/revisions\/15056"}],"wp:featuredmedia":[{"embeddable":true,"href":"http:\/\/www.grieta.org.mx\/index.php\/wp-json\/wp\/v2\/media\/21928"}],"wp:attachment":[{"href":"http:\/\/www.grieta.org.mx\/index.php\/wp-json\/wp\/v2\/media?parent=15051"}],"wp:term":[{"taxonomy":"category","embeddable":true,"href":"http:\/\/www.grieta.org.mx\/index.php\/wp-json\/wp\/v2\/categories?post=15051"},{"taxonomy":"post_tag","embeddable":true,"href":"http:\/\/www.grieta.org.mx\/index.php\/wp-json\/wp\/v2\/tags?post=15051"}],"curies":[{"name":"wp","href":"https:\/\/api.w.org\/{rel}","templated":true}]}}