{"id":14925,"date":"2016-06-22T04:05:52","date_gmt":"2016-06-22T04:05:52","guid":{"rendered":"http:\/\/www.grieta.org.mx\/?p=14925"},"modified":"2016-06-25T04:24:08","modified_gmt":"2016-06-25T04:24:08","slug":"se-solidariza-saltillo-con-profesores-en-oaxaca","status":"publish","type":"post","link":"http:\/\/www.grieta.org.mx\/index.php\/2016\/06\/22\/se-solidariza-saltillo-con-profesores-en-oaxaca\/","title":{"rendered":"Se solidariza Saltillo con profesores en Oaxaca"},"content":{"rendered":"<figure id=\"attachment_14927\" aria-describedby=\"caption-attachment-14927\" style=\"width: 680px\" class=\"wp-caption aligncenter\"><img loading=\"lazy\" decoding=\"async\" data-attachment-id=\"14927\" data-permalink=\"http:\/\/www.grieta.org.mx\/index.php\/2016\/06\/22\/se-solidariza-saltillo-con-profesores-en-oaxaca\/marchan-por-profes-oaxaca-saltillo\/\" data-orig-file=\"http:\/\/www.grieta.org.mx\/wp-content\/uploads\/2016\/06\/marchan-por-profes-oaxaca-saltillo.jpeg\" data-orig-size=\"1024,576\" data-comments-opened=\"0\" data-image-meta=\"{&quot;aperture&quot;:&quot;0&quot;,&quot;credit&quot;:&quot;&quot;,&quot;camera&quot;:&quot;&quot;,&quot;caption&quot;:&quot;&quot;,&quot;created_timestamp&quot;:&quot;0&quot;,&quot;copyright&quot;:&quot;&quot;,&quot;focal_length&quot;:&quot;0&quot;,&quot;iso&quot;:&quot;0&quot;,&quot;shutter_speed&quot;:&quot;0&quot;,&quot;title&quot;:&quot;&quot;,&quot;orientation&quot;:&quot;0&quot;}\" data-image-title=\"marchan-por-profes-oaxaca-saltillo\" data-image-description=\"\" data-image-caption=\"&lt;p&gt;Maestros, activistas, colectivos y civiles se congregaron a las 19:00 horas en la Plaza de Armas y marcharon por el primer cuadro de la ciudad, por las calles de Guadalupe Victoria y Juan Aldama, durante una hora. (El Siglo de Torre\u00f3n) &lt;\/p&gt;\n\" data-medium-file=\"http:\/\/www.grieta.org.mx\/wp-content\/uploads\/2016\/06\/marchan-por-profes-oaxaca-saltillo-300x169.jpeg\" data-large-file=\"http:\/\/www.grieta.org.mx\/wp-content\/uploads\/2016\/06\/marchan-por-profes-oaxaca-saltillo-1024x576.jpeg\" class=\"wp-image-14927\" src=\"http:\/\/www.grieta.org.mx\/wp-content\/uploads\/2016\/06\/marchan-por-profes-oaxaca-saltillo.jpeg\" alt=\"Maestros, activistas, colectivos y civiles se congregaron a las 19:00 horas en la Plaza de Armas y marcharon por el primer cuadro de la ciudad, por las calles de Guadalupe Victoria y Juan Aldama, durante una hora. (El Siglo de Torre\u00f3n) \" width=\"680\" height=\"383\" srcset=\"http:\/\/www.grieta.org.mx\/wp-content\/uploads\/2016\/06\/marchan-por-profes-oaxaca-saltillo.jpeg 1024w, http:\/\/www.grieta.org.mx\/wp-content\/uploads\/2016\/06\/marchan-por-profes-oaxaca-saltillo-300x169.jpeg 300w, http:\/\/www.grieta.org.mx\/wp-content\/uploads\/2016\/06\/marchan-por-profes-oaxaca-saltillo-768x432.jpeg 768w\" sizes=\"auto, (max-width: 680px) 100vw, 680px\" \/><figcaption id=\"caption-attachment-14927\" class=\"wp-caption-text\">Maestros, activistas, colectivos y civiles se congregaron a las 19:00 horas en la Plaza de Armas y marcharon por el primer cuadro de la ciudad, por las calles de Guadalupe Victoria y Juan Aldama, durante una hora. (El Siglo de Torre\u00f3n)<\/figcaption><\/figure>\n<p><strong>SALTILLO, COAH.-<\/strong><\/p>\n<blockquote><p>M\u00e1s de 2 mil personas tomaron las calles principales calles de Saltillo para pedir que se detenga la represi\u00f3n de maestros en Oaxaca.<\/p><\/blockquote>\n<p>&#8220;Fuera Pe\u00f1a y los Moreira&#8221;, &#8220;somos maestros y apoyamos a nuestros compa\u00f1eros de Oaxaca&#8221;, &#8220;Alto a la masacre&#8221; y &#8220;\u00bfLa reforma educativa va a caer?&#8221; fueron las frases que gritaron los manifestantes.<\/p>\n<p>Maestros, activistas, colectivos y civiles se congregaron a las 19:00 horas en la Plaza de Armas y marcharon por el primer cuadro de la ciudad, por las calles de Guadalupe Victoria y Juan Aldama, durante una hora.<\/p>\n<p>Cuatro patrullas municipales apoyaron en el control del tr\u00e1fico, mientras maestros y ciudadanos se un\u00edan a la marcha.<\/p>\n<p>Entre los asistentes destacaron m\u00e9dicos quien tambi\u00e9n se manifestaban por la falta de consenso en la aprobaci\u00f3n de leyes y reforma s Nacionales.<\/p>\n<p>Los manifestantes lamentaron el uso de la fuerza en Oaxaca y la muerte de once personas.<\/p>\n<p>&#8220;En esta lucha lo los derechos los \u00fanico que utilizaron la fuerza fue el Gobierno. Ya no queremos m\u00e1s muertos&#8221;, indicaron.<\/p>\n<p>La marcha concluy\u00f3 en la Plaza de Armas a las 20:50 horas.<\/p>\n<p><a href=\"https:\/\/www.elsiglodetorreon.com.mx\/noticia\/1236467.se-solidariza-saltillo-con-profesores-en-oaxaca.html\" target=\"_blank\">https:\/\/www.elsiglodetorreon.com.mx\/noticia\/1236467.se-solidariza-saltillo-con-profesores-en-oaxaca.html<\/a><\/p>\n","protected":false},"excerpt":{"rendered":"<p>SALTILLO, COAH.- M\u00e1s de 2 mil personas tomaron las calles principales calles de Saltillo para pedir que se detenga la represi\u00f3n de maestros en Oaxaca. &#8220;Fuera Pe\u00f1a y los Moreira&#8221;, &hellip; <a href=\"http:\/\/www.grieta.org.mx\/index.php\/2016\/06\/22\/se-solidariza-saltillo-con-profesores-en-oaxaca\/\" class=\"more-link\">Leer m\u00e1s<\/a><\/p>\n","protected":false},"author":2,"featured_media":21928,"comment_status":"closed","ping_status":"closed","sticky":false,"template":"","format":"standard","meta":{"ngg_post_thumbnail":0,"_jetpack_newsletter_access":"","_jetpack_dont_email_post_to_subs":false,"_jetpack_newsletter_tier_id":0,"_jetpack_memberships_contains_paywalled_content":false,"_jetpack_memberships_contains_paid_content":false,"footnotes":""},"categories":[80],"tags":[640,674,135,295],"class_list":["post-14925","post","type-post","status-publish","format-standard","has-post-thumbnail","hentry","category-cintillo","tag-medicos","tag-movilizaciones-maestros","tag-reforma-educativa","tag-saltillo","entry"],"jetpack_featured_media_url":"http:\/\/www.grieta.org.mx\/wp-content\/uploads\/2018\/03\/14524434_1106112876131411_958039263622046936_o.jpg","jetpack_sharing_enabled":true,"jetpack_shortlink":"https:\/\/wp.me\/p7ZJR4-3SJ","jetpack_likes_enabled":false,"jetpack-related-posts":[{"id":6641,"url":"http:\/\/www.grieta.org.mx\/index.php\/2016\/09\/11\/reforma-educativa-y-evaluacion-al-desempeno-en-coahuila\/","url_meta":{"origin":14925,"position":0},"title":"Movilizaciones contra la Reforma educativa y evaluaci\u00f3n magisterial en Coahuila","author":"grieta","date":"11 septiembre, 2016","format":false,"excerpt":"11\/09\/16. Ser\u00e1 voluntaria en Coahuila la evaluaci\u00f3n docente Vanguardia 26\/07\/16. Marchan maestros de G\u00f3mez Palacio a Torre\u00f3n GalaTv Laguna 20\/07\/16. Maestros \u2018toman\u2019 caseta (Torre\u00f3n) El Siglo de Torre\u00f3n 12\/07\/16. Maestros toman caseta de autopista a Saltillo El Sampetrino 07\/07\/16. Marchan maestros de Matamoros contra Reforma Educativa El Siglo de Torre\u00f3n\u2026","rel":"","context":"En &quot;Coahuila&quot;","block_context":{"text":"Coahuila","link":"http:\/\/www.grieta.org.mx\/index.php\/category\/noticias-nacionales\/coahuila\/"},"img":{"alt_text":"","src":"https:\/\/i0.wp.com\/www.grieta.org.mx\/wp-content\/uploads\/2018\/03\/14524434_1106112876131411_958039263622046936_o.jpg?resize=350%2C200","width":350,"height":200,"srcset":"https:\/\/i0.wp.com\/www.grieta.org.mx\/wp-content\/uploads\/2018\/03\/14524434_1106112876131411_958039263622046936_o.jpg?resize=350%2C200 1x, https:\/\/i0.wp.com\/www.grieta.org.mx\/wp-content\/uploads\/2018\/03\/14524434_1106112876131411_958039263622046936_o.jpg?resize=525%2C300 1.5x, https:\/\/i0.wp.com\/www.grieta.org.mx\/wp-content\/uploads\/2018\/03\/14524434_1106112876131411_958039263622046936_o.jpg?resize=700%2C400 2x"},"classes":[]},{"id":17100,"url":"http:\/\/www.grieta.org.mx\/index.php\/2016\/07\/12\/maestros-toman-caseta-de-autopista-a-saltillo\/","url_meta":{"origin":14925,"position":1},"title":"Maestros toman caseta de autopista a Saltillo","author":"grieta","date":"12 julio, 2016","format":false,"excerpt":"*El d\u00eda lunes 11 de julio en apoyo a los maestros de Oaxaca, durante dos horas no cobraron peaje San Pedro, Coahuila de Zaragoza; 12 de julio 2016.- Un grupo de maestros quienes siguen inconformes por las reformas educativas, se trasladaron a la Cuchilla, ah\u00ed donde se encuentra la caseta\u2026","rel":"","context":"En &quot;CINTILLO&quot;","block_context":{"text":"CINTILLO","link":"http:\/\/www.grieta.org.mx\/index.php\/category\/cintillo\/"},"img":{"alt_text":"","src":"https:\/\/i0.wp.com\/www.grieta.org.mx\/wp-content\/uploads\/2018\/03\/14524434_1106112876131411_958039263622046936_o.jpg?resize=350%2C200","width":350,"height":200,"srcset":"https:\/\/i0.wp.com\/www.grieta.org.mx\/wp-content\/uploads\/2018\/03\/14524434_1106112876131411_958039263622046936_o.jpg?resize=350%2C200 1x, https:\/\/i0.wp.com\/www.grieta.org.mx\/wp-content\/uploads\/2018\/03\/14524434_1106112876131411_958039263622046936_o.jpg?resize=525%2C300 1.5x, https:\/\/i0.wp.com\/www.grieta.org.mx\/wp-content\/uploads\/2018\/03\/14524434_1106112876131411_958039263622046936_o.jpg?resize=700%2C400 2x"},"classes":[]},{"id":14805,"url":"http:\/\/www.grieta.org.mx\/index.php\/2016\/06\/22\/protestan-maestros-en-monterrey-por-la-reforma-educativa\/","url_meta":{"origin":14925,"position":2},"title":"Protestan maestros en Monterrey por la Reforma Educativa","author":"grieta","date":"22 junio, 2016","format":false,"excerpt":"Nacional 22 Jun 2016 En medio de empujones, miles de maestros de Nuevo Le\u00f3n tomaron las calles del centro de Monterrey para protestar, \u00e9ste mi\u00e9rcoles, por la Reforma Educativa y los sucesos registrados en Oaxaca, que costaron la vida de varias personas Monterrey, Nuevo Le\u00f3n.- En medio de empujones, miles\u2026","rel":"","context":"En &quot;CINTILLO&quot;","block_context":{"text":"CINTILLO","link":"http:\/\/www.grieta.org.mx\/index.php\/category\/cintillo\/"},"img":{"alt_text":"","src":"https:\/\/i0.wp.com\/www.grieta.org.mx\/wp-content\/uploads\/2018\/03\/14524434_1106112876131411_958039263622046936_o.jpg?resize=350%2C200","width":350,"height":200,"srcset":"https:\/\/i0.wp.com\/www.grieta.org.mx\/wp-content\/uploads\/2018\/03\/14524434_1106112876131411_958039263622046936_o.jpg?resize=350%2C200 1x, https:\/\/i0.wp.com\/www.grieta.org.mx\/wp-content\/uploads\/2018\/03\/14524434_1106112876131411_958039263622046936_o.jpg?resize=525%2C300 1.5x, https:\/\/i0.wp.com\/www.grieta.org.mx\/wp-content\/uploads\/2018\/03\/14524434_1106112876131411_958039263622046936_o.jpg?resize=700%2C400 2x"},"classes":[]},{"id":14915,"url":"http:\/\/www.grieta.org.mx\/index.php\/2016\/06\/23\/marchan-maestros-de-la-laguna-en-apoyo-a-docentes-de-oaxaca\/","url_meta":{"origin":14925,"position":3},"title":"Los maestros laguneros se unen a las protestas","author":"grieta","date":"23 junio, 2016","format":false,"excerpt":"TORRE\u00d3N, COAH.- Maestros de la Comarca Lagunera realizaron una movilizaci\u00f3n masiva en contra de la Reforma Educativa, ayer mi\u00e9rcoles por la tarde. Fue a las 18:00 horas que docentes de la Laguna de Durango se reunieron frente al museo Francisco Sarabia de Ciudad Lerdo, desde ah\u00ed marcharon por el bulevar\u2026","rel":"","context":"En &quot;CINTILLO&quot;","block_context":{"text":"CINTILLO","link":"http:\/\/www.grieta.org.mx\/index.php\/category\/cintillo\/"},"img":{"alt_text":"","src":"https:\/\/i0.wp.com\/www.grieta.org.mx\/wp-content\/uploads\/2018\/03\/14524434_1106112876131411_958039263622046936_o.jpg?resize=350%2C200","width":350,"height":200,"srcset":"https:\/\/i0.wp.com\/www.grieta.org.mx\/wp-content\/uploads\/2018\/03\/14524434_1106112876131411_958039263622046936_o.jpg?resize=350%2C200 1x, https:\/\/i0.wp.com\/www.grieta.org.mx\/wp-content\/uploads\/2018\/03\/14524434_1106112876131411_958039263622046936_o.jpg?resize=525%2C300 1.5x, https:\/\/i0.wp.com\/www.grieta.org.mx\/wp-content\/uploads\/2018\/03\/14524434_1106112876131411_958039263622046936_o.jpg?resize=700%2C400 2x"},"classes":[]},{"id":15228,"url":"http:\/\/www.grieta.org.mx\/index.php\/2016\/06\/26\/marchan-maestros-en-apoyo-a-gremio-de-oaxaca-la-laguna\/","url_meta":{"origin":14925,"position":4},"title":"Marchan maestros en apoyo a gremio de Oaxaca (La Laguna)","author":"grieta","date":"26 junio, 2016","format":false,"excerpt":"G\u00d3MEZ PALACIO, DGO.- Maestros laguneros salieron a las calles este domingo para realizar una marcha de G\u00f3mez Palacio a Torre\u00f3n, en apoyo al gremio magisterial de Oaxaca y en rechazo a la Reforma Educativa del presidente Enrique Pe\u00f1a Nieto. El grupo de docentes se reuni\u00f3 en la r\u00e9plica de la\u2026","rel":"","context":"En &quot;CINTILLO&quot;","block_context":{"text":"CINTILLO","link":"http:\/\/www.grieta.org.mx\/index.php\/category\/cintillo\/"},"img":{"alt_text":"","src":"https:\/\/i0.wp.com\/www.grieta.org.mx\/wp-content\/uploads\/2018\/03\/14524434_1106112876131411_958039263622046936_o.jpg?resize=350%2C200","width":350,"height":200,"srcset":"https:\/\/i0.wp.com\/www.grieta.org.mx\/wp-content\/uploads\/2018\/03\/14524434_1106112876131411_958039263622046936_o.jpg?resize=350%2C200 1x, https:\/\/i0.wp.com\/www.grieta.org.mx\/wp-content\/uploads\/2018\/03\/14524434_1106112876131411_958039263622046936_o.jpg?resize=525%2C300 1.5x, https:\/\/i0.wp.com\/www.grieta.org.mx\/wp-content\/uploads\/2018\/03\/14524434_1106112876131411_958039263622046936_o.jpg?resize=700%2C400 2x"},"classes":[]},{"id":15785,"url":"http:\/\/www.grieta.org.mx\/index.php\/2016\/06\/26\/maestros-marchan-en-nava-contra-reforma-educativa-y-en-apoyo-a-oaxaca\/","url_meta":{"origin":14925,"position":5},"title":"Maestros marchan en Nava contra Reforma Educativa y en apoyo a Oaxaca","author":"grieta","date":"26 junio, 2016","format":false,"excerpt":"Decenas de profesores pertenecientes a las secciones 5 y 38 del SNTE, se manifestaron pac\u00edficamente con la realizaci\u00f3n de una marcha, mostrando su rechazo a la Reforma Educativa y en apoyo al movimiento magisterial de Oaxaca. Al grito de: \u201cOaxaca aguanta, Nava se levanta\u201d, el grupo de maestros fustigaron al\u2026","rel":"","context":"En &quot;CINTILLO&quot;","block_context":{"text":"CINTILLO","link":"http:\/\/www.grieta.org.mx\/index.php\/category\/cintillo\/"},"img":{"alt_text":"","src":"https:\/\/i0.wp.com\/www.grieta.org.mx\/wp-content\/uploads\/2018\/03\/14524434_1106112876131411_958039263622046936_o.jpg?resize=350%2C200","width":350,"height":200,"srcset":"https:\/\/i0.wp.com\/www.grieta.org.mx\/wp-content\/uploads\/2018\/03\/14524434_1106112876131411_958039263622046936_o.jpg?resize=350%2C200 1x, https:\/\/i0.wp.com\/www.grieta.org.mx\/wp-content\/uploads\/2018\/03\/14524434_1106112876131411_958039263622046936_o.jpg?resize=525%2C300 1.5x, https:\/\/i0.wp.com\/www.grieta.org.mx\/wp-content\/uploads\/2018\/03\/14524434_1106112876131411_958039263622046936_o.jpg?resize=700%2C400 2x"},"classes":[]}],"_links":{"self":[{"href":"http:\/\/www.grieta.org.mx\/index.php\/wp-json\/wp\/v2\/posts\/14925","targetHints":{"allow":["GET"]}}],"collection":[{"href":"http:\/\/www.grieta.org.mx\/index.php\/wp-json\/wp\/v2\/posts"}],"about":[{"href":"http:\/\/www.grieta.org.mx\/index.php\/wp-json\/wp\/v2\/types\/post"}],"author":[{"embeddable":true,"href":"http:\/\/www.grieta.org.mx\/index.php\/wp-json\/wp\/v2\/users\/2"}],"replies":[{"embeddable":true,"href":"http:\/\/www.grieta.org.mx\/index.php\/wp-json\/wp\/v2\/comments?post=14925"}],"version-history":[{"count":1,"href":"http:\/\/www.grieta.org.mx\/index.php\/wp-json\/wp\/v2\/posts\/14925\/revisions"}],"predecessor-version":[{"id":14929,"href":"http:\/\/www.grieta.org.mx\/index.php\/wp-json\/wp\/v2\/posts\/14925\/revisions\/14929"}],"wp:featuredmedia":[{"embeddable":true,"href":"http:\/\/www.grieta.org.mx\/index.php\/wp-json\/wp\/v2\/media\/21928"}],"wp:attachment":[{"href":"http:\/\/www.grieta.org.mx\/index.php\/wp-json\/wp\/v2\/media?parent=14925"}],"wp:term":[{"taxonomy":"category","embeddable":true,"href":"http:\/\/www.grieta.org.mx\/index.php\/wp-json\/wp\/v2\/categories?post=14925"},{"taxonomy":"post_tag","embeddable":true,"href":"http:\/\/www.grieta.org.mx\/index.php\/wp-json\/wp\/v2\/tags?post=14925"}],"curies":[{"name":"wp","href":"https:\/\/api.w.org\/{rel}","templated":true}]}}