{"id":1481,"date":"2015-07-14T17:42:57","date_gmt":"2015-07-14T17:42:57","guid":{"rendered":"http:\/\/50.22.11.12\/~grietaor\/?p=1481"},"modified":"2016-03-07T17:45:53","modified_gmt":"2016-03-07T17:45:53","slug":"vigilan-frontera-campeche-guatemala","status":"publish","type":"post","link":"http:\/\/www.grieta.org.mx\/index.php\/2015\/07\/14\/vigilan-frontera-campeche-guatemala\/","title":{"rendered":"Vigilan frontera Campeche-Guatemala"},"content":{"rendered":"<p>Corporaciones federales, estatales y municipales de seguridad reforzaron la vigilancia en Campeche, en particular en puntos estrat\u00e9gicos que sirven de enlace hacia los l\u00edmites del Estado con Guatemala.<\/p>\n<p>De acuerdo con la Comandancia de la Polic\u00eda Federal (PF) en la entidad, las polic\u00edas redoblaron actividades en todo el territorio estatal, por si Joaqu\u00edn \u201cEl Chapo\u201d Guzm\u00e1n intentara utilizar la frontera sur para salir de M\u00e9xico.<\/p>\n<p>Los patrullajes y revisiones en retenes comenzaron desde la noche del domingo.<\/p>\n<p><a href=\"http:\/\/carmenhoy.com\/noticias\/estado-de-campeche\/vigilan-frontera-campeche-guatemala\/\" target=\"_blank\">carmenhoy.com\/noticias\/estado-de-campeche\/vigilan-frontera-campeche-guatemala\/<\/a><\/p>\n","protected":false},"excerpt":{"rendered":"<p>Corporaciones federales, estatales y municipales de seguridad reforzaron la vigilancia en Campeche, en particular en puntos estrat\u00e9gicos que sirven de enlace hacia los l\u00edmites del Estado con Guatemala. De acuerdo &hellip; <a href=\"http:\/\/www.grieta.org.mx\/index.php\/2015\/07\/14\/vigilan-frontera-campeche-guatemala\/\" class=\"more-link\">Leer m\u00e1s<\/a><\/p>\n","protected":false},"author":2,"featured_media":21928,"comment_status":"closed","ping_status":"open","sticky":false,"template":"","format":"standard","meta":{"ngg_post_thumbnail":0,"_jetpack_newsletter_access":"","_jetpack_dont_email_post_to_subs":false,"_jetpack_newsletter_tier_id":0,"_jetpack_memberships_contains_paywalled_content":false,"_jetpack_memberships_contains_paid_content":false,"footnotes":""},"categories":[123,80],"tags":[197],"class_list":["post-1481","post","type-post","status-publish","format-standard","has-post-thumbnail","hentry","category-campeche","category-cintillo","tag-retenes","entry"],"jetpack_featured_media_url":"http:\/\/www.grieta.org.mx\/wp-content\/uploads\/2018\/03\/14524434_1106112876131411_958039263622046936_o.jpg","jetpack_sharing_enabled":true,"jetpack_shortlink":"https:\/\/wp.me\/p7ZJR4-nT","jetpack_likes_enabled":false,"jetpack-related-posts":[{"id":1472,"url":"http:\/\/www.grieta.org.mx\/index.php\/2015\/11\/21\/mas-presencia-y-abusos-de-autoridad-por-parte-de-la-pf-y-el-ejercito-en-campeche\/","url_meta":{"origin":1481,"position":0},"title":"M\u00e1s presencia y abusos de autoridad por parte de la PF y el ej\u00e9rcito en Campeche","author":"grieta","date":"21 noviembre, 2015","format":false,"excerpt":"21\/11\/15 Refuerzan seguridad mediante retenes y orientan al turismoTribuna 17\/11\/15 Reforzar\u00e1n retenes en la ciudadTribuna 20\/08\/15 Denuncian abuso polic\u00edaco en Campeche.Por esto 19\/07\/15 Refuerzan seguridad en Campeche por alerta nacional.El Financiero 14\/07\/15 Vigilan frontera Campeche-Guatemala.Carmen Hoy 11\/07\/15 Terror y miedo por militares de Quintana Roo.Carmen hoy","rel":"","context":"En &quot;Campeche&quot;","block_context":{"text":"Campeche","link":"http:\/\/www.grieta.org.mx\/index.php\/category\/noticias-nacionales\/campeche\/"},"img":{"alt_text":"","src":"https:\/\/i0.wp.com\/www.grieta.org.mx\/wp-content\/uploads\/2018\/03\/14524434_1106112876131411_958039263622046936_o.jpg?resize=350%2C200","width":350,"height":200,"srcset":"https:\/\/i0.wp.com\/www.grieta.org.mx\/wp-content\/uploads\/2018\/03\/14524434_1106112876131411_958039263622046936_o.jpg?resize=350%2C200 1x, https:\/\/i0.wp.com\/www.grieta.org.mx\/wp-content\/uploads\/2018\/03\/14524434_1106112876131411_958039263622046936_o.jpg?resize=525%2C300 1.5x, https:\/\/i0.wp.com\/www.grieta.org.mx\/wp-content\/uploads\/2018\/03\/14524434_1106112876131411_958039263622046936_o.jpg?resize=700%2C400 2x"},"classes":[]},{"id":1479,"url":"http:\/\/www.grieta.org.mx\/index.php\/2015\/07\/19\/refuerzan-seguridad-en-campeche-por-alerta-nacional\/","url_meta":{"origin":1481,"position":1},"title":"Refuerzan seguridad en Campeche por alerta nacional","author":"grieta","date":"19 julio, 2015","format":false,"excerpt":"CAMPECHE.- Ante la emisi\u00f3n de la alerta nacional, el Consejo de Seguridad P\u00fablica (CESP) de Campeche reforz\u00f3 la seguridad el territorio estatal con efectivos militares, agentes de la Polic\u00eda Federal y de la Polic\u00eda Estatal con retenes principalmente en los municipios de la zona Sur, debido a los recientes acontecimientos\u2026","rel":"","context":"En &quot;campeche&quot;","block_context":{"text":"campeche","link":"http:\/\/www.grieta.org.mx\/index.php\/category\/campeche\/"},"img":{"alt_text":"","src":"https:\/\/i0.wp.com\/www.grieta.org.mx\/wp-content\/uploads\/2018\/03\/14524434_1106112876131411_958039263622046936_o.jpg?resize=350%2C200","width":350,"height":200,"srcset":"https:\/\/i0.wp.com\/www.grieta.org.mx\/wp-content\/uploads\/2018\/03\/14524434_1106112876131411_958039263622046936_o.jpg?resize=350%2C200 1x, https:\/\/i0.wp.com\/www.grieta.org.mx\/wp-content\/uploads\/2018\/03\/14524434_1106112876131411_958039263622046936_o.jpg?resize=525%2C300 1.5x, https:\/\/i0.wp.com\/www.grieta.org.mx\/wp-content\/uploads\/2018\/03\/14524434_1106112876131411_958039263622046936_o.jpg?resize=700%2C400 2x"},"classes":[]},{"id":1473,"url":"http:\/\/www.grieta.org.mx\/index.php\/2015\/11\/21\/refuerzan-seguridad-mediante-retenes-y-orientan-al-turismo\/","url_meta":{"origin":1481,"position":2},"title":"Refuerzan seguridad mediante retenes y orientan al turismo","author":"grieta","date":"21 noviembre, 2015","format":false,"excerpt":"XPUJIL.\u2014 La Direcci\u00f3n de Seguridad P\u00fablica implement\u00f3 la instalaci\u00f3n de retenes en las entradas y salidas del municipio, revisando a todo tipo de veh\u00edculos y orientando al turismo sobre la ubicaci\u00f3n de los diferentes sitios arqueol\u00f3gicos. Su titular, Jos\u00e9 Rom\u00e1n Tejo Brice\u00f1o, dijo que sin distinci\u00f3n y cumpliendo con las\u2026","rel":"","context":"En &quot;campeche&quot;","block_context":{"text":"campeche","link":"http:\/\/www.grieta.org.mx\/index.php\/category\/campeche\/"},"img":{"alt_text":"","src":"https:\/\/i0.wp.com\/www.grieta.org.mx\/wp-content\/uploads\/2018\/03\/14524434_1106112876131411_958039263622046936_o.jpg?resize=350%2C200","width":350,"height":200,"srcset":"https:\/\/i0.wp.com\/www.grieta.org.mx\/wp-content\/uploads\/2018\/03\/14524434_1106112876131411_958039263622046936_o.jpg?resize=350%2C200 1x, https:\/\/i0.wp.com\/www.grieta.org.mx\/wp-content\/uploads\/2018\/03\/14524434_1106112876131411_958039263622046936_o.jpg?resize=525%2C300 1.5x, https:\/\/i0.wp.com\/www.grieta.org.mx\/wp-content\/uploads\/2018\/03\/14524434_1106112876131411_958039263622046936_o.jpg?resize=700%2C400 2x"},"classes":[]},{"id":1475,"url":"http:\/\/www.grieta.org.mx\/index.php\/2015\/11\/17\/reforzaran-retenes-en-la-ciudad\/","url_meta":{"origin":1481,"position":3},"title":"Reforzar\u00e1n retenes en la ciudad","author":"grieta","date":"17 noviembre, 2015","format":false,"excerpt":"La Secretar\u00eda de Seguridad P\u00fablica de Campeche (SSPCAM) reforzar\u00e1 los retenes instalados en las inmediaciones de la ciudad y reinstalar\u00e1 el que operaba sobre la avenida Maestros Campechanos, adelant\u00f3 su titular Jorge de Jes\u00fas Arg\u00e1ez Uribe. Continuar\u00e1n los operativos de vigilancia en los otros 10 municipios, principalmente en El Carmen,\u2026","rel":"","context":"En &quot;campeche&quot;","block_context":{"text":"campeche","link":"http:\/\/www.grieta.org.mx\/index.php\/category\/campeche\/"},"img":{"alt_text":"","src":"https:\/\/i0.wp.com\/www.grieta.org.mx\/wp-content\/uploads\/2018\/03\/14524434_1106112876131411_958039263622046936_o.jpg?resize=350%2C200","width":350,"height":200,"srcset":"https:\/\/i0.wp.com\/www.grieta.org.mx\/wp-content\/uploads\/2018\/03\/14524434_1106112876131411_958039263622046936_o.jpg?resize=350%2C200 1x, https:\/\/i0.wp.com\/www.grieta.org.mx\/wp-content\/uploads\/2018\/03\/14524434_1106112876131411_958039263622046936_o.jpg?resize=525%2C300 1.5x, https:\/\/i0.wp.com\/www.grieta.org.mx\/wp-content\/uploads\/2018\/03\/14524434_1106112876131411_958039263622046936_o.jpg?resize=700%2C400 2x"},"classes":[]},{"id":3004,"url":"http:\/\/www.grieta.org.mx\/index.php\/2015\/02\/19\/pgr-y-sedena-vigilan-calakmul-contra-invasion-de-predios\/","url_meta":{"origin":1481,"position":4},"title":"PGR y SEDENA vigilan Calakmul contra invasi\u00f3n de predios","author":"grieta","date":"19 febrero, 2015","format":false,"excerpt":"19\/02\/15. PGR participa en vigilancia por aire y tierra en Biosfera de CalakmulSin embargo 13\/02\/15. Ning\u00fan predio invadido en Bi\u00f3sfera de Calakmul Tribuna","rel":"","context":"En &quot;25. Xpujil&quot;","block_context":{"text":"25. Xpujil","link":"http:\/\/www.grieta.org.mx\/index.php\/category\/espejos-de-la-resistencia\/25-xpujil\/"},"img":{"alt_text":"","src":"https:\/\/i0.wp.com\/www.grieta.org.mx\/wp-content\/uploads\/2018\/03\/14524434_1106112876131411_958039263622046936_o.jpg?resize=350%2C200","width":350,"height":200,"srcset":"https:\/\/i0.wp.com\/www.grieta.org.mx\/wp-content\/uploads\/2018\/03\/14524434_1106112876131411_958039263622046936_o.jpg?resize=350%2C200 1x, https:\/\/i0.wp.com\/www.grieta.org.mx\/wp-content\/uploads\/2018\/03\/14524434_1106112876131411_958039263622046936_o.jpg?resize=525%2C300 1.5x, https:\/\/i0.wp.com\/www.grieta.org.mx\/wp-content\/uploads\/2018\/03\/14524434_1106112876131411_958039263622046936_o.jpg?resize=700%2C400 2x"},"classes":[]},{"id":1459,"url":"http:\/\/www.grieta.org.mx\/index.php\/2015\/10\/08\/autoridades-mayas-de-yucatan-y-campeche-congelan-avance-de-soya-transgenica-de-monsanto\/","url_meta":{"origin":1481,"position":5},"title":"Autoridades mayas de Yucat\u00e1n y Campeche congelan avance de soya transg\u00e9nica de Monsanto","author":"grieta","date":"8 octubre, 2015","format":false,"excerpt":"(08 de octubre, 2015).- La Suprema Corte de Justicia de la Naci\u00f3n (SCJN) acord\u00f3 que el 28 de octubre discutir\u00e1 en paquete los siete recursos de amparo en revisi\u00f3n interpuestos por apicultores de Yucat\u00e1n y Campeche contra la siembra de soya transg\u00e9nica, inform\u00f3 Jorge Fern\u00e1ndez, abogado que apoya a los\u2026","rel":"","context":"En &quot;16. Pueblo Maya&quot;","block_context":{"text":"16. Pueblo Maya","link":"http:\/\/www.grieta.org.mx\/index.php\/category\/espejos-de-la-resistencia\/16-pueblo-maya\/"},"img":{"alt_text":"","src":"https:\/\/i0.wp.com\/www.grieta.org.mx\/wp-content\/uploads\/2018\/03\/14524434_1106112876131411_958039263622046936_o.jpg?resize=350%2C200","width":350,"height":200,"srcset":"https:\/\/i0.wp.com\/www.grieta.org.mx\/wp-content\/uploads\/2018\/03\/14524434_1106112876131411_958039263622046936_o.jpg?resize=350%2C200 1x, https:\/\/i0.wp.com\/www.grieta.org.mx\/wp-content\/uploads\/2018\/03\/14524434_1106112876131411_958039263622046936_o.jpg?resize=525%2C300 1.5x, https:\/\/i0.wp.com\/www.grieta.org.mx\/wp-content\/uploads\/2018\/03\/14524434_1106112876131411_958039263622046936_o.jpg?resize=700%2C400 2x"},"classes":[]}],"_links":{"self":[{"href":"http:\/\/www.grieta.org.mx\/index.php\/wp-json\/wp\/v2\/posts\/1481","targetHints":{"allow":["GET"]}}],"collection":[{"href":"http:\/\/www.grieta.org.mx\/index.php\/wp-json\/wp\/v2\/posts"}],"about":[{"href":"http:\/\/www.grieta.org.mx\/index.php\/wp-json\/wp\/v2\/types\/post"}],"author":[{"embeddable":true,"href":"http:\/\/www.grieta.org.mx\/index.php\/wp-json\/wp\/v2\/users\/2"}],"replies":[{"embeddable":true,"href":"http:\/\/www.grieta.org.mx\/index.php\/wp-json\/wp\/v2\/comments?post=1481"}],"version-history":[{"count":1,"href":"http:\/\/www.grieta.org.mx\/index.php\/wp-json\/wp\/v2\/posts\/1481\/revisions"}],"predecessor-version":[{"id":1482,"href":"http:\/\/www.grieta.org.mx\/index.php\/wp-json\/wp\/v2\/posts\/1481\/revisions\/1482"}],"wp:featuredmedia":[{"embeddable":true,"href":"http:\/\/www.grieta.org.mx\/index.php\/wp-json\/wp\/v2\/media\/21928"}],"wp:attachment":[{"href":"http:\/\/www.grieta.org.mx\/index.php\/wp-json\/wp\/v2\/media?parent=1481"}],"wp:term":[{"taxonomy":"category","embeddable":true,"href":"http:\/\/www.grieta.org.mx\/index.php\/wp-json\/wp\/v2\/categories?post=1481"},{"taxonomy":"post_tag","embeddable":true,"href":"http:\/\/www.grieta.org.mx\/index.php\/wp-json\/wp\/v2\/tags?post=1481"}],"curies":[{"name":"wp","href":"https:\/\/api.w.org\/{rel}","templated":true}]}}