{"id":14805,"date":"2016-06-22T16:48:06","date_gmt":"2016-06-22T16:48:06","guid":{"rendered":"http:\/\/www.grieta.org.mx\/?p=14805"},"modified":"2016-06-24T16:51:08","modified_gmt":"2016-06-24T16:51:08","slug":"protestan-maestros-en-monterrey-por-la-reforma-educativa","status":"publish","type":"post","link":"http:\/\/www.grieta.org.mx\/index.php\/2016\/06\/22\/protestan-maestros-en-monterrey-por-la-reforma-educativa\/","title":{"rendered":"Protestan maestros en Monterrey por la Reforma Educativa"},"content":{"rendered":"<p>Nacional<br \/>\n22 Jun 2016<\/p>\n<p>En medio de empujones, miles de maestros de Nuevo Le\u00f3n tomaron las calles del centro de Monterrey para protestar, \u00e9ste mi\u00e9rcoles, por la Reforma Educativa y los sucesos registrados en Oaxaca, que costaron la vida de varias personas<\/p>\n<p>Monterrey, Nuevo Le\u00f3n.- En medio de empujones, miles de maestros de Nuevo Le\u00f3n tomaron las calles del centro de Monterrey para protestar, \u00e9ste mi\u00e9rcoles, por la Reforma Educativa y los sucesos registrados en Oaxaca, que costaron la vida de varias personas.<\/p>\n<p><img loading=\"lazy\" decoding=\"async\" data-attachment-id=\"14806\" data-permalink=\"http:\/\/www.grieta.org.mx\/index.php\/2016\/06\/22\/protestan-maestros-en-monterrey-por-la-reforma-educativa\/marcha_maestros-marcha_constitucion_milima20160622_0414_8\/\" data-orig-file=\"http:\/\/www.grieta.org.mx\/wp-content\/uploads\/2016\/06\/marcha_maestros-marcha_constitucion_milima20160622_0414_8.jpg\" data-orig-size=\"478,324\" data-comments-opened=\"0\" data-image-meta=\"{&quot;aperture&quot;:&quot;0&quot;,&quot;credit&quot;:&quot;&quot;,&quot;camera&quot;:&quot;&quot;,&quot;caption&quot;:&quot;&quot;,&quot;created_timestamp&quot;:&quot;0&quot;,&quot;copyright&quot;:&quot;&quot;,&quot;focal_length&quot;:&quot;0&quot;,&quot;iso&quot;:&quot;0&quot;,&quot;shutter_speed&quot;:&quot;0&quot;,&quot;title&quot;:&quot;&quot;,&quot;orientation&quot;:&quot;0&quot;}\" data-image-title=\"marcha_maestros-marcha_constitucion_milima20160622_0414_8\" data-image-description=\"\" data-image-caption=\"\" data-medium-file=\"http:\/\/www.grieta.org.mx\/wp-content\/uploads\/2016\/06\/marcha_maestros-marcha_constitucion_milima20160622_0414_8-300x203.jpg\" data-large-file=\"http:\/\/www.grieta.org.mx\/wp-content\/uploads\/2016\/06\/marcha_maestros-marcha_constitucion_milima20160622_0414_8.jpg\" class=\"alignleft wp-image-14806 size-full\" src=\"http:\/\/www.grieta.org.mx\/wp-content\/uploads\/2016\/06\/marcha_maestros-marcha_constitucion_milima20160622_0414_8.jpg\" alt=\"marcha_maestros-marcha_constitucion_milima20160622_0414_8\" width=\"478\" height=\"324\" srcset=\"http:\/\/www.grieta.org.mx\/wp-content\/uploads\/2016\/06\/marcha_maestros-marcha_constitucion_milima20160622_0414_8.jpg 478w, http:\/\/www.grieta.org.mx\/wp-content\/uploads\/2016\/06\/marcha_maestros-marcha_constitucion_milima20160622_0414_8-300x203.jpg 300w\" sizes=\"auto, (max-width: 478px) 100vw, 478px\" \/>La movilizaci\u00f3n comenz\u00f3 con una manifestaci\u00f3n en la Explanada de los H\u00e9roes en la Macroplaza, sin embargo luego el contingente avanz\u00f3 para llevar su inconformidad a las arterias del primer cuadro de la ciudad.<\/p>\n<p>Entre los inconformes hab\u00eda docentes tambi\u00e9n de municipios rurales como: China, Galeana y Linares, entre otros.<br \/>\nLa marcha estuvo sumamente resguardada por elementos antimotines as\u00ed como de Fuerza Civil y de Polic\u00eda y Tr\u00e1nsito de Monterrey.<\/p>\n<p>La cita fue a las 18:30 horas y pasadas las 21:00 horas, los docentes segu\u00edan en las calles. Los maestros trastocaron la vialidad y provocaron largas filas de veh\u00edculos, los cuales avanzaban a vuelta de rueda.<\/p>\n<p>Los educadores llevaban pancartas en rechazo a la Reforma Educativa y tambi\u00e9n en contra del presidente, Enrique Pe\u00f1a Nieto y el Secretario de Educaci\u00f3n a nivel federal, Aurelio Nu\u00f1o.<\/p>\n<p>Luego de enfrentarse con los uniformados, los maestros alcanzaron la calle de Zaragoza de donde se dirigieron hacia el sur para avanzar hacia la avenida Constituci\u00f3n.<\/p>\n<p>Apenas el viernes pasado, ya hab\u00edan bloqueado la mencionada arteria y el gobernador del estado, Jaime Rodr\u00edguez Calder\u00f3n \u201cEl Bronco\u201d les hab\u00eda advertido que realizaran sus manifestaciones sin tomar las calles.<\/p>\n<p>A pesar del llamado de la autoridad estatal, los docentes volvieron a tomar Constituci\u00f3n y de nueva cuenta a protagonizar enfrentamientos con los polic\u00edas, los cuales no pasaron a mayores.<\/p>\n<p>http:\/\/www.vanguardia.com.mx\/articulo\/protestan-maestros-en-monterrey-por-la-reforma-educativa<\/p>\n<p>&nbsp;<\/p>\n","protected":false},"excerpt":{"rendered":"<p>Nacional 22 Jun 2016 En medio de empujones, miles de maestros de Nuevo Le\u00f3n tomaron las calles del centro de Monterrey para protestar, \u00e9ste mi\u00e9rcoles, por la Reforma Educativa y &hellip; <a href=\"http:\/\/www.grieta.org.mx\/index.php\/2016\/06\/22\/protestan-maestros-en-monterrey-por-la-reforma-educativa\/\" class=\"more-link\">Leer m\u00e1s<\/a><\/p>\n","protected":false},"author":2,"featured_media":21928,"comment_status":"closed","ping_status":"closed","sticky":false,"template":"","format":"standard","meta":{"ngg_post_thumbnail":0,"_jetpack_newsletter_access":"","_jetpack_dont_email_post_to_subs":false,"_jetpack_newsletter_tier_id":0,"_jetpack_memberships_contains_paywalled_content":false,"_jetpack_memberships_contains_paid_content":false,"footnotes":""},"categories":[80],"tags":[135],"class_list":["post-14805","post","type-post","status-publish","format-standard","has-post-thumbnail","hentry","category-cintillo","tag-reforma-educativa","entry"],"jetpack_featured_media_url":"http:\/\/www.grieta.org.mx\/wp-content\/uploads\/2018\/03\/14524434_1106112876131411_958039263622046936_o.jpg","jetpack_sharing_enabled":true,"jetpack_shortlink":"https:\/\/wp.me\/p7ZJR4-3QN","jetpack_likes_enabled":false,"jetpack-related-posts":[{"id":14808,"url":"http:\/\/www.grieta.org.mx\/index.php\/2016\/09\/11\/movilizaciones-contra-la-reforma-educativa-y-evaluacion-magisterial-2\/","url_meta":{"origin":14805,"position":0},"title":"Movilizaciones contra la Reforma Educativa en Nuevo Le\u00f3n","author":"grieta","date":"11 septiembre, 2016","format":false,"excerpt":"10\/09\/16. Marchan maestros al aeropuerto de Nuevo Le\u00f3nVanguardia Mx 18\/08\/16. Vuelven marchas de maestros; analizan paro de labores (NL) Milenio Monterrey 10\/08\/16. Maestros de Nuevo Le\u00f3n realizan 'funeral de pol\u00edticos' El Horizonte 22\/07\/16. Nuevo Le\u00f3n tambi\u00e9n es M\u00e9xico: \u00a1Chiapas, Aguanta, Nuevo Le\u00f3n se levanta! Centro de Medios Libres 19\/07\/16. Hacen\u2026","rel":"","context":"En &quot;NOTICIAS NACIONALES&quot;","block_context":{"text":"NOTICIAS NACIONALES","link":"http:\/\/www.grieta.org.mx\/index.php\/category\/noticias-nacionales\/"},"img":{"alt_text":"","src":"https:\/\/i0.wp.com\/www.grieta.org.mx\/wp-content\/uploads\/2018\/03\/14524434_1106112876131411_958039263622046936_o.jpg?resize=350%2C200","width":350,"height":200,"srcset":"https:\/\/i0.wp.com\/www.grieta.org.mx\/wp-content\/uploads\/2018\/03\/14524434_1106112876131411_958039263622046936_o.jpg?resize=350%2C200 1x, https:\/\/i0.wp.com\/www.grieta.org.mx\/wp-content\/uploads\/2018\/03\/14524434_1106112876131411_958039263622046936_o.jpg?resize=525%2C300 1.5x, https:\/\/i0.wp.com\/www.grieta.org.mx\/wp-content\/uploads\/2018\/03\/14524434_1106112876131411_958039263622046936_o.jpg?resize=700%2C400 2x"},"classes":[]},{"id":15590,"url":"http:\/\/www.grieta.org.mx\/index.php\/2016\/06\/29\/miles-de-maestros-toman-de-nuevo-las-calles-de-monterrey\/","url_meta":{"origin":14805,"position":1},"title":"Miles de maestros &#8216;toman&#8217; de nuevo las calles de Monterrey","author":"grieta","date":"29 junio, 2016","format":false,"excerpt":"Por Erick Mu\u00f1iz, corresponsal Alrededor de 5 mil maestros marcharon por varias calles del centro de Monterrey. Foto Erick Mu\u00f1iz Monterrey, NL. Miles de maestros 'tomaron' otra vez las calles de Monterrey y, adem\u00e1s de volver a paralizar el primer cuadro de la ciudad, anunciaron un paro de labores el\u2026","rel":"","context":"En &quot;CINTILLO&quot;","block_context":{"text":"CINTILLO","link":"http:\/\/www.grieta.org.mx\/index.php\/category\/cintillo\/"},"img":{"alt_text":"","src":"https:\/\/i0.wp.com\/www.grieta.org.mx\/wp-content\/uploads\/2018\/03\/14524434_1106112876131411_958039263622046936_o.jpg?resize=350%2C200","width":350,"height":200,"srcset":"https:\/\/i0.wp.com\/www.grieta.org.mx\/wp-content\/uploads\/2018\/03\/14524434_1106112876131411_958039263622046936_o.jpg?resize=350%2C200 1x, https:\/\/i0.wp.com\/www.grieta.org.mx\/wp-content\/uploads\/2018\/03\/14524434_1106112876131411_958039263622046936_o.jpg?resize=525%2C300 1.5x, https:\/\/i0.wp.com\/www.grieta.org.mx\/wp-content\/uploads\/2018\/03\/14524434_1106112876131411_958039263622046936_o.jpg?resize=700%2C400 2x"},"classes":[]},{"id":21338,"url":"http:\/\/www.grieta.org.mx\/index.php\/2016\/09\/10\/marchan-maestros-al-aeropuerto-de-nuevo-leon\/","url_meta":{"origin":14805,"position":2},"title":"Marchan maestros al aeropuerto de Nuevo Le\u00f3n","author":"grieta","date":"10 septiembre, 2016","format":false,"excerpt":"Aracely Chantaka Los maestros de Nuevo Le\u00f3n inauguraron una nueva forma de protestar por la Reforma Educativa, en esta ocasi\u00f3n llevaron su inconformidad hasta el Aeropuerto Internacional de Monterrey MONTERREY.- Los maestros de Nuevo Le\u00f3n inauguraron una nueva forma de protestar por la Reforma Educativa, en esta ocasi\u00f3n llevaron su\u2026","rel":"","context":"En &quot;CINTILLO&quot;","block_context":{"text":"CINTILLO","link":"http:\/\/www.grieta.org.mx\/index.php\/category\/cintillo\/"},"img":{"alt_text":"","src":"https:\/\/i0.wp.com\/www.grieta.org.mx\/wp-content\/uploads\/2018\/03\/14524434_1106112876131411_958039263622046936_o.jpg?resize=350%2C200","width":350,"height":200,"srcset":"https:\/\/i0.wp.com\/www.grieta.org.mx\/wp-content\/uploads\/2018\/03\/14524434_1106112876131411_958039263622046936_o.jpg?resize=350%2C200 1x, https:\/\/i0.wp.com\/www.grieta.org.mx\/wp-content\/uploads\/2018\/03\/14524434_1106112876131411_958039263622046936_o.jpg?resize=525%2C300 1.5x, https:\/\/i0.wp.com\/www.grieta.org.mx\/wp-content\/uploads\/2018\/03\/14524434_1106112876131411_958039263622046936_o.jpg?resize=700%2C400 2x"},"classes":[]},{"id":16101,"url":"http:\/\/www.grieta.org.mx\/index.php\/2016\/07\/06\/el-snte-marcha-de-nuevo-en-monterrey-contra-la-reforma-educativa\/","url_meta":{"origin":14805,"position":3},"title":"El SNTE marcha de nuevo en Monterrey contra la reforma educativa","author":"grieta","date":"6 julio, 2016","format":false,"excerpt":"Por Erick Mu\u00f1iz Cuartoscuro\/ Gabriela P\u00e9rez Montiel Monterrey, NL. Afiliados a las secciones 21 y 50 del Sindicato Nacional de Trabajadores de la educaci\u00f3n (SNTE) efectuaron la sexta marcha de las tres semanas recientes, en demanda de que se les pague el incentivo de carrera magisterial que perdieron con la\u2026","rel":"","context":"En &quot;CINTILLO&quot;","block_context":{"text":"CINTILLO","link":"http:\/\/www.grieta.org.mx\/index.php\/category\/cintillo\/"},"img":{"alt_text":"","src":"https:\/\/i0.wp.com\/www.grieta.org.mx\/wp-content\/uploads\/2018\/03\/14524434_1106112876131411_958039263622046936_o.jpg?resize=350%2C200","width":350,"height":200,"srcset":"https:\/\/i0.wp.com\/www.grieta.org.mx\/wp-content\/uploads\/2018\/03\/14524434_1106112876131411_958039263622046936_o.jpg?resize=350%2C200 1x, https:\/\/i0.wp.com\/www.grieta.org.mx\/wp-content\/uploads\/2018\/03\/14524434_1106112876131411_958039263622046936_o.jpg?resize=525%2C300 1.5x, https:\/\/i0.wp.com\/www.grieta.org.mx\/wp-content\/uploads\/2018\/03\/14524434_1106112876131411_958039263622046936_o.jpg?resize=700%2C400 2x"},"classes":[]},{"id":19293,"url":"http:\/\/www.grieta.org.mx\/index.php\/2016\/08\/10\/maestros-de-nuevo-leon-realizan-funeral-de-politicos\/","url_meta":{"origin":14805,"position":4},"title":"Maestros de Nuevo Le\u00f3n realizan &#8216;funeral de pol\u00edticos&#8217;","author":"grieta","date":"10 agosto, 2016","format":false,"excerpt":"La marcha f\u00fanebre avanza por Zaragoza hacia Constituci\u00f3n escoltada por polic\u00edas y tr\u00e1nsitos En los f\u00e9retros est\u00e1n escritos los nombres de funcionarios. El Horizonte Por: Redacci\u00f3n Un grupo de alrededor de 40 maestros del SNTE realizan una marcha simulando un velorio cargando tres ata\u00fades de los funcionarios que presuntamente les\u2026","rel":"","context":"En &quot;CINTILLO&quot;","block_context":{"text":"CINTILLO","link":"http:\/\/www.grieta.org.mx\/index.php\/category\/cintillo\/"},"img":{"alt_text":"","src":"https:\/\/i0.wp.com\/www.grieta.org.mx\/wp-content\/uploads\/2016\/08\/641182_snte.jpg?resize=350%2C200","width":350,"height":200,"srcset":"https:\/\/i0.wp.com\/www.grieta.org.mx\/wp-content\/uploads\/2016\/08\/641182_snte.jpg?resize=350%2C200 1x, https:\/\/i0.wp.com\/www.grieta.org.mx\/wp-content\/uploads\/2016\/08\/641182_snte.jpg?resize=525%2C300 1.5x, https:\/\/i0.wp.com\/www.grieta.org.mx\/wp-content\/uploads\/2016\/08\/641182_snte.jpg?resize=700%2C400 2x"},"classes":[]},{"id":18369,"url":"http:\/\/www.grieta.org.mx\/index.php\/2016\/07\/26\/no-se-rinden-maestros-vuelven-a-protestar-sinaloa\/","url_meta":{"origin":14805,"position":5},"title":"No se rinden, maestros vuelven a protestar (SINALOA)","author":"grieta","date":"26 julio, 2016","format":false,"excerpt":"Redacci\u00f3n El Debate, Sinaloa. 15 maestros tomaron las calles para informar su postura en contra de la Reforma Educativa Los Mochis, Sinaloa.- Una vez m\u00e1s, maestros integrantes de la CNTE y del Movimiento Magisterial Sinaloense tomaron las calles del centro para manifestarse en contra de la Reforma Educativa. Un grupo\u2026","rel":"","context":"En &quot;CINTILLO&quot;","block_context":{"text":"CINTILLO","link":"http:\/\/www.grieta.org.mx\/index.php\/category\/cintillo\/"},"img":{"alt_text":"","src":"https:\/\/i0.wp.com\/www.grieta.org.mx\/wp-content\/uploads\/2018\/03\/14524434_1106112876131411_958039263622046936_o.jpg?resize=350%2C200","width":350,"height":200,"srcset":"https:\/\/i0.wp.com\/www.grieta.org.mx\/wp-content\/uploads\/2018\/03\/14524434_1106112876131411_958039263622046936_o.jpg?resize=350%2C200 1x, https:\/\/i0.wp.com\/www.grieta.org.mx\/wp-content\/uploads\/2018\/03\/14524434_1106112876131411_958039263622046936_o.jpg?resize=525%2C300 1.5x, https:\/\/i0.wp.com\/www.grieta.org.mx\/wp-content\/uploads\/2018\/03\/14524434_1106112876131411_958039263622046936_o.jpg?resize=700%2C400 2x"},"classes":[]}],"_links":{"self":[{"href":"http:\/\/www.grieta.org.mx\/index.php\/wp-json\/wp\/v2\/posts\/14805","targetHints":{"allow":["GET"]}}],"collection":[{"href":"http:\/\/www.grieta.org.mx\/index.php\/wp-json\/wp\/v2\/posts"}],"about":[{"href":"http:\/\/www.grieta.org.mx\/index.php\/wp-json\/wp\/v2\/types\/post"}],"author":[{"embeddable":true,"href":"http:\/\/www.grieta.org.mx\/index.php\/wp-json\/wp\/v2\/users\/2"}],"replies":[{"embeddable":true,"href":"http:\/\/www.grieta.org.mx\/index.php\/wp-json\/wp\/v2\/comments?post=14805"}],"version-history":[{"count":1,"href":"http:\/\/www.grieta.org.mx\/index.php\/wp-json\/wp\/v2\/posts\/14805\/revisions"}],"predecessor-version":[{"id":14807,"href":"http:\/\/www.grieta.org.mx\/index.php\/wp-json\/wp\/v2\/posts\/14805\/revisions\/14807"}],"wp:featuredmedia":[{"embeddable":true,"href":"http:\/\/www.grieta.org.mx\/index.php\/wp-json\/wp\/v2\/media\/21928"}],"wp:attachment":[{"href":"http:\/\/www.grieta.org.mx\/index.php\/wp-json\/wp\/v2\/media?parent=14805"}],"wp:term":[{"taxonomy":"category","embeddable":true,"href":"http:\/\/www.grieta.org.mx\/index.php\/wp-json\/wp\/v2\/categories?post=14805"},{"taxonomy":"post_tag","embeddable":true,"href":"http:\/\/www.grieta.org.mx\/index.php\/wp-json\/wp\/v2\/tags?post=14805"}],"curies":[{"name":"wp","href":"https:\/\/api.w.org\/{rel}","templated":true}]}}