{"id":14797,"date":"2016-06-21T16:21:57","date_gmt":"2016-06-21T16:21:57","guid":{"rendered":"http:\/\/www.grieta.org.mx\/?p=14797"},"modified":"2019-01-19T12:39:21","modified_gmt":"2019-01-19T18:39:21","slug":"instalaran-en-zacatecas-una-base-de-operaciones-mixtas","status":"publish","type":"post","link":"http:\/\/www.grieta.org.mx\/index.php\/2016\/06\/21\/instalaran-en-zacatecas-una-base-de-operaciones-mixtas\/","title":{"rendered":"Instalar\u00e1n en Zacatecas una base de operaciones mixtas"},"content":{"rendered":"<blockquote><p>El general Sergio Alberto Mart\u00ednez Castuera, comandante de la XI Zona Militar, anunci\u00f3 que el ej\u00e9rcito dispondr\u00e1 de una Base de Operaci\u00f3n Mixta en Malpaso.<\/p><\/blockquote>\n<p>Notimex<br \/>\n21 Jun 2016<\/p>\n<p>Autoridades estatales anunciaron la instalaci\u00f3n de una Base de Operaciones Mixtas (BOM) y la aplicaci\u00f3n de operativos para la prevenci\u00f3n e inhibici\u00f3n del delito en la comunidad de Malpaso, municipio de Villanueva, para proteger a la poblaci\u00f3n.<\/p>\n<p>La BOM estar\u00e1 integrada por elementos del Ej\u00e9rcito Mexicano, quienes vigilar\u00e1n la zona, mientras que la Polic\u00eda Estatal Preventiva (PEP) desarrollar\u00e1 los operativos y la Procuradur\u00eda General de Justicia del Estado (PGJE) revisar\u00e1 cada caso de hecho delictivo que se tiene de ah\u00ed.<\/p>\n<p>La medida se aplicar\u00e1 en respuesta a la solicitud de seguridad p\u00fablica planteada por los habitantes, quienes el fin de semana bloquearon la carretera para denunciar la presencia en la comunidad de la pandilla Los Pilancones.<\/p>\n<p>Para atender la petici\u00f3n de la poblaci\u00f3n de Malpaso, en la reuni\u00f3n de hoy del Grupo de Coordinaci\u00f3n Local (GCL) las diversas instancias estatales y federales acordaron la implementaci\u00f3n de las medidas mencionadas.<\/p>\n<p>El general Sergio Alberto Mart\u00ednez Castuera, comandante de la XI Zona Militar, anunci\u00f3 que el ej\u00e9rcito dispondr\u00e1 de una Base de Operaci\u00f3n Mixta (BOM) en Malpaso; mientras que el General Jes\u00fas Pinto Ortiz, secretario de Seguridad P\u00fablica, precis\u00f3 que desde ayer se instal\u00f3 un destacamento de la PEP.<\/p>\n<p>Explic\u00f3 que los ciudadanos, en la reuni\u00f3n sostenida con autoridades estatales, dieron a conocer los barrios en los que se registra mayor tensi\u00f3n, por lo que se est\u00e1 trabajando en esos lugares con m\u00e1s \u00e9nfasis.<\/p>\n<p>Por su parte, Leticia Catalina Soto Acosta, Procuradora General de Justicia del Estado, comprometi\u00f3 la revisi\u00f3n de cada caso que se tiene sobre presuntos hechos delictivos en esa comunidad y que de existir elementos se solicitar\u00e1n \u00f3rdenes de aprehensi\u00f3n o se cumplimentar\u00e1n las existentes.<\/p>\n<p><a href=\"http:\/\/www.noticiasmvs.com\/#!\/noticias\/instalaran-en-zacatecas-una-base-de-operaciones-mixtas-503\" target=\"_blank\">http:\/\/www.noticiasmvs.com\/#!\/noticias\/instalaran-en-zacatecas-una-base-de-operaciones-mixtas-503<\/a><\/p>\n","protected":false},"excerpt":{"rendered":"<p>El general Sergio Alberto Mart\u00ednez Castuera, comandante de la XI Zona Militar, anunci\u00f3 que el ej\u00e9rcito dispondr\u00e1 de una Base de Operaci\u00f3n Mixta en Malpaso. Notimex 21 Jun 2016 Autoridades &hellip; <a href=\"http:\/\/www.grieta.org.mx\/index.php\/2016\/06\/21\/instalaran-en-zacatecas-una-base-de-operaciones-mixtas\/\" class=\"more-link\">Leer m\u00e1s<\/a><\/p>\n","protected":false},"author":2,"featured_media":21928,"comment_status":"closed","ping_status":"closed","sticky":false,"template":"","format":"standard","meta":{"ngg_post_thumbnail":0,"_jetpack_newsletter_access":"","_jetpack_dont_email_post_to_subs":false,"_jetpack_newsletter_tier_id":0,"_jetpack_memberships_contains_paywalled_content":false,"_jetpack_memberships_contains_paid_content":false,"footnotes":""},"categories":[80,912,1970,2,83,76],"tags":[614],"class_list":["post-14797","post","type-post","status-publish","format-standard","has-post-thumbnail","hentry","category-cintillo","category-militarizacion","category-militarizacion-en-zacatecas","category-noticias-nacionales","category-temas-nacionales","category-zacatecas","tag-militarizacion","entry"],"jetpack_featured_media_url":"http:\/\/www.grieta.org.mx\/wp-content\/uploads\/2018\/03\/14524434_1106112876131411_958039263622046936_o.jpg","jetpack_sharing_enabled":true,"jetpack_shortlink":"https:\/\/wp.me\/p7ZJR4-3QF","jetpack_likes_enabled":false,"jetpack-related-posts":[{"id":22893,"url":"http:\/\/www.grieta.org.mx\/index.php\/2017\/04\/13\/cuenta-ejercito-con-5-mil-700-elementos-en-chihuahua-v-zona-militar\/","url_meta":{"origin":14797,"position":0},"title":"Cuenta Ej\u00e9rcito con 5 mil 700 elementos en Chihuahua: V Zona Militar","author":"grieta","date":"13 abril, 2017","format":false,"excerpt":"Karina Rodr\u00edguez El general de brigada Diplomado de Estado Mayor, RicardoFern\u00e1ndez Acosta, comandante de la V Zona Militar, inform\u00f3 queactualmente 4 mil 500 efectivos coadyuvan para garantizar laseguridad en el estado y que ayer lleg\u00f3 un regimiento de mil 200elementos m\u00e1s para apoyar las operaciones de radicaci\u00f3n en laSierra Tarahumara,\u2026","rel":"","context":"En &quot;Chihuahua&quot;","block_context":{"text":"Chihuahua","link":"http:\/\/www.grieta.org.mx\/index.php\/category\/noticias-nacionales\/chihuahua\/"},"img":{"alt_text":"","src":"https:\/\/i0.wp.com\/www.grieta.org.mx\/wp-content\/uploads\/2018\/03\/14524434_1106112876131411_958039263622046936_o.jpg?resize=350%2C200","width":350,"height":200,"srcset":"https:\/\/i0.wp.com\/www.grieta.org.mx\/wp-content\/uploads\/2018\/03\/14524434_1106112876131411_958039263622046936_o.jpg?resize=350%2C200 1x, https:\/\/i0.wp.com\/www.grieta.org.mx\/wp-content\/uploads\/2018\/03\/14524434_1106112876131411_958039263622046936_o.jpg?resize=525%2C300 1.5x, https:\/\/i0.wp.com\/www.grieta.org.mx\/wp-content\/uploads\/2018\/03\/14524434_1106112876131411_958039263622046936_o.jpg?resize=700%2C400 2x"},"classes":[]},{"id":56784,"url":"http:\/\/www.grieta.org.mx\/index.php\/2021\/02\/01\/operativos-del-ejercito-regresan-a-la-zona-metropolitana-de-nuevo-leon\/","url_meta":{"origin":14797,"position":1},"title":"Operativos del Ej\u00e9rcito regresan a la zona metropolitana de Nuevo Le\u00f3n","author":"grieta","date":"1 febrero, 2021","format":false,"excerpt":"Nuevo Le\u00f3n ha sufrido eventos violentos en los \u00faltimos a\u00f1os. De acuerdo con estad\u00edsticas de la Fiscal\u00eda de Justicia estatal, en 2017 se registraron 656 homicidios dolosos y para 2020 la cifra subi\u00f3 a 914. Luciano Campos Garza\/ PROCESO \u00a0 MONTERREY, N.L. (apro).- La Secretar\u00eda de la Defensa Nacional (Sedena)\u2026","rel":"","context":"En &quot;CINTILLO&quot;","block_context":{"text":"CINTILLO","link":"http:\/\/www.grieta.org.mx\/index.php\/category\/cintillo\/"},"img":{"alt_text":"","src":"https:\/\/i0.wp.com\/www.grieta.org.mx\/wp-content\/uploads\/2021\/02\/helicopf800x450-129435_180881_5050.jpg?resize=350%2C200","width":350,"height":200,"srcset":"https:\/\/i0.wp.com\/www.grieta.org.mx\/wp-content\/uploads\/2021\/02\/helicopf800x450-129435_180881_5050.jpg?resize=350%2C200 1x, https:\/\/i0.wp.com\/www.grieta.org.mx\/wp-content\/uploads\/2021\/02\/helicopf800x450-129435_180881_5050.jpg?resize=525%2C300 1.5x, https:\/\/i0.wp.com\/www.grieta.org.mx\/wp-content\/uploads\/2021\/02\/helicopf800x450-129435_180881_5050.jpg?resize=700%2C400 2x"},"classes":[]},{"id":22890,"url":"http:\/\/www.grieta.org.mx\/index.php\/2017\/05\/12\/llegan-700-militares-mas-a-chihuahua\/","url_meta":{"origin":14797,"position":2},"title":"Llegan 700 militares m\u00e1s a Chihuahua","author":"grieta","date":"12 mayo, 2017","format":false,"excerpt":"Los militares que llegaron estar\u00e1n bajo las \u00f3rdenes de la Zona Militar n\u00famero 42, la cual se localiza en Ciudad Ju\u00e1rez Chihuahua. M\u00e9xico.- M\u00e1s de 700 militares del Ej\u00e9rcito mexicano llegaron a Chihuahua para atender la violencia que se vive en la zona serrana, inform\u00f3 la fiscal\u00eda estatal. Los militares\u2026","rel":"","context":"En &quot;Chihuahua&quot;","block_context":{"text":"Chihuahua","link":"http:\/\/www.grieta.org.mx\/index.php\/category\/noticias-nacionales\/chihuahua\/"},"img":{"alt_text":"","src":"https:\/\/i0.wp.com\/www.grieta.org.mx\/wp-content\/uploads\/2018\/03\/14524434_1106112876131411_958039263622046936_o.jpg?resize=350%2C200","width":350,"height":200,"srcset":"https:\/\/i0.wp.com\/www.grieta.org.mx\/wp-content\/uploads\/2018\/03\/14524434_1106112876131411_958039263622046936_o.jpg?resize=350%2C200 1x, https:\/\/i0.wp.com\/www.grieta.org.mx\/wp-content\/uploads\/2018\/03\/14524434_1106112876131411_958039263622046936_o.jpg?resize=525%2C300 1.5x, https:\/\/i0.wp.com\/www.grieta.org.mx\/wp-content\/uploads\/2018\/03\/14524434_1106112876131411_958039263622046936_o.jpg?resize=700%2C400 2x"},"classes":[]},{"id":35458,"url":"http:\/\/www.grieta.org.mx\/index.php\/2019\/06\/26\/listo-el-terreno-para-la-guardia-nacional-en-el-fuerte-sinaloa\/","url_meta":{"origin":14797,"position":3},"title":"Listo el terreno para la guardia nacional en El Fuerte (Sinaloa)","author":"grieta","date":"26 junio, 2019","format":false,"excerpt":"Foto El Debate Redacci\u00f3n \/ El Debate El Fuerte, Sinaloa.- Con la finalidad de que se arranque el programa de integraci\u00f3n de la\u00a0Guardia Nacional en el municipio de El Fuerte, el Ayuntamiento ya tiene listo el terreno en el pol\u00edgono que ocupa el Aer\u00f3dromo\u00a0municipal, declar\u00f3 el Secretario del Ayuntamiento Leonel\u2026","rel":"","context":"En &quot;CINTILLO&quot;","block_context":{"text":"CINTILLO","link":"http:\/\/www.grieta.org.mx\/index.php\/category\/cintillo\/"},"img":{"alt_text":"","src":"https:\/\/i0.wp.com\/www.grieta.org.mx\/wp-content\/uploads\/2019\/06\/listo_el_terreno_para_la_guardia_nacional_en_el_fuerte_1_1.jpeg_219914347.jpeg?resize=350%2C200","width":350,"height":200,"srcset":"https:\/\/i0.wp.com\/www.grieta.org.mx\/wp-content\/uploads\/2019\/06\/listo_el_terreno_para_la_guardia_nacional_en_el_fuerte_1_1.jpeg_219914347.jpeg?resize=350%2C200 1x, https:\/\/i0.wp.com\/www.grieta.org.mx\/wp-content\/uploads\/2019\/06\/listo_el_terreno_para_la_guardia_nacional_en_el_fuerte_1_1.jpeg_219914347.jpeg?resize=525%2C300 1.5x, https:\/\/i0.wp.com\/www.grieta.org.mx\/wp-content\/uploads\/2019\/06\/listo_el_terreno_para_la_guardia_nacional_en_el_fuerte_1_1.jpeg_219914347.jpeg?resize=700%2C400 2x"},"classes":[]},{"id":29739,"url":"http:\/\/www.grieta.org.mx\/index.php\/2019\/02\/26\/militares-proponen-estrategia-de-seguridad-para-los-altos-de-morelos\/","url_meta":{"origin":14797,"position":4},"title":"Militares proponen estrategia de seguridad para los Altos de Morelos","author":"grieta","date":"26 febrero, 2019","format":false,"excerpt":"H\u00e9ctor Ra\u00fal Gonz\u00e1lez \/ Bajo Palabra Polic\u00edas de los cuatro municipios, encabezados por sus respectivos comandantes, implementar\u00edan operativos especiales en bares, hoteles. M\u00e9xico.- Adem\u00e1s de los convenios de colaboraci\u00f3n en materia de operaci\u00f3n policiaca que existen entre los ayuntamientos y el gobierno de Morelos, el comandante de la 24 Zona\u2026","rel":"","context":"En &quot;CINTILLO&quot;","block_context":{"text":"CINTILLO","link":"http:\/\/www.grieta.org.mx\/index.php\/category\/cintillo\/"},"img":{"alt_text":"","src":"https:\/\/i0.wp.com\/www.grieta.org.mx\/wp-content\/uploads\/2019\/02\/Screenshot_2019-02-27-Militares-proponen-estrategia-de-seguridad-para-los-Altos-de-Morelos.png?resize=350%2C200","width":350,"height":200,"srcset":"https:\/\/i0.wp.com\/www.grieta.org.mx\/wp-content\/uploads\/2019\/02\/Screenshot_2019-02-27-Militares-proponen-estrategia-de-seguridad-para-los-Altos-de-Morelos.png?resize=350%2C200 1x, https:\/\/i0.wp.com\/www.grieta.org.mx\/wp-content\/uploads\/2019\/02\/Screenshot_2019-02-27-Militares-proponen-estrategia-de-seguridad-para-los-Altos-de-Morelos.png?resize=525%2C300 1.5x, https:\/\/i0.wp.com\/www.grieta.org.mx\/wp-content\/uploads\/2019\/02\/Screenshot_2019-02-27-Militares-proponen-estrategia-de-seguridad-para-los-Altos-de-Morelos.png?resize=700%2C400 2x, https:\/\/i0.wp.com\/www.grieta.org.mx\/wp-content\/uploads\/2019\/02\/Screenshot_2019-02-27-Militares-proponen-estrategia-de-seguridad-para-los-Altos-de-Morelos.png?resize=1050%2C600 3x"},"classes":[]},{"id":35940,"url":"http:\/\/www.grieta.org.mx\/index.php\/2019\/07\/04\/guardia-nacional-y-policias-comienzan-a-patrullar-parte-de-la-zmg-jalisco\/","url_meta":{"origin":14797,"position":5},"title":"Guardia Nacional y polic\u00edas comienzan a patrullar parte de la ZMG (Jalisco)","author":"grieta","date":"4 julio, 2019","format":false,"excerpt":"Foto: Cortes\u00eda De la misma manera, los agentes federales ya se encuentran en algunos otros municipios metropolitanos Elizabeth Ibal \/ El Occidental Arranc\u00f3 operaciones formalmente este jueves el personal de la Guardia Nacional en conjunto con elementos de la Comisar\u00eda de la Polic\u00eda de Guadalajara con el fin de reforzar\u2026","rel":"","context":"En &quot;CINTILLO&quot;","block_context":{"text":"CINTILLO","link":"http:\/\/www.grieta.org.mx\/index.php\/category\/cintillo\/"},"img":{"alt_text":"","src":"https:\/\/i0.wp.com\/www.grieta.org.mx\/wp-content\/uploads\/2019\/07\/IMG-20190704-WA0026-2.jpg?resize=350%2C200","width":350,"height":200,"srcset":"https:\/\/i0.wp.com\/www.grieta.org.mx\/wp-content\/uploads\/2019\/07\/IMG-20190704-WA0026-2.jpg?resize=350%2C200 1x, https:\/\/i0.wp.com\/www.grieta.org.mx\/wp-content\/uploads\/2019\/07\/IMG-20190704-WA0026-2.jpg?resize=525%2C300 1.5x, https:\/\/i0.wp.com\/www.grieta.org.mx\/wp-content\/uploads\/2019\/07\/IMG-20190704-WA0026-2.jpg?resize=700%2C400 2x"},"classes":[]}],"_links":{"self":[{"href":"http:\/\/www.grieta.org.mx\/index.php\/wp-json\/wp\/v2\/posts\/14797","targetHints":{"allow":["GET"]}}],"collection":[{"href":"http:\/\/www.grieta.org.mx\/index.php\/wp-json\/wp\/v2\/posts"}],"about":[{"href":"http:\/\/www.grieta.org.mx\/index.php\/wp-json\/wp\/v2\/types\/post"}],"author":[{"embeddable":true,"href":"http:\/\/www.grieta.org.mx\/index.php\/wp-json\/wp\/v2\/users\/2"}],"replies":[{"embeddable":true,"href":"http:\/\/www.grieta.org.mx\/index.php\/wp-json\/wp\/v2\/comments?post=14797"}],"version-history":[{"count":1,"href":"http:\/\/www.grieta.org.mx\/index.php\/wp-json\/wp\/v2\/posts\/14797\/revisions"}],"predecessor-version":[{"id":28442,"href":"http:\/\/www.grieta.org.mx\/index.php\/wp-json\/wp\/v2\/posts\/14797\/revisions\/28442"}],"wp:featuredmedia":[{"embeddable":true,"href":"http:\/\/www.grieta.org.mx\/index.php\/wp-json\/wp\/v2\/media\/21928"}],"wp:attachment":[{"href":"http:\/\/www.grieta.org.mx\/index.php\/wp-json\/wp\/v2\/media?parent=14797"}],"wp:term":[{"taxonomy":"category","embeddable":true,"href":"http:\/\/www.grieta.org.mx\/index.php\/wp-json\/wp\/v2\/categories?post=14797"},{"taxonomy":"post_tag","embeddable":true,"href":"http:\/\/www.grieta.org.mx\/index.php\/wp-json\/wp\/v2\/tags?post=14797"}],"curies":[{"name":"wp","href":"https:\/\/api.w.org\/{rel}","templated":true}]}}