{"id":14748,"date":"2016-06-22T03:56:56","date_gmt":"2016-06-22T03:56:56","guid":{"rendered":"http:\/\/www.grieta.org.mx\/?p=14748"},"modified":"2016-06-24T03:59:24","modified_gmt":"2016-06-24T03:59:24","slug":"medicos-y-enfermeras-protestan-en-siete-ciudades-de-veracruz","status":"publish","type":"post","link":"http:\/\/www.grieta.org.mx\/index.php\/2016\/06\/22\/medicos-y-enfermeras-protestan-en-siete-ciudades-de-veracruz\/","title":{"rendered":"M\u00e9dicos y enfermeras protestan en siete ciudades de Veracruz"},"content":{"rendered":"<blockquote><p>Marcharon por las calles del puerto de Veracruz haciendo diversas demandas. Lamentan hechos en Oaxaca.<\/p><\/blockquote>\n<blockquote><p>M\u00e9dicos y enfermeras de siete ciudades de Veracruz: Poza Rica, Veracruz, Boca del R\u00edo, Coatzacoalcos, Orizaba, C\u00f3rdoba y Xalapa se sumaron al paro nacional de trabajadores del \u00e1rea de la salud, para denunciar falta de insumos y las malas condiciones en los hospitales, as\u00ed como el acoso que sufren por parte de la delincuencia organizada.<\/p><\/blockquote>\n<p>En las protestas, que incluyen el paro de brazos ca\u00eddos en las instalaciones m\u00e9dicas, una marcha por las principales calles de la ciudad, y la colocaci\u00f3n de pancartas de protesta en las afueras de los hospitales, tambi\u00e9n  exigen a las autoridades que se detenga la criminalizaci\u00f3n que padecen en casos de supuestas negligencias m\u00e9dicas.<\/p>\n<p>El movimiento m\u00e9dico tambi\u00e9n es para pronunciarse en contra de la entrada en vigor del nuevo Sistema Universal de Salud.<\/p>\n<p>En Veracruz, donde la marcha se realiz\u00f3 en la plaza d ela Soberan\u00eda, el m\u00e9dico Sergio G\u00f3ngora, indic\u00f3 que se trata de una marcha con la participaci\u00f3n de m\u00e9dicos de diversas instituciones de salud para hacer un llamado a varios puntos como detener la universalizaci\u00f3n del sistema de salud.<\/p>\n<p>Entre los planteamientos se encuentra: detener la discriminaci\u00f3n del acto m\u00e9dico, no violencia hacia el m\u00e9dico, rechaz\u00f3 a la Ley de violencia obst\u00e9trica, rechazo a la Ley de controversia Conamed, rechazo al sistema universal de salud, obligar a las autoridades a dar informaci\u00f3n completa, entre otros.<\/p>\n<p>Adem\u00e1s, indic\u00f3 que se lleva a cabo un llamado al gobierno de Enrique Pe\u00f1a Nieto para detener la violencia en Oaxaca.<\/p>\n<p>En entrevista el m\u00e9dico G\u00f3ngora, indic\u00f3 que piden al presidente detener la reforma de salud sobre la seguridad universal porque desembocar\u00eda en un problema social no tanto por las marchas sino por el dise\u00f1o metodol\u00f3gico el cual cosiste homologar la salud con el seguro popular.<\/p>\n<p>Tambi\u00e9n dijo que la marcha es pac\u00edfica y se une a la nacional, por ello se encuentran reunidos para hacer las peticiones a las autoridades y evitar la homologaci\u00f3n con el seguro popular el cual es malo, pues opera sin medicamento, sin equipo y con deudas a proveedores.<\/p>\n<p>M\u00e9dicos y enfermeras del Centro de Alta Especialidad &#8220;Doctor Rafael Lucio&#8221; y otros hospitales como el Civil &#8220;Luis F. Nach\u00f3n&#8221;, denunciaron secuestros y asesinatos de profesionales y pasantes, que se han registrado en el estado de Veracruz.<\/p>\n<p>Al respecto, el doctor L\u00e1zaro Cristales M\u00e1rquez, indic\u00f3 que son en los municipios del sur y norte del estado, esto es en la zona de Coatzacoalcos, Minatitl\u00e1n y Poza Rica, en el Puerto de Veracruz e incluso en Xalapa, en donde se registran m\u00e1s delitos contra los profesionales de la salud.<\/p>\n<p>&#8220;Son sujetos de violencia, de secuestros, incluso son asesinados, lo que hace que muchos pasantes ya no quieran ir hacer su servicio a comunidades alejadas (&#8230;) en Xalapa hemos sabido de m\u00e9dicos del Seguro Social que han sido asesinados&#8221;.<\/p>\n<p>Al realizar una protesta pac\u00edfica en el CAE, asegur\u00f3 que cada vez se lucha m\u00e1s por enviar a los pasantes de medicina a comunidades para que hagan sus servicios, pero con la inseguridad que se vive en el estado, no existen las condiciones para garantizar la seguridad de los galenos.<\/p>\n<p>Orizaba<\/p>\n<p>En Orizaba, Sergio Heredia Pardo, presidente de la Asociaci\u00f3n M\u00e9dica Orizabe\u00f1a, dijo que con estas manifestaciones se pretende denunciar \u201cla criminalizaci\u00f3n\u201d de doctores y enfermeras, cuando se producen casos de supuestas negligencias m\u00e9dicas.<\/p>\n<p>Adem\u00e1s, insisti\u00f3 en que \u201cnadie nos ha pedido nuestra opini\u00f3n para la implementaci\u00f3n del Sistema Universal de Salud, tratan de realizarla sin que se haya tenido en cuenta la opini\u00f3n de la comunidad m\u00e9dica\u201d.<\/p>\n<p>Este d\u00eda, personal m\u00e9dico de 82 ciudades en todo el pa\u00eds en atenci\u00f3n a la convocatoria realizada por el movimiento \u2018Yosoym\u00e9dico17\u2019, el cual surgi\u00f3 el 22 de junio del 2014 en Guadalajara, Jalisco, en respaldo de 16 doctores acusados de negligencia.<\/p>\n<p><a href=\"http:\/\/e-veracruz.mx\/nota\/2016-06-22\/municipios\/medicos-veracruzanos-se-unen-protesta-nacional\" target=\"_blank\">http:\/\/e-veracruz.mx\/nota\/2016-06-22\/municipios\/medicos-veracruzanos-se-unen-protesta-nacional<\/a><\/p>\n","protected":false},"excerpt":{"rendered":"<p>Marcharon por las calles del puerto de Veracruz haciendo diversas demandas. Lamentan hechos en Oaxaca. M\u00e9dicos y enfermeras de siete ciudades de Veracruz: Poza Rica, Veracruz, Boca del R\u00edo, Coatzacoalcos, &hellip; <a href=\"http:\/\/www.grieta.org.mx\/index.php\/2016\/06\/22\/medicos-y-enfermeras-protestan-en-siete-ciudades-de-veracruz\/\" class=\"more-link\">Leer m\u00e1s<\/a><\/p>\n","protected":false},"author":2,"featured_media":21928,"comment_status":"closed","ping_status":"closed","sticky":false,"template":"","format":"standard","meta":{"ngg_post_thumbnail":0,"_jetpack_newsletter_access":"","_jetpack_dont_email_post_to_subs":false,"_jetpack_newsletter_tier_id":0,"_jetpack_memberships_contains_paywalled_content":false,"_jetpack_memberships_contains_paid_content":false,"footnotes":""},"categories":[80],"tags":[],"class_list":["post-14748","post","type-post","status-publish","format-standard","has-post-thumbnail","hentry","category-cintillo","entry"],"jetpack_featured_media_url":"http:\/\/www.grieta.org.mx\/wp-content\/uploads\/2018\/03\/14524434_1106112876131411_958039263622046936_o.jpg","jetpack_sharing_enabled":true,"jetpack_shortlink":"https:\/\/wp.me\/p7ZJR4-3PS","jetpack_likes_enabled":false,"jetpack-related-posts":[{"id":10574,"url":"http:\/\/www.grieta.org.mx\/index.php\/2016\/04\/12\/en-el-sur-de-veracruz-personal-medico-realiza-paro-en-hospitales-por-inseguridad\/","url_meta":{"origin":14748,"position":0},"title":"En el sur de Veracruz personal m\u00e9dico realiza paro en hospitales por inseguridad","author":"grieta","date":"12 abril, 2016","format":false,"excerpt":"En el sur de Veracruz m\u00e9dicos y enfermeras realizaron un paro general en las instalaciones del Instituto de Seguridad y Servicios Sociales de los Trabajadores del Estado (ISSSTE) , el Instituto Mexicano del Seguro Social (IMSS), hospitales de Petr\u00f3leos Mexicanos (Pemex) y el General de Coatzacoalcos, con el fin de\u2026","rel":"","context":"En &quot;CINTILLO&quot;","block_context":{"text":"CINTILLO","link":"http:\/\/www.grieta.org.mx\/index.php\/category\/cintillo\/"},"img":{"alt_text":"","src":"https:\/\/i0.wp.com\/www.grieta.org.mx\/wp-content\/uploads\/2018\/03\/14524434_1106112876131411_958039263622046936_o.jpg?resize=350%2C200","width":350,"height":200,"srcset":"https:\/\/i0.wp.com\/www.grieta.org.mx\/wp-content\/uploads\/2018\/03\/14524434_1106112876131411_958039263622046936_o.jpg?resize=350%2C200 1x, https:\/\/i0.wp.com\/www.grieta.org.mx\/wp-content\/uploads\/2018\/03\/14524434_1106112876131411_958039263622046936_o.jpg?resize=525%2C300 1.5x, https:\/\/i0.wp.com\/www.grieta.org.mx\/wp-content\/uploads\/2018\/03\/14524434_1106112876131411_958039263622046936_o.jpg?resize=700%2C400 2x"},"classes":[]},{"id":14747,"url":"http:\/\/www.grieta.org.mx\/index.php\/2016\/08\/17\/movilizaciones-contra-la-reforma-al-sector-salud-en-veracruz\/","url_meta":{"origin":14748,"position":1},"title":"Movilizaciones del sector salud en Veracruz","author":"grieta","date":"17 agosto, 2016","format":false,"excerpt":"17\/08\/16. Empleados Salud de Veracruz protestan porque no les pagan desde hace 2 meses Plumas Libres 23\/06\/16. Protestan m\u00e9dicos contra inseguridad y universalizaci\u00f3n de la salud Diario Xalapa 22\/06\/16. M\u00e9dicos y enfermeras protestan en siete ciudades de Veracruz E-consulta","rel":"","context":"En &quot;NOTICIAS NACIONALES&quot;","block_context":{"text":"NOTICIAS NACIONALES","link":"http:\/\/www.grieta.org.mx\/index.php\/category\/noticias-nacionales\/"},"img":{"alt_text":"","src":"https:\/\/i0.wp.com\/www.grieta.org.mx\/wp-content\/uploads\/2018\/03\/14524434_1106112876131411_958039263622046936_o.jpg?resize=350%2C200","width":350,"height":200,"srcset":"https:\/\/i0.wp.com\/www.grieta.org.mx\/wp-content\/uploads\/2018\/03\/14524434_1106112876131411_958039263622046936_o.jpg?resize=350%2C200 1x, https:\/\/i0.wp.com\/www.grieta.org.mx\/wp-content\/uploads\/2018\/03\/14524434_1106112876131411_958039263622046936_o.jpg?resize=525%2C300 1.5x, https:\/\/i0.wp.com\/www.grieta.org.mx\/wp-content\/uploads\/2018\/03\/14524434_1106112876131411_958039263622046936_o.jpg?resize=700%2C400 2x"},"classes":[]},{"id":47328,"url":"http:\/\/www.grieta.org.mx\/index.php\/2020\/04\/05\/chofer-evita-levantar-medicos-difunden-mensajes-de-odio-contra-personal-del-imss-por-miedo-al-covid-19-veracruz\/","url_meta":{"origin":14748,"position":2},"title":"\u201cChofer, evita levantar m\u00e9dicos\u201d: Difunden mensajes de odio contra personal del IMSS por miedo al COVID-19 (Veracruz)","author":"Admin","date":"5 abril, 2020","format":false,"excerpt":"Personal del sector salud que atienden a pacientes coronavirus en Chihuahua, Jalisco y Veracruz est\u00e1n en alerta debido a que circulan mensajes en redes sociales que incitan a la poblaci\u00f3n rechazar, discriminar e incluso agredir a enfermeras y m\u00e9dicos. En un perfil falso de Facebook publicaron un mensaje que exhorta\u2026","rel":"","context":"En &quot;CINTILLO&quot;","block_context":{"text":"CINTILLO","link":"http:\/\/www.grieta.org.mx\/index.php\/category\/cintillo\/"},"img":{"alt_text":"","src":"https:\/\/i0.wp.com\/www.grieta.org.mx\/wp-content\/uploads\/2020\/04\/Screenshot_2020-04-06-Chofer-evita-levantar-m%C3%A9dicos-Difunden-mensajes-de-odio-contra-personal-del-IMSS-por-miedo-al-COVID....png?resize=350%2C200","width":350,"height":200,"srcset":"https:\/\/i0.wp.com\/www.grieta.org.mx\/wp-content\/uploads\/2020\/04\/Screenshot_2020-04-06-Chofer-evita-levantar-m%C3%A9dicos-Difunden-mensajes-de-odio-contra-personal-del-IMSS-por-miedo-al-COVID....png?resize=350%2C200 1x, https:\/\/i0.wp.com\/www.grieta.org.mx\/wp-content\/uploads\/2020\/04\/Screenshot_2020-04-06-Chofer-evita-levantar-m%C3%A9dicos-Difunden-mensajes-de-odio-contra-personal-del-IMSS-por-miedo-al-COVID....png?resize=525%2C300 1.5x, https:\/\/i0.wp.com\/www.grieta.org.mx\/wp-content\/uploads\/2020\/04\/Screenshot_2020-04-06-Chofer-evita-levantar-m%C3%A9dicos-Difunden-mensajes-de-odio-contra-personal-del-IMSS-por-miedo-al-COVID....png?resize=700%2C400 2x"},"classes":[]},{"id":15256,"url":"http:\/\/www.grieta.org.mx\/index.php\/2016\/06\/24\/medicos-de-hidalgo-realizan-paro-contra-las-reformas-al-sector-salud\/","url_meta":{"origin":14748,"position":3},"title":"M\u00e9dicos de Hidalgo realizan paro contra las reformas al sector salud","author":"grieta","date":"24 junio, 2016","format":false,"excerpt":"Pachuca, Hgo.- M\u00e9dicos y enfermeras de distintos centros hospitalarios y cl\u00ednicas de salud de Pachuca se solidarizaron con el paro nacional contra la reforma legal del sector, propuesta por la administraci\u00f3n Federal. M\u00e1s de un centenar de especialistas se manifestaron en la Plaza Ju\u00e1rez de Pachuca donde mostraron pancartas y\u2026","rel":"","context":"En &quot;CINTILLO&quot;","block_context":{"text":"CINTILLO","link":"http:\/\/www.grieta.org.mx\/index.php\/category\/cintillo\/"},"img":{"alt_text":"","src":"https:\/\/i0.wp.com\/www.grieta.org.mx\/wp-content\/uploads\/2018\/03\/14524434_1106112876131411_958039263622046936_o.jpg?resize=350%2C200","width":350,"height":200,"srcset":"https:\/\/i0.wp.com\/www.grieta.org.mx\/wp-content\/uploads\/2018\/03\/14524434_1106112876131411_958039263622046936_o.jpg?resize=350%2C200 1x, https:\/\/i0.wp.com\/www.grieta.org.mx\/wp-content\/uploads\/2018\/03\/14524434_1106112876131411_958039263622046936_o.jpg?resize=525%2C300 1.5x, https:\/\/i0.wp.com\/www.grieta.org.mx\/wp-content\/uploads\/2018\/03\/14524434_1106112876131411_958039263622046936_o.jpg?resize=700%2C400 2x"},"classes":[]},{"id":47369,"url":"http:\/\/www.grieta.org.mx\/index.php\/2020\/04\/06\/medicos-del-pais-en-riesgo-y-bajo-protesta-por-la-falta-de-insumos\/","url_meta":{"origin":14748,"position":4},"title":"M\u00e9dicos del pa\u00eds, en riesgo y bajo protesta por la falta de insumos","author":"Admin","date":"6 abril, 2020","format":false,"excerpt":"Redacci\u00f3n \/ La silla rota Desde el pasado 17 de marzo, comenzaron a desatarse las protestas por parte del personal de salud m\u00e9dico y enfermer\u00eda en distintas partes del pa\u00eds, quienes en varias ocasiones han reclamado la falta de insumos y medidas de protecciones para hacer frente a la pandemia\u2026","rel":"","context":"En &quot;CINTILLO&quot;","block_context":{"text":"CINTILLO","link":"http:\/\/www.grieta.org.mx\/index.php\/category\/cintillo\/"},"img":{"alt_text":"","src":"https:\/\/i0.wp.com\/www.grieta.org.mx\/wp-content\/uploads\/2020\/04\/Screenshot_2020-04-07-M%C3%A9dicos-del-pa%C3%ADs-en-riesgo-y-bajo-protesta-por-la-falta-de-insumos.png?resize=350%2C200","width":350,"height":200,"srcset":"https:\/\/i0.wp.com\/www.grieta.org.mx\/wp-content\/uploads\/2020\/04\/Screenshot_2020-04-07-M%C3%A9dicos-del-pa%C3%ADs-en-riesgo-y-bajo-protesta-por-la-falta-de-insumos.png?resize=350%2C200 1x, https:\/\/i0.wp.com\/www.grieta.org.mx\/wp-content\/uploads\/2020\/04\/Screenshot_2020-04-07-M%C3%A9dicos-del-pa%C3%ADs-en-riesgo-y-bajo-protesta-por-la-falta-de-insumos.png?resize=525%2C300 1.5x, https:\/\/i0.wp.com\/www.grieta.org.mx\/wp-content\/uploads\/2020\/04\/Screenshot_2020-04-07-M%C3%A9dicos-del-pa%C3%ADs-en-riesgo-y-bajo-protesta-por-la-falta-de-insumos.png?resize=700%2C400 2x, https:\/\/i0.wp.com\/www.grieta.org.mx\/wp-content\/uploads\/2020\/04\/Screenshot_2020-04-07-M%C3%A9dicos-del-pa%C3%ADs-en-riesgo-y-bajo-protesta-por-la-falta-de-insumos.png?resize=1050%2C600 3x"},"classes":[]},{"id":14751,"url":"http:\/\/www.grieta.org.mx\/index.php\/2016\/06\/23\/protestan-medicos-contra-inseguridad-y-universalizacion-de-la-salud\/","url_meta":{"origin":14748,"position":5},"title":"Protestan m\u00e9dicos contra inseguridad y universalizaci\u00f3n de la salud","author":"grieta","date":"23 junio, 2016","format":false,"excerpt":"Xalapa, Veracruz.- M\u00e9dicos veracruzanos de Xalapa, Veracruz, Coatzacoalcos, entre otras ciudades participaron en la movilizaci\u00f3n nacional #YoSoy17 en contra de la criminalizaci\u00f3n de su profesi\u00f3n y mostraron su rechazo a la universalizaci\u00f3n de los servicios de salud por considerar que esto es el primer paso hacia la privatizaci\u00f3n. Diversos contingentes\u2026","rel":"","context":"En &quot;CINTILLO&quot;","block_context":{"text":"CINTILLO","link":"http:\/\/www.grieta.org.mx\/index.php\/category\/cintillo\/"},"img":{"alt_text":"","src":"https:\/\/i0.wp.com\/www.grieta.org.mx\/wp-content\/uploads\/2018\/03\/14524434_1106112876131411_958039263622046936_o.jpg?resize=350%2C200","width":350,"height":200,"srcset":"https:\/\/i0.wp.com\/www.grieta.org.mx\/wp-content\/uploads\/2018\/03\/14524434_1106112876131411_958039263622046936_o.jpg?resize=350%2C200 1x, https:\/\/i0.wp.com\/www.grieta.org.mx\/wp-content\/uploads\/2018\/03\/14524434_1106112876131411_958039263622046936_o.jpg?resize=525%2C300 1.5x, https:\/\/i0.wp.com\/www.grieta.org.mx\/wp-content\/uploads\/2018\/03\/14524434_1106112876131411_958039263622046936_o.jpg?resize=700%2C400 2x"},"classes":[]}],"_links":{"self":[{"href":"http:\/\/www.grieta.org.mx\/index.php\/wp-json\/wp\/v2\/posts\/14748","targetHints":{"allow":["GET"]}}],"collection":[{"href":"http:\/\/www.grieta.org.mx\/index.php\/wp-json\/wp\/v2\/posts"}],"about":[{"href":"http:\/\/www.grieta.org.mx\/index.php\/wp-json\/wp\/v2\/types\/post"}],"author":[{"embeddable":true,"href":"http:\/\/www.grieta.org.mx\/index.php\/wp-json\/wp\/v2\/users\/2"}],"replies":[{"embeddable":true,"href":"http:\/\/www.grieta.org.mx\/index.php\/wp-json\/wp\/v2\/comments?post=14748"}],"version-history":[{"count":1,"href":"http:\/\/www.grieta.org.mx\/index.php\/wp-json\/wp\/v2\/posts\/14748\/revisions"}],"predecessor-version":[{"id":14749,"href":"http:\/\/www.grieta.org.mx\/index.php\/wp-json\/wp\/v2\/posts\/14748\/revisions\/14749"}],"wp:featuredmedia":[{"embeddable":true,"href":"http:\/\/www.grieta.org.mx\/index.php\/wp-json\/wp\/v2\/media\/21928"}],"wp:attachment":[{"href":"http:\/\/www.grieta.org.mx\/index.php\/wp-json\/wp\/v2\/media?parent=14748"}],"wp:term":[{"taxonomy":"category","embeddable":true,"href":"http:\/\/www.grieta.org.mx\/index.php\/wp-json\/wp\/v2\/categories?post=14748"},{"taxonomy":"post_tag","embeddable":true,"href":"http:\/\/www.grieta.org.mx\/index.php\/wp-json\/wp\/v2\/tags?post=14748"}],"curies":[{"name":"wp","href":"https:\/\/api.w.org\/{rel}","templated":true}]}}