{"id":14747,"date":"2016-08-17T03:54:42","date_gmt":"2016-08-17T08:54:42","guid":{"rendered":"http:\/\/www.grieta.org.mx\/?p=14747"},"modified":"2016-08-18T23:08:44","modified_gmt":"2016-08-19T04:08:44","slug":"movilizaciones-contra-la-reforma-al-sector-salud-en-veracruz","status":"publish","type":"post","link":"http:\/\/www.grieta.org.mx\/index.php\/2016\/08\/17\/movilizaciones-contra-la-reforma-al-sector-salud-en-veracruz\/","title":{"rendered":"Movilizaciones del sector salud en Veracruz"},"content":{"rendered":"<p><strong>17\/08\/16. <\/strong><a href=\"http:\/\/www.grieta.org.mx\/index.php\/2016\/08\/17\/empleados-salud-de-veracruz-protestan-porque-no-les-pagan-desde-hace-2-meses\/\">Empleados Salud de Veracruz protestan porque no les pagan desde hace 2 meses<\/a><br \/>\n<em>Plumas Libres<\/em><\/p>\n<p><strong>23\/06\/16. <\/strong><a href=\"http:\/\/www.grieta.org.mx\/index.php\/2016\/06\/23\/protestan-medicos-contra-inseguridad-y-universalizacion-de-la-salud\/\">Protestan m\u00e9dicos contra inseguridad y universalizaci\u00f3n de la salud<\/a><br \/>\n<em>Diario Xalapa<\/em><\/p>\n<p><strong>22\/06\/16. <\/strong><a href=\"http:\/\/www.grieta.org.mx\/index.php\/2016\/06\/22\/medicos-y-enfermeras-protestan-en-siete-ciudades-de-veracruz\/\">M\u00e9dicos y enfermeras protestan en siete ciudades de Veracruz<\/a><br \/>\n<em>E-consulta<\/em><\/p>\n","protected":false},"excerpt":{"rendered":"<p>17\/08\/16. Empleados Salud de Veracruz protestan porque no les pagan desde hace 2 meses Plumas Libres 23\/06\/16. Protestan m\u00e9dicos contra inseguridad y universalizaci\u00f3n de la salud Diario Xalapa 22\/06\/16. M\u00e9dicos &hellip; <a href=\"http:\/\/www.grieta.org.mx\/index.php\/2016\/08\/17\/movilizaciones-contra-la-reforma-al-sector-salud-en-veracruz\/\" class=\"more-link\">Leer m\u00e1s<\/a><\/p>\n","protected":false},"author":2,"featured_media":21928,"comment_status":"closed","ping_status":"closed","sticky":false,"template":"","format":"standard","meta":{"ngg_post_thumbnail":0,"_jetpack_newsletter_access":"","_jetpack_dont_email_post_to_subs":false,"_jetpack_newsletter_tier_id":0,"_jetpack_memberships_contains_paywalled_content":false,"_jetpack_memberships_contains_paid_content":false,"footnotes":""},"categories":[2,35],"tags":[],"class_list":["post-14747","post","type-post","status-publish","format-standard","has-post-thumbnail","hentry","category-noticias-nacionales","category-veracruz","entry"],"jetpack_featured_media_url":"http:\/\/www.grieta.org.mx\/wp-content\/uploads\/2018\/03\/14524434_1106112876131411_958039263622046936_o.jpg","jetpack_sharing_enabled":true,"jetpack_shortlink":"https:\/\/wp.me\/p7ZJR4-3PR","jetpack_likes_enabled":false,"jetpack-related-posts":[{"id":47434,"url":"http:\/\/www.grieta.org.mx\/index.php\/2020\/03\/23\/trabajadores-del-sector-salud-protestan-en-puebla-y-veracruz\/","url_meta":{"origin":14747,"position":0},"title":"Trabajadores del sector salud protestan en Puebla y Veracruz","author":"Admin","date":"23 marzo, 2020","format":false,"excerpt":"Edgar \u00c1vila \/ El Universal En dos estados trabajadores del sector salud se manifiestan en el marco de la epidemia de coronavirus o Covid-19.Protestan en Puebla Trabajadores del sector salud de Puebla se manifestaron en distintos hospitales y cl\u00ednicas para exigir medidas adecuadas para enfrentar la pandemia del coronavirus. En\u2026","rel":"","context":"En &quot;CINTILLO&quot;","block_context":{"text":"CINTILLO","link":"http:\/\/www.grieta.org.mx\/index.php\/category\/cintillo\/"},"img":{"alt_text":"","src":"https:\/\/i0.wp.com\/www.grieta.org.mx\/wp-content\/uploads\/2020\/04\/Captura-de-pantalla-2020-04-08-a-las-10.55.53-a.m..png?resize=350%2C200","width":350,"height":200,"srcset":"https:\/\/i0.wp.com\/www.grieta.org.mx\/wp-content\/uploads\/2020\/04\/Captura-de-pantalla-2020-04-08-a-las-10.55.53-a.m..png?resize=350%2C200 1x, https:\/\/i0.wp.com\/www.grieta.org.mx\/wp-content\/uploads\/2020\/04\/Captura-de-pantalla-2020-04-08-a-las-10.55.53-a.m..png?resize=525%2C300 1.5x"},"classes":[]},{"id":19893,"url":"http:\/\/www.grieta.org.mx\/index.php\/2016\/08\/17\/empleados-salud-de-veracruz-protestan-porque-no-les-pagan-desde-hace-2-meses\/","url_meta":{"origin":14747,"position":1},"title":"Empleados Salud de Veracruz protestan porque no les pagan desde hace 2 meses","author":"grieta","date":"17 agosto, 2016","format":false,"excerpt":"Por Daniela J\u00e1come\/ Veracruz, Ver. Trabajadores de Direcci\u00f3n de Vectores se manifestaron desde temprana hora en las oficinas de la Jurisdicci\u00f3n Sanitaria n\u00famero 8 de Veracruz, por falta de pago de sus salarios desde hace 2 meses.. Los cerca de 70 trabajadores forman parte de la plantilla laboral de los\u2026","rel":"","context":"En &quot;CINTILLO&quot;","block_context":{"text":"CINTILLO","link":"http:\/\/www.grieta.org.mx\/index.php\/category\/cintillo\/"},"img":{"alt_text":"","src":"https:\/\/i0.wp.com\/www.grieta.org.mx\/wp-content\/uploads\/2018\/03\/14524434_1106112876131411_958039263622046936_o.jpg?resize=350%2C200","width":350,"height":200,"srcset":"https:\/\/i0.wp.com\/www.grieta.org.mx\/wp-content\/uploads\/2018\/03\/14524434_1106112876131411_958039263622046936_o.jpg?resize=350%2C200 1x, https:\/\/i0.wp.com\/www.grieta.org.mx\/wp-content\/uploads\/2018\/03\/14524434_1106112876131411_958039263622046936_o.jpg?resize=525%2C300 1.5x, https:\/\/i0.wp.com\/www.grieta.org.mx\/wp-content\/uploads\/2018\/03\/14524434_1106112876131411_958039263622046936_o.jpg?resize=700%2C400 2x"},"classes":[]},{"id":14748,"url":"http:\/\/www.grieta.org.mx\/index.php\/2016\/06\/22\/medicos-y-enfermeras-protestan-en-siete-ciudades-de-veracruz\/","url_meta":{"origin":14747,"position":2},"title":"M\u00e9dicos y enfermeras protestan en siete ciudades de Veracruz","author":"grieta","date":"22 junio, 2016","format":false,"excerpt":"Marcharon por las calles del puerto de Veracruz haciendo diversas demandas. Lamentan hechos en Oaxaca. M\u00e9dicos y enfermeras de siete ciudades de Veracruz: Poza Rica, Veracruz, Boca del R\u00edo, Coatzacoalcos, Orizaba, C\u00f3rdoba y Xalapa se sumaron al paro nacional de trabajadores del \u00e1rea de la salud, para denunciar falta de\u2026","rel":"","context":"En &quot;CINTILLO&quot;","block_context":{"text":"CINTILLO","link":"http:\/\/www.grieta.org.mx\/index.php\/category\/cintillo\/"},"img":{"alt_text":"","src":"https:\/\/i0.wp.com\/www.grieta.org.mx\/wp-content\/uploads\/2018\/03\/14524434_1106112876131411_958039263622046936_o.jpg?resize=350%2C200","width":350,"height":200,"srcset":"https:\/\/i0.wp.com\/www.grieta.org.mx\/wp-content\/uploads\/2018\/03\/14524434_1106112876131411_958039263622046936_o.jpg?resize=350%2C200 1x, https:\/\/i0.wp.com\/www.grieta.org.mx\/wp-content\/uploads\/2018\/03\/14524434_1106112876131411_958039263622046936_o.jpg?resize=525%2C300 1.5x, https:\/\/i0.wp.com\/www.grieta.org.mx\/wp-content\/uploads\/2018\/03\/14524434_1106112876131411_958039263622046936_o.jpg?resize=700%2C400 2x"},"classes":[]},{"id":32342,"url":"http:\/\/www.grieta.org.mx\/index.php\/2019\/04\/15\/protestan-medicos-residentes-en-colima-por-falta-de-pagos-suman-ya-21-estados\/","url_meta":{"origin":14747,"position":3},"title":"Protestan m\u00e9dicos residentes en Colima por falta de pagos; suman ya 21 estados","author":"grieta","date":"15 abril, 2019","format":false,"excerpt":"Juan Carlos Flores|CN COLIMANOTICIAS, 15 de abril de 2019 Colima, Col.- Al igual que en 21 estados del pa\u00eds, m\u00e9dicos residentes de Colima y Manzanillo protestaron por falta de pagos. Los galenos contin\u00faan sus labores bajo protesta, algunos de ellos portando alg\u00fan distintivo. Reportes indican que los m\u00e9dicos se manifestaron\u2026","rel":"","context":"En &quot;CINTILLO&quot;","block_context":{"text":"CINTILLO","link":"http:\/\/www.grieta.org.mx\/index.php\/category\/cintillo\/"},"img":{"alt_text":"","src":"https:\/\/i0.wp.com\/www.grieta.org.mx\/wp-content\/uploads\/2018\/03\/14524434_1106112876131411_958039263622046936_o.jpg?resize=350%2C200","width":350,"height":200,"srcset":"https:\/\/i0.wp.com\/www.grieta.org.mx\/wp-content\/uploads\/2018\/03\/14524434_1106112876131411_958039263622046936_o.jpg?resize=350%2C200 1x, https:\/\/i0.wp.com\/www.grieta.org.mx\/wp-content\/uploads\/2018\/03\/14524434_1106112876131411_958039263622046936_o.jpg?resize=525%2C300 1.5x, https:\/\/i0.wp.com\/www.grieta.org.mx\/wp-content\/uploads\/2018\/03\/14524434_1106112876131411_958039263622046936_o.jpg?resize=700%2C400 2x"},"classes":[]},{"id":12193,"url":"http:\/\/www.grieta.org.mx\/index.php\/2016\/05\/13\/protestan-en-veracruz-contra-reforma-antiaborto\/","url_meta":{"origin":14747,"position":4},"title":"Protestan en Veracruz contra reforma antiaborto","author":"grieta","date":"13 mayo, 2016","format":false,"excerpt":"13\/05\/16. La reforma en Veracruz, primer paso para criminalizar el aborto en todo el pa\u00eds, alertan ong EmeEquis 11\/05\/16. Activistas de Veracruz protestan contra reforma antiaborto La Jornada","rel":"","context":"En &quot;NOTICIAS NACIONALES&quot;","block_context":{"text":"NOTICIAS NACIONALES","link":"http:\/\/www.grieta.org.mx\/index.php\/category\/noticias-nacionales\/"},"img":{"alt_text":"","src":"https:\/\/i0.wp.com\/www.grieta.org.mx\/wp-content\/uploads\/2018\/03\/14524434_1106112876131411_958039263622046936_o.jpg?resize=350%2C200","width":350,"height":200,"srcset":"https:\/\/i0.wp.com\/www.grieta.org.mx\/wp-content\/uploads\/2018\/03\/14524434_1106112876131411_958039263622046936_o.jpg?resize=350%2C200 1x, https:\/\/i0.wp.com\/www.grieta.org.mx\/wp-content\/uploads\/2018\/03\/14524434_1106112876131411_958039263622046936_o.jpg?resize=525%2C300 1.5x, https:\/\/i0.wp.com\/www.grieta.org.mx\/wp-content\/uploads\/2018\/03\/14524434_1106112876131411_958039263622046936_o.jpg?resize=700%2C400 2x"},"classes":[]},{"id":43722,"url":"http:\/\/www.grieta.org.mx\/index.php\/2020\/01\/07\/madres-de-ninos-con-cancer-protestan-por-desabasto-de-medicinas-veracruz\/","url_meta":{"origin":14747,"position":5},"title":"Madres de ni\u00f1os con c\u00e1ncer protestan por desabasto de medicinas (Veracruz)","author":"grieta","date":"7 enero, 2020","format":false,"excerpt":"Redacci\u00f3n \/ Animal Pol\u00edtico Madres y familiares de ni\u00f1os con c\u00e1ncer bloquearon diferentes calles en Veracruz, para exigir el abasto de medicamentos. En Xalapa, familiares se manifestaron frente a las instalaciones del Centro Estatal de Cancerolog\u00eda (Cecan) Dr. Miguel Dorantes Mesa y pidieron que el secretario de Salud de Veracruz,\u2026","rel":"","context":"En &quot;CINTILLO&quot;","block_context":{"text":"CINTILLO","link":"http:\/\/www.grieta.org.mx\/index.php\/category\/cintillo\/"},"img":{"alt_text":"","src":"https:\/\/i0.wp.com\/www.grieta.org.mx\/wp-content\/uploads\/2020\/01\/madres-ninos-cancer-protestan-veracruz.jpg?resize=350%2C200","width":350,"height":200,"srcset":"https:\/\/i0.wp.com\/www.grieta.org.mx\/wp-content\/uploads\/2020\/01\/madres-ninos-cancer-protestan-veracruz.jpg?resize=350%2C200 1x, https:\/\/i0.wp.com\/www.grieta.org.mx\/wp-content\/uploads\/2020\/01\/madres-ninos-cancer-protestan-veracruz.jpg?resize=525%2C300 1.5x, https:\/\/i0.wp.com\/www.grieta.org.mx\/wp-content\/uploads\/2020\/01\/madres-ninos-cancer-protestan-veracruz.jpg?resize=700%2C400 2x"},"classes":[]}],"_links":{"self":[{"href":"http:\/\/www.grieta.org.mx\/index.php\/wp-json\/wp\/v2\/posts\/14747","targetHints":{"allow":["GET"]}}],"collection":[{"href":"http:\/\/www.grieta.org.mx\/index.php\/wp-json\/wp\/v2\/posts"}],"about":[{"href":"http:\/\/www.grieta.org.mx\/index.php\/wp-json\/wp\/v2\/types\/post"}],"author":[{"embeddable":true,"href":"http:\/\/www.grieta.org.mx\/index.php\/wp-json\/wp\/v2\/users\/2"}],"replies":[{"embeddable":true,"href":"http:\/\/www.grieta.org.mx\/index.php\/wp-json\/wp\/v2\/comments?post=14747"}],"version-history":[{"count":1,"href":"http:\/\/www.grieta.org.mx\/index.php\/wp-json\/wp\/v2\/posts\/14747\/revisions"}],"predecessor-version":[{"id":19895,"href":"http:\/\/www.grieta.org.mx\/index.php\/wp-json\/wp\/v2\/posts\/14747\/revisions\/19895"}],"wp:featuredmedia":[{"embeddable":true,"href":"http:\/\/www.grieta.org.mx\/index.php\/wp-json\/wp\/v2\/media\/21928"}],"wp:attachment":[{"href":"http:\/\/www.grieta.org.mx\/index.php\/wp-json\/wp\/v2\/media?parent=14747"}],"wp:term":[{"taxonomy":"category","embeddable":true,"href":"http:\/\/www.grieta.org.mx\/index.php\/wp-json\/wp\/v2\/categories?post=14747"},{"taxonomy":"post_tag","embeddable":true,"href":"http:\/\/www.grieta.org.mx\/index.php\/wp-json\/wp\/v2\/tags?post=14747"}],"curies":[{"name":"wp","href":"https:\/\/api.w.org\/{rel}","templated":true}]}}