{"id":1473,"date":"2015-11-21T17:16:51","date_gmt":"2015-11-21T17:16:51","guid":{"rendered":"http:\/\/50.22.11.12\/~grietaor\/?p=1473"},"modified":"2016-03-07T17:26:36","modified_gmt":"2016-03-07T17:26:36","slug":"refuerzan-seguridad-mediante-retenes-y-orientan-al-turismo","status":"publish","type":"post","link":"http:\/\/www.grieta.org.mx\/index.php\/2015\/11\/21\/refuerzan-seguridad-mediante-retenes-y-orientan-al-turismo\/","title":{"rendered":"Refuerzan seguridad mediante retenes y orientan al turismo"},"content":{"rendered":"<p>XPUJIL.\u2014 La Direcci\u00f3n de Seguridad P\u00fablica implement\u00f3 la instalaci\u00f3n de retenes en las entradas y salidas del municipio, revisando a todo tipo de veh\u00edculos y orientando al turismo sobre la ubicaci\u00f3n de los diferentes sitios arqueol\u00f3gicos.<\/p>\n<p>Su titular, Jos\u00e9 Rom\u00e1n Tejo Brice\u00f1o, dijo que sin distinci\u00f3n y cumpliendo con las recomendaciones del secretario de Seguridad P\u00fablica en la entidad, Jorge Arg\u00e1ez, y del Gobierno Estatal, debemos ser m\u00e1s eficientes y brindar mayor seguridad a Calakmul.<\/p>\n<p>Por ser un municipio fronterizo con Belice, Guatemala, y la cercan\u00eda del Caribe mexicano, miles de viajeros pasan por Calakmul y no sabemos si tienen alg\u00fan v\u00ednculo con grupos delictivos.<\/p>\n<p>Las instrucciones son revisar minuciosamente los autom\u00f3viles, identificar a los viajeros y si alguno requiere orientaci\u00f3n hacia los sitios arqueol\u00f3gicos, brindarles la informaci\u00f3n.<\/p>\n<p>Una de las \u00f3rdenes del gobernador Rafael Alejandro Moreno C\u00e1rdenas, es que apliquemos la ley al pie de la letra y sin distingos de alguna persona.<\/p>\n<p>Nuestro deber es procurar la paz de los habitantes, es la tarea m\u00e1s importante.<\/p>\n<p><a href=\"http:\/\/tribunacampeche.com\/municipios\/2015\/11\/21\/refuerzan-seguridad-mediante-retenes-y-orientan-al-turismo\/\" target=\"_blank\">tribunacampeche.com\/municipios\/2015\/11\/21\/refuerzan-seguridad-mediante-retenes-y-orientan-al-turismo\/<\/a><\/p>\n","protected":false},"excerpt":{"rendered":"<p>XPUJIL.\u2014 La Direcci\u00f3n de Seguridad P\u00fablica implement\u00f3 la instalaci\u00f3n de retenes en las entradas y salidas del municipio, revisando a todo tipo de veh\u00edculos y orientando al turismo sobre la &hellip; <a href=\"http:\/\/www.grieta.org.mx\/index.php\/2015\/11\/21\/refuerzan-seguridad-mediante-retenes-y-orientan-al-turismo\/\" class=\"more-link\">Leer m\u00e1s<\/a><\/p>\n","protected":false},"author":2,"featured_media":21928,"comment_status":"closed","ping_status":"open","sticky":false,"template":"","format":"standard","meta":{"ngg_post_thumbnail":0,"_jetpack_newsletter_access":"","_jetpack_dont_email_post_to_subs":false,"_jetpack_newsletter_tier_id":0,"_jetpack_memberships_contains_paywalled_content":false,"_jetpack_memberships_contains_paid_content":false,"footnotes":""},"categories":[123,80],"tags":[198,197],"class_list":["post-1473","post","type-post","status-publish","format-standard","has-post-thumbnail","hentry","category-campeche","category-cintillo","tag-calakmul","tag-retenes","entry"],"jetpack_featured_media_url":"http:\/\/www.grieta.org.mx\/wp-content\/uploads\/2018\/03\/14524434_1106112876131411_958039263622046936_o.jpg","jetpack_sharing_enabled":true,"jetpack_shortlink":"https:\/\/wp.me\/p7ZJR4-nL","jetpack_likes_enabled":false,"jetpack-related-posts":[{"id":1479,"url":"http:\/\/www.grieta.org.mx\/index.php\/2015\/07\/19\/refuerzan-seguridad-en-campeche-por-alerta-nacional\/","url_meta":{"origin":1473,"position":0},"title":"Refuerzan seguridad en Campeche por alerta nacional","author":"grieta","date":"19 julio, 2015","format":false,"excerpt":"CAMPECHE.- Ante la emisi\u00f3n de la alerta nacional, el Consejo de Seguridad P\u00fablica (CESP) de Campeche reforz\u00f3 la seguridad el territorio estatal con efectivos militares, agentes de la Polic\u00eda Federal y de la Polic\u00eda Estatal con retenes principalmente en los municipios de la zona Sur, debido a los recientes acontecimientos\u2026","rel":"","context":"En &quot;campeche&quot;","block_context":{"text":"campeche","link":"http:\/\/www.grieta.org.mx\/index.php\/category\/campeche\/"},"img":{"alt_text":"","src":"https:\/\/i0.wp.com\/www.grieta.org.mx\/wp-content\/uploads\/2018\/03\/14524434_1106112876131411_958039263622046936_o.jpg?resize=350%2C200","width":350,"height":200,"srcset":"https:\/\/i0.wp.com\/www.grieta.org.mx\/wp-content\/uploads\/2018\/03\/14524434_1106112876131411_958039263622046936_o.jpg?resize=350%2C200 1x, https:\/\/i0.wp.com\/www.grieta.org.mx\/wp-content\/uploads\/2018\/03\/14524434_1106112876131411_958039263622046936_o.jpg?resize=525%2C300 1.5x, https:\/\/i0.wp.com\/www.grieta.org.mx\/wp-content\/uploads\/2018\/03\/14524434_1106112876131411_958039263622046936_o.jpg?resize=700%2C400 2x"},"classes":[]},{"id":3003,"url":"http:\/\/www.grieta.org.mx\/index.php\/2015\/02\/19\/pgr-participa-en-vigilancia-por-aire-y-tierra-en-biosfera-de-calakmul\/","url_meta":{"origin":1473,"position":1},"title":"PGR participa en vigilancia por aire y tierra en Biosfera de Calakmul","author":"grieta","date":"19 febrero, 2015","format":false,"excerpt":"Campeche, 19 Feb (Notimex).- Personal de la delegaci\u00f3n de la Procuradur\u00eda General de la Rep\u00fablica (PGR) particip\u00f3 en recorridos por aire y tierra, como parte de diligencias para la protecci\u00f3n de la Biosfera de Calakmul. En un comunicado, la dependencia federal dio a conocer que esas acciones se llevaron al\u2026","rel":"","context":"En &quot;campeche&quot;","block_context":{"text":"campeche","link":"http:\/\/www.grieta.org.mx\/index.php\/category\/campeche\/"},"img":{"alt_text":"","src":"https:\/\/i0.wp.com\/www.grieta.org.mx\/wp-content\/uploads\/2018\/03\/14524434_1106112876131411_958039263622046936_o.jpg?resize=350%2C200","width":350,"height":200,"srcset":"https:\/\/i0.wp.com\/www.grieta.org.mx\/wp-content\/uploads\/2018\/03\/14524434_1106112876131411_958039263622046936_o.jpg?resize=350%2C200 1x, https:\/\/i0.wp.com\/www.grieta.org.mx\/wp-content\/uploads\/2018\/03\/14524434_1106112876131411_958039263622046936_o.jpg?resize=525%2C300 1.5x, https:\/\/i0.wp.com\/www.grieta.org.mx\/wp-content\/uploads\/2018\/03\/14524434_1106112876131411_958039263622046936_o.jpg?resize=700%2C400 2x"},"classes":[]},{"id":1475,"url":"http:\/\/www.grieta.org.mx\/index.php\/2015\/11\/17\/reforzaran-retenes-en-la-ciudad\/","url_meta":{"origin":1473,"position":2},"title":"Reforzar\u00e1n retenes en la ciudad","author":"grieta","date":"17 noviembre, 2015","format":false,"excerpt":"La Secretar\u00eda de Seguridad P\u00fablica de Campeche (SSPCAM) reforzar\u00e1 los retenes instalados en las inmediaciones de la ciudad y reinstalar\u00e1 el que operaba sobre la avenida Maestros Campechanos, adelant\u00f3 su titular Jorge de Jes\u00fas Arg\u00e1ez Uribe. Continuar\u00e1n los operativos de vigilancia en los otros 10 municipios, principalmente en El Carmen,\u2026","rel":"","context":"En &quot;campeche&quot;","block_context":{"text":"campeche","link":"http:\/\/www.grieta.org.mx\/index.php\/category\/campeche\/"},"img":{"alt_text":"","src":"https:\/\/i0.wp.com\/www.grieta.org.mx\/wp-content\/uploads\/2018\/03\/14524434_1106112876131411_958039263622046936_o.jpg?resize=350%2C200","width":350,"height":200,"srcset":"https:\/\/i0.wp.com\/www.grieta.org.mx\/wp-content\/uploads\/2018\/03\/14524434_1106112876131411_958039263622046936_o.jpg?resize=350%2C200 1x, https:\/\/i0.wp.com\/www.grieta.org.mx\/wp-content\/uploads\/2018\/03\/14524434_1106112876131411_958039263622046936_o.jpg?resize=525%2C300 1.5x, https:\/\/i0.wp.com\/www.grieta.org.mx\/wp-content\/uploads\/2018\/03\/14524434_1106112876131411_958039263622046936_o.jpg?resize=700%2C400 2x"},"classes":[]},{"id":2835,"url":"http:\/\/www.grieta.org.mx\/index.php\/2015\/07\/24\/afinan-proyecto-de-turismo-sustentable-en-calakmul\/","url_meta":{"origin":1473,"position":3},"title":"Afinan proyecto de turismo sustentable en Calakmul","author":"grieta","date":"24 julio, 2015","format":false,"excerpt":"La secretaria federal de Turismo, Claudia Ruiz Massieu, dio a conocer que ya se est\u00e1 trabajando con el Instituto Nacional de Antropolog\u00eda e Historia (INAH) y el Consejo Nacional para la cultura y las artes (CONACULTA) para que en el municipio de Calakmul se concluyan los estudios para el desarrollo\u2026","rel":"","context":"En &quot;campeche&quot;","block_context":{"text":"campeche","link":"http:\/\/www.grieta.org.mx\/index.php\/category\/campeche\/"},"img":{"alt_text":"","src":"https:\/\/i0.wp.com\/www.grieta.org.mx\/wp-content\/uploads\/2018\/03\/14524434_1106112876131411_958039263622046936_o.jpg?resize=350%2C200","width":350,"height":200,"srcset":"https:\/\/i0.wp.com\/www.grieta.org.mx\/wp-content\/uploads\/2018\/03\/14524434_1106112876131411_958039263622046936_o.jpg?resize=350%2C200 1x, https:\/\/i0.wp.com\/www.grieta.org.mx\/wp-content\/uploads\/2018\/03\/14524434_1106112876131411_958039263622046936_o.jpg?resize=525%2C300 1.5x, https:\/\/i0.wp.com\/www.grieta.org.mx\/wp-content\/uploads\/2018\/03\/14524434_1106112876131411_958039263622046936_o.jpg?resize=700%2C400 2x"},"classes":[]},{"id":1472,"url":"http:\/\/www.grieta.org.mx\/index.php\/2015\/11\/21\/mas-presencia-y-abusos-de-autoridad-por-parte-de-la-pf-y-el-ejercito-en-campeche\/","url_meta":{"origin":1473,"position":4},"title":"M\u00e1s presencia y abusos de autoridad por parte de la PF y el ej\u00e9rcito en Campeche","author":"grieta","date":"21 noviembre, 2015","format":false,"excerpt":"21\/11\/15 Refuerzan seguridad mediante retenes y orientan al turismoTribuna 17\/11\/15 Reforzar\u00e1n retenes en la ciudadTribuna 20\/08\/15 Denuncian abuso polic\u00edaco en Campeche.Por esto 19\/07\/15 Refuerzan seguridad en Campeche por alerta nacional.El Financiero 14\/07\/15 Vigilan frontera Campeche-Guatemala.Carmen Hoy 11\/07\/15 Terror y miedo por militares de Quintana Roo.Carmen hoy","rel":"","context":"En &quot;Campeche&quot;","block_context":{"text":"Campeche","link":"http:\/\/www.grieta.org.mx\/index.php\/category\/noticias-nacionales\/campeche\/"},"img":{"alt_text":"","src":"https:\/\/i0.wp.com\/www.grieta.org.mx\/wp-content\/uploads\/2018\/03\/14524434_1106112876131411_958039263622046936_o.jpg?resize=350%2C200","width":350,"height":200,"srcset":"https:\/\/i0.wp.com\/www.grieta.org.mx\/wp-content\/uploads\/2018\/03\/14524434_1106112876131411_958039263622046936_o.jpg?resize=350%2C200 1x, https:\/\/i0.wp.com\/www.grieta.org.mx\/wp-content\/uploads\/2018\/03\/14524434_1106112876131411_958039263622046936_o.jpg?resize=525%2C300 1.5x, https:\/\/i0.wp.com\/www.grieta.org.mx\/wp-content\/uploads\/2018\/03\/14524434_1106112876131411_958039263622046936_o.jpg?resize=700%2C400 2x"},"classes":[]},{"id":3006,"url":"http:\/\/www.grieta.org.mx\/index.php\/2015\/02\/13\/ningun-predio-invadido-en-biosfera-de-calakmul\/","url_meta":{"origin":1473,"position":5},"title":"Ning\u00fan predio invadido en Biosfera de Calakmul","author":"grieta","date":"13 febrero, 2015","format":false,"excerpt":"Supervisados por Maribel Acu\u00f1a Gonz\u00e1lez, agente del Ministerio P\u00fablico de la Federaci\u00f3n, adscrita a la Subdelegaci\u00f3n de la PGR de Esc\u00e1rcega, los elementos asignados al operativo recorrieron esa regi\u00f3n del municipio y verificaron que no hab\u00eda invasi\u00f3n alguna. Supervisaron los predios conocidos como Los Cajeros, Aguas Margas y La Aguda,\u2026","rel":"","context":"En &quot;campeche&quot;","block_context":{"text":"campeche","link":"http:\/\/www.grieta.org.mx\/index.php\/category\/campeche\/"},"img":{"alt_text":"","src":"https:\/\/i0.wp.com\/www.grieta.org.mx\/wp-content\/uploads\/2018\/03\/14524434_1106112876131411_958039263622046936_o.jpg?resize=350%2C200","width":350,"height":200,"srcset":"https:\/\/i0.wp.com\/www.grieta.org.mx\/wp-content\/uploads\/2018\/03\/14524434_1106112876131411_958039263622046936_o.jpg?resize=350%2C200 1x, https:\/\/i0.wp.com\/www.grieta.org.mx\/wp-content\/uploads\/2018\/03\/14524434_1106112876131411_958039263622046936_o.jpg?resize=525%2C300 1.5x, https:\/\/i0.wp.com\/www.grieta.org.mx\/wp-content\/uploads\/2018\/03\/14524434_1106112876131411_958039263622046936_o.jpg?resize=700%2C400 2x"},"classes":[]}],"_links":{"self":[{"href":"http:\/\/www.grieta.org.mx\/index.php\/wp-json\/wp\/v2\/posts\/1473","targetHints":{"allow":["GET"]}}],"collection":[{"href":"http:\/\/www.grieta.org.mx\/index.php\/wp-json\/wp\/v2\/posts"}],"about":[{"href":"http:\/\/www.grieta.org.mx\/index.php\/wp-json\/wp\/v2\/types\/post"}],"author":[{"embeddable":true,"href":"http:\/\/www.grieta.org.mx\/index.php\/wp-json\/wp\/v2\/users\/2"}],"replies":[{"embeddable":true,"href":"http:\/\/www.grieta.org.mx\/index.php\/wp-json\/wp\/v2\/comments?post=1473"}],"version-history":[{"count":1,"href":"http:\/\/www.grieta.org.mx\/index.php\/wp-json\/wp\/v2\/posts\/1473\/revisions"}],"predecessor-version":[{"id":1474,"href":"http:\/\/www.grieta.org.mx\/index.php\/wp-json\/wp\/v2\/posts\/1473\/revisions\/1474"}],"wp:featuredmedia":[{"embeddable":true,"href":"http:\/\/www.grieta.org.mx\/index.php\/wp-json\/wp\/v2\/media\/21928"}],"wp:attachment":[{"href":"http:\/\/www.grieta.org.mx\/index.php\/wp-json\/wp\/v2\/media?parent=1473"}],"wp:term":[{"taxonomy":"category","embeddable":true,"href":"http:\/\/www.grieta.org.mx\/index.php\/wp-json\/wp\/v2\/categories?post=1473"},{"taxonomy":"post_tag","embeddable":true,"href":"http:\/\/www.grieta.org.mx\/index.php\/wp-json\/wp\/v2\/tags?post=1473"}],"curies":[{"name":"wp","href":"https:\/\/api.w.org\/{rel}","templated":true}]}}