{"id":14726,"date":"2016-06-21T18:03:17","date_gmt":"2016-06-21T18:03:17","guid":{"rendered":"http:\/\/www.grieta.org.mx\/?p=14726"},"modified":"2016-06-23T18:05:54","modified_gmt":"2016-06-23T18:05:54","slug":"marchan-maestros-pescadores-y-hasta-tramitadores-en-manzanillo","status":"publish","type":"post","link":"http:\/\/www.grieta.org.mx\/index.php\/2016\/06\/21\/marchan-maestros-pescadores-y-hasta-tramitadores-en-manzanillo\/","title":{"rendered":"Marchan maestros, pescadores y hasta tramitadores en Manzanillo"},"content":{"rendered":"<p>Redacci\u00f3n|COLIMANOTICIAS<\/p>\n<p><img loading=\"lazy\" decoding=\"async\" data-attachment-id=\"14727\" data-permalink=\"http:\/\/www.grieta.org.mx\/index.php\/2016\/06\/21\/marchan-maestros-pescadores-y-hasta-tramitadores-en-manzanillo\/manz1\/\" data-orig-file=\"http:\/\/www.grieta.org.mx\/wp-content\/uploads\/2016\/06\/manz1.jpg\" data-orig-size=\"696,392\" data-comments-opened=\"0\" data-image-meta=\"{&quot;aperture&quot;:&quot;0&quot;,&quot;credit&quot;:&quot;&quot;,&quot;camera&quot;:&quot;&quot;,&quot;caption&quot;:&quot;&quot;,&quot;created_timestamp&quot;:&quot;0&quot;,&quot;copyright&quot;:&quot;&quot;,&quot;focal_length&quot;:&quot;0&quot;,&quot;iso&quot;:&quot;0&quot;,&quot;shutter_speed&quot;:&quot;0&quot;,&quot;title&quot;:&quot;&quot;,&quot;orientation&quot;:&quot;0&quot;}\" data-image-title=\"manz1\" data-image-description=\"\" data-image-caption=\"\" data-medium-file=\"http:\/\/www.grieta.org.mx\/wp-content\/uploads\/2016\/06\/manz1-300x169.jpg\" data-large-file=\"http:\/\/www.grieta.org.mx\/wp-content\/uploads\/2016\/06\/manz1.jpg\" src=\"http:\/\/www.grieta.org.mx\/wp-content\/uploads\/2016\/06\/manz1-300x169.jpg\" alt=\"manz1\" width=\"300\" height=\"169\" class=\"aligncenter size-medium wp-image-14727\" srcset=\"http:\/\/www.grieta.org.mx\/wp-content\/uploads\/2016\/06\/manz1-300x169.jpg 300w, http:\/\/www.grieta.org.mx\/wp-content\/uploads\/2016\/06\/manz1.jpg 696w\" sizes=\"auto, (max-width: 300px) 100vw, 300px\" \/><\/p>\n<p>Manzanillo, Col.- Esta tarde se lleva a cabo una marcha y manifestaci\u00f3n en contra de la reforma educativa.<\/p>\n<p>El contingente recorre la avenida El\u00edas Zamora desde el Barrio 1 hasta Soriana, en donde se llevara a cabo un mitin. En la movilizaci\u00f3n convocada por la CNTE se han sumado pescadores, tramitadores de agencias aduanales y sociedad en general.<\/p>\n<p>Hasta el momento no se han registrado incidentes y las corporaciones de seguridad se mantienen a la distancia.<\/p>\n<p>Solo se ha cerrado la circulaci\u00f3n sobre la avenida El\u00edas Zamora en direcci\u00f3n Barrio 1-Salagua.<\/p>\n<p><a href=\"http:\/\/colimanoticias.com\/marchan-maestros-pescadores-y-hasta-tramitadores-en-manzanillo\/\" target=\"_blank\">http:\/\/colimanoticias.com\/marchan-maestros-pescadores-y-hasta-tramitadores-en-manzanillo\/<\/a><\/p>\n","protected":false},"excerpt":{"rendered":"<p>Redacci\u00f3n|COLIMANOTICIAS Manzanillo, Col.- Esta tarde se lleva a cabo una marcha y manifestaci\u00f3n en contra de la reforma educativa. El contingente recorre la avenida El\u00edas Zamora desde el Barrio 1 &hellip; <a href=\"http:\/\/www.grieta.org.mx\/index.php\/2016\/06\/21\/marchan-maestros-pescadores-y-hasta-tramitadores-en-manzanillo\/\" class=\"more-link\">Leer m\u00e1s<\/a><\/p>\n","protected":false},"author":2,"featured_media":21928,"comment_status":"closed","ping_status":"closed","sticky":false,"template":"","format":"standard","meta":{"ngg_post_thumbnail":0,"_jetpack_newsletter_access":"","_jetpack_dont_email_post_to_subs":false,"_jetpack_newsletter_tier_id":0,"_jetpack_memberships_contains_paywalled_content":false,"_jetpack_memberships_contains_paid_content":false,"footnotes":""},"categories":[80,108],"tags":[135],"class_list":["post-14726","post","type-post","status-publish","format-standard","has-post-thumbnail","hentry","category-cintillo","category-colima","tag-reforma-educativa","entry"],"jetpack_featured_media_url":"http:\/\/www.grieta.org.mx\/wp-content\/uploads\/2018\/03\/14524434_1106112876131411_958039263622046936_o.jpg","jetpack_sharing_enabled":true,"jetpack_shortlink":"https:\/\/wp.me\/p7ZJR4-3Pw","jetpack_likes_enabled":false,"jetpack-related-posts":[{"id":2709,"url":"http:\/\/www.grieta.org.mx\/index.php\/2016\/07\/17\/movilizaciones-contra-la-reforma-educativa-y-la-evaluacion-magisterial-en-colima\/","url_meta":{"origin":14726,"position":0},"title":"Movilizaciones contra la Reforma educativa y evaluaci\u00f3n magisterial en Colima","author":"grieta","date":"17 julio, 2016","format":false,"excerpt":"17\/07\/16. Marchan maestros en contra de la reforma educativaMeganoticias Colima 02\/07\/16. Maestros de la CNTE bloquearon el puertoCorreo de Manzanillo 23\/06\/16. Maestros de Colima protestan por OaxacaPerriodismo 21\/06\/16. Marchan maestros, pescadores y hasta tramitadores en ManzanilloColima Noticias 21\/06\/16. Maestros de Colima se unen a quienes exigen la renuncia de Aurelio\u2026","rel":"","context":"En &quot;Colima&quot;","block_context":{"text":"Colima","link":"http:\/\/www.grieta.org.mx\/index.php\/category\/noticias-nacionales\/colima\/"},"img":{"alt_text":"","src":"https:\/\/i0.wp.com\/www.grieta.org.mx\/wp-content\/uploads\/2018\/03\/14524434_1106112876131411_958039263622046936_o.jpg?resize=350%2C200","width":350,"height":200,"srcset":"https:\/\/i0.wp.com\/www.grieta.org.mx\/wp-content\/uploads\/2018\/03\/14524434_1106112876131411_958039263622046936_o.jpg?resize=350%2C200 1x, https:\/\/i0.wp.com\/www.grieta.org.mx\/wp-content\/uploads\/2018\/03\/14524434_1106112876131411_958039263622046936_o.jpg?resize=525%2C300 1.5x, https:\/\/i0.wp.com\/www.grieta.org.mx\/wp-content\/uploads\/2018\/03\/14524434_1106112876131411_958039263622046936_o.jpg?resize=700%2C400 2x"},"classes":[]},{"id":2752,"url":"http:\/\/www.grieta.org.mx\/index.php\/2015\/09\/26\/marchan-maestros-en-manzanillo-hasta-la-pgr-en-apoyo-a-los-43\/","url_meta":{"origin":14726,"position":1},"title":"Marchan Maestros en Manzanillo Hasta la PGR en Apoyo a los 43","author":"grieta","date":"26 septiembre, 2015","format":false,"excerpt":"Krystel Noyola Encargados de las oficinas de la Procuradur\u00eda General de la Rep\u00fablica (PGR) en Manzanillo, cerraron las puertas al ver la presencia de medio centenar de maestros que exig\u00edan justicia por los 43 estudiantes normalistas desaparecidos hace un a\u00f1o en Ayotzinapa, Guerrero. El contingente de maestros y padres de\u2026","rel":"","context":"En &quot;CINTILLO&quot;","block_context":{"text":"CINTILLO","link":"http:\/\/www.grieta.org.mx\/index.php\/category\/cintillo\/"},"img":{"alt_text":"","src":"https:\/\/i0.wp.com\/www.grieta.org.mx\/wp-content\/uploads\/2018\/03\/14524434_1106112876131411_958039263622046936_o.jpg?resize=350%2C200","width":350,"height":200,"srcset":"https:\/\/i0.wp.com\/www.grieta.org.mx\/wp-content\/uploads\/2018\/03\/14524434_1106112876131411_958039263622046936_o.jpg?resize=350%2C200 1x, https:\/\/i0.wp.com\/www.grieta.org.mx\/wp-content\/uploads\/2018\/03\/14524434_1106112876131411_958039263622046936_o.jpg?resize=525%2C300 1.5x, https:\/\/i0.wp.com\/www.grieta.org.mx\/wp-content\/uploads\/2018\/03\/14524434_1106112876131411_958039263622046936_o.jpg?resize=700%2C400 2x"},"classes":[]},{"id":2723,"url":"http:\/\/www.grieta.org.mx\/index.php\/2015\/06\/28\/marchan-maestros-en-manzanillo-contra-evaluacion-magisterial\/","url_meta":{"origin":14726,"position":2},"title":"Marchan maestros en Manzanillo contra evaluaci\u00f3n magisterial","author":"grieta","date":"28 junio, 2015","format":false,"excerpt":"Redacci\u00f3n Manzanillo TV Manzanillo, Col., a 28 de junio de 2015 *La manifestaci\u00f3n inici\u00f3 en san pedrito y culmin\u00f3 en zona centro *Acudimos en forma independiente, dicen *Las formas en que se pretende aplicar la evaluaci\u00f3n magisterial genera dudas, consideran Un promedio de 300 maestros realizaron la ma\u00f1ana de este\u2026","rel":"","context":"En &quot;CINTILLO&quot;","block_context":{"text":"CINTILLO","link":"http:\/\/www.grieta.org.mx\/index.php\/category\/cintillo\/"},"img":{"alt_text":"","src":"https:\/\/i0.wp.com\/www.grieta.org.mx\/wp-content\/uploads\/2018\/03\/14524434_1106112876131411_958039263622046936_o.jpg?resize=350%2C200","width":350,"height":200,"srcset":"https:\/\/i0.wp.com\/www.grieta.org.mx\/wp-content\/uploads\/2018\/03\/14524434_1106112876131411_958039263622046936_o.jpg?resize=350%2C200 1x, https:\/\/i0.wp.com\/www.grieta.org.mx\/wp-content\/uploads\/2018\/03\/14524434_1106112876131411_958039263622046936_o.jpg?resize=525%2C300 1.5x, https:\/\/i0.wp.com\/www.grieta.org.mx\/wp-content\/uploads\/2018\/03\/14524434_1106112876131411_958039263622046936_o.jpg?resize=700%2C400 2x"},"classes":[]},{"id":13496,"url":"http:\/\/www.grieta.org.mx\/index.php\/2016\/06\/01\/maestros-se-manifiestan-en-manzanillo\/","url_meta":{"origin":14726,"position":3},"title":"Maestros se manifiestan en Manzanillo","author":"grieta","date":"1 junio, 2016","format":false,"excerpt":"Redacci\u00f3n|COLIMANOTICIAS Manzanillo, Col.- Esta ma\u00f1ana, maestros del SNTE se manifiestan en la explanada del auditorio Manuel Bonilla, expresando su negativa ante la reforma educativa. La manifestaci\u00f3n se realiza de forma pac\u00edfica y las corporaciones de seguridad se mantienen a la expectativa. http:\/\/colimanoticias.com\/maestros-se-manifiestan-en-manzanillo\/","rel":"","context":"En &quot;CINTILLO&quot;","block_context":{"text":"CINTILLO","link":"http:\/\/www.grieta.org.mx\/index.php\/category\/cintillo\/"},"img":{"alt_text":"","src":"https:\/\/i0.wp.com\/www.grieta.org.mx\/wp-content\/uploads\/2018\/03\/14524434_1106112876131411_958039263622046936_o.jpg?resize=350%2C200","width":350,"height":200,"srcset":"https:\/\/i0.wp.com\/www.grieta.org.mx\/wp-content\/uploads\/2018\/03\/14524434_1106112876131411_958039263622046936_o.jpg?resize=350%2C200 1x, https:\/\/i0.wp.com\/www.grieta.org.mx\/wp-content\/uploads\/2018\/03\/14524434_1106112876131411_958039263622046936_o.jpg?resize=525%2C300 1.5x, https:\/\/i0.wp.com\/www.grieta.org.mx\/wp-content\/uploads\/2018\/03\/14524434_1106112876131411_958039263622046936_o.jpg?resize=700%2C400 2x"},"classes":[]},{"id":13502,"url":"http:\/\/www.grieta.org.mx\/index.php\/2016\/06\/02\/marchan-maestros-de-tres-municipios\/","url_meta":{"origin":14726,"position":4},"title":"Marchan maestros de tres municipios (Tabasco)","author":"grieta","date":"2 junio, 2016","format":false,"excerpt":"Unos 700 docentes de Balanc\u00e1n, Tacotalpa y Para\u00edso expresaron su rechazo a la reforma educativa. Jos\u00e9 El\u00edas Nazur Su\u00e1rez 02\/06\/2016 05:07 \/ Balanc\u00e1n, Tabasco Alrededor de 700 mentores de Balanc\u00e1n, Tacotalpa y Para\u00edso acompa\u00f1ados de padres de familias y alumnos marcharon por las calles de esta ciudad en consigna en\u2026","rel":"","context":"En &quot;CINTILLO&quot;","block_context":{"text":"CINTILLO","link":"http:\/\/www.grieta.org.mx\/index.php\/category\/cintillo\/"},"img":{"alt_text":"","src":"https:\/\/i0.wp.com\/www.grieta.org.mx\/wp-content\/uploads\/2018\/03\/14524434_1106112876131411_958039263622046936_o.jpg?resize=350%2C200","width":350,"height":200,"srcset":"https:\/\/i0.wp.com\/www.grieta.org.mx\/wp-content\/uploads\/2018\/03\/14524434_1106112876131411_958039263622046936_o.jpg?resize=350%2C200 1x, https:\/\/i0.wp.com\/www.grieta.org.mx\/wp-content\/uploads\/2018\/03\/14524434_1106112876131411_958039263622046936_o.jpg?resize=525%2C300 1.5x, https:\/\/i0.wp.com\/www.grieta.org.mx\/wp-content\/uploads\/2018\/03\/14524434_1106112876131411_958039263622046936_o.jpg?resize=700%2C400 2x"},"classes":[]},{"id":2711,"url":"http:\/\/www.grieta.org.mx\/index.php\/2015\/11\/13\/maestros-colimenses-marchan-contra-la-reforma-educativa-y-evaluacion-docente\/","url_meta":{"origin":14726,"position":5},"title":"Maestros colimenses marchan contra la Reforma Educativa y evaluaci\u00f3n docente","author":"grieta","date":"13 noviembre, 2015","format":false,"excerpt":"Carlos Ruiz La noche de este viernes (13), decenas de profesores de las secciones del Sindicato Nacional de Trabajadores de la Educaci\u00f3n 6 y 39 se manifestaron por las calles de la ciudad de Colima exigiendo la derogaci\u00f3n de la Reforma Educativa y en contra de la evaluaci\u00f3n docente. A\u2026","rel":"","context":"En &quot;CINTILLO&quot;","block_context":{"text":"CINTILLO","link":"http:\/\/www.grieta.org.mx\/index.php\/category\/cintillo\/"},"img":{"alt_text":"","src":"https:\/\/i0.wp.com\/www.grieta.org.mx\/wp-content\/uploads\/2018\/03\/14524434_1106112876131411_958039263622046936_o.jpg?resize=350%2C200","width":350,"height":200,"srcset":"https:\/\/i0.wp.com\/www.grieta.org.mx\/wp-content\/uploads\/2018\/03\/14524434_1106112876131411_958039263622046936_o.jpg?resize=350%2C200 1x, https:\/\/i0.wp.com\/www.grieta.org.mx\/wp-content\/uploads\/2018\/03\/14524434_1106112876131411_958039263622046936_o.jpg?resize=525%2C300 1.5x, https:\/\/i0.wp.com\/www.grieta.org.mx\/wp-content\/uploads\/2018\/03\/14524434_1106112876131411_958039263622046936_o.jpg?resize=700%2C400 2x"},"classes":[]}],"_links":{"self":[{"href":"http:\/\/www.grieta.org.mx\/index.php\/wp-json\/wp\/v2\/posts\/14726","targetHints":{"allow":["GET"]}}],"collection":[{"href":"http:\/\/www.grieta.org.mx\/index.php\/wp-json\/wp\/v2\/posts"}],"about":[{"href":"http:\/\/www.grieta.org.mx\/index.php\/wp-json\/wp\/v2\/types\/post"}],"author":[{"embeddable":true,"href":"http:\/\/www.grieta.org.mx\/index.php\/wp-json\/wp\/v2\/users\/2"}],"replies":[{"embeddable":true,"href":"http:\/\/www.grieta.org.mx\/index.php\/wp-json\/wp\/v2\/comments?post=14726"}],"version-history":[{"count":1,"href":"http:\/\/www.grieta.org.mx\/index.php\/wp-json\/wp\/v2\/posts\/14726\/revisions"}],"predecessor-version":[{"id":14728,"href":"http:\/\/www.grieta.org.mx\/index.php\/wp-json\/wp\/v2\/posts\/14726\/revisions\/14728"}],"wp:featuredmedia":[{"embeddable":true,"href":"http:\/\/www.grieta.org.mx\/index.php\/wp-json\/wp\/v2\/media\/21928"}],"wp:attachment":[{"href":"http:\/\/www.grieta.org.mx\/index.php\/wp-json\/wp\/v2\/media?parent=14726"}],"wp:term":[{"taxonomy":"category","embeddable":true,"href":"http:\/\/www.grieta.org.mx\/index.php\/wp-json\/wp\/v2\/categories?post=14726"},{"taxonomy":"post_tag","embeddable":true,"href":"http:\/\/www.grieta.org.mx\/index.php\/wp-json\/wp\/v2\/tags?post=14726"}],"curies":[{"name":"wp","href":"https:\/\/api.w.org\/{rel}","templated":true}]}}