{"id":14722,"date":"2016-06-21T17:17:39","date_gmt":"2016-06-21T17:17:39","guid":{"rendered":"http:\/\/www.grieta.org.mx\/?p=14722"},"modified":"2016-06-23T17:23:56","modified_gmt":"2016-06-23T17:23:56","slug":"maestros-de-colima-se-unen-a-quienes-exigen-la-renuncia-de-aurelio-nuno","status":"publish","type":"post","link":"http:\/\/www.grieta.org.mx\/index.php\/2016\/06\/21\/maestros-de-colima-se-unen-a-quienes-exigen-la-renuncia-de-aurelio-nuno\/","title":{"rendered":"Maestros de Colima se unen a quienes exigen la renuncia de Aurelio Nu\u00f1o"},"content":{"rendered":"<figure id=\"attachment_14723\" aria-describedby=\"caption-attachment-14723\" style=\"width: 300px\" class=\"wp-caption aligncenter\"><img loading=\"lazy\" decoding=\"async\" data-attachment-id=\"14723\" data-permalink=\"http:\/\/www.grieta.org.mx\/index.php\/2016\/06\/21\/maestros-de-colima-se-unen-a-quienes-exigen-la-renuncia-de-aurelio-nuno\/col1\/\" data-orig-file=\"http:\/\/www.grieta.org.mx\/wp-content\/uploads\/2016\/06\/col1.jpg\" data-orig-size=\"929,517\" data-comments-opened=\"0\" data-image-meta=\"{&quot;aperture&quot;:&quot;0&quot;,&quot;credit&quot;:&quot;&quot;,&quot;camera&quot;:&quot;&quot;,&quot;caption&quot;:&quot;&quot;,&quot;created_timestamp&quot;:&quot;0&quot;,&quot;copyright&quot;:&quot;&quot;,&quot;focal_length&quot;:&quot;0&quot;,&quot;iso&quot;:&quot;0&quot;,&quot;shutter_speed&quot;:&quot;0&quot;,&quot;title&quot;:&quot;&quot;,&quot;orientation&quot;:&quot;1&quot;}\" data-image-title=\"col1\" data-image-description=\"\" data-image-caption=\"&lt;p&gt;Foto: tomada de Facebook\/Monse C\u00e1rdenas&lt;br \/&gt;\nFoto: tomada de Facebook\/Monse C\u00e1rdenas&lt;\/p&gt;\n\" data-medium-file=\"http:\/\/www.grieta.org.mx\/wp-content\/uploads\/2016\/06\/col1-300x167.jpg\" data-large-file=\"http:\/\/www.grieta.org.mx\/wp-content\/uploads\/2016\/06\/col1.jpg\" class=\"size-medium wp-image-14723\" src=\"http:\/\/www.grieta.org.mx\/wp-content\/uploads\/2016\/06\/col1-300x167.jpg\" alt=\"Foto: tomada de Facebook\/Monse C\u00e1rdenas Foto: tomada de Facebook\/Monse C\u00e1rdenas \" width=\"300\" height=\"167\" srcset=\"http:\/\/www.grieta.org.mx\/wp-content\/uploads\/2016\/06\/col1-300x167.jpg 300w, http:\/\/www.grieta.org.mx\/wp-content\/uploads\/2016\/06\/col1-768x427.jpg 768w, http:\/\/www.grieta.org.mx\/wp-content\/uploads\/2016\/06\/col1.jpg 929w\" sizes=\"auto, (max-width: 300px) 100vw, 300px\" \/><figcaption id=\"caption-attachment-14723\" class=\"wp-caption-text\">Foto: tomada de Facebook\/Monse C\u00e1rdenas<br \/>Foto: tomada de Facebook\/Monse C\u00e1rdenas<\/figcaption><\/figure>\n<p>Heidi de Le\u00f3n Guti\u00e9rrez<br \/>\nColima, M\u00e9xico (21 de junio de 2016) El Movimiento de Lucha Magisterial en Colima exigi\u00f3 la renuncia del secretario de Educaci\u00f3n, Aurelio Nu\u00f1o Meyer, y anunci\u00f3 que respaldar\u00e1n econ\u00f3micamente y con productos alimenticios a los profesores y pobladores de Nochixtl\u00e1n, Oaxaca.<\/p>\n<p>Los profesores en Colima se\u00f1alaron que el actual secretario de Educaci\u00f3n Aurelio Nu\u00f1o ha sido incapaz de entender las necesidades educativas de este pa\u00eds, y por el contrario ha actuado sin tacto, \u201cy no tiene el perfil acad\u00e9mico para estar al frente de esta noble secretar\u00eda\u201d.<\/p>\n<p>Adem\u00e1s, los profesores que en Colima ha realizado paros de labores en centros educativos, marchas y pronunciamientos en contra de la reforma educativa, sostuvieron que no dar\u00e1n marcha atr\u00e1s, hasta que sus demandas sean resultas y advirtieron que seguir\u00e1n en pie de lucha.<\/p>\n<p>Desde este lunes, los integrantes de esta agrupaci\u00f3n magisterial instalaron un centro de acopio en el parque de la Piedra Lisa, el cual estar\u00e1 hasta el viernes en un horario de 6 a 8 de la noche.<\/p>\n<p>Los profesores, algunos de ellos laureados por su desempe\u00f1o en las aulas, demandaron la liberaci\u00f3n inmediata de los profesores detenidos por elementos policiacos, adem\u00e1s solicitaron un cese a la represi\u00f3n y castigo a los responsables.<\/p>\n<p>Anunciaron que las aportaciones econ\u00f3micas que se est\u00e1n recibiendo para apoyar a los profesores de Nochixtl\u00e1n, los medicamentos y alimentos no perecederos ser\u00e1n enviados a Oaxaca en nombre del magisterio unidos de Colima y grupos sociales solidarios.<\/p>\n<p>Por \u00faltimo, el profesor Juli\u00e1n Contreras de la Rosa repudi\u00f3 las medidas agresivas tomadas por el gobierno federal y los grupos empresariales en contra de los profesores y demand\u00f3 la reinstalaci\u00f3n inmediata de los docentes despedidos a consecuencia de la reforma educativa.<\/p>\n<p><a href=\"http:\/\/www.diarioavanzada.com.mx\/index.php\/locales\/18286-maestros-de-colima-se-unen-a-quienes-exigen-la-renuncia-de-aurelio-nuno\" target=\"_blank\">http:\/\/www.diarioavanzada.com.mx\/index.php\/locales\/18286-maestros-de-colima-se-unen-a-quienes-exigen-la-renuncia-de-aurelio-nuno<\/a><\/p>\n","protected":false},"excerpt":{"rendered":"<p>Heidi de Le\u00f3n Guti\u00e9rrez Colima, M\u00e9xico (21 de junio de 2016) El Movimiento de Lucha Magisterial en Colima exigi\u00f3 la renuncia del secretario de Educaci\u00f3n, Aurelio Nu\u00f1o Meyer, y anunci\u00f3 &hellip; <a href=\"http:\/\/www.grieta.org.mx\/index.php\/2016\/06\/21\/maestros-de-colima-se-unen-a-quienes-exigen-la-renuncia-de-aurelio-nuno\/\" class=\"more-link\">Leer m\u00e1s<\/a><\/p>\n","protected":false},"author":2,"featured_media":21928,"comment_status":"closed","ping_status":"closed","sticky":false,"template":"","format":"standard","meta":{"ngg_post_thumbnail":0,"_jetpack_newsletter_access":"","_jetpack_dont_email_post_to_subs":false,"_jetpack_newsletter_tier_id":0,"_jetpack_memberships_contains_paywalled_content":false,"_jetpack_memberships_contains_paid_content":false,"footnotes":""},"categories":[80,108],"tags":[135],"class_list":["post-14722","post","type-post","status-publish","format-standard","has-post-thumbnail","hentry","category-cintillo","category-colima","tag-reforma-educativa","entry"],"jetpack_featured_media_url":"http:\/\/www.grieta.org.mx\/wp-content\/uploads\/2018\/03\/14524434_1106112876131411_958039263622046936_o.jpg","jetpack_sharing_enabled":true,"jetpack_shortlink":"https:\/\/wp.me\/p7ZJR4-3Ps","jetpack_likes_enabled":false,"jetpack-related-posts":[{"id":2709,"url":"http:\/\/www.grieta.org.mx\/index.php\/2016\/07\/17\/movilizaciones-contra-la-reforma-educativa-y-la-evaluacion-magisterial-en-colima\/","url_meta":{"origin":14722,"position":0},"title":"Movilizaciones contra la Reforma educativa y evaluaci\u00f3n magisterial en Colima","author":"grieta","date":"17 julio, 2016","format":false,"excerpt":"17\/07\/16. Marchan maestros en contra de la reforma educativaMeganoticias Colima 02\/07\/16. Maestros de la CNTE bloquearon el puertoCorreo de Manzanillo 23\/06\/16. Maestros de Colima protestan por OaxacaPerriodismo 21\/06\/16. Marchan maestros, pescadores y hasta tramitadores en ManzanilloColima Noticias 21\/06\/16. Maestros de Colima se unen a quienes exigen la renuncia de Aurelio\u2026","rel":"","context":"En &quot;Colima&quot;","block_context":{"text":"Colima","link":"http:\/\/www.grieta.org.mx\/index.php\/category\/noticias-nacionales\/colima\/"},"img":{"alt_text":"","src":"https:\/\/i0.wp.com\/www.grieta.org.mx\/wp-content\/uploads\/2018\/03\/14524434_1106112876131411_958039263622046936_o.jpg?resize=350%2C200","width":350,"height":200,"srcset":"https:\/\/i0.wp.com\/www.grieta.org.mx\/wp-content\/uploads\/2018\/03\/14524434_1106112876131411_958039263622046936_o.jpg?resize=350%2C200 1x, https:\/\/i0.wp.com\/www.grieta.org.mx\/wp-content\/uploads\/2018\/03\/14524434_1106112876131411_958039263622046936_o.jpg?resize=525%2C300 1.5x, https:\/\/i0.wp.com\/www.grieta.org.mx\/wp-content\/uploads\/2018\/03\/14524434_1106112876131411_958039263622046936_o.jpg?resize=700%2C400 2x"},"classes":[]},{"id":16010,"url":"http:\/\/www.grieta.org.mx\/index.php\/2016\/06\/02\/queretaro-profesores-exigen-respeto-a-sus-derechos-afuera-de-la-oficina-del-gobernador\/","url_meta":{"origin":14722,"position":1},"title":"Quer\u00e9taro: Profesores exigen respeto a sus derechos afuera de la oficina del gobernador","author":"grieta","date":"2 junio, 2016","format":false,"excerpt":"Gildardo Jacinto Garc\u00eda\/Libertad de palabra Quer\u00e9taro, Qro.- Docentes cesados del Colegio de Bachilleres (Cobaq), integrantes del Movimiento Magisterial de Bases de Quer\u00e9taro y de la Coordinadora Nacional de Trabajadores de la Educaci\u00f3n, realizaron la noche de este mi\u00e9rcoles un mitin en la Plaza de Armas de Quer\u00e9taro, afuera de la\u2026","rel":"","context":"En &quot;CINTILLO&quot;","block_context":{"text":"CINTILLO","link":"http:\/\/www.grieta.org.mx\/index.php\/category\/cintillo\/"},"img":{"alt_text":"","src":"https:\/\/i0.wp.com\/www.grieta.org.mx\/wp-content\/uploads\/2018\/03\/14524434_1106112876131411_958039263622046936_o.jpg?resize=350%2C200","width":350,"height":200,"srcset":"https:\/\/i0.wp.com\/www.grieta.org.mx\/wp-content\/uploads\/2018\/03\/14524434_1106112876131411_958039263622046936_o.jpg?resize=350%2C200 1x, https:\/\/i0.wp.com\/www.grieta.org.mx\/wp-content\/uploads\/2018\/03\/14524434_1106112876131411_958039263622046936_o.jpg?resize=525%2C300 1.5x, https:\/\/i0.wp.com\/www.grieta.org.mx\/wp-content\/uploads\/2018\/03\/14524434_1106112876131411_958039263622046936_o.jpg?resize=700%2C400 2x"},"classes":[]},{"id":15916,"url":"http:\/\/www.grieta.org.mx\/index.php\/2016\/07\/04\/abuchean-a-aurelio-nuno-en-jalisco\/","url_meta":{"origin":14722,"position":2},"title":"Abuchean a Aurelio Nu\u00f1o en Jalisco","author":"grieta","date":"4 julio, 2016","format":false,"excerpt":"Redacci\u00f3n Proceso GUADALAJARA, Jal. (apro).- En su visita a Jalisco este lunes, el secretario de Educaci\u00f3n P\u00fablica Aurelio Nu\u00f1o fue increpado por maestros que le expresaron su repudio en los diferentes eventos a los que acudi\u00f3. El funcionario federal estuvo en Guadalajara para encabezar tres actos junto con el gobernador\u2026","rel":"","context":"En &quot;CINTILLO&quot;","block_context":{"text":"CINTILLO","link":"http:\/\/www.grieta.org.mx\/index.php\/category\/cintillo\/"},"img":{"alt_text":"","src":"https:\/\/i0.wp.com\/www.grieta.org.mx\/wp-content\/uploads\/2018\/03\/14524434_1106112876131411_958039263622046936_o.jpg?resize=350%2C200","width":350,"height":200,"srcset":"https:\/\/i0.wp.com\/www.grieta.org.mx\/wp-content\/uploads\/2018\/03\/14524434_1106112876131411_958039263622046936_o.jpg?resize=350%2C200 1x, https:\/\/i0.wp.com\/www.grieta.org.mx\/wp-content\/uploads\/2018\/03\/14524434_1106112876131411_958039263622046936_o.jpg?resize=525%2C300 1.5x, https:\/\/i0.wp.com\/www.grieta.org.mx\/wp-content\/uploads\/2018\/03\/14524434_1106112876131411_958039263622046936_o.jpg?resize=700%2C400 2x"},"classes":[]},{"id":17241,"url":"http:\/\/www.grieta.org.mx\/index.php\/2016\/07\/17\/marchan-maestros-en-contra-de-la-reforma-educativa-colima\/","url_meta":{"origin":14722,"position":3},"title":"Marchan maestros en contra de la reforma educativa (Colima)","author":"grieta","date":"17 julio, 2016","format":false,"excerpt":"karina Y Solano Como parte de las manifestaciones que se realizan a nivel nacional, decenas de maestros del Movimiento Magisterial Colimense y del SNTE marcharon por las principales calles de la capital para manifestar su rechazo a la reforma educativa. En el acto que tuvo inicio en el parque de\u2026","rel":"","context":"En &quot;CINTILLO&quot;","block_context":{"text":"CINTILLO","link":"http:\/\/www.grieta.org.mx\/index.php\/category\/cintillo\/"},"img":{"alt_text":"","src":"https:\/\/i0.wp.com\/www.grieta.org.mx\/wp-content\/uploads\/2018\/03\/14524434_1106112876131411_958039263622046936_o.jpg?resize=350%2C200","width":350,"height":200,"srcset":"https:\/\/i0.wp.com\/www.grieta.org.mx\/wp-content\/uploads\/2018\/03\/14524434_1106112876131411_958039263622046936_o.jpg?resize=350%2C200 1x, https:\/\/i0.wp.com\/www.grieta.org.mx\/wp-content\/uploads\/2018\/03\/14524434_1106112876131411_958039263622046936_o.jpg?resize=525%2C300 1.5x, https:\/\/i0.wp.com\/www.grieta.org.mx\/wp-content\/uploads\/2018\/03\/14524434_1106112876131411_958039263622046936_o.jpg?resize=700%2C400 2x"},"classes":[]},{"id":10083,"url":"http:\/\/www.grieta.org.mx\/index.php\/2016\/04\/08\/maestros-se-manifiestan-en-visita-de-aurelio-nuno\/","url_meta":{"origin":14722,"position":4},"title":"Maestros se manifiestan en visita de Aurelio Nu\u00f1o","author":"grieta","date":"8 abril, 2016","format":false,"excerpt":"Mar\u00eda Consuelo Leyson, Sinaloa. Culiac\u00e1n, Sinaloa.- Maestros integrantes de la Coordinadora Nacional de Trabajadores de la Educaci\u00f3n (CNTE) esperan con una manifestaci\u00f3n al secretario Nacional de Educaci\u00f3n, Aurelio Nu\u00f1o, quien se encuentra de visita en Culiac\u00e1n. A las afueras de la escuela primaria club de leones se instalaron con cartelones\u2026","rel":"","context":"En &quot;CINTILLO&quot;","block_context":{"text":"CINTILLO","link":"http:\/\/www.grieta.org.mx\/index.php\/category\/cintillo\/"},"img":{"alt_text":"","src":"https:\/\/i0.wp.com\/www.grieta.org.mx\/wp-content\/uploads\/2018\/03\/14524434_1106112876131411_958039263622046936_o.jpg?resize=350%2C200","width":350,"height":200,"srcset":"https:\/\/i0.wp.com\/www.grieta.org.mx\/wp-content\/uploads\/2018\/03\/14524434_1106112876131411_958039263622046936_o.jpg?resize=350%2C200 1x, https:\/\/i0.wp.com\/www.grieta.org.mx\/wp-content\/uploads\/2018\/03\/14524434_1106112876131411_958039263622046936_o.jpg?resize=525%2C300 1.5x, https:\/\/i0.wp.com\/www.grieta.org.mx\/wp-content\/uploads\/2018\/03\/14524434_1106112876131411_958039263622046936_o.jpg?resize=700%2C400 2x"},"classes":[]},{"id":12175,"url":"http:\/\/www.grieta.org.mx\/index.php\/2016\/05\/13\/maestros-de-colima-se-unen-a-paro-nacional-de-la-cnte\/","url_meta":{"origin":14722,"position":5},"title":"Maestros de Colima se unen a Paro Nacional de la CNTE","author":"grieta","date":"13 mayo, 2016","format":false,"excerpt":"Jonathan N\u00fa\u00f1ez La tarde del jueves 12 de mayo ante m\u00e1s de 60 asistentes entre profesores(as) y activistas, la delegaci\u00f3n en Colima de la Coordinadora Nacional de Trabajadores de la Educaci\u00f3n (CNTE), confirm\u00f3 que se sumar\u00e1 al paro nacional indefinido planeado para el pr\u00f3ximo d\u00eda 15 de este mes, como\u2026","rel":"","context":"En &quot;CINTILLO&quot;","block_context":{"text":"CINTILLO","link":"http:\/\/www.grieta.org.mx\/index.php\/category\/cintillo\/"},"img":{"alt_text":"","src":"https:\/\/i0.wp.com\/www.grieta.org.mx\/wp-content\/uploads\/2018\/03\/14524434_1106112876131411_958039263622046936_o.jpg?resize=350%2C200","width":350,"height":200,"srcset":"https:\/\/i0.wp.com\/www.grieta.org.mx\/wp-content\/uploads\/2018\/03\/14524434_1106112876131411_958039263622046936_o.jpg?resize=350%2C200 1x, https:\/\/i0.wp.com\/www.grieta.org.mx\/wp-content\/uploads\/2018\/03\/14524434_1106112876131411_958039263622046936_o.jpg?resize=525%2C300 1.5x, https:\/\/i0.wp.com\/www.grieta.org.mx\/wp-content\/uploads\/2018\/03\/14524434_1106112876131411_958039263622046936_o.jpg?resize=700%2C400 2x"},"classes":[]}],"_links":{"self":[{"href":"http:\/\/www.grieta.org.mx\/index.php\/wp-json\/wp\/v2\/posts\/14722","targetHints":{"allow":["GET"]}}],"collection":[{"href":"http:\/\/www.grieta.org.mx\/index.php\/wp-json\/wp\/v2\/posts"}],"about":[{"href":"http:\/\/www.grieta.org.mx\/index.php\/wp-json\/wp\/v2\/types\/post"}],"author":[{"embeddable":true,"href":"http:\/\/www.grieta.org.mx\/index.php\/wp-json\/wp\/v2\/users\/2"}],"replies":[{"embeddable":true,"href":"http:\/\/www.grieta.org.mx\/index.php\/wp-json\/wp\/v2\/comments?post=14722"}],"version-history":[{"count":1,"href":"http:\/\/www.grieta.org.mx\/index.php\/wp-json\/wp\/v2\/posts\/14722\/revisions"}],"predecessor-version":[{"id":14724,"href":"http:\/\/www.grieta.org.mx\/index.php\/wp-json\/wp\/v2\/posts\/14722\/revisions\/14724"}],"wp:featuredmedia":[{"embeddable":true,"href":"http:\/\/www.grieta.org.mx\/index.php\/wp-json\/wp\/v2\/media\/21928"}],"wp:attachment":[{"href":"http:\/\/www.grieta.org.mx\/index.php\/wp-json\/wp\/v2\/media?parent=14722"}],"wp:term":[{"taxonomy":"category","embeddable":true,"href":"http:\/\/www.grieta.org.mx\/index.php\/wp-json\/wp\/v2\/categories?post=14722"},{"taxonomy":"post_tag","embeddable":true,"href":"http:\/\/www.grieta.org.mx\/index.php\/wp-json\/wp\/v2\/tags?post=14722"}],"curies":[{"name":"wp","href":"https:\/\/api.w.org\/{rel}","templated":true}]}}