{"id":1472,"date":"2015-11-21T17:14:38","date_gmt":"2015-11-21T17:14:38","guid":{"rendered":"http:\/\/50.22.11.12\/~grietaor\/?p=1472"},"modified":"2016-03-07T17:53:43","modified_gmt":"2016-03-07T17:53:43","slug":"mas-presencia-y-abusos-de-autoridad-por-parte-de-la-pf-y-el-ejercito-en-campeche","status":"publish","type":"post","link":"http:\/\/www.grieta.org.mx\/index.php\/2015\/11\/21\/mas-presencia-y-abusos-de-autoridad-por-parte-de-la-pf-y-el-ejercito-en-campeche\/","title":{"rendered":"M\u00e1s presencia y abusos de autoridad por parte de la PF y el ej\u00e9rcito en Campeche"},"content":{"rendered":"<p><strong>21\/11\/15 <\/strong><a href=\"http:\/\/grieta.org.mx\/index.php\/2015\/11\/21\/refuerzan-seguridad-mediante-retenes-y-orientan-al-turismo\/\" >Refuerzan seguridad mediante retenes y orientan al turismo<\/a><br \/><em>Tribuna<\/em><br  \/><\/p>\n<p><strong>17\/11\/15 <\/strong><a href=\"http:\/\/grieta.org.mx\/index.php\/2015\/11\/17\/reforzaran-retenes-en-la-ciudad\/\" >Reforzar\u00e1n retenes en la ciudad<\/a><br \/><em>Tribuna<\/em><br  \/><\/p>\n<p><strong>20\/08\/15 <\/strong><a href=\"http:\/\/grieta.org.mx\/index.php\/2015\/08\/20\/denuncian-abuso-policiaco-en-campeche\/\" >Denuncian abuso polic\u00edaco en Campeche.<\/a><br \/><em>Por esto<\/em><br  \/><\/p>\n<p><strong>19\/07\/15 <\/strong><a href=\"http:\/\/grieta.org.mx\/index.php\/2015\/07\/19\/refuerzan-seguridad-en-campeche-por-alerta-nacional\/\" >Refuerzan seguridad en Campeche por alerta nacional.<\/a><br \/><em>El Financiero<\/em><br  \/><\/p>\n<p><strong>14\/07\/15 <\/strong><a href=\"http:\/\/grieta.org.mx\/index.php\/2015\/07\/14\/vigilan-frontera-campeche-guatemala\/\" >Vigilan frontera Campeche-Guatemala.<\/a><br \/><em>Carmen Hoy<\/em><br  \/><\/p>\n<p><strong>11\/07\/15 <\/strong><a href=\"http:\/\/grieta.org.mx\/index.php\/2015\/07\/11\/terror-y-miedo-por-militares-de-quintana-roo\/\" >Terror y miedo por militares de Quintana Roo.<\/a><br \/><em>Carmen hoy<\/em><br  \/><\/p>\n","protected":false},"excerpt":{"rendered":"<p>21\/11\/15 Refuerzan seguridad mediante retenes y orientan al turismoTribuna 17\/11\/15 Reforzar\u00e1n retenes en la ciudadTribuna 20\/08\/15 Denuncian abuso polic\u00edaco en Campeche.Por esto 19\/07\/15 Refuerzan seguridad en Campeche por alerta nacional.El &hellip; <a href=\"http:\/\/www.grieta.org.mx\/index.php\/2015\/11\/21\/mas-presencia-y-abusos-de-autoridad-por-parte-de-la-pf-y-el-ejercito-en-campeche\/\" class=\"more-link\">Leer m\u00e1s<\/a><\/p>\n","protected":false},"author":2,"featured_media":21928,"comment_status":"closed","ping_status":"open","sticky":false,"template":"","format":"standard","meta":{"ngg_post_thumbnail":0,"_jetpack_newsletter_access":"","_jetpack_dont_email_post_to_subs":false,"_jetpack_newsletter_tier_id":0,"_jetpack_memberships_contains_paywalled_content":false,"_jetpack_memberships_contains_paid_content":false,"footnotes":""},"categories":[11,2],"tags":[],"class_list":["post-1472","post","type-post","status-publish","format-standard","has-post-thumbnail","hentry","category-campeche","category-noticias-nacionales","entry"],"jetpack_featured_media_url":"http:\/\/www.grieta.org.mx\/wp-content\/uploads\/2018\/03\/14524434_1106112876131411_958039263622046936_o.jpg","jetpack_sharing_enabled":true,"jetpack_shortlink":"https:\/\/wp.me\/p7ZJR4-nK","jetpack_likes_enabled":false,"jetpack-related-posts":[{"id":1479,"url":"http:\/\/www.grieta.org.mx\/index.php\/2015\/07\/19\/refuerzan-seguridad-en-campeche-por-alerta-nacional\/","url_meta":{"origin":1472,"position":0},"title":"Refuerzan seguridad en Campeche por alerta nacional","author":"grieta","date":"19 julio, 2015","format":false,"excerpt":"CAMPECHE.- Ante la emisi\u00f3n de la alerta nacional, el Consejo de Seguridad P\u00fablica (CESP) de Campeche reforz\u00f3 la seguridad el territorio estatal con efectivos militares, agentes de la Polic\u00eda Federal y de la Polic\u00eda Estatal con retenes principalmente en los municipios de la zona Sur, debido a los recientes acontecimientos\u2026","rel":"","context":"En &quot;campeche&quot;","block_context":{"text":"campeche","link":"http:\/\/www.grieta.org.mx\/index.php\/category\/campeche\/"},"img":{"alt_text":"","src":"https:\/\/i0.wp.com\/www.grieta.org.mx\/wp-content\/uploads\/2018\/03\/14524434_1106112876131411_958039263622046936_o.jpg?resize=350%2C200","width":350,"height":200,"srcset":"https:\/\/i0.wp.com\/www.grieta.org.mx\/wp-content\/uploads\/2018\/03\/14524434_1106112876131411_958039263622046936_o.jpg?resize=350%2C200 1x, https:\/\/i0.wp.com\/www.grieta.org.mx\/wp-content\/uploads\/2018\/03\/14524434_1106112876131411_958039263622046936_o.jpg?resize=525%2C300 1.5x, https:\/\/i0.wp.com\/www.grieta.org.mx\/wp-content\/uploads\/2018\/03\/14524434_1106112876131411_958039263622046936_o.jpg?resize=700%2C400 2x"},"classes":[]},{"id":1473,"url":"http:\/\/www.grieta.org.mx\/index.php\/2015\/11\/21\/refuerzan-seguridad-mediante-retenes-y-orientan-al-turismo\/","url_meta":{"origin":1472,"position":1},"title":"Refuerzan seguridad mediante retenes y orientan al turismo","author":"grieta","date":"21 noviembre, 2015","format":false,"excerpt":"XPUJIL.\u2014 La Direcci\u00f3n de Seguridad P\u00fablica implement\u00f3 la instalaci\u00f3n de retenes en las entradas y salidas del municipio, revisando a todo tipo de veh\u00edculos y orientando al turismo sobre la ubicaci\u00f3n de los diferentes sitios arqueol\u00f3gicos. Su titular, Jos\u00e9 Rom\u00e1n Tejo Brice\u00f1o, dijo que sin distinci\u00f3n y cumpliendo con las\u2026","rel":"","context":"En &quot;campeche&quot;","block_context":{"text":"campeche","link":"http:\/\/www.grieta.org.mx\/index.php\/category\/campeche\/"},"img":{"alt_text":"","src":"https:\/\/i0.wp.com\/www.grieta.org.mx\/wp-content\/uploads\/2018\/03\/14524434_1106112876131411_958039263622046936_o.jpg?resize=350%2C200","width":350,"height":200,"srcset":"https:\/\/i0.wp.com\/www.grieta.org.mx\/wp-content\/uploads\/2018\/03\/14524434_1106112876131411_958039263622046936_o.jpg?resize=350%2C200 1x, https:\/\/i0.wp.com\/www.grieta.org.mx\/wp-content\/uploads\/2018\/03\/14524434_1106112876131411_958039263622046936_o.jpg?resize=525%2C300 1.5x, https:\/\/i0.wp.com\/www.grieta.org.mx\/wp-content\/uploads\/2018\/03\/14524434_1106112876131411_958039263622046936_o.jpg?resize=700%2C400 2x"},"classes":[]},{"id":1481,"url":"http:\/\/www.grieta.org.mx\/index.php\/2015\/07\/14\/vigilan-frontera-campeche-guatemala\/","url_meta":{"origin":1472,"position":2},"title":"Vigilan frontera Campeche-Guatemala","author":"grieta","date":"14 julio, 2015","format":false,"excerpt":"Corporaciones federales, estatales y municipales de seguridad reforzaron la vigilancia en Campeche, en particular en puntos estrat\u00e9gicos que sirven de enlace hacia los l\u00edmites del Estado con Guatemala. De acuerdo con la Comandancia de la Polic\u00eda Federal (PF) en la entidad, las polic\u00edas redoblaron actividades en todo el territorio estatal,\u2026","rel":"","context":"En &quot;campeche&quot;","block_context":{"text":"campeche","link":"http:\/\/www.grieta.org.mx\/index.php\/category\/campeche\/"},"img":{"alt_text":"","src":"https:\/\/i0.wp.com\/www.grieta.org.mx\/wp-content\/uploads\/2018\/03\/14524434_1106112876131411_958039263622046936_o.jpg?resize=350%2C200","width":350,"height":200,"srcset":"https:\/\/i0.wp.com\/www.grieta.org.mx\/wp-content\/uploads\/2018\/03\/14524434_1106112876131411_958039263622046936_o.jpg?resize=350%2C200 1x, https:\/\/i0.wp.com\/www.grieta.org.mx\/wp-content\/uploads\/2018\/03\/14524434_1106112876131411_958039263622046936_o.jpg?resize=525%2C300 1.5x, https:\/\/i0.wp.com\/www.grieta.org.mx\/wp-content\/uploads\/2018\/03\/14524434_1106112876131411_958039263622046936_o.jpg?resize=700%2C400 2x"},"classes":[]},{"id":1475,"url":"http:\/\/www.grieta.org.mx\/index.php\/2015\/11\/17\/reforzaran-retenes-en-la-ciudad\/","url_meta":{"origin":1472,"position":3},"title":"Reforzar\u00e1n retenes en la ciudad","author":"grieta","date":"17 noviembre, 2015","format":false,"excerpt":"La Secretar\u00eda de Seguridad P\u00fablica de Campeche (SSPCAM) reforzar\u00e1 los retenes instalados en las inmediaciones de la ciudad y reinstalar\u00e1 el que operaba sobre la avenida Maestros Campechanos, adelant\u00f3 su titular Jorge de Jes\u00fas Arg\u00e1ez Uribe. Continuar\u00e1n los operativos de vigilancia en los otros 10 municipios, principalmente en El Carmen,\u2026","rel":"","context":"En &quot;campeche&quot;","block_context":{"text":"campeche","link":"http:\/\/www.grieta.org.mx\/index.php\/category\/campeche\/"},"img":{"alt_text":"","src":"https:\/\/i0.wp.com\/www.grieta.org.mx\/wp-content\/uploads\/2018\/03\/14524434_1106112876131411_958039263622046936_o.jpg?resize=350%2C200","width":350,"height":200,"srcset":"https:\/\/i0.wp.com\/www.grieta.org.mx\/wp-content\/uploads\/2018\/03\/14524434_1106112876131411_958039263622046936_o.jpg?resize=350%2C200 1x, https:\/\/i0.wp.com\/www.grieta.org.mx\/wp-content\/uploads\/2018\/03\/14524434_1106112876131411_958039263622046936_o.jpg?resize=525%2C300 1.5x, https:\/\/i0.wp.com\/www.grieta.org.mx\/wp-content\/uploads\/2018\/03\/14524434_1106112876131411_958039263622046936_o.jpg?resize=700%2C400 2x"},"classes":[]},{"id":1483,"url":"http:\/\/www.grieta.org.mx\/index.php\/2015\/07\/11\/terror-y-miedo-por-militares-de-quintana-roo\/","url_meta":{"origin":1472,"position":4},"title":"Terror y miedo por militares de Quintana Roo.","author":"grieta","date":"11 julio, 2015","format":false,"excerpt":"El Gobierno Estatal encabezado por Fernando Ortega Bern\u00e9s es incapaz de poner un alto a los abusos y constantes acosos que se comenten en Xpujil, pues Militares de Quintana Roo mantienen aterrorizada a la poblaci\u00f3n, Autoridades de Seguridad no han intervenido en este Caso desatendiendo por completo la estabilidad del\u2026","rel":"","context":"En &quot;campeche&quot;","block_context":{"text":"campeche","link":"http:\/\/www.grieta.org.mx\/index.php\/category\/campeche\/"},"img":{"alt_text":"","src":"https:\/\/i0.wp.com\/www.grieta.org.mx\/wp-content\/uploads\/2018\/03\/14524434_1106112876131411_958039263622046936_o.jpg?resize=350%2C200","width":350,"height":200,"srcset":"https:\/\/i0.wp.com\/www.grieta.org.mx\/wp-content\/uploads\/2018\/03\/14524434_1106112876131411_958039263622046936_o.jpg?resize=350%2C200 1x, https:\/\/i0.wp.com\/www.grieta.org.mx\/wp-content\/uploads\/2018\/03\/14524434_1106112876131411_958039263622046936_o.jpg?resize=525%2C300 1.5x, https:\/\/i0.wp.com\/www.grieta.org.mx\/wp-content\/uploads\/2018\/03\/14524434_1106112876131411_958039263622046936_o.jpg?resize=700%2C400 2x"},"classes":[]},{"id":2237,"url":"http:\/\/www.grieta.org.mx\/index.php\/2016\/01\/28\/familiares-de-victimas-exigen-destituir-de-policia-al-responsable-del-caso-news-divine-en-campeche\/","url_meta":{"origin":1472,"position":5},"title":"Familiares de v\u00edctimas exigen destituir de polic\u00eda al responsable del caso News Divine en Campeche.","author":"grieta","date":"28 enero, 2016","format":false,"excerpt":"28\/01\/16. Zayas desiste de amparo por el caso News DivineTribuna 07\/10\/15. Piden cesar a mando ligado a News DivinePeri\u00f3dico Z\u00f3calo 15\/09\/15. Responsable de caso New's Divine nuevo Director de Seguridad en CampecheSomos el medio 09\/09\/15. Guillermo Zayas, procesado por el caso News Divine, ser\u00e1 director de la polic\u00eda en municipio\u2026","rel":"","context":"En &quot;Campeche&quot;","block_context":{"text":"Campeche","link":"http:\/\/www.grieta.org.mx\/index.php\/category\/noticias-nacionales\/campeche\/"},"img":{"alt_text":"","src":"https:\/\/i0.wp.com\/www.grieta.org.mx\/wp-content\/uploads\/2018\/03\/14524434_1106112876131411_958039263622046936_o.jpg?resize=350%2C200","width":350,"height":200,"srcset":"https:\/\/i0.wp.com\/www.grieta.org.mx\/wp-content\/uploads\/2018\/03\/14524434_1106112876131411_958039263622046936_o.jpg?resize=350%2C200 1x, https:\/\/i0.wp.com\/www.grieta.org.mx\/wp-content\/uploads\/2018\/03\/14524434_1106112876131411_958039263622046936_o.jpg?resize=525%2C300 1.5x, https:\/\/i0.wp.com\/www.grieta.org.mx\/wp-content\/uploads\/2018\/03\/14524434_1106112876131411_958039263622046936_o.jpg?resize=700%2C400 2x"},"classes":[]}],"_links":{"self":[{"href":"http:\/\/www.grieta.org.mx\/index.php\/wp-json\/wp\/v2\/posts\/1472","targetHints":{"allow":["GET"]}}],"collection":[{"href":"http:\/\/www.grieta.org.mx\/index.php\/wp-json\/wp\/v2\/posts"}],"about":[{"href":"http:\/\/www.grieta.org.mx\/index.php\/wp-json\/wp\/v2\/types\/post"}],"author":[{"embeddable":true,"href":"http:\/\/www.grieta.org.mx\/index.php\/wp-json\/wp\/v2\/users\/2"}],"replies":[{"embeddable":true,"href":"http:\/\/www.grieta.org.mx\/index.php\/wp-json\/wp\/v2\/comments?post=1472"}],"version-history":[{"count":1,"href":"http:\/\/www.grieta.org.mx\/index.php\/wp-json\/wp\/v2\/posts\/1472\/revisions"}],"predecessor-version":[{"id":1486,"href":"http:\/\/www.grieta.org.mx\/index.php\/wp-json\/wp\/v2\/posts\/1472\/revisions\/1486"}],"wp:featuredmedia":[{"embeddable":true,"href":"http:\/\/www.grieta.org.mx\/index.php\/wp-json\/wp\/v2\/media\/21928"}],"wp:attachment":[{"href":"http:\/\/www.grieta.org.mx\/index.php\/wp-json\/wp\/v2\/media?parent=1472"}],"wp:term":[{"taxonomy":"category","embeddable":true,"href":"http:\/\/www.grieta.org.mx\/index.php\/wp-json\/wp\/v2\/categories?post=1472"},{"taxonomy":"post_tag","embeddable":true,"href":"http:\/\/www.grieta.org.mx\/index.php\/wp-json\/wp\/v2\/tags?post=1472"}],"curies":[{"name":"wp","href":"https:\/\/api.w.org\/{rel}","templated":true}]}}