{"id":14667,"date":"2016-06-20T18:06:08","date_gmt":"2016-06-20T18:06:08","guid":{"rendered":"http:\/\/www.grieta.org.mx\/?p=14667"},"modified":"2016-06-22T18:08:54","modified_gmt":"2016-06-22T18:08:54","slug":"oleada-de-migrantes-sacude-a-tijuana","status":"publish","type":"post","link":"http:\/\/www.grieta.org.mx\/index.php\/2016\/06\/20\/oleada-de-migrantes-sacude-a-tijuana\/","title":{"rendered":"Oleada de migrantes sacude a Tijuana"},"content":{"rendered":"<p><img loading=\"lazy\" decoding=\"async\" data-attachment-id=\"14668\" data-permalink=\"http:\/\/www.grieta.org.mx\/index.php\/2016\/06\/20\/oleada-de-migrantes-sacude-a-tijuana\/adb9c77d-45d5-4f33-bd74-bcd6b660d908\/\" data-orig-file=\"http:\/\/www.grieta.org.mx\/wp-content\/uploads\/2016\/06\/adb9c77d-45d5-4f33-bd74-bcd6b660d908.jpg\" data-orig-size=\"600,500\" data-comments-opened=\"0\" data-image-meta=\"{&quot;aperture&quot;:&quot;1.9&quot;,&quot;credit&quot;:&quot;&quot;,&quot;camera&quot;:&quot;SM-J500M&quot;,&quot;caption&quot;:&quot;&quot;,&quot;created_timestamp&quot;:&quot;1464343666&quot;,&quot;copyright&quot;:&quot;&quot;,&quot;focal_length&quot;:&quot;3.7&quot;,&quot;iso&quot;:&quot;64&quot;,&quot;shutter_speed&quot;:&quot;0.0071428571428571&quot;,&quot;title&quot;:&quot;&quot;,&quot;orientation&quot;:&quot;1&quot;}\" data-image-title=\"adb9c77d-45d5-4f33-bd74-bcd6b660d908\" data-image-description=\"\" data-image-caption=\"\" data-medium-file=\"http:\/\/www.grieta.org.mx\/wp-content\/uploads\/2016\/06\/adb9c77d-45d5-4f33-bd74-bcd6b660d908-300x250.jpg\" data-large-file=\"http:\/\/www.grieta.org.mx\/wp-content\/uploads\/2016\/06\/adb9c77d-45d5-4f33-bd74-bcd6b660d908.jpg\" src=\"http:\/\/www.grieta.org.mx\/wp-content\/uploads\/2016\/06\/adb9c77d-45d5-4f33-bd74-bcd6b660d908-300x250.jpg\" alt=\"adb9c77d-45d5-4f33-bd74-bcd6b660d908\" width=\"300\" height=\"250\" class=\"aligncenter size-medium wp-image-14668\" srcset=\"http:\/\/www.grieta.org.mx\/wp-content\/uploads\/2016\/06\/adb9c77d-45d5-4f33-bd74-bcd6b660d908-300x250.jpg 300w, http:\/\/www.grieta.org.mx\/wp-content\/uploads\/2016\/06\/adb9c77d-45d5-4f33-bd74-bcd6b660d908.jpg 600w\" sizes=\"auto, (max-width: 300px) 100vw, 300px\" \/><\/p>\n<p>Enfrenta la ciudad fronteriza movilidad masiva<br \/>\nEl Sol de Tijuana<br \/>\n20 de junio de 2016<\/p>\n<p>Yolanda Caballero Jacobo<\/p>\n<p>Sin descanso, con la cabeza en alto y con la esperanza de lograr asilo pol\u00edtico en Estados Unidos, extranjeros y mexicanos sacudieron con migraci\u00f3n masiva a la esquina de Latinoam\u00e9rica: Tijuana.<\/p>\n<p>El fen\u00f3meno mundial de migrantes gener\u00f3 este a\u00f1o una oleada masiva de personas rumbo a esta ciudad fronteriza, por los problemas b\u00e9licos, terrorismo y carencia econ\u00f3mica que se viven en pa\u00edses africanos y en Medio Oriente.<\/p>\n<p>A esto se suman los cientos de mexicanos que, desesperados, huyen de la violencia que han sembrado los c\u00e1rteles de la droga en Sinaloa, Michoac\u00e1n, Durango y Guerrero.<\/p>\n<p>OLEADA DE EXTRANJEROS EN EL MURO FRONTERIZO<\/p>\n<p>En medio de la neblina y el fr\u00edo que ca\u00eda durante la noche, se avivaba la esperanza de un grupo de africanos y haitianos que esperaban en la garita internacional de San Ysidro para iniciar su proceso de asilo pol\u00edtico ante el Gobierno norteamericano.<\/p>\n<p>Mamadou Alpha Barry, junto con un grupo de africanos, no quitaba la mirada de la puerta que divide a M\u00e9xico de Estados Unidos. Durante seis meses recorri\u00f3 ocho pa\u00edses, huyendo de la violencia que existe en Guinea.<\/p>\n<p>&#8220;Ha sido un trayecto dif\u00edcil, cruzamos Ecuador, despu\u00e9s Panam\u00e1, Costa Rica y Nicaragua, ah\u00ed tuvimos muchos problemas, pero llegar a M\u00e9xico fue una bendici\u00f3n&#8221;, plante\u00f3.<\/p>\n<p>El Instituto Nacional de Migraci\u00f3n (INM) registr\u00f3 tan solo de mayo a junio, 759 extranjeros que arribaron a Tijuana e ingresaron a M\u00e9xico por la estaci\u00f3n de Tapachula, Chiapas, con el fin de solicitar asilo pol\u00edtico en Estados Unidos, entre ellos ciudadanos de pa\u00edses de \u00c1frica (Ghana, Eritrea, Rep\u00fablica de Congo, Guinea, Camer\u00fan), de Medio Oriente (Irak, Afganist\u00e1n, Armenia) y del Caribe (Hait\u00ed).<\/p>\n<p>Pero en ese mismo periodo, llegaron los mexicanos y sumaron mil 271 migrantes en busca de refugio en Estados Unidos.<\/p>\n<p>SIN DESCANSO DE IRAK A TIJUANA<\/p>\n<p>La rigidez de su idioma y las conversaciones en voz muy alta, llamaban la atenci\u00f3n y resaltaban entre el resto de los migrantes: eran un grupo de afganos e iraqu\u00edes.<\/p>\n<p>En total eran diez de Pakist\u00e1n y dos de Afganist\u00e1n, todos estaban desesperados por cruzar a Estados Unidos para solicitar asilo.<\/p>\n<p>Compartieron a El Sol de Tijuana el dif\u00edcil trayecto que recorrieron para llegar a esta ciudad, enfrentando la delincuencia de diversos pa\u00edses y hasta ser blanco de robo en Nicaragua.<\/p>\n<p>Abdul Hamid Ambdul Jamid es de Afganist\u00e1n, relat\u00f3 que al llegar a Tijuana ya no ten\u00edan dinero porque los hab\u00edan asaltado, pero la ilusi\u00f3n permanec\u00eda viva.<\/p>\n<p>&#8220;Ahora me siento muy bien porque estoy cerca de Estados Unidos, vivir en mi pa\u00eds es dif\u00edcil porque hay mucha guerra en la parte donde yo nac\u00ed, y Afganist\u00e1n tiene muchos problemas, sobre todo con los talibanes&#8221;, expres\u00f3.<\/p>\n<p>Junto con Abdul Hamid, estaba Shakir Ali Chaker, un joven de Pakist\u00e1n que nos cuenta que huy\u00f3 de su pa\u00eds en busca de un cambio en su vida.<\/p>\n<p>&#8220;Queremos tener una mejor vida, donde no estemos viendo muertes, secuestros y ataques terroristas, por eso estamos aqu\u00ed, aunque haya estado dif\u00edcil cruzar todos los pa\u00edses, estar en M\u00e9xico es una bendici\u00f3n&#8221;, expres\u00f3 sin titubear y con la mirada firme.<\/p>\n<p>Y as\u00ed permanecieron en Tijuana, mientras iniciaban el proceso de asilo pol\u00edtico.<\/p>\n<p>&#8220;No tenemos nada, despu\u00e9s que nos robaron en Nicaragua, solo estamos de la mano de Dios&#8221;, platic\u00f3, mientras caminaba hacia el puerto fronterizo de Estados Unidos para ser resguardado por agentes de la Administraci\u00f3n de Aduanas y Protecci\u00f3n Fronteriza (CBP por sus siglas en ingl\u00e9s).<\/p>\n<p>ARMENIOS LLEGAN A TIJUANA CON TEMOR<\/p>\n<p>En Tijuana, sorprendi\u00f3 la llegada de familias de migrantes armenios para tambi\u00e9n solicitar asilo pol\u00edtico en Estados Unidos. Desde la semana pasada suman al menos 25, quienes han permanecido en los diferentes albergues de la ciudad, en espera de ser atendidos por el Gobierno estadunidense para iniciar el proceso de asilo.<\/p>\n<p>El director operativo del Ej\u00e9rcito de Salvaci\u00f3n, Pablo Isaac Camarillo, dijo se trata de hombres, mujeres y ni\u00f1os que han huido de su pa\u00eds debido a las condiciones que enfrentan, lo cual atenta contra su seguridad.<\/p>\n<p>&#8220;Ellos hablan muy poco sobre su situaci\u00f3n, pero podemos notar much\u00edsimo miedo y temor de estar en las calles.<\/p>\n<p>&#8220;Nosotros les hemos ofrecido para que no est\u00e9n dentro del lugar un poco aburridos, para que los llevemos a una plaza o un parque para que se distraigan, pero ellos tienen temor de salir&#8221;, detac\u00f3.<\/p>\n<p>Pablo Isaac Camarillo coment\u00f3 que en pl\u00e1tica con algunos migrantes de esa nacionalidad, les han informado que huyen debido a la situaci\u00f3n pol\u00edtica que enfrentan.<\/p>\n<p>MENORES MIGRANTES EN BUSCA DEL &#8216;SUE\u00d1O AMERICANO&#8217;<\/p>\n<p>Entre la oleada de migrantes que llegaron a Tijuana, tambi\u00e9n se sumaron menores que escapan de sus pa\u00edses de origen, que han ingresado solos por las estaciones migratorias de M\u00e9xico.<\/p>\n<p>&#8220;Yo llegu\u00e9 sola a Tijuana, quiero irme a los Estados Unidos, mi familia es muy pobre y no tenemos dinero&#8221;, dijo Santos, de 17 a\u00f1os y originaria de Guatemala.<\/p>\n<p>Lleg\u00f3 la ma\u00f1ana del 2 de julio a un refugio para migrantes, en espera de conquistar el &#8220;sue\u00f1o americano&#8221; y dejar atr\u00e1s las carencias y la violencia que enfrenta su pa\u00eds.<\/p>\n<p>Por eso su familia, con sacrificio, reuni\u00f3 dinero para pagar un &#8220;coyote&#8221; que la trajera a Tijuana.<\/p>\n<p>&#8220;Mi familia busc\u00f3 un &#8216;coyote&#8217; para venir a aqu\u00ed, y le pagaron 13 mil, despu\u00e9s que llegamos, ya no lo volv\u00ed a ver, \u00e9l me trajo a Tijuana&#8221;, coment\u00f3.<\/p>\n<p>Como ella, otros j\u00f3venes tambi\u00e9n llegaron solos en busca de tener una mejor educaci\u00f3n y forjarse un futuro libre de violencia.<\/p>\n<p>NO QUEREMOS MORIR EN MANOS DEL NARCO: MEXICANOS<\/p>\n<p>Adem\u00e1s de los extranjeros, el municipio fronterizo tambi\u00e9n se ha convertido en punto de exportaci\u00f3n de migrantes mexicanos que huyen de la tensa situaci\u00f3n de violencia que han sembrado los c\u00e1rteles de droga en entidades como Sinaloa, Michoac\u00e1n, Guerrero, Durango y Veracruz.<\/p>\n<p>Con beb\u00e9s en brazos, mujeres embarazadas y personas de la tercera edad, se suman a la lista de los connacionales que esperan refugio de Estados Unidos.<\/p>\n<p>&#8220;No queremos morir en manos del narcotr\u00e1fico, all\u00e1 te agarran, te cobran piso si ven que tienen un negocio, por eso yo me vine con mis hijos, ellos est\u00e1n primero&#8221;, nos platic\u00f3 una mujer que estaba sentada en el piso y abrazaba a sus dos hijas, mientras esperaba respuesta del Gobierno estadunidense.<\/p>\n<p>DE CALIBRE INTERNACIONAL, REDES DE TRAFICANTES<\/p>\n<p>Para el director del Centro Binacional de Derechos Humanos, V\u00edctor Clark, la llegada de migrantes extranjeros a Tijuana en las \u00faltimas semanas tiene un trasfondo: redes de traficantes de indocumentados de calibre internacional.<\/p>\n<p>Dichas personas trabajan en diversos continentes y les muestran la ruta hacia la ciudad fronteriza de Tijuana.<\/p>\n<p>&#8220;En el caso de somal\u00edes, por ejemplo, los traficantes internacionales de indocumentados los traen hasta Tijuana, los dejan y ellos ya saben que tiene que ir ah\u00ed y que generalmente les van a dar el asilo&#8221;, expuso.<\/p>\n<p>&#8220;Otros son ciudadanos de Etiop\u00eda que usaron rutas muy bien dise\u00f1adas, algunos hasta consiguen documentos falsos y viajan con documentos a Brasil, que no pide visa para sudafricanos, y de Brasil viajan a Colombia y entran a M\u00e9xico y siguen la ruta a Tijuana&#8221;, sentenci\u00f3.<\/p>\n<p><a href=\"http:\/\/www.oem.com.mx\/elsoldetijuana\/notas\/n4203437.htm\" target=\"_blank\">http:\/\/www.oem.com.mx\/elsoldetijuana\/notas\/n4203437.htm<\/a><\/p>\n","protected":false},"excerpt":{"rendered":"<p>Enfrenta la ciudad fronteriza movilidad masiva El Sol de Tijuana 20 de junio de 2016 Yolanda Caballero Jacobo Sin descanso, con la cabeza en alto y con la esperanza de &hellip; <a href=\"http:\/\/www.grieta.org.mx\/index.php\/2016\/06\/20\/oleada-de-migrantes-sacude-a-tijuana\/\" class=\"more-link\">Leer m\u00e1s<\/a><\/p>\n","protected":false},"author":2,"featured_media":21928,"comment_status":"closed","ping_status":"closed","sticky":false,"template":"","format":"standard","meta":{"ngg_post_thumbnail":0,"_jetpack_newsletter_access":"","_jetpack_dont_email_post_to_subs":false,"_jetpack_newsletter_tier_id":0,"_jetpack_memberships_contains_paywalled_content":false,"_jetpack_memberships_contains_paid_content":false,"footnotes":""},"categories":[80,86],"tags":[],"class_list":["post-14667","post","type-post","status-publish","format-standard","has-post-thumbnail","hentry","category-cintillo","category-migrantes","entry"],"jetpack_featured_media_url":"http:\/\/www.grieta.org.mx\/wp-content\/uploads\/2018\/03\/14524434_1106112876131411_958039263622046936_o.jpg","jetpack_sharing_enabled":true,"jetpack_shortlink":"https:\/\/wp.me\/p7ZJR4-3Oz","jetpack_likes_enabled":false,"jetpack-related-posts":[{"id":8700,"url":"http:\/\/www.grieta.org.mx\/index.php\/2016\/08\/31\/secuestro-de-migrantes-en-bc\/","url_meta":{"origin":14667,"position":0},"title":"Migrantes inundan Baja California","author":"grieta","date":"31 agosto, 2016","format":false,"excerpt":"31\/08\/16. Contin\u00faa llegada de migrantes extranjeros y mexicanos que buscan asilo en EU La Jornada Baja California 20\/08\/16. A la baja llegada de migrantes a BC que quieren asilo en EU El Sol de Puebla 10\/08\/16. Libera INM al grupo de migrantes detenidos en Mexicali La Jornada Baja California 10\/08\/16.\u2026","rel":"","context":"En &quot;Baja California&quot;","block_context":{"text":"Baja California","link":"http:\/\/www.grieta.org.mx\/index.php\/category\/noticias-nacionales\/baja-california\/"},"img":{"alt_text":"","src":"https:\/\/i0.wp.com\/www.grieta.org.mx\/wp-content\/uploads\/2018\/03\/14524434_1106112876131411_958039263622046936_o.jpg?resize=350%2C200","width":350,"height":200,"srcset":"https:\/\/i0.wp.com\/www.grieta.org.mx\/wp-content\/uploads\/2018\/03\/14524434_1106112876131411_958039263622046936_o.jpg?resize=350%2C200 1x, https:\/\/i0.wp.com\/www.grieta.org.mx\/wp-content\/uploads\/2018\/03\/14524434_1106112876131411_958039263622046936_o.jpg?resize=525%2C300 1.5x, https:\/\/i0.wp.com\/www.grieta.org.mx\/wp-content\/uploads\/2018\/03\/14524434_1106112876131411_958039263622046936_o.jpg?resize=700%2C400 2x"},"classes":[]},{"id":21126,"url":"http:\/\/www.grieta.org.mx\/index.php\/2016\/08\/31\/continua-llegada-de-migrantes-extranjeros-y-mexicanos-que-buscan-asilo-en-eu\/","url_meta":{"origin":14667,"position":1},"title":"Contin\u00faa llegada de migrantes extranjeros y mexicanos que buscan asilo en EU","author":"grieta","date":"31 agosto, 2016","format":false,"excerpt":"Por Julieta Mart\u00ednez Tijuana, 31 de agosto.- Familias completas de haitianos y africanos llegan cada d\u00eda a los albergues operados por organizaciones civiles, es una tendencia que se ha mantenido desde hace tres meses cuando lleg\u00f3 a esta frontera la primera oleada de migrantes extranjeros que buscan asilo en Estados\u2026","rel":"","context":"En &quot;CINTILLO&quot;","block_context":{"text":"CINTILLO","link":"http:\/\/www.grieta.org.mx\/index.php\/category\/cintillo\/"},"img":{"alt_text":"","src":"https:\/\/i0.wp.com\/www.grieta.org.mx\/wp-content\/uploads\/2018\/03\/14524434_1106112876131411_958039263622046936_o.jpg?resize=350%2C200","width":350,"height":200,"srcset":"https:\/\/i0.wp.com\/www.grieta.org.mx\/wp-content\/uploads\/2018\/03\/14524434_1106112876131411_958039263622046936_o.jpg?resize=350%2C200 1x, https:\/\/i0.wp.com\/www.grieta.org.mx\/wp-content\/uploads\/2018\/03\/14524434_1106112876131411_958039263622046936_o.jpg?resize=525%2C300 1.5x, https:\/\/i0.wp.com\/www.grieta.org.mx\/wp-content\/uploads\/2018\/03\/14524434_1106112876131411_958039263622046936_o.jpg?resize=700%2C400 2x"},"classes":[]},{"id":37963,"url":"http:\/\/www.grieta.org.mx\/index.php\/2019\/08\/16\/acusan-a-la-guardia-nacional-de-actuar-como-la-patrulla-fronteriza-de-eu-en-tijuana-baja-california\/","url_meta":{"origin":14667,"position":2},"title":"Acusan a la Guardia Nacional de actuar como la Patrulla Fronteriza de EU en Tijuana (Baja California)","author":"grieta","date":"16 agosto, 2019","format":false,"excerpt":"La Redacci\u00f3n\/ PROCESO CIUDAD DE M\u00c9XICO (apro).- Defensores de migrantes acusaron a la Guaria Nacional de convertirse en la \u201cPatrulla Fronteriza\u201d del gobierno de Donald Trump, luego de que el pasado martes 13 se llevaron detenidos, de forma arbitraria, a ni\u00f1os, adolescentes y adultos que se encontraban en playas de\u2026","rel":"","context":"En &quot;Baja California&quot;","block_context":{"text":"Baja California","link":"http:\/\/www.grieta.org.mx\/index.php\/category\/noticias-nacionales\/baja-california\/"},"img":{"alt_text":"","src":"https:\/\/i0.wp.com\/www.grieta.org.mx\/wp-content\/uploads\/2019\/08\/tijuana-e1565998708377.jpg?resize=350%2C200","width":350,"height":200,"srcset":"https:\/\/i0.wp.com\/www.grieta.org.mx\/wp-content\/uploads\/2019\/08\/tijuana-e1565998708377.jpg?resize=350%2C200 1x, https:\/\/i0.wp.com\/www.grieta.org.mx\/wp-content\/uploads\/2019\/08\/tijuana-e1565998708377.jpg?resize=525%2C300 1.5x, https:\/\/i0.wp.com\/www.grieta.org.mx\/wp-content\/uploads\/2019\/08\/tijuana-e1565998708377.jpg?resize=700%2C400 2x, https:\/\/i0.wp.com\/www.grieta.org.mx\/wp-content\/uploads\/2019\/08\/tijuana-e1565998708377.jpg?resize=1050%2C600 3x"},"classes":[]},{"id":14678,"url":"http:\/\/www.grieta.org.mx\/index.php\/2016\/06\/09\/extranjeros-saturan-refugios-de-tijuana-huyen-de-la-violencia\/","url_meta":{"origin":14667,"position":3},"title":"Extranjeros saturan refugios de Tijuana; huyen de la violencia","author":"grieta","date":"9 junio, 2016","format":false,"excerpt":"TIJUANA. Pareciera un campo de refugiados en Palestina, Siria o Jordania, pero son campamentos instalados en la frontera norte, montados por extranjeros que llegaron a Tijuana en busca de asilo pol\u00edtico en Estados Unidos. Vienen de Hait\u00ed, Ghana, Etiop\u00eda, Afganist\u00e1n y de otras naciones lejanas. Interrogados por Exc\u00e9lsior, argumentan que\u2026","rel":"","context":"En &quot;Migrantes&quot;","block_context":{"text":"Migrantes","link":"http:\/\/www.grieta.org.mx\/index.php\/category\/temas-nacionales\/migrantes\/"},"img":{"alt_text":"","src":"https:\/\/i0.wp.com\/www.grieta.org.mx\/wp-content\/uploads\/2018\/03\/14524434_1106112876131411_958039263622046936_o.jpg?resize=350%2C200","width":350,"height":200,"srcset":"https:\/\/i0.wp.com\/www.grieta.org.mx\/wp-content\/uploads\/2018\/03\/14524434_1106112876131411_958039263622046936_o.jpg?resize=350%2C200 1x, https:\/\/i0.wp.com\/www.grieta.org.mx\/wp-content\/uploads\/2018\/03\/14524434_1106112876131411_958039263622046936_o.jpg?resize=525%2C300 1.5x, https:\/\/i0.wp.com\/www.grieta.org.mx\/wp-content\/uploads\/2018\/03\/14524434_1106112876131411_958039263622046936_o.jpg?resize=700%2C400 2x"},"classes":[]},{"id":20363,"url":"http:\/\/www.grieta.org.mx\/index.php\/2016\/08\/20\/a-la-baja-llegada-de-migrantes-a-bc-que-quieren-asilo-en-eu\/","url_meta":{"origin":14667,"position":4},"title":"A la baja llegada de migrantes a BC que quieren asilo en EU","author":"grieta","date":"20 agosto, 2016","format":false,"excerpt":"Daniel \u00c1ngel Rubio TIJUANA, BC. (OEM-Informex).- La llegada de migrantes al Estado, en busca de asilo en Estados Unidos ha bajado en aproximadamente 60 por ciento en las \u00faltimas semanas, mencion\u00f3 el secretario general de Gobierno, Francisco Rueda G\u00f3mez. \"Al estar disminuyendo, esperamos que se normalice la situaci\u00f3n. Van a\u2026","rel":"","context":"En &quot;CINTILLO&quot;","block_context":{"text":"CINTILLO","link":"http:\/\/www.grieta.org.mx\/index.php\/category\/cintillo\/"},"img":{"alt_text":"","src":"https:\/\/i0.wp.com\/www.grieta.org.mx\/wp-content\/uploads\/2018\/03\/14524434_1106112876131411_958039263622046936_o.jpg?resize=350%2C200","width":350,"height":200,"srcset":"https:\/\/i0.wp.com\/www.grieta.org.mx\/wp-content\/uploads\/2018\/03\/14524434_1106112876131411_958039263622046936_o.jpg?resize=350%2C200 1x, https:\/\/i0.wp.com\/www.grieta.org.mx\/wp-content\/uploads\/2018\/03\/14524434_1106112876131411_958039263622046936_o.jpg?resize=525%2C300 1.5x, https:\/\/i0.wp.com\/www.grieta.org.mx\/wp-content\/uploads\/2018\/03\/14524434_1106112876131411_958039263622046936_o.jpg?resize=700%2C400 2x"},"classes":[]},{"id":27614,"url":"http:\/\/www.grieta.org.mx\/index.php\/2018\/11\/16\/crece-la-concentracion-de-migrantes-centroamericanos-en-tijuana-y-mexicali-llenan-albergues-y-refugios-en-bc\/","url_meta":{"origin":14667,"position":5},"title":"Crece la concentraci\u00f3n de migrantes centroamericanos en Tijuana y Mexicali; llenan albergues y refugios en BC","author":"grieta","date":"16 noviembre, 2018","format":false,"excerpt":"Antonio Heras Mexicali.- En las ciudades fronterizas de Baja California se concentraron 4 mil 757 migrantes pertenecientes a la Caravana del Migrante, de los cuales 3 mil 223 hondure\u00f1os, salvadore\u00f1os y guatemaltecos se encuentran en Tijuana y mil 534 en Mexicali. La mayor parte de los migrantes que permanecen en\u2026","rel":"","context":"En &quot;Baja California&quot;","block_context":{"text":"Baja California","link":"http:\/\/www.grieta.org.mx\/index.php\/category\/noticias-nacionales\/baja-california\/"},"img":{"alt_text":"","src":"https:\/\/i0.wp.com\/www.grieta.org.mx\/wp-content\/uploads\/2018\/11\/20181116_0940434234066610610159544.jpg?resize=350%2C200","width":350,"height":200,"srcset":"https:\/\/i0.wp.com\/www.grieta.org.mx\/wp-content\/uploads\/2018\/11\/20181116_0940434234066610610159544.jpg?resize=350%2C200 1x, https:\/\/i0.wp.com\/www.grieta.org.mx\/wp-content\/uploads\/2018\/11\/20181116_0940434234066610610159544.jpg?resize=525%2C300 1.5x"},"classes":[]}],"_links":{"self":[{"href":"http:\/\/www.grieta.org.mx\/index.php\/wp-json\/wp\/v2\/posts\/14667","targetHints":{"allow":["GET"]}}],"collection":[{"href":"http:\/\/www.grieta.org.mx\/index.php\/wp-json\/wp\/v2\/posts"}],"about":[{"href":"http:\/\/www.grieta.org.mx\/index.php\/wp-json\/wp\/v2\/types\/post"}],"author":[{"embeddable":true,"href":"http:\/\/www.grieta.org.mx\/index.php\/wp-json\/wp\/v2\/users\/2"}],"replies":[{"embeddable":true,"href":"http:\/\/www.grieta.org.mx\/index.php\/wp-json\/wp\/v2\/comments?post=14667"}],"version-history":[{"count":1,"href":"http:\/\/www.grieta.org.mx\/index.php\/wp-json\/wp\/v2\/posts\/14667\/revisions"}],"predecessor-version":[{"id":14669,"href":"http:\/\/www.grieta.org.mx\/index.php\/wp-json\/wp\/v2\/posts\/14667\/revisions\/14669"}],"wp:featuredmedia":[{"embeddable":true,"href":"http:\/\/www.grieta.org.mx\/index.php\/wp-json\/wp\/v2\/media\/21928"}],"wp:attachment":[{"href":"http:\/\/www.grieta.org.mx\/index.php\/wp-json\/wp\/v2\/media?parent=14667"}],"wp:term":[{"taxonomy":"category","embeddable":true,"href":"http:\/\/www.grieta.org.mx\/index.php\/wp-json\/wp\/v2\/categories?post=14667"},{"taxonomy":"post_tag","embeddable":true,"href":"http:\/\/www.grieta.org.mx\/index.php\/wp-json\/wp\/v2\/tags?post=14667"}],"curies":[{"name":"wp","href":"https:\/\/api.w.org\/{rel}","templated":true}]}}