{"id":14621,"date":"2016-01-03T04:31:39","date_gmt":"2016-01-03T04:31:39","guid":{"rendered":"http:\/\/www.grieta.org.mx\/?p=14621"},"modified":"2018-06-11T13:36:58","modified_gmt":"2018-06-11T18:36:58","slug":"tamaulipas-con-elevado-indice-de-homicidios-y-desapariciones-de-periodistas","status":"publish","type":"post","link":"http:\/\/www.grieta.org.mx\/index.php\/2016\/01\/03\/tamaulipas-con-elevado-indice-de-homicidios-y-desapariciones-de-periodistas\/","title":{"rendered":"Tamaulipas con elevado \u00edndice de homicidios y desapariciones de periodistas"},"content":{"rendered":"<p>Redacci\u00f3n\/Todo Noticias<\/p>\n<p>Desde el a\u00f1o 2000 a 2015 ocurrieron 20 homicidios y desapariciones de periodistas en Tamaulipas.<\/p>\n<p>Ciudad Victoria.- Tamaulipas, despu\u00e9s de Veracruz es la entidad con los m\u00e1s altos \u00edndices de homicidios contra periodistas en el pa\u00eds, seg\u00fan el informe de la Comisi\u00f3n Nacional de Derechos Humano dado a conocer por Luis Ra\u00fal Gonz\u00e1lez P\u00e9rez en el marco del acto conmemorativo del D\u00eda Internacional para poner fin a la Impunidad de los Cr\u00edmenes contra Periodistas, desarrollado el pasado mes de noviembre.<\/p>\n<p>El Presidente de la CNDH dijo \u201clos estados con mayor incidencia en el n\u00famero de homicidios a periodistas destacan Veracruz, con 14.9%; Tamaulipas, con 12.1%; Guerrero y Chihuahua, 11.2% cada uno y Oaxaca, 9.3%\u201d.<\/p>\n<p>Para ilustrar la gravedad del problema, \u201cque a todos nos debe alarmar\u201d, Gonz\u00e1lez P\u00e9rez dijo que de acuerdo con los registros de la Comisi\u00f3n Nacional de los Derechos Humanos (CNDH), desde el a\u00f1o 2000 a la fecha han ocurrido 107 homicidios de periodistas; 20 periodistas han desaparecido desde el a\u00f1o 2005; han ocurrido 47 atentados a medios de comunicaci\u00f3n desde 2006 y desde el 1 de enero de 2010 se han recibido 488 quejas por agravios a periodistas en este Organismo Nacional.<\/p>\n<p>Ante la impunidad del 89% que prevalece en las agresiones cometidas contra periodistas y medios de comunicaci\u00f3n, que hace de M\u00e9xico el pa\u00eds m\u00e1s peligroso para ejercer el periodismo en el Continente Americano, el Ombudsman nacional, Luis Ra\u00fal Gonz\u00e1lez P\u00e9rez, propuso la creaci\u00f3n de una Alerta Temprana para Periodistas y Defensores de Derechos Humanos, que se denominar\u00e1 \u201cAlerta 6\u201d \u2013por su referencia al art\u00edculo 6\u00b0 constitucional\u2014, que entre en funcionamiento a partir de este mes de enero.<\/p>\n<p>Al hacer referencia a esta fecha conmemorativa del D\u00eda Internacional para poner fin a la Impunidad de los Cr\u00edmenes contra Periodistas, record\u00f3 que el 2 de noviembre fue elegido por la Asamblea General de las Naciones Unidas con objeto de condenar todos los ataques y violencia contra los periodistas y trabajadores de los medios de comunicaci\u00f3n, incluyendo la intimidaci\u00f3n, el acoso y otras formas que agravian a los periodistas y limitan la libertad de expresi\u00f3n en sus vertientes individual y social.<\/p>\n<p>\u201cLamentablemente \u2013asegur\u00f3\u2014 las agresiones contra periodistas, medios de comunicaci\u00f3n y defensores se han vuelto una realidad cotidiana indignante\u201d.<\/p>\n<p>El homicidio de Mar\u00eda del Rosario Fuentes Rubio, quien usaba el twitter para reportar actividades de la delincuencia organizada, es considerado como una periodista asesinada en Tamaulipas y que suma a la lista de 13 homicidios ocurridos en la entidad desde el a\u00f1o 2000 y a esa cifra se suman los desaparecidos en la entidad.<\/p>\n<p>En septiembre de 2011 fue asesinada en Nuevo Laredo otra periodista de nombre Elizabeth Mac\u00edas Castro.<\/p>\n<p>Del a\u00f1o 2000 a la Fecha organizaciones defensoras de los derechos humanos como art\u00edculo 19 y la propia CNDH reportan el registro en Tamaulipas de 20 periodistas asesinados y otros desaparecidos de los que sus familiares ya no volvieron a tener informaci\u00f3n de ellos:<\/p>\n<p>Febrero 2000 \t  Luis Roberto Cruz Mart\u00ednez \t    Reynosa, Tamaulipas<br \/>\n9 Abril 2000 \t  Pablo Pineda Gauc\u00edn \t            Matamoros, Tamaulipas<br \/>\n27 Marzo 2001  \t  Sa\u00fal Antonio Mart\u00ednez Guti\u00e9rrez   Matamoros, Tamaulipas<br \/>\n12 Enero  2002 \t  F\u00e9lix Alfonso Fern\u00e1ndez Garc\u00eda    Miguel Alem\u00e1n, Tamaulipas<br \/>\n19 Marzo 2004 \t  Roberto Javier Mora Garc\u00eda \t    Nuevo Laredo, Tamaulipas<br \/>\n31 Agosto 2004 \t  Francisco Arratia Saldierna \t    Matamoros, Tamaulipas<br \/>\n16 Abril 2005 \t  Dolores Guadalupe Garc\u00eda Escamilla \tNuevo Laredo, Tamaulipas<br \/>\n25 Octubre 2005   Julio C\u00e9sar Mart\u00ednez P\u00e9rez \t    Reynosa, Tamaulipas<br \/>\n10 Marzo 2006 \t  Ramiro T\u00e9llez Contreras \t    Nuevo Laredo, Tamaulipas<br \/>\n5 Febrero  2008   Francisco Ortiz Monroy \t    Camargo, Tamaulipas<br \/>\n27 Febrero  2008  Luis Villanueva Berrones \t    Tamaulipas<br \/>\nMarzo  2010 \t  Miguel \u00c1ngel Dom\u00ednguez Zamora     Reynosa, Tamaulipas<br \/>\nMarzo  2010 \t  Pedro Arg\u00fcello \t            Reynosa, Tamaulipas<br \/>\nMarzo 2010 \t  David Silva \t                    Reynosa, Tamaulipas<br \/>\n2 Marzo 2010 \t  Jorge R\u00e1bago Valdez \t            Reynosa, Tamaulipas<br \/>\nNoviembre 2010 \t  Carlos Alberto Guajardo Romero    Matamoros, Tamaulipas<br \/>\n24 Septiembre 2011 Mar\u00eda Elizabeth Mac\u00edas Castro    Nuevo Laredo, Tamaulipas<br \/>\nMarzo 2010 \t  Guillermo Mart\u00ednez Alvarado \t    Reynosa , Tamaulipas<br \/>\n21 Mayo 2012 \t  Zane Plemmons \t            Nuevo Laredo, Tamaulipas<\/p>\n<p><a href=\"http:\/\/todonoticias.mx\/inicio\/tamaulipas-con-elevado-indice-de-homicidios-y-desapariciones-de-periodistas-cndh\/\" target=\"_blank\">http:\/\/todonoticias.mx\/inicio\/tamaulipas-con-elevado-indice-de-homicidios-y-desapariciones-de-periodistas-cndh\/<\/a><\/p>\n","protected":false},"excerpt":{"rendered":"<p>Redacci\u00f3n\/Todo Noticias Desde el a\u00f1o 2000 a 2015 ocurrieron 20 homicidios y desapariciones de periodistas en Tamaulipas. Ciudad Victoria.- Tamaulipas, despu\u00e9s de Veracruz es la entidad con los m\u00e1s altos &hellip; <a href=\"http:\/\/www.grieta.org.mx\/index.php\/2016\/01\/03\/tamaulipas-con-elevado-indice-de-homicidios-y-desapariciones-de-periodistas\/\" class=\"more-link\">Leer m\u00e1s<\/a><\/p>\n","protected":false},"author":2,"featured_media":21928,"comment_status":"closed","ping_status":"closed","sticky":false,"template":"","format":"standard","meta":{"ngg_post_thumbnail":0,"_jetpack_newsletter_access":"","_jetpack_dont_email_post_to_subs":false,"_jetpack_newsletter_tier_id":0,"_jetpack_memberships_contains_paywalled_content":false,"_jetpack_memberships_contains_paid_content":false,"footnotes":""},"categories":[80,2,33,88,1136],"tags":[1180,120],"class_list":["post-14621","post","type-post","status-publish","format-standard","has-post-thumbnail","hentry","category-cintillo","category-noticias-nacionales","category-tamaulipas","category-violencia-contra-periodistas","category-violencia-contra-periodistas-en-tamaulipas","tag-asesinato-de-periodistas","tag-violencia-contra-periodistas","entry"],"jetpack_featured_media_url":"http:\/\/www.grieta.org.mx\/wp-content\/uploads\/2018\/03\/14524434_1106112876131411_958039263622046936_o.jpg","jetpack_sharing_enabled":true,"jetpack_shortlink":"https:\/\/wp.me\/p7ZJR4-3NP","jetpack_likes_enabled":false,"jetpack-related-posts":[{"id":22447,"url":"http:\/\/www.grieta.org.mx\/index.php\/2017\/04\/30\/el-estado-mexicano-de-tamaulipas-declarado-zona-silenciada-por-la-violencia-contra-periodistas\/","url_meta":{"origin":14621,"position":0},"title":"El estado mexicano de Tamaulipas, declarado zona silenciada por la violencia contra periodistas","author":"grieta","date":"30 abril, 2017","format":false,"excerpt":"Redacci\u00f3n\/Notim\u00e9rica CIUDAD DE M\u00c9XICO, 30 Abr. (Notim\u00e9rica) - La Comisi\u00f3n Internacional de Derechos Humanos (CIDH) ha reiterado la mala situaci\u00f3n en la que se encuentran los periodistas en M\u00e9xico, silenciados de forma violenta. Aunque la situaci\u00f3n es alarmante a nivel nacional, la CIDH ha puesto el foco en el estado\u2026","rel":"","context":"En &quot;CINTILLO&quot;","block_context":{"text":"CINTILLO","link":"http:\/\/www.grieta.org.mx\/index.php\/category\/cintillo\/"},"img":{"alt_text":"","src":"https:\/\/i0.wp.com\/www.grieta.org.mx\/wp-content\/uploads\/2018\/04\/t2.jpg?resize=350%2C200","width":350,"height":200,"srcset":"https:\/\/i0.wp.com\/www.grieta.org.mx\/wp-content\/uploads\/2018\/04\/t2.jpg?resize=350%2C200 1x, https:\/\/i0.wp.com\/www.grieta.org.mx\/wp-content\/uploads\/2018\/04\/t2.jpg?resize=525%2C300 1.5x"},"classes":[]},{"id":22444,"url":"http:\/\/www.grieta.org.mx\/index.php\/2017\/04\/29\/tamaulipas-un-estado-silenciado-por-los-crimenes-contra-periodistas-cidh\/","url_meta":{"origin":14621,"position":1},"title":"Tamaulipas, un estado silenciado por los cr\u00edmenes contra periodistas: CIDH","author":"grieta","date":"29 abril, 2017","format":false,"excerpt":"Redacci\u00f3n\/Animal Pol\u00edtico La violencia contra periodistas en M\u00e9xico ha llegado a niveles alarmantes e incluso se ha intensificado en los \u00faltimos a\u00f1os, tiempo en el que destaca el caso de Tamaulipas, entidad considerada como una zona silenciada por la Comisi\u00f3n Interamericana de Derechos Humanos (CIDH). \u201cTamaulipas fue una de las\u2026","rel":"","context":"En &quot;CINTILLO&quot;","block_context":{"text":"CINTILLO","link":"http:\/\/www.grieta.org.mx\/index.php\/category\/cintillo\/"},"img":{"alt_text":"","src":"https:\/\/i0.wp.com\/www.grieta.org.mx\/wp-content\/uploads\/2018\/04\/t1-1.jpg?resize=350%2C200","width":350,"height":200,"srcset":"https:\/\/i0.wp.com\/www.grieta.org.mx\/wp-content\/uploads\/2018\/04\/t1-1.jpg?resize=350%2C200 1x, https:\/\/i0.wp.com\/www.grieta.org.mx\/wp-content\/uploads\/2018\/04\/t1-1.jpg?resize=525%2C300 1.5x, https:\/\/i0.wp.com\/www.grieta.org.mx\/wp-content\/uploads\/2018\/04\/t1-1.jpg?resize=700%2C400 2x"},"classes":[]},{"id":23060,"url":"http:\/\/www.grieta.org.mx\/index.php\/2017\/05\/16\/en-durango-y-coahuila-hubo-7-homicidios-de-periodistas\/","url_meta":{"origin":14621,"position":2},"title":"En Durango y Coahuila hubo 7 homicidios de periodistas","author":"grieta","date":"16 mayo, 2017","format":false,"excerpt":"Redacci\u00f3n\/El Siglo de Torre\u00f3n La Procuradur\u00eda General de la Rep\u00fablica inform\u00f3 que en un per\u00edodo de 7 a\u00f1os en Coahuila fueron registrados dos asesinatos a periodistas, mientras que en Durango sumaron 5, de los cuales 4 sucedieron en solo un a\u00f1o. De acuerdo a la Fiscal\u00eda Especial Para la Atenci\u00f3n\u2026","rel":"","context":"En &quot;CINTILLO&quot;","block_context":{"text":"CINTILLO","link":"http:\/\/www.grieta.org.mx\/index.php\/category\/cintillo\/"},"img":{"alt_text":"","src":"https:\/\/i0.wp.com\/www.grieta.org.mx\/wp-content\/uploads\/2018\/05\/p1.jpeg?resize=350%2C200","width":350,"height":200,"srcset":"https:\/\/i0.wp.com\/www.grieta.org.mx\/wp-content\/uploads\/2018\/05\/p1.jpeg?resize=350%2C200 1x, https:\/\/i0.wp.com\/www.grieta.org.mx\/wp-content\/uploads\/2018\/05\/p1.jpeg?resize=525%2C300 1.5x, https:\/\/i0.wp.com\/www.grieta.org.mx\/wp-content\/uploads\/2018\/05\/p1.jpeg?resize=700%2C400 2x, https:\/\/i0.wp.com\/www.grieta.org.mx\/wp-content\/uploads\/2018\/05\/p1.jpeg?resize=1050%2C600 3x"},"classes":[]},{"id":23605,"url":"http:\/\/www.grieta.org.mx\/index.php\/2018\/06\/02\/tamaulipas-que-es-la-zona-silenciada-de-mexico-y-por-que-la-onu-exige-la-atencion-del-gobierno\/","url_meta":{"origin":14621,"position":3},"title":"Tamaulipas: qu\u00e9 es la &#8220;zona silenciada&#8221; de M\u00e9xico y por qu\u00e9 la ONU exige la atenci\u00f3n del gobierno","author":"grieta","date":"2 junio, 2018","format":false,"excerpt":"Redacci\u00f3n\/BBC News Mundo Tras el ataque contra el diario El Ma\u00f1ana en 2006, comenz\u00f3 el silencio generalizado. La oficina de ese peri\u00f3dico de Tamaulipas, en el noreste de M\u00e9xico, recibi\u00f3 una r\u00e1faga de balas y explosivos en un nivel de violencia contra la prensa nunca visto antes. Seg\u00fan la Comisi\u00f3n\u2026","rel":"","context":"En &quot;CINTILLO&quot;","block_context":{"text":"CINTILLO","link":"http:\/\/www.grieta.org.mx\/index.php\/category\/cintillo\/"},"img":{"alt_text":"","src":"","width":0,"height":0},"classes":[]},{"id":23598,"url":"http:\/\/www.grieta.org.mx\/index.php\/2018\/06\/07\/protestan-periodistas-en-tamaulipas\/","url_meta":{"origin":14621,"position":4},"title":"Protestan periodistas en Tamaulipas","author":"grieta","date":"7 junio, 2018","format":false,"excerpt":"Agencia Reforma. TAMPICO, Tamaulipas.-En este D\u00eda de la Libertad de Expresi\u00f3n, unos 40 periodistas del sur de Tamaulipas exigieron un freno a la violencia contra los reporteros y el esclarecimiento del homicidio del corresponsal H\u00e9ctor Gonz\u00e1lez. Reporteros, camar\u00f3grafos, fotoperiodistas y columnistas se dieron cita en el kiosco de la Plaza\u2026","rel":"","context":"En &quot;CINTILLO&quot;","block_context":{"text":"CINTILLO","link":"http:\/\/www.grieta.org.mx\/index.php\/category\/cintillo\/"},"img":{"alt_text":"","src":"https:\/\/i0.wp.com\/www.grieta.org.mx\/wp-content\/uploads\/2018\/06\/whatsapp_image_2018-06-07_at_12_09_42_pm.jpeg_539665225.jpeg?resize=350%2C200","width":350,"height":200,"srcset":"https:\/\/i0.wp.com\/www.grieta.org.mx\/wp-content\/uploads\/2018\/06\/whatsapp_image_2018-06-07_at_12_09_42_pm.jpeg_539665225.jpeg?resize=350%2C200 1x, https:\/\/i0.wp.com\/www.grieta.org.mx\/wp-content\/uploads\/2018\/06\/whatsapp_image_2018-06-07_at_12_09_42_pm.jpeg_539665225.jpeg?resize=525%2C300 1.5x"},"classes":[]},{"id":40978,"url":"http:\/\/www.grieta.org.mx\/index.php\/2019\/11\/04\/oaxaca-mortal-para-periodistas\/","url_meta":{"origin":14621,"position":5},"title":"Oaxaca, mortal para periodistas","author":"grieta","date":"4 noviembre, 2019","format":false,"excerpt":"Noticias \/ Luis Ignacio. La entidad se encuentra entre los 5 estados m\u00e1s peligrosos para los comunicadores. El Mecanismo para la Protecci\u00f3n de Personas Defensoras de Derechos Humanos y Periodistas inform\u00f3 que en Oaxaca y en otros cuatro estados se concentra el mayor n\u00famero de homicidios contra comunicadores en M\u00e9xico.\u2026","rel":"","context":"En &quot;CINTILLO&quot;","block_context":{"text":"CINTILLO","link":"http:\/\/www.grieta.org.mx\/index.php\/category\/cintillo\/"},"img":{"alt_text":"","src":"https:\/\/i0.wp.com\/www.grieta.org.mx\/wp-content\/uploads\/2019\/11\/periodistas_1.jpg?resize=350%2C200","width":350,"height":200,"srcset":"https:\/\/i0.wp.com\/www.grieta.org.mx\/wp-content\/uploads\/2019\/11\/periodistas_1.jpg?resize=350%2C200 1x, https:\/\/i0.wp.com\/www.grieta.org.mx\/wp-content\/uploads\/2019\/11\/periodistas_1.jpg?resize=525%2C300 1.5x, https:\/\/i0.wp.com\/www.grieta.org.mx\/wp-content\/uploads\/2019\/11\/periodistas_1.jpg?resize=700%2C400 2x, https:\/\/i0.wp.com\/www.grieta.org.mx\/wp-content\/uploads\/2019\/11\/periodistas_1.jpg?resize=1050%2C600 3x"},"classes":[]}],"_links":{"self":[{"href":"http:\/\/www.grieta.org.mx\/index.php\/wp-json\/wp\/v2\/posts\/14621","targetHints":{"allow":["GET"]}}],"collection":[{"href":"http:\/\/www.grieta.org.mx\/index.php\/wp-json\/wp\/v2\/posts"}],"about":[{"href":"http:\/\/www.grieta.org.mx\/index.php\/wp-json\/wp\/v2\/types\/post"}],"author":[{"embeddable":true,"href":"http:\/\/www.grieta.org.mx\/index.php\/wp-json\/wp\/v2\/users\/2"}],"replies":[{"embeddable":true,"href":"http:\/\/www.grieta.org.mx\/index.php\/wp-json\/wp\/v2\/comments?post=14621"}],"version-history":[{"count":1,"href":"http:\/\/www.grieta.org.mx\/index.php\/wp-json\/wp\/v2\/posts\/14621\/revisions"}],"predecessor-version":[{"id":23597,"href":"http:\/\/www.grieta.org.mx\/index.php\/wp-json\/wp\/v2\/posts\/14621\/revisions\/23597"}],"wp:featuredmedia":[{"embeddable":true,"href":"http:\/\/www.grieta.org.mx\/index.php\/wp-json\/wp\/v2\/media\/21928"}],"wp:attachment":[{"href":"http:\/\/www.grieta.org.mx\/index.php\/wp-json\/wp\/v2\/media?parent=14621"}],"wp:term":[{"taxonomy":"category","embeddable":true,"href":"http:\/\/www.grieta.org.mx\/index.php\/wp-json\/wp\/v2\/categories?post=14621"},{"taxonomy":"post_tag","embeddable":true,"href":"http:\/\/www.grieta.org.mx\/index.php\/wp-json\/wp\/v2\/tags?post=14621"}],"curies":[{"name":"wp","href":"https:\/\/api.w.org\/{rel}","templated":true}]}}