{"id":14611,"date":"2016-06-20T18:11:30","date_gmt":"2016-06-20T18:11:30","guid":{"rendered":"http:\/\/www.grieta.org.mx\/?p=14611"},"modified":"2016-06-27T18:22:37","modified_gmt":"2016-06-27T18:22:37","slug":"respaldo-de-jubilados-a-lucha-de-maestros-contra-reforma-educativa","status":"publish","type":"post","link":"http:\/\/www.grieta.org.mx\/index.php\/2016\/06\/20\/respaldo-de-jubilados-a-lucha-de-maestros-contra-reforma-educativa\/","title":{"rendered":"Respaldo de jubilados a lucha de maestros contra Reforma Educativa (Campeche)"},"content":{"rendered":"<p><img loading=\"lazy\" decoding=\"async\" data-attachment-id=\"15361\" data-permalink=\"http:\/\/www.grieta.org.mx\/index.php\/2016\/06\/20\/respaldo-de-jubilados-a-lucha-de-maestros-contra-reforma-educativa\/20jub-768x358\/\" data-orig-file=\"http:\/\/www.grieta.org.mx\/wp-content\/uploads\/2016\/06\/20jub-768x358.jpg\" data-orig-size=\"768,358\" data-comments-opened=\"0\" data-image-meta=\"{&quot;aperture&quot;:&quot;9&quot;,&quot;credit&quot;:&quot;&quot;,&quot;camera&quot;:&quot;NIKON D3300&quot;,&quot;caption&quot;:&quot;&quot;,&quot;created_timestamp&quot;:&quot;1466425930&quot;,&quot;copyright&quot;:&quot;&quot;,&quot;focal_length&quot;:&quot;20&quot;,&quot;iso&quot;:&quot;200&quot;,&quot;shutter_speed&quot;:&quot;0.003125&quot;,&quot;title&quot;:&quot;&quot;,&quot;orientation&quot;:&quot;1&quot;}\" data-image-title=\"20jub-768&amp;#215;358\" data-image-description=\"\" data-image-caption=\"\" data-medium-file=\"http:\/\/www.grieta.org.mx\/wp-content\/uploads\/2016\/06\/20jub-768x358-300x140.jpg\" data-large-file=\"http:\/\/www.grieta.org.mx\/wp-content\/uploads\/2016\/06\/20jub-768x358.jpg\" src=\"http:\/\/www.grieta.org.mx\/wp-content\/uploads\/2016\/06\/20jub-768x358-300x140.jpg\" alt=\"20jub-768x358\" width=\"300\" height=\"140\" class=\"aligncenter size-medium wp-image-15361\" srcset=\"http:\/\/www.grieta.org.mx\/wp-content\/uploads\/2016\/06\/20jub-768x358-300x140.jpg 300w, http:\/\/www.grieta.org.mx\/wp-content\/uploads\/2016\/06\/20jub-768x358.jpg 768w\" sizes=\"auto, (max-width: 300px) 100vw, 300px\" \/><br \/>\nPor Ronny Aguilar<\/p>\n<p>CAMPECHE, Cam. 20 de junio del 2016.- La Coalici\u00f3n Nacional de Jubilados y Pensionados \u201cElpidio Dom\u00ednguez Castro\u201d, realiz\u00f3 un mitin en el parque principal, para manifestar su respaldo total a los maestros, repudiar las acciones de la Policial Federal  y hacer un extenso llamado a sumar a los dem\u00e1s frentes de la sociedad.<\/p>\n<p>Los jubilados campechanos, pertenecientes a la Coalici\u00f3n, encabezados por la delegada local, Hermelinda Dom\u00ednguez, se manifestaron y las principales demandas fueron el alto a la brutal represi\u00f3n y una apertura al di\u00e1logo de parte del gobierno federal, para que se discutan los t\u00e9rminos de la abrogaci\u00f3n de la Reforma Educativa.<\/p>\n<p>Repudiaron en\u00e9rgicamente los actos de la Polic\u00eda Federal en Nochixtl\u00e1n, Oaxaca, que seg\u00fan informes que ellos recibieron, ha dejado la infame cantidad de 15 muertos, seis contados en el d\u00eda y nueve m\u00e1s en el transcurso de la tarde y noche, aunque la informaci\u00f3n no ha sido corroborada, se\u00f1alaron que un solo docente asesinado ya es una tragedia.<\/p>\n<p>\u201cEse pueblo sali\u00f3 a defender sus derechos, no los dejaron solos, lamentablemente vemos que los medios nacionales no hablan de esta situaci\u00f3n, ni mostrar\u00e1n las im\u00e1genes que hemos visto en las redes, polic\u00edas disparando armas largas contra maestros que protestan, la Secretar\u00eda de Gobernaci\u00f3n lanz\u00f3 un comunicado, en el que se deslind\u00f3 de esto, pero tenemos grabaciones de los hechos, hay evidencia de lo que se viv\u00eda en Nochixtl\u00e1n\u201d, expresaron.<\/p>\n<p>Denunciaron que la noche de ayer, en muchas partes del pa\u00eds y sobre todo en la costa del Pac\u00edfico, se bloque\u00f3 el internet, lo cual es otra violaci\u00f3n a los derechos humanos, por lo que exigieron un cese a la criminalizaci\u00f3n de los maestros que defienden sus derechos y la educaci\u00f3n p\u00fablica.<\/p>\n<p>Expresaron que el gobierno federal est\u00e1 inventando delitos a los docentes arrestados la semana pasada, mientras que el l\u00edder petrolero, Carlos Romero Deschams, goza la gran vida y los lujos, lo mismo que muchos dinosaurios del SNTE.<\/p>\n<p>Asimismo, Dom\u00ednguez dio a conocer que como parte de los acuerdos nacionales de la organizaci\u00f3n que representa, se han pronunciado en contra de la Reforma Educativa y decidido apoyar y respaldar todas las acciones de los docentes, pues consideran esta reforma un retroceso para la educaci\u00f3n del pa\u00eds.<\/p>\n<p>Por \u00faltimo, realizaron una invitaci\u00f3n a nombre del Movimiento Nacional en Defensa de la Seguridad Social (Mondess) para participar en una marcha el mi\u00e9rcoles 22 de junio, a las 17:00 horas, a partir del monumento a Justo Sierra M\u00e9ndez.<\/p>\n<p><a href=\"http:\/\/paginabierta.mx\/sitio\/respaldo-de-jubilados-a-lucha-de-maestros-contra-reforma-educativa\/\" target=\"_blank\">http:\/\/paginabierta.mx\/sitio\/respaldo-de-jubilados-a-lucha-de-maestros-contra-reforma-educativa\/<\/a><\/p>\n","protected":false},"excerpt":{"rendered":"<p>Por Ronny Aguilar CAMPECHE, Cam. 20 de junio del 2016.- La Coalici\u00f3n Nacional de Jubilados y Pensionados \u201cElpidio Dom\u00ednguez Castro\u201d, realiz\u00f3 un mitin en el parque principal, para manifestar su &hellip; <a href=\"http:\/\/www.grieta.org.mx\/index.php\/2016\/06\/20\/respaldo-de-jubilados-a-lucha-de-maestros-contra-reforma-educativa\/\" class=\"more-link\">Leer m\u00e1s<\/a><\/p>\n","protected":false},"author":2,"featured_media":21928,"comment_status":"closed","ping_status":"closed","sticky":false,"template":"","format":"standard","meta":{"ngg_post_thumbnail":0,"_jetpack_newsletter_access":"","_jetpack_dont_email_post_to_subs":false,"_jetpack_newsletter_tier_id":0,"_jetpack_memberships_contains_paywalled_content":false,"_jetpack_memberships_contains_paid_content":false,"footnotes":""},"categories":[123,80],"tags":[310,135],"class_list":["post-14611","post","type-post","status-publish","format-standard","has-post-thumbnail","hentry","category-campeche","category-cintillo","tag-jubilados","tag-reforma-educativa","entry"],"jetpack_featured_media_url":"http:\/\/www.grieta.org.mx\/wp-content\/uploads\/2018\/03\/14524434_1106112876131411_958039263622046936_o.jpg","jetpack_sharing_enabled":true,"jetpack_shortlink":"https:\/\/wp.me\/p7ZJR4-3NF","jetpack_likes_enabled":false,"jetpack-related-posts":[{"id":571,"url":"http:\/\/www.grieta.org.mx\/index.php\/2016\/09\/12\/movilizaciones-de-maestros-en-campeche-por-evaluacion-al-desempeno-y-reforma-educativa\/","url_meta":{"origin":14611,"position":0},"title":"Movilizaciones contra la Reforma Educativa y evaluaci\u00f3n magisterial en Campeche","author":"grieta","date":"12 septiembre, 2016","format":false,"excerpt":"12\/09\/16. Protestan en contra de reforma educativa (Campeche) El Expreso 24\/07\/16. Maestros vuelven a manifestarse contra Reforma Educativa (Campeche) P\u00e1gin@bierta 17\/07\/16. Maestros de Cetec exigen abrogar reforma educativa (Campeche) Tribuna 12\/07\/16. Campeche presente en las negociaciones de CNTE con Gobernaci\u00f3n P\u00e1gin@bierta 07\/07\/16. Volanteo y boteo de maestros democr\u00e1ticos en caseta\u2026","rel":"","context":"En &quot;Campeche&quot;","block_context":{"text":"Campeche","link":"http:\/\/www.grieta.org.mx\/index.php\/category\/noticias-nacionales\/campeche\/"},"img":{"alt_text":"","src":"https:\/\/i0.wp.com\/www.grieta.org.mx\/wp-content\/uploads\/2018\/03\/14524434_1106112876131411_958039263622046936_o.jpg?resize=350%2C200","width":350,"height":200,"srcset":"https:\/\/i0.wp.com\/www.grieta.org.mx\/wp-content\/uploads\/2018\/03\/14524434_1106112876131411_958039263622046936_o.jpg?resize=350%2C200 1x, https:\/\/i0.wp.com\/www.grieta.org.mx\/wp-content\/uploads\/2018\/03\/14524434_1106112876131411_958039263622046936_o.jpg?resize=525%2C300 1.5x, https:\/\/i0.wp.com\/www.grieta.org.mx\/wp-content\/uploads\/2018\/03\/14524434_1106112876131411_958039263622046936_o.jpg?resize=700%2C400 2x"},"classes":[]},{"id":21239,"url":"http:\/\/www.grieta.org.mx\/index.php\/2016\/09\/09\/jubilados-exigen-pago-de-bonos-campeche\/","url_meta":{"origin":14611,"position":1},"title":"Jubilados exigen pago de bonos (Campeche)","author":"grieta","date":"9 septiembre, 2016","format":false,"excerpt":"Jubilados y pensionados del Issste se manifestaron a las puertas de la delegaci\u00f3n para exigir el pago de los conceptos 02 y 03 de previsi\u00f3n social m\u00faltiple y bono de despensa conforme lo establece la ley y que les adeudan desde el 2008. Portando pancartas los integrantes de la Coalici\u00f3n\u2026","rel":"","context":"En &quot;Campeche&quot;","block_context":{"text":"Campeche","link":"http:\/\/www.grieta.org.mx\/index.php\/category\/noticias-nacionales\/campeche\/"},"img":{"alt_text":"","src":"https:\/\/i0.wp.com\/www.grieta.org.mx\/wp-content\/uploads\/2018\/03\/14524434_1106112876131411_958039263622046936_o.jpg?resize=350%2C200","width":350,"height":200,"srcset":"https:\/\/i0.wp.com\/www.grieta.org.mx\/wp-content\/uploads\/2018\/03\/14524434_1106112876131411_958039263622046936_o.jpg?resize=350%2C200 1x, https:\/\/i0.wp.com\/www.grieta.org.mx\/wp-content\/uploads\/2018\/03\/14524434_1106112876131411_958039263622046936_o.jpg?resize=525%2C300 1.5x, https:\/\/i0.wp.com\/www.grieta.org.mx\/wp-content\/uploads\/2018\/03\/14524434_1106112876131411_958039263622046936_o.jpg?resize=700%2C400 2x"},"classes":[]},{"id":17615,"url":"http:\/\/www.grieta.org.mx\/index.php\/2016\/07\/24\/maestros-vuelven-a-manifestarse-contra-reforma-educativa-campeche\/","url_meta":{"origin":14611,"position":2},"title":"Maestros vuelven a manifestarse contra Reforma Educativa (Campeche)","author":"grieta","date":"24 julio, 2016","format":false,"excerpt":"Maestros, padres de familia e integrantes de la sociedad civil se volvieron a manifestar en las calles del Centro Hist\u00f3rico contra la mal llamada Reforma Educativa y realizaron un mitin en el parque principal de la capital campechana, encabezados por la Coordinadora Estatal de Trabajadores de la Educaci\u00f3n de Campeche\u2026","rel":"","context":"En &quot;Campeche&quot;","block_context":{"text":"Campeche","link":"http:\/\/www.grieta.org.mx\/index.php\/category\/noticias-nacionales\/campeche\/"},"img":{"alt_text":"","src":"https:\/\/i0.wp.com\/www.grieta.org.mx\/wp-content\/uploads\/2018\/03\/14524434_1106112876131411_958039263622046936_o.jpg?resize=350%2C200","width":350,"height":200,"srcset":"https:\/\/i0.wp.com\/www.grieta.org.mx\/wp-content\/uploads\/2018\/03\/14524434_1106112876131411_958039263622046936_o.jpg?resize=350%2C200 1x, https:\/\/i0.wp.com\/www.grieta.org.mx\/wp-content\/uploads\/2018\/03\/14524434_1106112876131411_958039263622046936_o.jpg?resize=525%2C300 1.5x, https:\/\/i0.wp.com\/www.grieta.org.mx\/wp-content\/uploads\/2018\/03\/14524434_1106112876131411_958039263622046936_o.jpg?resize=700%2C400 2x"},"classes":[]},{"id":14982,"url":"http:\/\/www.grieta.org.mx\/index.php\/2016\/06\/13\/protestan-contra-reforma-educativa-en-nuevo-leon\/","url_meta":{"origin":14611,"position":3},"title":"Protestan contra Reforma Educativa en Nuevo Le\u00f3n","author":"grieta","date":"13 junio, 2016","format":false,"excerpt":"Aracely Garza El evento comenz\u00f3 a las 19:00 horas y en la misma participaron integrantes de Magisterio Unido, Coalici\u00f3n de Maestros y Movimiento Magisterial Un contingente integrado por unos 300 maestros se reuni\u00f3 en la Explanada de los H\u00e9roes para protestar en contra de la Reforma Educativa y tambi\u00e9n en\u2026","rel":"","context":"En &quot;CINTILLO&quot;","block_context":{"text":"CINTILLO","link":"http:\/\/www.grieta.org.mx\/index.php\/category\/cintillo\/"},"img":{"alt_text":"","src":"https:\/\/i0.wp.com\/www.grieta.org.mx\/wp-content\/uploads\/2018\/03\/14524434_1106112876131411_958039263622046936_o.jpg?resize=350%2C200","width":350,"height":200,"srcset":"https:\/\/i0.wp.com\/www.grieta.org.mx\/wp-content\/uploads\/2018\/03\/14524434_1106112876131411_958039263622046936_o.jpg?resize=350%2C200 1x, https:\/\/i0.wp.com\/www.grieta.org.mx\/wp-content\/uploads\/2018\/03\/14524434_1106112876131411_958039263622046936_o.jpg?resize=525%2C300 1.5x, https:\/\/i0.wp.com\/www.grieta.org.mx\/wp-content\/uploads\/2018\/03\/14524434_1106112876131411_958039263622046936_o.jpg?resize=700%2C400 2x"},"classes":[]},{"id":16892,"url":"http:\/\/www.grieta.org.mx\/index.php\/2016\/07\/12\/campeche-presente-en-las-negociaciones-de-cnte-con-gobernacion\/","url_meta":{"origin":14611,"position":4},"title":"Campeche presente en las negociaciones de CNTE con Gobernaci\u00f3n","author":"grieta","date":"12 julio, 2016","format":false,"excerpt":"HECELCHAKAN, Cam. 12 de julio del 2016.- Luego de una marcha en la cabecera municipal de Hecelchak\u00e1n, el representante de la Coordinadora Estatal de los Trabajadores de la Educaci\u00f3n de Campeche (CETEC), Silverio Tuz G\u00f3ngora, se\u00f1al\u00f3 que esta manifestaci\u00f3n es para fortalecer el apoyo a la CNTE en la apertura\u2026","rel":"","context":"En &quot;campeche&quot;","block_context":{"text":"campeche","link":"http:\/\/www.grieta.org.mx\/index.php\/category\/campeche\/"},"img":{"alt_text":"","src":"https:\/\/i0.wp.com\/www.grieta.org.mx\/wp-content\/uploads\/2018\/03\/14524434_1106112876131411_958039263622046936_o.jpg?resize=350%2C200","width":350,"height":200,"srcset":"https:\/\/i0.wp.com\/www.grieta.org.mx\/wp-content\/uploads\/2018\/03\/14524434_1106112876131411_958039263622046936_o.jpg?resize=350%2C200 1x, https:\/\/i0.wp.com\/www.grieta.org.mx\/wp-content\/uploads\/2018\/03\/14524434_1106112876131411_958039263622046936_o.jpg?resize=525%2C300 1.5x, https:\/\/i0.wp.com\/www.grieta.org.mx\/wp-content\/uploads\/2018\/03\/14524434_1106112876131411_958039263622046936_o.jpg?resize=700%2C400 2x"},"classes":[]},{"id":574,"url":"http:\/\/www.grieta.org.mx\/index.php\/2015\/07\/23\/mexico-docentes-de-campeche-imparten-talleres-en-el-planton-permanente-contra-la-reforma-educativa\/","url_meta":{"origin":14611,"position":5},"title":"M\u00e9xico: Docentes de Campeche imparten talleres en el plant\u00f3n permanente contra la Reforma Educativa","author":"grieta","date":"23 julio, 2015","format":false,"excerpt":"Maestros de la CETEC-CNTE mantienen un plant\u00f3n permanente en el parque principal de Campeche con el fin de luchar contra la reforma educativa, pero tambi\u00e9n para informar las afectaciones de las reformas estructurales a la clase trabajadora. Con el fin de contribuir a la sociedad como maestros conscientes han emprendido\u2026","rel":"","context":"En &quot;campeche&quot;","block_context":{"text":"campeche","link":"http:\/\/www.grieta.org.mx\/index.php\/category\/campeche\/"},"img":{"alt_text":"","src":"https:\/\/i0.wp.com\/www.grieta.org.mx\/wp-content\/uploads\/2018\/03\/14524434_1106112876131411_958039263622046936_o.jpg?resize=350%2C200","width":350,"height":200,"srcset":"https:\/\/i0.wp.com\/www.grieta.org.mx\/wp-content\/uploads\/2018\/03\/14524434_1106112876131411_958039263622046936_o.jpg?resize=350%2C200 1x, https:\/\/i0.wp.com\/www.grieta.org.mx\/wp-content\/uploads\/2018\/03\/14524434_1106112876131411_958039263622046936_o.jpg?resize=525%2C300 1.5x, https:\/\/i0.wp.com\/www.grieta.org.mx\/wp-content\/uploads\/2018\/03\/14524434_1106112876131411_958039263622046936_o.jpg?resize=700%2C400 2x"},"classes":[]}],"_links":{"self":[{"href":"http:\/\/www.grieta.org.mx\/index.php\/wp-json\/wp\/v2\/posts\/14611","targetHints":{"allow":["GET"]}}],"collection":[{"href":"http:\/\/www.grieta.org.mx\/index.php\/wp-json\/wp\/v2\/posts"}],"about":[{"href":"http:\/\/www.grieta.org.mx\/index.php\/wp-json\/wp\/v2\/types\/post"}],"author":[{"embeddable":true,"href":"http:\/\/www.grieta.org.mx\/index.php\/wp-json\/wp\/v2\/users\/2"}],"replies":[{"embeddable":true,"href":"http:\/\/www.grieta.org.mx\/index.php\/wp-json\/wp\/v2\/comments?post=14611"}],"version-history":[{"count":1,"href":"http:\/\/www.grieta.org.mx\/index.php\/wp-json\/wp\/v2\/posts\/14611\/revisions"}],"predecessor-version":[{"id":15364,"href":"http:\/\/www.grieta.org.mx\/index.php\/wp-json\/wp\/v2\/posts\/14611\/revisions\/15364"}],"wp:featuredmedia":[{"embeddable":true,"href":"http:\/\/www.grieta.org.mx\/index.php\/wp-json\/wp\/v2\/media\/21928"}],"wp:attachment":[{"href":"http:\/\/www.grieta.org.mx\/index.php\/wp-json\/wp\/v2\/media?parent=14611"}],"wp:term":[{"taxonomy":"category","embeddable":true,"href":"http:\/\/www.grieta.org.mx\/index.php\/wp-json\/wp\/v2\/categories?post=14611"},{"taxonomy":"post_tag","embeddable":true,"href":"http:\/\/www.grieta.org.mx\/index.php\/wp-json\/wp\/v2\/tags?post=14611"}],"curies":[{"name":"wp","href":"https:\/\/api.w.org\/{rel}","templated":true}]}}