{"id":1459,"date":"2015-10-08T16:17:53","date_gmt":"2015-10-08T16:17:53","guid":{"rendered":"http:\/\/50.22.11.12\/~grietaor\/?p=1459"},"modified":"2020-03-18T12:23:17","modified_gmt":"2020-03-18T18:23:17","slug":"autoridades-mayas-de-yucatan-y-campeche-congelan-avance-de-soya-transgenica-de-monsanto","status":"publish","type":"post","link":"http:\/\/www.grieta.org.mx\/index.php\/2015\/10\/08\/autoridades-mayas-de-yucatan-y-campeche-congelan-avance-de-soya-transgenica-de-monsanto\/","title":{"rendered":"Autoridades mayas de Yucat\u00e1n y Campeche congelan avance de soya transg\u00e9nica de Monsanto"},"content":{"rendered":"<p>(08 de octubre, 2015).- La Suprema Corte de Justicia de la Naci\u00f3n (SCJN) acord\u00f3 que el 28 de octubre discutir\u00e1 en paquete los siete recursos de amparo en revisi\u00f3n interpuestos por apicultores de Yucat\u00e1n y Campeche contra la siembra de soya transg\u00e9nica, inform\u00f3 Jorge Fern\u00e1ndez, abogado que apoya a los productores. Ayer se ten\u00eda previsto que el ministro Fernando Franco Gonz\u00e1lez presentara su ponencia en torno a los amparos 241\/2015, 270\/2015 y 410\/2015 presentados por las autoridades mayas de Campeche<\/p>\n<p>Estas resoluciones fueron impugnadas por Monsanto y la Sagarpa, por lo cual los casos llegaron a la SCJN que seg\u00fan las organizaciones, el pr\u00f3ximo 7 de octubre decidir\u00e1 sobre los amparos en revisi\u00f3n presentados por apicultores y autoridades mayas.<\/p>\n<p>En 2012, la Secretar\u00eda de Agricultura (Sagarpa) otorg\u00f3, sin tomar en cuenta a las comunidades, a Monsanto un permiso para la siembra de soya transg\u00e9nica en 253 mil hect\u00e1reas en la pen\u00ednsula de Yucat\u00e1n, la planicie de la Huasteca y Chiapas.<\/p>\n<p>Miembros de Greenpeace, Indignaci\u00f3n y Litiga OLE, entre otros, afirmaron en rueda de prensa que las comunidades mayas consideran que el permiso otorgado por la Secretar\u00eda de Agricultura, Ganader\u00eda, Desarrollo Rural, Pesca y Alimentaci\u00f3n (Sagarpa) vulnera sus derechos a la consulta, libre, previa e informada y a un ambiente sano.<\/p>\n<p>R\u00e9my Vandame, investigador del Colegio de la Frontera Sur, advirti\u00f3 que la soya transg\u00e9nica pone en riesgo a las abejas por el uso de insecticidas y agroqu\u00edmicos que trae consigo el monocultivo.<\/p>\n<p>\u201cLas plagas en ese cultivo se controlan y combaten con sustancias que son t\u00f3xicas para las abejas; este es un debate que lleva tres d\u00e9cadas\u201d, enfatiz\u00f3.<\/p>\n<p>De aprobarse la siembra de soya transg\u00e9nica en la pen\u00ednsula de Yucat\u00e1n, no s\u00f3lo se pone en riesgo 40 por ciento de la producci\u00f3n de miel del pa\u00eds y a 15 mil familias que se dedican a dicha actividad, sino a la selva maya, la diversidad cultural y biol\u00f3gica de la regi\u00f3n, abund\u00f3 Vandame.<\/p>\n<p>Refiri\u00f3 que en Argentina los apicultores que estaban en la Pampa tuvieron que desplazarse hacia la zona de los Andes, debido a que con el monocultivo de soya transg\u00e9nica se perdi\u00f3 la diversidad de flora, alimento de las abejas.<\/p>\n<p>Explic\u00f3 que si bien la regla de la Uni\u00f3n Europea establece que la miel podr\u00e1 contener 0.9 por ciento de rastros transg\u00e9nicos, el polen que hay en ella es de apenas 0.1 por ciento por lo que nunca se llegar\u00e1 al l\u00edmite de la restricci\u00f3n legal. Sin embargo, los contratos de exportaci\u00f3n firmados por los apicultores mexicanos establecen que no habr\u00e1 ning\u00fan rastro de transg\u00e9nico en su producto. Todos los compradores europeos quieren miel mexicana libre de transg\u00e9nicos, es decir, cero tolerancia a los organismos gen\u00e9ticamente modificados.<\/p>\n<p>El Global Forest Watch asent\u00f3 hace dos a\u00f1os que en la pen\u00ednsula de Yucat\u00e1n se perdieron m\u00e1s de 80 mil hect\u00e1reas de cobertura forestal, equivalente a casi la mitad de lo que se destruy\u00f3 en el pa\u00eds, y s\u00f3lo en Campeche 38 mil hect\u00e1reas de selva virgen fueron deforestadas por la ampliaci\u00f3n de la frontera agr\u00edcola para la siembra de soya.<\/p>\n<p><a href=\"http:\/\/revoluciontrespuntocero.com\/autoridades-mayas-de-yucatan-y-campeche-congelan-avance-de-soya-transgenica-de-monsanto\/\" target=\"_blank\" rel=\"noopener noreferrer\">revoluciontrespuntocero.com\/autoridades-mayas-de-yucatan-y-campeche-congelan-avance-de-soya-transgenica-de-monsanto\/<\/a><\/p>\n","protected":false},"excerpt":{"rendered":"<p>(08 de octubre, 2015).- La Suprema Corte de Justicia de la Naci\u00f3n (SCJN) acord\u00f3 que el 28 de octubre discutir\u00e1 en paquete los siete recursos de amparo en revisi\u00f3n interpuestos &hellip; <a href=\"http:\/\/www.grieta.org.mx\/index.php\/2015\/10\/08\/autoridades-mayas-de-yucatan-y-campeche-congelan-avance-de-soya-transgenica-de-monsanto\/\" class=\"more-link\">Leer m\u00e1s<\/a><\/p>\n","protected":false},"author":2,"featured_media":21928,"comment_status":"closed","ping_status":"open","sticky":false,"template":"","format":"standard","meta":{"ngg_post_thumbnail":0,"_jetpack_newsletter_access":"","_jetpack_dont_email_post_to_subs":false,"_jetpack_newsletter_tier_id":0,"_jetpack_memberships_contains_paywalled_content":false,"_jetpack_memberships_contains_paid_content":false,"footnotes":""},"categories":[60,69,42,123,11,80,958,976,984,1,954,3,922,926,944,952,2,28,1152,1153,1151,36,153],"tags":[160,159],"class_list":{"0":"post-1459","1":"post","2":"type-post","3":"status-publish","4":"format-standard","5":"has-post-thumbnail","6":"hentry","7":"category-16-pueblo-maya","8":"category-25-xpujil","9":"category-agroindustria","10":"category-campeche","12":"category-cintillo","13":"category-esp-campeche","14":"category-esp-quintana-roo","15":"category-esp-yucatan","16":"category-espejos-de-la-resistencia","17":"category-espejos-estados","18":"category-megaproyectos","19":"category-megaproyectos-estados","20":"category-mp-campeche","21":"category-mp-quintana-roo","22":"category-mp-yucatan","23":"category-noticias-nacionales","24":"category-quintana-roo","25":"category-se-organizan-para-frenar-avance-de-transgenicos-en-yucatan-campeche-y-quintana-roo-yucatan","26":"category-se-organizan-para-frenar-avance-de-transgenicos-en-yucatan-campeche-y-quintana-roo-quintana-roo","27":"category-se-organizan-para-frenar-avance-de-transgenicos-en-yucatan-campeche-y-quintana-roo","28":"category-yucatan","30":"tag-apicultores","31":"tag-transgenicos","32":"entry"},"jetpack_featured_media_url":"http:\/\/www.grieta.org.mx\/wp-content\/uploads\/2018\/03\/14524434_1106112876131411_958039263622046936_o.jpg","jetpack_sharing_enabled":true,"jetpack_shortlink":"https:\/\/wp.me\/p7ZJR4-nx","jetpack_likes_enabled":false,"jetpack-related-posts":[{"id":912,"url":"http:\/\/www.grieta.org.mx\/index.php\/2016\/09\/13\/se-organizan-para-frenar-avance-de-transgenicos-en-yucatan-campeche-y-quintana-roo\/","url_meta":{"origin":1459,"position":0},"title":"Se organizan para frenar avance de transg\u00e9nicos en Yucat\u00e1n, Campeche y Quintana Roo","author":"grieta","date":"13 septiembre, 2016","format":false,"excerpt":"13\/04\/16. Conformaci\u00f3n de la Misi\u00f3n de Observaci\u00f3n de la Consulta al pueblo Maya sobre la siembra de soya gen\u00e9ticamente modificada de la empresa Monsanto Cayacyucatan 01\/04\/16. Irregularidades en Consulta Ind\u00edgena sobre la siembra de soya gen\u00e9ticamente en Campeche Infolliteras 22\/02\/16. Campeche, en mapa global sobre Riesgos Ambientales. Lo catalogan por\u2026","rel":"","context":"En &quot;16. Pueblo Maya&quot;","block_context":{"text":"16. Pueblo Maya","link":"http:\/\/www.grieta.org.mx\/index.php\/category\/espejos-de-la-resistencia\/16-pueblo-maya\/"},"img":{"alt_text":"","src":"https:\/\/i0.wp.com\/www.grieta.org.mx\/wp-content\/uploads\/2018\/03\/14524434_1106112876131411_958039263622046936_o.jpg?resize=350%2C200","width":350,"height":200,"srcset":"https:\/\/i0.wp.com\/www.grieta.org.mx\/wp-content\/uploads\/2018\/03\/14524434_1106112876131411_958039263622046936_o.jpg?resize=350%2C200 1x, https:\/\/i0.wp.com\/www.grieta.org.mx\/wp-content\/uploads\/2018\/03\/14524434_1106112876131411_958039263622046936_o.jpg?resize=525%2C300 1.5x, https:\/\/i0.wp.com\/www.grieta.org.mx\/wp-content\/uploads\/2018\/03\/14524434_1106112876131411_958039263622046936_o.jpg?resize=700%2C400 2x"},"classes":[]},{"id":11490,"url":"http:\/\/www.grieta.org.mx\/index.php\/2016\/04\/26\/continua-la-siembra-de-soya-transgenica-en-q-roo\/","url_meta":{"origin":1459,"position":1},"title":"Contin\u00faa la siembra de soya transg\u00e9nica en Q. Roo","author":"grieta","date":"26 abril, 2016","format":false,"excerpt":"Sentencia de amparo no responde la anulaci\u00f3n del permiso que le otorgaron a Monsanto. Javier Ortiz\/SIPSE BACALAR, Q. Roo.- Tras a\u00f1o y medio de esperar resoluci\u00f3n del juez sexto de distrito, productores de ma\u00edz y apicultores de varias comunidades del municipio de Bacalar, se dijeron decepcionados, pues s\u00f3lo recibieron resoluci\u00f3n\u2026","rel":"","context":"En &quot;16. Pueblo Maya&quot;","block_context":{"text":"16. Pueblo Maya","link":"http:\/\/www.grieta.org.mx\/index.php\/category\/espejos-de-la-resistencia\/16-pueblo-maya\/"},"img":{"alt_text":"","src":"https:\/\/i0.wp.com\/www.grieta.org.mx\/wp-content\/uploads\/2018\/03\/14524434_1106112876131411_958039263622046936_o.jpg?resize=350%2C200","width":350,"height":200,"srcset":"https:\/\/i0.wp.com\/www.grieta.org.mx\/wp-content\/uploads\/2018\/03\/14524434_1106112876131411_958039263622046936_o.jpg?resize=350%2C200 1x, https:\/\/i0.wp.com\/www.grieta.org.mx\/wp-content\/uploads\/2018\/03\/14524434_1106112876131411_958039263622046936_o.jpg?resize=525%2C300 1.5x, https:\/\/i0.wp.com\/www.grieta.org.mx\/wp-content\/uploads\/2018\/03\/14524434_1106112876131411_958039263622046936_o.jpg?resize=700%2C400 2x"},"classes":[]},{"id":17044,"url":"http:\/\/www.grieta.org.mx\/index.php\/2016\/07\/05\/dicen-no-a-transgenicos-campeche\/","url_meta":{"origin":1459,"position":2},"title":"Dicen no a transg\u00e9nicos (Campeche)","author":"grieta","date":"5 julio, 2016","format":false,"excerpt":"Hopelch\u00e9n: En Iturbide no se sembrar\u00e1 ning\u00fan cent\u00edmetro de soya transg\u00e9nica, advirti\u00f3 el comisario ejidal Abelardo Brice\u00f1o Montoy, quien dijo que en asamblea, los ejidatarios acordaron que no se d\u00e9 lugar a cultivos con semillas gen\u00e9ticamente modificadas, pues ponen en riesgo al sector ap\u00edcola. En entrevista con TRIBUNA la autoridad\u2026","rel":"","context":"En &quot;16. Pueblo Maya&quot;","block_context":{"text":"16. Pueblo Maya","link":"http:\/\/www.grieta.org.mx\/index.php\/category\/espejos-de-la-resistencia\/16-pueblo-maya\/"},"img":{"alt_text":"","src":"https:\/\/i0.wp.com\/www.grieta.org.mx\/wp-content\/uploads\/2018\/03\/14524434_1106112876131411_958039263622046936_o.jpg?resize=350%2C200","width":350,"height":200,"srcset":"https:\/\/i0.wp.com\/www.grieta.org.mx\/wp-content\/uploads\/2018\/03\/14524434_1106112876131411_958039263622046936_o.jpg?resize=350%2C200 1x, https:\/\/i0.wp.com\/www.grieta.org.mx\/wp-content\/uploads\/2018\/03\/14524434_1106112876131411_958039263622046936_o.jpg?resize=525%2C300 1.5x, https:\/\/i0.wp.com\/www.grieta.org.mx\/wp-content\/uploads\/2018\/03\/14524434_1106112876131411_958039263622046936_o.jpg?resize=700%2C400 2x"},"classes":[]},{"id":17435,"url":"http:\/\/www.grieta.org.mx\/index.php\/2016\/07\/20\/firmas-contra-transgenicos-campeche\/","url_meta":{"origin":1459,"position":3},"title":"Firmas contra transg\u00e9nicos (Campeche)","author":"grieta","date":"20 julio, 2016","format":false,"excerpt":"Ejidatarios de Iturbide, Hopelch\u00e9n, entregaron ayer documento con 540 firmas a la Comisi\u00f3n de Derechos Humanos del Estado de Campeche (Codhecam), en que rechazan la siembra de soya transg\u00e9nica, ya que la consideran da\u00f1ina para la salud y de inter\u00e9s exclusivo de menonitas. Los comisarios ejidal y municipal Abelardo Brice\u00f1o\u2026","rel":"","context":"En &quot;16. Pueblo Maya&quot;","block_context":{"text":"16. Pueblo Maya","link":"http:\/\/www.grieta.org.mx\/index.php\/category\/espejos-de-la-resistencia\/16-pueblo-maya\/"},"img":{"alt_text":"","src":"https:\/\/i0.wp.com\/www.grieta.org.mx\/wp-content\/uploads\/2018\/03\/14524434_1106112876131411_958039263622046936_o.jpg?resize=350%2C200","width":350,"height":200,"srcset":"https:\/\/i0.wp.com\/www.grieta.org.mx\/wp-content\/uploads\/2018\/03\/14524434_1106112876131411_958039263622046936_o.jpg?resize=350%2C200 1x, https:\/\/i0.wp.com\/www.grieta.org.mx\/wp-content\/uploads\/2018\/03\/14524434_1106112876131411_958039263622046936_o.jpg?resize=525%2C300 1.5x, https:\/\/i0.wp.com\/www.grieta.org.mx\/wp-content\/uploads\/2018\/03\/14524434_1106112876131411_958039263622046936_o.jpg?resize=700%2C400 2x"},"classes":[]},{"id":1366,"url":"http:\/\/www.grieta.org.mx\/index.php\/2015\/11\/13\/insisten-en-siembra-de-soya-transgenica-en-la-peninsula\/","url_meta":{"origin":1459,"position":4},"title":"Insisten en siembra de soya transg\u00e9nica en la Pen\u00ednsula","author":"grieta","date":"13 noviembre, 2015","format":false,"excerpt":"A pesar del amparo federal que suspende la siembra de soya transg\u00e9nica en el pa\u00eds, el director general de Inocuidad Agroalimentaria, Acu\u00edcola y Pesquera del Senasica, Hugo Fragoso S\u00e1nchez, advirti\u00f3 que continuar\u00e1 el proyecto que se suspendi\u00f3 en la Pen\u00ednsula de Yucat\u00e1n, toda vez que conf\u00eda obtener fallo favorable de\u2026","rel":"","context":"En &quot;16. Pueblo Maya&quot;","block_context":{"text":"16. Pueblo Maya","link":"http:\/\/www.grieta.org.mx\/index.php\/category\/espejos-de-la-resistencia\/16-pueblo-maya\/"},"img":{"alt_text":"","src":"https:\/\/i0.wp.com\/www.grieta.org.mx\/wp-content\/uploads\/2018\/03\/14524434_1106112876131411_958039263622046936_o.jpg?resize=350%2C200","width":350,"height":200,"srcset":"https:\/\/i0.wp.com\/www.grieta.org.mx\/wp-content\/uploads\/2018\/03\/14524434_1106112876131411_958039263622046936_o.jpg?resize=350%2C200 1x, https:\/\/i0.wp.com\/www.grieta.org.mx\/wp-content\/uploads\/2018\/03\/14524434_1106112876131411_958039263622046936_o.jpg?resize=525%2C300 1.5x, https:\/\/i0.wp.com\/www.grieta.org.mx\/wp-content\/uploads\/2018\/03\/14524434_1106112876131411_958039263622046936_o.jpg?resize=700%2C400 2x"},"classes":[]},{"id":1465,"url":"http:\/\/www.grieta.org.mx\/index.php\/2015\/10\/05\/organizaciones-esperan-ganar-amparo-contra-monsanto\/","url_meta":{"origin":1459,"position":5},"title":"Organizaciones esperan ganar amparo contra Monsanto","author":"grieta","date":"5 octubre, 2015","format":false,"excerpt":"Organizaciones de derechos humanos esperan que la Corte resuelva a favor de los amparos interpuestos por autoridades tradicionales mayas contra el permiso a la empresa Monsanto para sembrar soya transg\u00e9nica en Yucat\u00e1n. Organizaciones de derechos humanos esperan que la Corte resuelva a favor de los amparos interpuestos por autoridades tradicionales\u2026","rel":"","context":"En &quot;16. Pueblo Maya&quot;","block_context":{"text":"16. Pueblo Maya","link":"http:\/\/www.grieta.org.mx\/index.php\/category\/espejos-de-la-resistencia\/16-pueblo-maya\/"},"img":{"alt_text":"","src":"https:\/\/i0.wp.com\/www.grieta.org.mx\/wp-content\/uploads\/2018\/03\/14524434_1106112876131411_958039263622046936_o.jpg?resize=350%2C200","width":350,"height":200,"srcset":"https:\/\/i0.wp.com\/www.grieta.org.mx\/wp-content\/uploads\/2018\/03\/14524434_1106112876131411_958039263622046936_o.jpg?resize=350%2C200 1x, https:\/\/i0.wp.com\/www.grieta.org.mx\/wp-content\/uploads\/2018\/03\/14524434_1106112876131411_958039263622046936_o.jpg?resize=525%2C300 1.5x, https:\/\/i0.wp.com\/www.grieta.org.mx\/wp-content\/uploads\/2018\/03\/14524434_1106112876131411_958039263622046936_o.jpg?resize=700%2C400 2x"},"classes":[]}],"_links":{"self":[{"href":"http:\/\/www.grieta.org.mx\/index.php\/wp-json\/wp\/v2\/posts\/1459","targetHints":{"allow":["GET"]}}],"collection":[{"href":"http:\/\/www.grieta.org.mx\/index.php\/wp-json\/wp\/v2\/posts"}],"about":[{"href":"http:\/\/www.grieta.org.mx\/index.php\/wp-json\/wp\/v2\/types\/post"}],"author":[{"embeddable":true,"href":"http:\/\/www.grieta.org.mx\/index.php\/wp-json\/wp\/v2\/users\/2"}],"replies":[{"embeddable":true,"href":"http:\/\/www.grieta.org.mx\/index.php\/wp-json\/wp\/v2\/comments?post=1459"}],"version-history":[{"count":1,"href":"http:\/\/www.grieta.org.mx\/index.php\/wp-json\/wp\/v2\/posts\/1459\/revisions"}],"predecessor-version":[{"id":46311,"href":"http:\/\/www.grieta.org.mx\/index.php\/wp-json\/wp\/v2\/posts\/1459\/revisions\/46311"}],"wp:featuredmedia":[{"embeddable":true,"href":"http:\/\/www.grieta.org.mx\/index.php\/wp-json\/wp\/v2\/media\/21928"}],"wp:attachment":[{"href":"http:\/\/www.grieta.org.mx\/index.php\/wp-json\/wp\/v2\/media?parent=1459"}],"wp:term":[{"taxonomy":"category","embeddable":true,"href":"http:\/\/www.grieta.org.mx\/index.php\/wp-json\/wp\/v2\/categories?post=1459"},{"taxonomy":"post_tag","embeddable":true,"href":"http:\/\/www.grieta.org.mx\/index.php\/wp-json\/wp\/v2\/tags?post=1459"}],"curies":[{"name":"wp","href":"https:\/\/api.w.org\/{rel}","templated":true}]}}