{"id":1457,"date":"2015-10-22T16:13:06","date_gmt":"2015-10-22T16:13:06","guid":{"rendered":"http:\/\/50.22.11.12\/~grietaor\/?p=1457"},"modified":"2016-03-07T16:17:00","modified_gmt":"2016-03-07T16:17:00","slug":"selva-y-apicultura-de-yucatan-en-riesgo-por-soya-transgenica","status":"publish","type":"post","link":"http:\/\/www.grieta.org.mx\/index.php\/2015\/10\/22\/selva-y-apicultura-de-yucatan-en-riesgo-por-soya-transgenica\/","title":{"rendered":"Selva y apicultura de Yucat\u00e1n, \u201cen riesgo\u201d por soya transg\u00e9nica"},"content":{"rendered":"<p>La siembra de soya transg\u00e9nica en la pen\u00ednsula de Yucat\u00e1n pone en riesgo la selva, la cultura de los pueblos mayas y la producci\u00f3n de miel, afirmaron apicultores e integrantes de las organizaciones Ma OGM, Grupo Indignaci\u00f3n de la Comunidad y Greenpeace.<\/p>\n<p>Esa siembra responde a intereses comerciales e industriales, no es una actividad de las comunidades ind\u00edgenas, asent\u00f3 Leydi Pech, del Colectivo Ap\u00edcola Chenero.<\/p>\n<p>La oposici\u00f3n a la siembra de la soya transg\u00e9nica, explic\u00f3 Pech, es una llamada de alerta a las autoridades para impedir la destrucci\u00f3n de la selva de la regi\u00f3n, ya que a partir de la entrega de los permisos \u2013hace tres lustros\u2013 para el cultivo experimental, piloto y comercial se agudiz\u00f3 la tala de cientos de hect\u00e1reas.<\/p>\n<p>Esta es una lucha para evitar la desaparici\u00f3n de la selva, ya que de otorgarse los permisos eso suceder\u00e1 tarde o temprano; por eso le pedimos a los ministros de la Suprema Corte de Justicia de la Naci\u00f3n (SCJN) que vean con consideraci\u00f3n a nuestras comunidades, acot\u00f3.<\/p>\n<p>A una semana de que la SCJN determine si contin\u00faa o rechaza los recursos de amparo interpuestos por los apicultores de Campeche y Yucat\u00e1n para frenar el cultivo de soya gen\u00e9ticamente modificada, Rodrigo Ojeda, director legal en Latinoam\u00e9rica Norte, y Juan Manuel de la Fuente, director del Departamento de Regulaci\u00f3n, ambos de Monsanto, aseguraron que la siembra de la oleaginosa no es riesgosa para la apicultura y rechazaron que el glifosato, agroqu\u00edmico utilizado para dicho cultivo, afecte la salud humana. No hay pruebas cient\u00edficas contundentes de ello, a\u00f1adieron.<\/p>\n<p>Agregaron que no hay en la Uni\u00f3n Europea rechazo a la miel que contenga rastros de transg\u00e9nicos, el l\u00edmite es de 0.9 por ciento en el polen. Es un mito; se ha hecho mucho ruido de que puedan disminuir las exportaciones; los comerciantes que piden cero tolerancia a los apicultores lo hacen para bajar los precios, apuntaron.<\/p>\n<p>Ojeda desminti\u00f3 que la siembra de soya transg\u00e9nica sea la causa de la deforestaci\u00f3n de la selva. En Hopelch\u00e9n s\u00f3lo hay 4 mil 261 hect\u00e1reas sembradas con soya, nada tiene que ver con la deforestaci\u00f3n, tampoco hay una ley en el pa\u00eds que proh\u00edba la comercializaci\u00f3n de ese tipo de oleaginosa. La biotecnolog\u00eda no debe echarse a un lado s\u00f3lo porque lo dice un grupo de ind\u00edgenas, dijo. Adem\u00e1s, sostuvo, Monsanto es empresa l\u00edder en la protecci\u00f3n de las abejas.<\/p>\n<p>En el debate que las agrupaciones contra la siembra de soya modificada y representantes de Monsanto sostuvieron en el programa Chiapas Expediente Nacional producido por la Red de Comunicadores Bica de Polen para Radio UNAM, Jorge Fern\u00e1ndez, del Colectivo Ma OGM, insisti\u00f3 en que los permisos otorgados por Sagarpa y Semarnat para la siembra de 253 mil 500 hect\u00e1reas de soya transg\u00e9nica en siete estados, si violan los derechos colectivos de las comunidades, pues no se aplic\u00f3 el principio de la consulta libre, previa e informada.<\/p>\n<p><a href=\"http:\/\/www.jornada.unam.mx\/2015\/10\/22\/politica\/018n1pol?partner=rss\" target=\"_blank\">www.jornada.unam.mx\/2015\/10\/22\/politica\/018n1pol?partner=rss<\/a><\/p>\n","protected":false},"excerpt":{"rendered":"<p>La siembra de soya transg\u00e9nica en la pen\u00ednsula de Yucat\u00e1n pone en riesgo la selva, la cultura de los pueblos mayas y la producci\u00f3n de miel, afirmaron apicultores e integrantes &hellip; <a href=\"http:\/\/www.grieta.org.mx\/index.php\/2015\/10\/22\/selva-y-apicultura-de-yucatan-en-riesgo-por-soya-transgenica\/\" class=\"more-link\">Leer m\u00e1s<\/a><\/p>\n","protected":false},"author":2,"featured_media":21928,"comment_status":"closed","ping_status":"open","sticky":false,"template":"","format":"standard","meta":{"ngg_post_thumbnail":0,"_jetpack_newsletter_access":"","_jetpack_dont_email_post_to_subs":false,"_jetpack_newsletter_tier_id":0,"_jetpack_memberships_contains_paywalled_content":false,"_jetpack_memberships_contains_paid_content":false,"footnotes":""},"categories":[80,153],"tags":[160,161,159],"class_list":["post-1457","post","type-post","status-publish","format-standard","has-post-thumbnail","hentry","category-cintillo","category-yucatan","tag-apicultores","tag-monsanto","tag-transgenicos","entry"],"jetpack_featured_media_url":"http:\/\/www.grieta.org.mx\/wp-content\/uploads\/2018\/03\/14524434_1106112876131411_958039263622046936_o.jpg","jetpack_sharing_enabled":true,"jetpack_shortlink":"https:\/\/wp.me\/p7ZJR4-nv","jetpack_likes_enabled":false,"jetpack-related-posts":[{"id":912,"url":"http:\/\/www.grieta.org.mx\/index.php\/2016\/09\/13\/se-organizan-para-frenar-avance-de-transgenicos-en-yucatan-campeche-y-quintana-roo\/","url_meta":{"origin":1457,"position":0},"title":"Se organizan para frenar avance de transg\u00e9nicos en Yucat\u00e1n, Campeche y Quintana Roo","author":"grieta","date":"13 septiembre, 2016","format":false,"excerpt":"13\/04\/16. Conformaci\u00f3n de la Misi\u00f3n de Observaci\u00f3n de la Consulta al pueblo Maya sobre la siembra de soya gen\u00e9ticamente modificada de la empresa Monsanto Cayacyucatan 01\/04\/16. Irregularidades en Consulta Ind\u00edgena sobre la siembra de soya gen\u00e9ticamente en Campeche Infolliteras 22\/02\/16. Campeche, en mapa global sobre Riesgos Ambientales. Lo catalogan por\u2026","rel":"","context":"En &quot;16. Pueblo Maya&quot;","block_context":{"text":"16. Pueblo Maya","link":"http:\/\/www.grieta.org.mx\/index.php\/category\/espejos-de-la-resistencia\/16-pueblo-maya\/"},"img":{"alt_text":"","src":"https:\/\/i0.wp.com\/www.grieta.org.mx\/wp-content\/uploads\/2018\/03\/14524434_1106112876131411_958039263622046936_o.jpg?resize=350%2C200","width":350,"height":200,"srcset":"https:\/\/i0.wp.com\/www.grieta.org.mx\/wp-content\/uploads\/2018\/03\/14524434_1106112876131411_958039263622046936_o.jpg?resize=350%2C200 1x, https:\/\/i0.wp.com\/www.grieta.org.mx\/wp-content\/uploads\/2018\/03\/14524434_1106112876131411_958039263622046936_o.jpg?resize=525%2C300 1.5x, https:\/\/i0.wp.com\/www.grieta.org.mx\/wp-content\/uploads\/2018\/03\/14524434_1106112876131411_958039263622046936_o.jpg?resize=700%2C400 2x"},"classes":[]},{"id":1459,"url":"http:\/\/www.grieta.org.mx\/index.php\/2015\/10\/08\/autoridades-mayas-de-yucatan-y-campeche-congelan-avance-de-soya-transgenica-de-monsanto\/","url_meta":{"origin":1457,"position":1},"title":"Autoridades mayas de Yucat\u00e1n y Campeche congelan avance de soya transg\u00e9nica de Monsanto","author":"grieta","date":"8 octubre, 2015","format":false,"excerpt":"(08 de octubre, 2015).- La Suprema Corte de Justicia de la Naci\u00f3n (SCJN) acord\u00f3 que el 28 de octubre discutir\u00e1 en paquete los siete recursos de amparo en revisi\u00f3n interpuestos por apicultores de Yucat\u00e1n y Campeche contra la siembra de soya transg\u00e9nica, inform\u00f3 Jorge Fern\u00e1ndez, abogado que apoya a los\u2026","rel":"","context":"En &quot;16. Pueblo Maya&quot;","block_context":{"text":"16. Pueblo Maya","link":"http:\/\/www.grieta.org.mx\/index.php\/category\/espejos-de-la-resistencia\/16-pueblo-maya\/"},"img":{"alt_text":"","src":"https:\/\/i0.wp.com\/www.grieta.org.mx\/wp-content\/uploads\/2018\/03\/14524434_1106112876131411_958039263622046936_o.jpg?resize=350%2C200","width":350,"height":200,"srcset":"https:\/\/i0.wp.com\/www.grieta.org.mx\/wp-content\/uploads\/2018\/03\/14524434_1106112876131411_958039263622046936_o.jpg?resize=350%2C200 1x, https:\/\/i0.wp.com\/www.grieta.org.mx\/wp-content\/uploads\/2018\/03\/14524434_1106112876131411_958039263622046936_o.jpg?resize=525%2C300 1.5x, https:\/\/i0.wp.com\/www.grieta.org.mx\/wp-content\/uploads\/2018\/03\/14524434_1106112876131411_958039263622046936_o.jpg?resize=700%2C400 2x"},"classes":[]},{"id":1371,"url":"http:\/\/www.grieta.org.mx\/index.php\/2015\/10\/29\/aplaza-corte-decision-sobre-siembra-de-soya-transgenica-en-yucatan-y-campeche\/","url_meta":{"origin":1457,"position":2},"title":"Aplaza Corte decisi\u00f3n sobre siembra de soya transg\u00e9nica en Yucat\u00e1n y Campeche","author":"grieta","date":"29 octubre, 2015","format":false,"excerpt":"Este mi\u00e9rcoles 28 de octubre, los ministros y la ministra que integran la Segunda Sala de la Suprema Corte de Justicia de la Naci\u00f3n (SCJN) decidieron posponer la decisi\u00f3n de los amparos de los apicultores mayas de Yucat\u00e1n y Campeche en contra del permiso de siembra de soya transg\u00e9nica en\u2026","rel":"","context":"En &quot;campeche&quot;","block_context":{"text":"campeche","link":"http:\/\/www.grieta.org.mx\/index.php\/category\/campeche\/"},"img":{"alt_text":"","src":"https:\/\/i0.wp.com\/www.grieta.org.mx\/wp-content\/uploads\/2018\/03\/14524434_1106112876131411_958039263622046936_o.jpg?resize=350%2C200","width":350,"height":200,"srcset":"https:\/\/i0.wp.com\/www.grieta.org.mx\/wp-content\/uploads\/2018\/03\/14524434_1106112876131411_958039263622046936_o.jpg?resize=350%2C200 1x, https:\/\/i0.wp.com\/www.grieta.org.mx\/wp-content\/uploads\/2018\/03\/14524434_1106112876131411_958039263622046936_o.jpg?resize=525%2C300 1.5x, https:\/\/i0.wp.com\/www.grieta.org.mx\/wp-content\/uploads\/2018\/03\/14524434_1106112876131411_958039263622046936_o.jpg?resize=700%2C400 2x"},"classes":[]},{"id":41806,"url":"http:\/\/www.grieta.org.mx\/index.php\/2019\/11\/18\/incrementa-contaminacion-por-siembra-de-soya-transgenica-en-mas-de-70-mil-hectareas-de-la-peninsula-de-yucatan-alertan-apicultores\/","url_meta":{"origin":1457,"position":3},"title":"Incrementa contaminaci\u00f3n por siembra de soya transg\u00e9nica en m\u00e1s de 70 mil hect\u00e1reas de la Pen\u00ednsula de Yucat\u00e1n, alertan apicultores","author":"grieta","date":"18 noviembre, 2019","format":false,"excerpt":"Agencia SIM\/ Noticaribe PLAYA DEL CARMEN, MX.- La contaminaci\u00f3n por la siembra ilegal de cultivos transg\u00e9nicos sol\u00eda estar confinada a la zona de Holpech\u00e9n, en Campeche, pero ahora ya se ha expandido a otros puntos, como M\u00e9rida, Yucat\u00e1n y Felipe Carrillo Puerto y Bacalar, en Quintana Roo. Advertisement Anastasio Oliveros\u2026","rel":"","context":"En &quot;Campeche&quot;","block_context":{"text":"Campeche","link":"http:\/\/www.grieta.org.mx\/index.php\/category\/noticias-nacionales\/campeche\/"},"img":{"alt_text":"","src":"https:\/\/i0.wp.com\/www.grieta.org.mx\/wp-content\/uploads\/2019\/12\/ContaminacionSoya-e1575489474127.png?resize=350%2C200","width":350,"height":200,"srcset":"https:\/\/i0.wp.com\/www.grieta.org.mx\/wp-content\/uploads\/2019\/12\/ContaminacionSoya-e1575489474127.png?resize=350%2C200 1x, https:\/\/i0.wp.com\/www.grieta.org.mx\/wp-content\/uploads\/2019\/12\/ContaminacionSoya-e1575489474127.png?resize=525%2C300 1.5x, https:\/\/i0.wp.com\/www.grieta.org.mx\/wp-content\/uploads\/2019\/12\/ContaminacionSoya-e1575489474127.png?resize=700%2C400 2x"},"classes":[]},{"id":1366,"url":"http:\/\/www.grieta.org.mx\/index.php\/2015\/11\/13\/insisten-en-siembra-de-soya-transgenica-en-la-peninsula\/","url_meta":{"origin":1457,"position":4},"title":"Insisten en siembra de soya transg\u00e9nica en la Pen\u00ednsula","author":"grieta","date":"13 noviembre, 2015","format":false,"excerpt":"A pesar del amparo federal que suspende la siembra de soya transg\u00e9nica en el pa\u00eds, el director general de Inocuidad Agroalimentaria, Acu\u00edcola y Pesquera del Senasica, Hugo Fragoso S\u00e1nchez, advirti\u00f3 que continuar\u00e1 el proyecto que se suspendi\u00f3 en la Pen\u00ednsula de Yucat\u00e1n, toda vez que conf\u00eda obtener fallo favorable de\u2026","rel":"","context":"En &quot;16. Pueblo Maya&quot;","block_context":{"text":"16. Pueblo Maya","link":"http:\/\/www.grieta.org.mx\/index.php\/category\/espejos-de-la-resistencia\/16-pueblo-maya\/"},"img":{"alt_text":"","src":"https:\/\/i0.wp.com\/www.grieta.org.mx\/wp-content\/uploads\/2018\/03\/14524434_1106112876131411_958039263622046936_o.jpg?resize=350%2C200","width":350,"height":200,"srcset":"https:\/\/i0.wp.com\/www.grieta.org.mx\/wp-content\/uploads\/2018\/03\/14524434_1106112876131411_958039263622046936_o.jpg?resize=350%2C200 1x, https:\/\/i0.wp.com\/www.grieta.org.mx\/wp-content\/uploads\/2018\/03\/14524434_1106112876131411_958039263622046936_o.jpg?resize=525%2C300 1.5x, https:\/\/i0.wp.com\/www.grieta.org.mx\/wp-content\/uploads\/2018\/03\/14524434_1106112876131411_958039263622046936_o.jpg?resize=700%2C400 2x"},"classes":[]},{"id":1467,"url":"http:\/\/www.grieta.org.mx\/index.php\/2015\/09\/01\/sagarpa-y-monsanto-complices-de-la-perdida-de-selva-en-campeche\/","url_meta":{"origin":1457,"position":5},"title":"Sagarpa y Monsanto, c\u00f3mplices de la p\u00e9rdida de selva en Campeche","author":"grieta","date":"1 septiembre, 2015","format":false,"excerpt":"Ciudad de M\u00e9xico, 1 de septiembre (SinEmbargo).- Organizaciones civiles denunciaron el apoyo que el Gobierno le ha dado a productores para deforestar la selva de los Chenes en Campeche a trav\u00e9s de la siembra de soya transg\u00e9nica, y acusaron a Monsanto de ser parte activa de este fen\u00f3meno, por ser\u2026","rel":"","context":"En &quot;16. Pueblo Maya&quot;","block_context":{"text":"16. Pueblo Maya","link":"http:\/\/www.grieta.org.mx\/index.php\/category\/espejos-de-la-resistencia\/16-pueblo-maya\/"},"img":{"alt_text":"","src":"https:\/\/i0.wp.com\/www.grieta.org.mx\/wp-content\/uploads\/2018\/03\/14524434_1106112876131411_958039263622046936_o.jpg?resize=350%2C200","width":350,"height":200,"srcset":"https:\/\/i0.wp.com\/www.grieta.org.mx\/wp-content\/uploads\/2018\/03\/14524434_1106112876131411_958039263622046936_o.jpg?resize=350%2C200 1x, https:\/\/i0.wp.com\/www.grieta.org.mx\/wp-content\/uploads\/2018\/03\/14524434_1106112876131411_958039263622046936_o.jpg?resize=525%2C300 1.5x, https:\/\/i0.wp.com\/www.grieta.org.mx\/wp-content\/uploads\/2018\/03\/14524434_1106112876131411_958039263622046936_o.jpg?resize=700%2C400 2x"},"classes":[]}],"_links":{"self":[{"href":"http:\/\/www.grieta.org.mx\/index.php\/wp-json\/wp\/v2\/posts\/1457","targetHints":{"allow":["GET"]}}],"collection":[{"href":"http:\/\/www.grieta.org.mx\/index.php\/wp-json\/wp\/v2\/posts"}],"about":[{"href":"http:\/\/www.grieta.org.mx\/index.php\/wp-json\/wp\/v2\/types\/post"}],"author":[{"embeddable":true,"href":"http:\/\/www.grieta.org.mx\/index.php\/wp-json\/wp\/v2\/users\/2"}],"replies":[{"embeddable":true,"href":"http:\/\/www.grieta.org.mx\/index.php\/wp-json\/wp\/v2\/comments?post=1457"}],"version-history":[{"count":1,"href":"http:\/\/www.grieta.org.mx\/index.php\/wp-json\/wp\/v2\/posts\/1457\/revisions"}],"predecessor-version":[{"id":1458,"href":"http:\/\/www.grieta.org.mx\/index.php\/wp-json\/wp\/v2\/posts\/1457\/revisions\/1458"}],"wp:featuredmedia":[{"embeddable":true,"href":"http:\/\/www.grieta.org.mx\/index.php\/wp-json\/wp\/v2\/media\/21928"}],"wp:attachment":[{"href":"http:\/\/www.grieta.org.mx\/index.php\/wp-json\/wp\/v2\/media?parent=1457"}],"wp:term":[{"taxonomy":"category","embeddable":true,"href":"http:\/\/www.grieta.org.mx\/index.php\/wp-json\/wp\/v2\/categories?post=1457"},{"taxonomy":"post_tag","embeddable":true,"href":"http:\/\/www.grieta.org.mx\/index.php\/wp-json\/wp\/v2\/tags?post=1457"}],"curies":[{"name":"wp","href":"https:\/\/api.w.org\/{rel}","templated":true}]}}