{"id":14562,"date":"2016-06-18T16:52:02","date_gmt":"2016-06-18T16:52:02","guid":{"rendered":"http:\/\/www.grieta.org.mx\/?p=14562"},"modified":"2016-06-19T22:28:13","modified_gmt":"2016-06-19T22:28:13","slug":"monterrey-vi-danaria-a-sectores-productivos","status":"publish","type":"post","link":"http:\/\/www.grieta.org.mx\/index.php\/2016\/06\/18\/monterrey-vi-danaria-a-sectores-productivos\/","title":{"rendered":"Monterrey VI da\u00f1ar\u00eda a sectores productivos"},"content":{"rendered":"<p>Lucero Reyes<\/p>\n<p>Llevar el vital l\u00edquido del r\u00edo P\u00e1nuco al vecino estado causar\u00eda que m\u00e1s agua salada entre y perjudique los mantos dulces, seg\u00fan el Colegio Mexicano de Ingenieros.<\/p>\n<p>Ciudad Madero. <\/p>\n<p>El sector agr\u00edcola, ganadero y pesquero de la zona Sur de Tamaulipas y Norte de Veracruz, se ver\u00edan afectados de llevarse a cabo el proyecto Monterrey VI, indic\u00f3 el abogado, Eduardo Cavazos G\u00f3mez. Dijo si durante el tiempo de estiaje el agua de mar entra hasta 70 kil\u00f3metros de agua salada, por lo que llevar agua hasta Monterrey del R\u00edo P\u00e1nuco causar\u00eda que m\u00e1s agua salada entrara, esto da\u00f1ando el agua dulce, seg\u00fan estudios presentados por el colegio mexicano de ingenieros y arquitectos, que preside el Arquitecto Rafael Benavides.<\/p>\n<p>Y la prueba est\u00e1 que durante ese periodo se evita regar los cultivos, los pozos que tienen las personas a la orilla del r\u00edo, provocando la p\u00e9rdida de miles de toneladas de cosechas, \u201cSe trata de un c\u00edrculo perjudicial y que debe de alertar a las autoridades para tomarlo en cuenta\u201d. \u201cSe sabe que ser\u00edan quince metros por segundo d\u00eda y noche, equivalente a 50 equipos de bombeo que utilizan los ca\u00f1eros, para darnos una idea de la cantidad de agua que se estar\u00e1 mandando hacia el estado de Monterrey\u201d, expres\u00f3.<\/p>\n<p>Adem\u00e1s que este proyecto es por cincuenta a\u00f1os y que debido a la misma naturaleza y por el mismo cambio clim\u00e1tico, no alcanzar\u00eda brindar este servicio. Mencion\u00f3 que se puede presentar con la entrada de las nuevas administraciones, una controversia constitucional, para evitar que se lleve el agua, esta le corresponde al gobierno estatal llevarla a cabo y posiblemente evitar\u00eda realizarse por parte del Gobierno Federal.<\/p>\n<p>Agreg\u00f3 que desde que se inici\u00f3 el proyecto Monterrey VI, han visitado autoridades tanto de Veracruz (P\u00e1nuco, Pueblo Viejo) como de Tamaulipas (Tampico, Ciudad Madero), mismos que han mostrado preocupaci\u00f3n, aunque hasta el momento no han hecho nada para remediar o parar la obra. Lo anterior despu\u00e9s de que a inicio de a\u00f1o de dio a conocer que el proyecto se hab\u00eda retomado y que el P\u00e1nuco, sigue siendo una opci\u00f3n para llevar a cabo este proyecto, aunque ahora ha sido reestructurado y se toman en cuenta otras alternativas, incluso hasta San Luis Potos\u00ed se encuentra entre estas opciones.<\/p>\n<p><a href=\"http:\/\/www.milenio.com\/region\/proyecto-Monterrey_VI-danos-sectores-productivos_0_758324248.html\" target=\"_blank\">http:\/\/www.milenio.com\/region\/proyecto-Monterrey_VI-danos-sectores-productivos_0_758324248.html<\/a><\/p>\n","protected":false},"excerpt":{"rendered":"<p>Lucero Reyes Llevar el vital l\u00edquido del r\u00edo P\u00e1nuco al vecino estado causar\u00eda que m\u00e1s agua salada entre y perjudique los mantos dulces, seg\u00fan el Colegio Mexicano de Ingenieros. Ciudad &hellip; <a href=\"http:\/\/www.grieta.org.mx\/index.php\/2016\/06\/18\/monterrey-vi-danaria-a-sectores-productivos\/\" class=\"more-link\">Leer m\u00e1s<\/a><\/p>\n","protected":false},"author":2,"featured_media":21928,"comment_status":"closed","ping_status":"closed","sticky":false,"template":"","format":"standard","meta":{"ngg_post_thumbnail":0,"_jetpack_newsletter_access":"","_jetpack_dont_email_post_to_subs":false,"_jetpack_newsletter_tier_id":0,"_jetpack_memberships_contains_paywalled_content":false,"_jetpack_memberships_contains_paid_content":false,"footnotes":""},"categories":[80,397,259],"tags":[358,363],"class_list":["post-14562","post","type-post","status-publish","format-standard","has-post-thumbnail","hentry","category-cintillo","category-monterrey-vi","category-tamaulipas","tag-monterrey-vi","tag-panuco","entry"],"jetpack_featured_media_url":"http:\/\/www.grieta.org.mx\/wp-content\/uploads\/2018\/03\/14524434_1106112876131411_958039263622046936_o.jpg","jetpack_sharing_enabled":true,"jetpack_shortlink":"https:\/\/wp.me\/p7ZJR4-3MS","jetpack_likes_enabled":false,"jetpack-related-posts":[{"id":4838,"url":"http:\/\/www.grieta.org.mx\/index.php\/2016\/02\/22\/cuidado-el-fondo-del-agua-metropolitano-de-monterrey-considera-valido-traer-a-nl-agua-del-rio-panuco\/","url_meta":{"origin":14562,"position":0},"title":"\u00a1CUIDADO! EL FONDO DEL AGUA METROPOLITANO DE MONTERREY CONSIDERA V\u00c1LIDO TRAER A NL AGUA DEL R\u00cdO P\u00c1NUCO","author":"grieta","date":"22 febrero, 2016","format":false,"excerpt":"No a Monterrey VI Llama la atenci\u00f3n la\u00a0declaraci\u00f3n\u00a0de Eugenio Clariond Reyes, presidente del Fondo del Agua Metropolitano de Monterrey (FAMM), quien afirma que \u201ctraer agua desde el R\u00edo P\u00e1nuco a\u00fan es una alternativa\u201d. Habr\u00eda que recordarle al se\u00f1or Clariond que hay razones t\u00e9cnicas, econ\u00f3micas, ecol\u00f3gicas y sociopol\u00edticas que dejan claro\u2026","rel":"","context":"En &quot;CINTILLO&quot;","block_context":{"text":"CINTILLO","link":"http:\/\/www.grieta.org.mx\/index.php\/category\/cintillo\/"},"img":{"alt_text":"","src":"https:\/\/i0.wp.com\/www.grieta.org.mx\/wp-content\/uploads\/2018\/03\/14524434_1106112876131411_958039263622046936_o.jpg?resize=350%2C200","width":350,"height":200,"srcset":"https:\/\/i0.wp.com\/www.grieta.org.mx\/wp-content\/uploads\/2018\/03\/14524434_1106112876131411_958039263622046936_o.jpg?resize=350%2C200 1x, https:\/\/i0.wp.com\/www.grieta.org.mx\/wp-content\/uploads\/2018\/03\/14524434_1106112876131411_958039263622046936_o.jpg?resize=525%2C300 1.5x, https:\/\/i0.wp.com\/www.grieta.org.mx\/wp-content\/uploads\/2018\/03\/14524434_1106112876131411_958039263622046936_o.jpg?resize=700%2C400 2x"},"classes":[]},{"id":4705,"url":"http:\/\/www.grieta.org.mx\/index.php\/2015\/06\/02\/proyecto-de-rio-panuco-no-es-para-dotar-de-agua-a-monterrey-sino-para-fracking\/","url_meta":{"origin":14562,"position":1},"title":"Proyecto de R\u00edo P\u00e1nuco no es para dotar de agua a Monterrey, sino para fracking","author":"grieta","date":"2 junio, 2015","format":false,"excerpt":"No Monterrey VI El proyecto hidr\u00e1ulico Monterrey VI hace creer que el agua del r\u00edo Panuco ser\u00e1 para dar el servicio de agua potable a los regiomontanos, sin embargo, a trav\u00e9s de investigaciones \u201cindirectas\u201d se conoce que este l\u00edquido \u201cest\u00e1 muy contaminado\u201d y ser\u00e1 ocupada para extraer gas shale por\u2026","rel":"","context":"En &quot;CINTILLO&quot;","block_context":{"text":"CINTILLO","link":"http:\/\/www.grieta.org.mx\/index.php\/category\/cintillo\/"},"img":{"alt_text":"","src":"https:\/\/i0.wp.com\/www.grieta.org.mx\/wp-content\/uploads\/2018\/03\/14524434_1106112876131411_958039263622046936_o.jpg?resize=350%2C200","width":350,"height":200,"srcset":"https:\/\/i0.wp.com\/www.grieta.org.mx\/wp-content\/uploads\/2018\/03\/14524434_1106112876131411_958039263622046936_o.jpg?resize=350%2C200 1x, https:\/\/i0.wp.com\/www.grieta.org.mx\/wp-content\/uploads\/2018\/03\/14524434_1106112876131411_958039263622046936_o.jpg?resize=525%2C300 1.5x, https:\/\/i0.wp.com\/www.grieta.org.mx\/wp-content\/uploads\/2018\/03\/14524434_1106112876131411_958039263622046936_o.jpg?resize=700%2C400 2x"},"classes":[]},{"id":4857,"url":"http:\/\/www.grieta.org.mx\/index.php\/2016\/03\/03\/revisaran-opciones-para-monterrey-vi\/","url_meta":{"origin":14562,"position":2},"title":"REVISAR\u00c1N OPCIONES PARA MONTERREY VI","author":"grieta","date":"3 marzo, 2016","format":false,"excerpt":"No a Monterrey VI Daniel Reyes Monterrey (03-marzo-2016).- El Gobierno estatal revisar\u00e1 ma\u00f1ana opciones para el proyecto Monterrey VI, ya sea el plan para traer agua del R\u00edo P\u00e1nuco o alg\u00fan otro que propongan especialistas en el tema. Jaime Rodr\u00edguez dijo que es necesario acelerar la definici\u00f3n de un proyecto\u2026","rel":"","context":"En &quot;CINTILLO&quot;","block_context":{"text":"CINTILLO","link":"http:\/\/www.grieta.org.mx\/index.php\/category\/cintillo\/"},"img":{"alt_text":"","src":"https:\/\/i0.wp.com\/www.grieta.org.mx\/wp-content\/uploads\/2018\/03\/14524434_1106112876131411_958039263622046936_o.jpg?resize=350%2C200","width":350,"height":200,"srcset":"https:\/\/i0.wp.com\/www.grieta.org.mx\/wp-content\/uploads\/2018\/03\/14524434_1106112876131411_958039263622046936_o.jpg?resize=350%2C200 1x, https:\/\/i0.wp.com\/www.grieta.org.mx\/wp-content\/uploads\/2018\/03\/14524434_1106112876131411_958039263622046936_o.jpg?resize=525%2C300 1.5x, https:\/\/i0.wp.com\/www.grieta.org.mx\/wp-content\/uploads\/2018\/03\/14524434_1106112876131411_958039263622046936_o.jpg?resize=700%2C400 2x"},"classes":[]},{"id":4709,"url":"http:\/\/www.grieta.org.mx\/index.php\/2015\/05\/12\/acueducto-monterrey-vi-el-abastecimiento-para-nl-esta-garantizado\/","url_meta":{"origin":14562,"position":3},"title":"Acueducto Monterrey VI, \u00bfel abastecimiento para NL est\u00e1 garantizado?","author":"grieta","date":"12 mayo, 2015","format":false,"excerpt":"Econom\u00eda Hoy DAVID ORDAZ El proyecto Monterrey VI con el que se busca abastecer de agua al estado sigue sin arrancar y actualmente Nuevo Le\u00f3n enfrenta una de las peores crisis de agua, por ello, diputados federales y locales exhortaron al gobierno federal a echar a andar la obra. Monterrey\u2026","rel":"","context":"En &quot;CINTILLO&quot;","block_context":{"text":"CINTILLO","link":"http:\/\/www.grieta.org.mx\/index.php\/category\/cintillo\/"},"img":{"alt_text":"","src":"https:\/\/i0.wp.com\/www.grieta.org.mx\/wp-content\/uploads\/2018\/03\/14524434_1106112876131411_958039263622046936_o.jpg?resize=350%2C200","width":350,"height":200,"srcset":"https:\/\/i0.wp.com\/www.grieta.org.mx\/wp-content\/uploads\/2018\/03\/14524434_1106112876131411_958039263622046936_o.jpg?resize=350%2C200 1x, https:\/\/i0.wp.com\/www.grieta.org.mx\/wp-content\/uploads\/2018\/03\/14524434_1106112876131411_958039263622046936_o.jpg?resize=525%2C300 1.5x, https:\/\/i0.wp.com\/www.grieta.org.mx\/wp-content\/uploads\/2018\/03\/14524434_1106112876131411_958039263622046936_o.jpg?resize=700%2C400 2x"},"classes":[]},{"id":4703,"url":"http:\/\/www.grieta.org.mx\/index.php\/2015\/06\/25\/afirman-que-proyecto-de-monterrey-vi-no-se-ha-detenido\/","url_meta":{"origin":14562,"position":4},"title":"Afirman que proyecto de Monterrey VI no se ha detenido","author":"grieta","date":"25 junio, 2015","format":false,"excerpt":"El Horizonte Por: Redacci\u00f3n El Horizonte \u2013 Seg\u00fan actores consultados, el proyecto avanza en temas de tramitolog\u00eda en cuanto a liberaci\u00f3n de derechos de paso de los acueductos desde el r\u00edo P\u00e1nuco, hasta Nuevo Le\u00f3n. En d\u00edas pasados, el vicepresidente corporativo de ICA, Carlos M\u00e9ndez, declar\u00f3 en medios de comunicaci\u00f3n\u2026","rel":"","context":"En &quot;CINTILLO&quot;","block_context":{"text":"CINTILLO","link":"http:\/\/www.grieta.org.mx\/index.php\/category\/cintillo\/"},"img":{"alt_text":"","src":"https:\/\/i0.wp.com\/www.grieta.org.mx\/wp-content\/uploads\/2018\/03\/14524434_1106112876131411_958039263622046936_o.jpg?resize=350%2C200","width":350,"height":200,"srcset":"https:\/\/i0.wp.com\/www.grieta.org.mx\/wp-content\/uploads\/2018\/03\/14524434_1106112876131411_958039263622046936_o.jpg?resize=350%2C200 1x, https:\/\/i0.wp.com\/www.grieta.org.mx\/wp-content\/uploads\/2018\/03\/14524434_1106112876131411_958039263622046936_o.jpg?resize=525%2C300 1.5x, https:\/\/i0.wp.com\/www.grieta.org.mx\/wp-content\/uploads\/2018\/03\/14524434_1106112876131411_958039263622046936_o.jpg?resize=700%2C400 2x"},"classes":[]},{"id":4531,"url":"http:\/\/www.grieta.org.mx\/index.php\/2016\/01\/13\/reviven-en-nuevo-leon-proyecto-monterrey-vi\/","url_meta":{"origin":14562,"position":5},"title":"Reviven en Nuevo Le\u00f3n proyecto Monterrey VI","author":"grieta","date":"13 enero, 2016","format":false,"excerpt":"El Economista Aunque el gobernador aclara que s\u00f3lo ser\u00e1 en nombre, tambi\u00e9n llevar\u00e1 agua desde SLP. Lourdes Flores Realizar\u00e1n reestructura o ajustes al original El mandatario dijo que se encuentran analizando todas las posturas porque el l\u00edquido es necesario. Monterrey, NL. El gobernador de Nuevo Le\u00f3n, Jaime Rodr\u00edguez, dijo que\u2026","rel":"","context":"En &quot;CINTILLO&quot;","block_context":{"text":"CINTILLO","link":"http:\/\/www.grieta.org.mx\/index.php\/category\/cintillo\/"},"img":{"alt_text":"","src":"https:\/\/i0.wp.com\/www.grieta.org.mx\/wp-content\/uploads\/2018\/03\/14524434_1106112876131411_958039263622046936_o.jpg?resize=350%2C200","width":350,"height":200,"srcset":"https:\/\/i0.wp.com\/www.grieta.org.mx\/wp-content\/uploads\/2018\/03\/14524434_1106112876131411_958039263622046936_o.jpg?resize=350%2C200 1x, https:\/\/i0.wp.com\/www.grieta.org.mx\/wp-content\/uploads\/2018\/03\/14524434_1106112876131411_958039263622046936_o.jpg?resize=525%2C300 1.5x, https:\/\/i0.wp.com\/www.grieta.org.mx\/wp-content\/uploads\/2018\/03\/14524434_1106112876131411_958039263622046936_o.jpg?resize=700%2C400 2x"},"classes":[]}],"_links":{"self":[{"href":"http:\/\/www.grieta.org.mx\/index.php\/wp-json\/wp\/v2\/posts\/14562","targetHints":{"allow":["GET"]}}],"collection":[{"href":"http:\/\/www.grieta.org.mx\/index.php\/wp-json\/wp\/v2\/posts"}],"about":[{"href":"http:\/\/www.grieta.org.mx\/index.php\/wp-json\/wp\/v2\/types\/post"}],"author":[{"embeddable":true,"href":"http:\/\/www.grieta.org.mx\/index.php\/wp-json\/wp\/v2\/users\/2"}],"replies":[{"embeddable":true,"href":"http:\/\/www.grieta.org.mx\/index.php\/wp-json\/wp\/v2\/comments?post=14562"}],"version-history":[{"count":1,"href":"http:\/\/www.grieta.org.mx\/index.php\/wp-json\/wp\/v2\/posts\/14562\/revisions"}],"predecessor-version":[{"id":14567,"href":"http:\/\/www.grieta.org.mx\/index.php\/wp-json\/wp\/v2\/posts\/14562\/revisions\/14567"}],"wp:featuredmedia":[{"embeddable":true,"href":"http:\/\/www.grieta.org.mx\/index.php\/wp-json\/wp\/v2\/media\/21928"}],"wp:attachment":[{"href":"http:\/\/www.grieta.org.mx\/index.php\/wp-json\/wp\/v2\/media?parent=14562"}],"wp:term":[{"taxonomy":"category","embeddable":true,"href":"http:\/\/www.grieta.org.mx\/index.php\/wp-json\/wp\/v2\/categories?post=14562"},{"taxonomy":"post_tag","embeddable":true,"href":"http:\/\/www.grieta.org.mx\/index.php\/wp-json\/wp\/v2\/tags?post=14562"}],"curies":[{"name":"wp","href":"https:\/\/api.w.org\/{rel}","templated":true}]}}