{"id":1455,"date":"2015-10-26T16:06:00","date_gmt":"2015-10-26T16:06:00","guid":{"rendered":"http:\/\/50.22.11.12\/~grietaor\/?p=1455"},"modified":"2016-03-07T16:11:52","modified_gmt":"2016-03-07T16:11:52","slug":"entregaran-a-la-scjn-63-mil-firmas-contra-permisos-a-monsanto-en-yucatan","status":"publish","type":"post","link":"http:\/\/www.grieta.org.mx\/index.php\/2015\/10\/26\/entregaran-a-la-scjn-63-mil-firmas-contra-permisos-a-monsanto-en-yucatan\/","title":{"rendered":"Entregar\u00e1n a la SCJN 63 mil firmas contra permisos a Monsanto en Yucat\u00e1n"},"content":{"rendered":"<p>(26 de octubre, 2015).- La organizaci\u00f3n y preocupaci\u00f3n de productores de miel en la pen\u00ednsula de Yucat\u00e1n  fueron los ingredientes principales para que un grupo de ellos m\u00e1s integrantes de agrupaciones ambientalistas y sociales entregar\u00e1n a la Suprema Corte de Justicia de la Naci\u00f3n (SCJN) un documento con 63 mil firmas contra la transnacional Monsanto.<\/p>\n<p>Cabe recordar que las semillas de monocultivo provenientes de Monsanto no se mezclan con otras especies mediante la selecci\u00f3n natural , debido a que las primeras son esterilizadas de origen para as\u00ed \u201ctener mayor control del cultivo\u201d.<\/p>\n<p>\u201cEl tribunal puede detener el avance del cultivo\u201d de esta oleaginosa que, aun sin tener el permiso de siembra comercial, ha provocado la destrucci\u00f3n de la selva, asentaron.<\/p>\n<p>Autoridades mayas de Campeche y Yucat\u00e1n se ampararon ante las intenciones de Monsanto de crear monocultivos que ponen en riesgo terrenos selv\u00e1ticos, por lo que este mi\u00e9rcoles ministros de la SCJN presentar\u00e1n sus argumentos contra dichos documentos: 241\/2015; 270\/2015; 410\/2015; 498\/2015, 499\/2015; 500\/2015 y 198\/2015<\/p>\n<p>Investigadores de la talla de R\u00e9my Vandame de El Colegio de la Frontera Sur, han advertido que el monocultivo de la soya trae consigo insecticida y agroqu\u00edmicos que afectan seriamente la vida de las abejas lo que representa la disminuci\u00f3n de 40 por ciento de la producci\u00f3n de miel del pa\u00eds, sin contar la proliferaci\u00f3n y reproducci\u00f3n de plantas y flores que perder\u00edan la oportunidad de ser polinizadas por estos insectos.<\/p>\n<p><a href=\"http:\/\/revoluciontrespuntocero.com\/entregaran-a-la-scjn-63-mil-firmas-contra-permisos-a-monsanto-en-yucatan\/\" target=\"_blank\">revoluciontrespuntocero.com\/entregaran-a-la-scjn-63-mil-firmas-contra-permisos-a-monsanto-en-yucatan\/<\/a><\/p>\n","protected":false},"excerpt":{"rendered":"<p>(26 de octubre, 2015).- La organizaci\u00f3n y preocupaci\u00f3n de productores de miel en la pen\u00ednsula de Yucat\u00e1n fueron los ingredientes principales para que un grupo de ellos m\u00e1s integrantes de &hellip; <a href=\"http:\/\/www.grieta.org.mx\/index.php\/2015\/10\/26\/entregaran-a-la-scjn-63-mil-firmas-contra-permisos-a-monsanto-en-yucatan\/\" class=\"more-link\">Leer m\u00e1s<\/a><\/p>\n","protected":false},"author":2,"featured_media":21928,"comment_status":"closed","ping_status":"open","sticky":false,"template":"","format":"standard","meta":{"ngg_post_thumbnail":0,"_jetpack_newsletter_access":"","_jetpack_dont_email_post_to_subs":false,"_jetpack_newsletter_tier_id":0,"_jetpack_memberships_contains_paywalled_content":false,"_jetpack_memberships_contains_paid_content":false,"footnotes":""},"categories":[123,80,153],"tags":[160,159],"class_list":["post-1455","post","type-post","status-publish","format-standard","has-post-thumbnail","hentry","category-campeche","category-cintillo","category-yucatan","tag-apicultores","tag-transgenicos","entry"],"jetpack_featured_media_url":"http:\/\/www.grieta.org.mx\/wp-content\/uploads\/2018\/03\/14524434_1106112876131411_958039263622046936_o.jpg","jetpack_sharing_enabled":true,"jetpack_shortlink":"https:\/\/wp.me\/p7ZJR4-nt","jetpack_likes_enabled":false,"jetpack-related-posts":[{"id":912,"url":"http:\/\/www.grieta.org.mx\/index.php\/2016\/09\/13\/se-organizan-para-frenar-avance-de-transgenicos-en-yucatan-campeche-y-quintana-roo\/","url_meta":{"origin":1455,"position":0},"title":"Se organizan para frenar avance de transg\u00e9nicos en Yucat\u00e1n, Campeche y Quintana Roo","author":"grieta","date":"13 septiembre, 2016","format":false,"excerpt":"13\/04\/16. Conformaci\u00f3n de la Misi\u00f3n de Observaci\u00f3n de la Consulta al pueblo Maya sobre la siembra de soya gen\u00e9ticamente modificada de la empresa Monsanto Cayacyucatan 01\/04\/16. Irregularidades en Consulta Ind\u00edgena sobre la siembra de soya gen\u00e9ticamente en Campeche Infolliteras 22\/02\/16. Campeche, en mapa global sobre Riesgos Ambientales. Lo catalogan por\u2026","rel":"","context":"En &quot;16. Pueblo Maya&quot;","block_context":{"text":"16. Pueblo Maya","link":"http:\/\/www.grieta.org.mx\/index.php\/category\/espejos-de-la-resistencia\/16-pueblo-maya\/"},"img":{"alt_text":"","src":"https:\/\/i0.wp.com\/www.grieta.org.mx\/wp-content\/uploads\/2018\/03\/14524434_1106112876131411_958039263622046936_o.jpg?resize=350%2C200","width":350,"height":200,"srcset":"https:\/\/i0.wp.com\/www.grieta.org.mx\/wp-content\/uploads\/2018\/03\/14524434_1106112876131411_958039263622046936_o.jpg?resize=350%2C200 1x, https:\/\/i0.wp.com\/www.grieta.org.mx\/wp-content\/uploads\/2018\/03\/14524434_1106112876131411_958039263622046936_o.jpg?resize=525%2C300 1.5x, https:\/\/i0.wp.com\/www.grieta.org.mx\/wp-content\/uploads\/2018\/03\/14524434_1106112876131411_958039263622046936_o.jpg?resize=700%2C400 2x"},"classes":[]},{"id":15367,"url":"http:\/\/www.grieta.org.mx\/index.php\/2016\/06\/19\/suspenden-a-monsanto-permiso-de-siembra-de-soya-modificada-en-yucatan\/","url_meta":{"origin":1455,"position":1},"title":"Suspenden a Monsanto permiso de siembra de soya modificada en Yucat\u00e1n","author":"grieta","date":"19 junio, 2016","format":false,"excerpt":"La trasnacional recibi\u00f3 el aviso de parte del sector agropecuario el pasado martes 14 de junio, luego de una resoluci\u00f3n de un juzgado con sede en Yucat\u00e1n; estim\u00f3 que habr\u00eda alrededor de 6 mil agricultores afectados. La empresa productora de semillas Monsanto inform\u00f3 que el pasado martes recibi\u00f3 una notificaci\u00f3n\u2026","rel":"","context":"En &quot;16. Pueblo Maya&quot;","block_context":{"text":"16. Pueblo Maya","link":"http:\/\/www.grieta.org.mx\/index.php\/category\/espejos-de-la-resistencia\/16-pueblo-maya\/"},"img":{"alt_text":"","src":"https:\/\/i0.wp.com\/www.grieta.org.mx\/wp-content\/uploads\/2018\/03\/14524434_1106112876131411_958039263622046936_o.jpg?resize=350%2C200","width":350,"height":200,"srcset":"https:\/\/i0.wp.com\/www.grieta.org.mx\/wp-content\/uploads\/2018\/03\/14524434_1106112876131411_958039263622046936_o.jpg?resize=350%2C200 1x, https:\/\/i0.wp.com\/www.grieta.org.mx\/wp-content\/uploads\/2018\/03\/14524434_1106112876131411_958039263622046936_o.jpg?resize=525%2C300 1.5x, https:\/\/i0.wp.com\/www.grieta.org.mx\/wp-content\/uploads\/2018\/03\/14524434_1106112876131411_958039263622046936_o.jpg?resize=700%2C400 2x"},"classes":[]},{"id":1459,"url":"http:\/\/www.grieta.org.mx\/index.php\/2015\/10\/08\/autoridades-mayas-de-yucatan-y-campeche-congelan-avance-de-soya-transgenica-de-monsanto\/","url_meta":{"origin":1455,"position":2},"title":"Autoridades mayas de Yucat\u00e1n y Campeche congelan avance de soya transg\u00e9nica de Monsanto","author":"grieta","date":"8 octubre, 2015","format":false,"excerpt":"(08 de octubre, 2015).- La Suprema Corte de Justicia de la Naci\u00f3n (SCJN) acord\u00f3 que el 28 de octubre discutir\u00e1 en paquete los siete recursos de amparo en revisi\u00f3n interpuestos por apicultores de Yucat\u00e1n y Campeche contra la siembra de soya transg\u00e9nica, inform\u00f3 Jorge Fern\u00e1ndez, abogado que apoya a los\u2026","rel":"","context":"En &quot;16. Pueblo Maya&quot;","block_context":{"text":"16. Pueblo Maya","link":"http:\/\/www.grieta.org.mx\/index.php\/category\/espejos-de-la-resistencia\/16-pueblo-maya\/"},"img":{"alt_text":"","src":"https:\/\/i0.wp.com\/www.grieta.org.mx\/wp-content\/uploads\/2018\/03\/14524434_1106112876131411_958039263622046936_o.jpg?resize=350%2C200","width":350,"height":200,"srcset":"https:\/\/i0.wp.com\/www.grieta.org.mx\/wp-content\/uploads\/2018\/03\/14524434_1106112876131411_958039263622046936_o.jpg?resize=350%2C200 1x, https:\/\/i0.wp.com\/www.grieta.org.mx\/wp-content\/uploads\/2018\/03\/14524434_1106112876131411_958039263622046936_o.jpg?resize=525%2C300 1.5x, https:\/\/i0.wp.com\/www.grieta.org.mx\/wp-content\/uploads\/2018\/03\/14524434_1106112876131411_958039263622046936_o.jpg?resize=700%2C400 2x"},"classes":[]},{"id":1465,"url":"http:\/\/www.grieta.org.mx\/index.php\/2015\/10\/05\/organizaciones-esperan-ganar-amparo-contra-monsanto\/","url_meta":{"origin":1455,"position":3},"title":"Organizaciones esperan ganar amparo contra Monsanto","author":"grieta","date":"5 octubre, 2015","format":false,"excerpt":"Organizaciones de derechos humanos esperan que la Corte resuelva a favor de los amparos interpuestos por autoridades tradicionales mayas contra el permiso a la empresa Monsanto para sembrar soya transg\u00e9nica en Yucat\u00e1n. Organizaciones de derechos humanos esperan que la Corte resuelva a favor de los amparos interpuestos por autoridades tradicionales\u2026","rel":"","context":"En &quot;16. Pueblo Maya&quot;","block_context":{"text":"16. Pueblo Maya","link":"http:\/\/www.grieta.org.mx\/index.php\/category\/espejos-de-la-resistencia\/16-pueblo-maya\/"},"img":{"alt_text":"","src":"https:\/\/i0.wp.com\/www.grieta.org.mx\/wp-content\/uploads\/2018\/03\/14524434_1106112876131411_958039263622046936_o.jpg?resize=350%2C200","width":350,"height":200,"srcset":"https:\/\/i0.wp.com\/www.grieta.org.mx\/wp-content\/uploads\/2018\/03\/14524434_1106112876131411_958039263622046936_o.jpg?resize=350%2C200 1x, https:\/\/i0.wp.com\/www.grieta.org.mx\/wp-content\/uploads\/2018\/03\/14524434_1106112876131411_958039263622046936_o.jpg?resize=525%2C300 1.5x, https:\/\/i0.wp.com\/www.grieta.org.mx\/wp-content\/uploads\/2018\/03\/14524434_1106112876131411_958039263622046936_o.jpg?resize=700%2C400 2x"},"classes":[]},{"id":1457,"url":"http:\/\/www.grieta.org.mx\/index.php\/2015\/10\/22\/selva-y-apicultura-de-yucatan-en-riesgo-por-soya-transgenica\/","url_meta":{"origin":1455,"position":4},"title":"Selva y apicultura de Yucat\u00e1n, \u201cen riesgo\u201d por soya transg\u00e9nica","author":"grieta","date":"22 octubre, 2015","format":false,"excerpt":"La siembra de soya transg\u00e9nica en la pen\u00ednsula de Yucat\u00e1n pone en riesgo la selva, la cultura de los pueblos mayas y la producci\u00f3n de miel, afirmaron apicultores e integrantes de las organizaciones Ma OGM, Grupo Indignaci\u00f3n de la Comunidad y Greenpeace. Esa siembra responde a intereses comerciales e industriales,\u2026","rel":"","context":"En &quot;CINTILLO&quot;","block_context":{"text":"CINTILLO","link":"http:\/\/www.grieta.org.mx\/index.php\/category\/cintillo\/"},"img":{"alt_text":"","src":"https:\/\/i0.wp.com\/www.grieta.org.mx\/wp-content\/uploads\/2018\/03\/14524434_1106112876131411_958039263622046936_o.jpg?resize=350%2C200","width":350,"height":200,"srcset":"https:\/\/i0.wp.com\/www.grieta.org.mx\/wp-content\/uploads\/2018\/03\/14524434_1106112876131411_958039263622046936_o.jpg?resize=350%2C200 1x, https:\/\/i0.wp.com\/www.grieta.org.mx\/wp-content\/uploads\/2018\/03\/14524434_1106112876131411_958039263622046936_o.jpg?resize=525%2C300 1.5x, https:\/\/i0.wp.com\/www.grieta.org.mx\/wp-content\/uploads\/2018\/03\/14524434_1106112876131411_958039263622046936_o.jpg?resize=700%2C400 2x"},"classes":[]},{"id":1461,"url":"http:\/\/www.grieta.org.mx\/index.php\/2015\/10\/06\/afecta-monsanto-produccion-de-miel-en-chiapas-y-yucatan\/","url_meta":{"origin":1455,"position":5},"title":"Afecta Monsanto producci\u00f3n de miel en Chiapas y Yucat\u00e1n","author":"grieta","date":"6 octubre, 2015","format":false,"excerpt":"\u201cM\u00e1s de 15 mil familias afectadas, muerte de colmena y miel de baja calidad\u201d, denuncian apicultores por Perseo Greco Octubre 6, 2015 M\u00e9xico, DF. 5 de octubre. Diferentes organizaciones enfocadas a la protecci\u00f3n y cuidado del medio ambiente se reunieron para denunciar la destrucci\u00f3n de cientos de hect\u00e1reas que se\u2026","rel":"","context":"En &quot;16. Pueblo Maya&quot;","block_context":{"text":"16. Pueblo Maya","link":"http:\/\/www.grieta.org.mx\/index.php\/category\/espejos-de-la-resistencia\/16-pueblo-maya\/"},"img":{"alt_text":"","src":"https:\/\/i0.wp.com\/www.grieta.org.mx\/wp-content\/uploads\/2018\/03\/14524434_1106112876131411_958039263622046936_o.jpg?resize=350%2C200","width":350,"height":200,"srcset":"https:\/\/i0.wp.com\/www.grieta.org.mx\/wp-content\/uploads\/2018\/03\/14524434_1106112876131411_958039263622046936_o.jpg?resize=350%2C200 1x, https:\/\/i0.wp.com\/www.grieta.org.mx\/wp-content\/uploads\/2018\/03\/14524434_1106112876131411_958039263622046936_o.jpg?resize=525%2C300 1.5x, https:\/\/i0.wp.com\/www.grieta.org.mx\/wp-content\/uploads\/2018\/03\/14524434_1106112876131411_958039263622046936_o.jpg?resize=700%2C400 2x"},"classes":[]}],"_links":{"self":[{"href":"http:\/\/www.grieta.org.mx\/index.php\/wp-json\/wp\/v2\/posts\/1455","targetHints":{"allow":["GET"]}}],"collection":[{"href":"http:\/\/www.grieta.org.mx\/index.php\/wp-json\/wp\/v2\/posts"}],"about":[{"href":"http:\/\/www.grieta.org.mx\/index.php\/wp-json\/wp\/v2\/types\/post"}],"author":[{"embeddable":true,"href":"http:\/\/www.grieta.org.mx\/index.php\/wp-json\/wp\/v2\/users\/2"}],"replies":[{"embeddable":true,"href":"http:\/\/www.grieta.org.mx\/index.php\/wp-json\/wp\/v2\/comments?post=1455"}],"version-history":[{"count":1,"href":"http:\/\/www.grieta.org.mx\/index.php\/wp-json\/wp\/v2\/posts\/1455\/revisions"}],"predecessor-version":[{"id":1456,"href":"http:\/\/www.grieta.org.mx\/index.php\/wp-json\/wp\/v2\/posts\/1455\/revisions\/1456"}],"wp:featuredmedia":[{"embeddable":true,"href":"http:\/\/www.grieta.org.mx\/index.php\/wp-json\/wp\/v2\/media\/21928"}],"wp:attachment":[{"href":"http:\/\/www.grieta.org.mx\/index.php\/wp-json\/wp\/v2\/media?parent=1455"}],"wp:term":[{"taxonomy":"category","embeddable":true,"href":"http:\/\/www.grieta.org.mx\/index.php\/wp-json\/wp\/v2\/categories?post=1455"},{"taxonomy":"post_tag","embeddable":true,"href":"http:\/\/www.grieta.org.mx\/index.php\/wp-json\/wp\/v2\/tags?post=1455"}],"curies":[{"name":"wp","href":"https:\/\/api.w.org\/{rel}","templated":true}]}}