{"id":1451,"date":"2016-03-04T15:39:02","date_gmt":"2016-03-04T15:39:02","guid":{"rendered":"http:\/\/50.22.11.12\/~grietaor\/?p=1451"},"modified":"2016-03-07T15:46:27","modified_gmt":"2016-03-07T15:46:27","slug":"centro-ddhh-zeferino-ladrillero-alerta-sobre-criminalizacion-de-defensores-del-agua-comunitaria-en-tecamac","status":"publish","type":"post","link":"http:\/\/www.grieta.org.mx\/index.php\/2016\/03\/04\/centro-ddhh-zeferino-ladrillero-alerta-sobre-criminalizacion-de-defensores-del-agua-comunitaria-en-tecamac\/","title":{"rendered":"Centro ddhh Zeferino Ladrillero alerta sobre criminalizaci\u00f3n de defensores del agua comunitaria en Tec\u00e1mac"},"content":{"rendered":"<p>Tec\u00e1mac, es una de las 80 comunidades del estado de M\u00e9xico que gestiona su sistema local de aguas. En su caso, desde 1951, cuando inici\u00f3 la construcci\u00f3n del primer pozo, con trabajo voluntario y cooperaciones econ\u00f3micas de los vecinos. Pozo puntapi\u00e9 para el acceso comunitario a toda la infraestructura necesaria para autoabastecerse sin ayuda de ning\u00fan nivel de gobierno.<\/p>\n<p>El Centro de Derechos Humanos Zeferino Ladrillero, que trabaja en esa entidad, denunci\u00f3 en un comunicado emitido esta semana, la presi\u00f3n existente por parte del Edil de Tec\u00e1mac, Aron Urbina Bedolla, quien \u201cse encuentra en una campa\u00f1a de agresiones contra el sistema comunitario de agua, azuzando a su personal y a personas civiles afines a su partido pol\u00edtico para que calumnien y denigren a los defensores comunitarios del derecho al agua mediante panfletos, \u00edntas y publicidad pagada en algunos peri\u00f3dicos locales\u201d<\/p>\n<p>Adem\u00e1s del desprestigio y la campa\u00f1a sucia de difamaci\u00f3n desde arriba, el Zeferino apunta el peligro de lo que puede venir a continuaci\u00f3n: el uso del sistema judicial penal. Que se acuse a los luchadores de algo, pues y se los intente enviar a la c\u00e1rcel. Un mecanismo \u201cpor lo dem\u00e1s preocupante, por lo sistem\u00e1tico, en el estado de M\u00e9xico\u201d<\/p>\n<p>Por lo pronto, los de arriba ya han apelado a la violencia. La Asamblea Ciudadana reunida para elegir la integraci\u00f3n del Consejo Administrativo del Sistema de Agua Potable de Tec\u00e1mac fue violentada por un grupo de entre 30 y 40 personas, identificadas con el partido del edil del comienzo, que ingresaron por la fuerza, luego intentaron desvirtuar la discusi\u00f3n que se llevaba a cabo y por \u00faltimo, torcer la elecci\u00f3n de los representantes del Consejo de Aguas. Como no lo lograron, uno de ellos lleg\u00f3 a golpear a la secretaria de la Asociaci\u00f3n.<\/p>\n<p>El agua no es s\u00f3lo el problema. El Zeferino sostiene que entre las pretensiones del Edil -\u201cquien detenta el control pol\u00edtico del municipio durante los \u00faltimos 20 a\u00f1os, ya que ha fungido como presidente municipal de Tec\u00e1mac durante 4 ocasiones y como diputado local mexiquense en los periodos intermedios desde el a\u00f1o 1997 y ha vuelto por sus fueros este 2016 como Alcalde de Tec\u00e1mac\u201d- est\u00e1 el profundizar y continuar con el negocio de las micro viviendas. Adem\u00e1s tambi\u00e9n permitir, -de manera ilegal dice el centro-, la construcci\u00f3n de una empresa refresquera en la cabecera municipal de Tec\u00e1mac que continuar\u00e1 sobreexplotando un acu\u00edfero ya declarado en veda desde 1954 y considerado por la CONAGUA como gravemente abatido.<\/p>\n<p><a href=\"http:\/\/desinformemonos.org.mx\/centro-ddhh-zeferino-ladrillera-alerta-sobre-criminalizacion-de-defensores-del-agua-comunitaria-en-tecamac\/\" target=\"_blank\">http:\/\/desinformemonos.org.mx\/centro-ddhh-zeferino-ladrillera-alerta-sobre-criminalizacion-de-defensores-del-agua-comunitaria-en-tecamac\/<\/a><\/p>\n","protected":false},"excerpt":{"rendered":"<p>Tec\u00e1mac, es una de las 80 comunidades del estado de M\u00e9xico que gestiona su sistema local de aguas. En su caso, desde 1951, cuando inici\u00f3 la construcci\u00f3n del primer pozo, &hellip; <a href=\"http:\/\/www.grieta.org.mx\/index.php\/2016\/03\/04\/centro-ddhh-zeferino-ladrillero-alerta-sobre-criminalizacion-de-defensores-del-agua-comunitaria-en-tecamac\/\" class=\"more-link\">Leer m\u00e1s<\/a><\/p>\n","protected":false},"author":2,"featured_media":21928,"comment_status":"closed","ping_status":"open","sticky":false,"template":"","format":"standard","meta":{"ngg_post_thumbnail":0,"_jetpack_newsletter_access":"","_jetpack_dont_email_post_to_subs":false,"_jetpack_newsletter_tier_id":0,"_jetpack_memberships_contains_paywalled_content":false,"_jetpack_memberships_contains_paid_content":false,"footnotes":""},"categories":[80],"tags":[92],"class_list":["post-1451","post","type-post","status-publish","format-standard","has-post-thumbnail","hentry","category-cintillo","tag-estado-de-mexico","entry"],"jetpack_featured_media_url":"http:\/\/www.grieta.org.mx\/wp-content\/uploads\/2018\/03\/14524434_1106112876131411_958039263622046936_o.jpg","jetpack_sharing_enabled":true,"jetpack_shortlink":"https:\/\/wp.me\/p7ZJR4-np","jetpack_likes_enabled":false,"jetpack-related-posts":[{"id":948,"url":"http:\/\/www.grieta.org.mx\/index.php\/2016\/04\/21\/tecamac-defiende-el-control-de-sus-aguas-municipales\/","url_meta":{"origin":1451,"position":0},"title":"Tec\u00e1mac defiende el control de sus aguas municipales","author":"grieta","date":"21 abril, 2016","format":false,"excerpt":"21\/04\/16. Nueva avanzada contra los sistema de agua aut\u00f3nomos del estado de M\u00e9xicoDesinform\u00e9monos 03\/03\/16. Centro ddhh Zeferino Ladrillero alerta sobre criminalizaci\u00f3n de defensores del agua comunitaria en Tec\u00e1macDesinform\u00e9monos 05\/02\/16. Con violencia, priistas intentan arrebatar a pobladores el control de las aguas municipalesActivista MX 01\/12\/15. Foro regional en defensa de la\u2026","rel":"","context":"En &quot;Estado de M\u00e9xico&quot;","block_context":{"text":"Estado de M\u00e9xico","link":"http:\/\/www.grieta.org.mx\/index.php\/category\/noticias-nacionales\/estado-de-mexico\/"},"img":{"alt_text":"","src":"https:\/\/i0.wp.com\/www.grieta.org.mx\/wp-content\/uploads\/2018\/03\/14524434_1106112876131411_958039263622046936_o.jpg?resize=350%2C200","width":350,"height":200,"srcset":"https:\/\/i0.wp.com\/www.grieta.org.mx\/wp-content\/uploads\/2018\/03\/14524434_1106112876131411_958039263622046936_o.jpg?resize=350%2C200 1x, https:\/\/i0.wp.com\/www.grieta.org.mx\/wp-content\/uploads\/2018\/03\/14524434_1106112876131411_958039263622046936_o.jpg?resize=525%2C300 1.5x, https:\/\/i0.wp.com\/www.grieta.org.mx\/wp-content\/uploads\/2018\/03\/14524434_1106112876131411_958039263622046936_o.jpg?resize=700%2C400 2x"},"classes":[]},{"id":12320,"url":"http:\/\/www.grieta.org.mx\/index.php\/2016\/04\/21\/nueva-avanzada-contra-los-sistema-de-agua-autonomos-del-estado-de-mexico\/","url_meta":{"origin":1451,"position":1},"title":"Nueva avanzada contra los sistema de agua aut\u00f3nomos del estado de M\u00e9xico","author":"grieta","date":"21 abril, 2016","format":false,"excerpt":"Eliana Gilet Dos integrantes del Sistema de Agua Potable de Tec\u00e1mac, Estado de M\u00e9xico fueron atacados y amenazados por grupos de vecinos afines al presidente municipal, Aar\u00f3n Urbina Bedolla, durante las \u00faltimas semanas, seg\u00fan inform\u00f3 el centro de derechos humanos Zeferino Ladrillero. Tec\u00e1mac es uno de los pueblos del Edomex\u2026","rel":"","context":"En &quot;CINTILLO&quot;","block_context":{"text":"CINTILLO","link":"http:\/\/www.grieta.org.mx\/index.php\/category\/cintillo\/"},"img":{"alt_text":"","src":"https:\/\/i0.wp.com\/www.grieta.org.mx\/wp-content\/uploads\/2018\/03\/14524434_1106112876131411_958039263622046936_o.jpg?resize=350%2C200","width":350,"height":200,"srcset":"https:\/\/i0.wp.com\/www.grieta.org.mx\/wp-content\/uploads\/2018\/03\/14524434_1106112876131411_958039263622046936_o.jpg?resize=350%2C200 1x, https:\/\/i0.wp.com\/www.grieta.org.mx\/wp-content\/uploads\/2018\/03\/14524434_1106112876131411_958039263622046936_o.jpg?resize=525%2C300 1.5x, https:\/\/i0.wp.com\/www.grieta.org.mx\/wp-content\/uploads\/2018\/03\/14524434_1106112876131411_958039263622046936_o.jpg?resize=700%2C400 2x"},"classes":[]},{"id":38360,"url":"http:\/\/www.grieta.org.mx\/index.php\/2019\/08\/25\/lanzan-defensa-comunitaria-contra-santa-lucia\/","url_meta":{"origin":1451,"position":2},"title":"Lanzan defensa comunitaria contra Santa Luc\u00eda","author":"grieta","date":"25 agosto, 2019","format":false,"excerpt":"Texto: Lydiette Carri\u00f3n Fotos: Archivo \/ Ximena Natera y Duilio Rodr\u00edguez Pie de P\u00e1gina Los pueblos originarios en los municipios de Tec\u00e1mac, Zumpango y Nextlalpan est\u00e1n contra el proyecto Santa Luc\u00eda. Pero se desmarcan de las acciones legales que encabezan grupos de empresarios, quienes lo hacen bajo la l\u00f3gica empresarial.\u2026","rel":"","context":"En &quot;CINTILLO&quot;","block_context":{"text":"CINTILLO","link":"http:\/\/www.grieta.org.mx\/index.php\/category\/cintillo\/"},"img":{"alt_text":"","src":"https:\/\/i0.wp.com\/www.grieta.org.mx\/wp-content\/uploads\/2019\/08\/PdP_ECATEPEC-2_270619_MXN_0139_BAJA-1-1140x570.jpg?resize=350%2C200","width":350,"height":200,"srcset":"https:\/\/i0.wp.com\/www.grieta.org.mx\/wp-content\/uploads\/2019\/08\/PdP_ECATEPEC-2_270619_MXN_0139_BAJA-1-1140x570.jpg?resize=350%2C200 1x, https:\/\/i0.wp.com\/www.grieta.org.mx\/wp-content\/uploads\/2019\/08\/PdP_ECATEPEC-2_270619_MXN_0139_BAJA-1-1140x570.jpg?resize=525%2C300 1.5x, https:\/\/i0.wp.com\/www.grieta.org.mx\/wp-content\/uploads\/2019\/08\/PdP_ECATEPEC-2_270619_MXN_0139_BAJA-1-1140x570.jpg?resize=700%2C400 2x, https:\/\/i0.wp.com\/www.grieta.org.mx\/wp-content\/uploads\/2019\/08\/PdP_ECATEPEC-2_270619_MXN_0139_BAJA-1-1140x570.jpg?resize=1050%2C600 3x"},"classes":[]},{"id":794,"url":"http:\/\/www.grieta.org.mx\/index.php\/2015\/09\/05\/coyotepec-en-el-estado-de-mexico-profundiza-su-autonomia-en-su-derecho-al-agua\/","url_meta":{"origin":1451,"position":3},"title":"Coyotepec en el Estado de M\u00e9xico profundiza su autonom\u00eda en su derecho al agua","author":"grieta","date":"5 septiembre, 2015","format":false,"excerpt":"Centro de Derechos Humanos Zeferino Ladrillero Publicado por cdhzl el 5 de septiembre de 2015 en Bolet\u00edn de Prensa BOLETIN DE PRENSA COYOTEPEC EN EL ESTADO DE M\u00c9XICO PROFUNDIZA SU AUTONOM\u00cdA EN SU DERECHO AL AGUA *Puede ser agredido nuevamente por grupos de choque. Coyotepec, Estado de M\u00e9xico 4 de\u2026","rel":"","context":"En &quot;CINTILLO&quot;","block_context":{"text":"CINTILLO","link":"http:\/\/www.grieta.org.mx\/index.php\/category\/cintillo\/"},"img":{"alt_text":"","src":"https:\/\/i0.wp.com\/www.grieta.org.mx\/wp-content\/uploads\/2018\/03\/14524434_1106112876131411_958039263622046936_o.jpg?resize=350%2C200","width":350,"height":200,"srcset":"https:\/\/i0.wp.com\/www.grieta.org.mx\/wp-content\/uploads\/2018\/03\/14524434_1106112876131411_958039263622046936_o.jpg?resize=350%2C200 1x, https:\/\/i0.wp.com\/www.grieta.org.mx\/wp-content\/uploads\/2018\/03\/14524434_1106112876131411_958039263622046936_o.jpg?resize=525%2C300 1.5x, https:\/\/i0.wp.com\/www.grieta.org.mx\/wp-content\/uploads\/2018\/03\/14524434_1106112876131411_958039263622046936_o.jpg?resize=700%2C400 2x"},"classes":[]},{"id":282,"url":"http:\/\/www.grieta.org.mx\/index.php\/2015\/05\/10\/el-fuego-de-la-digna-resistencia-recorre-tecamac\/","url_meta":{"origin":1451,"position":4},"title":"El fuego de la digna resistencia recorre Tec\u00e1mac","author":"grieta","date":"10 mayo, 2015","format":false,"excerpt":"Por Jer\u00f3nimo D\u00edaz 8 de mayo de 2015, Tec\u00e1mac, Estado de M\u00e9xico. Llevan 10 d\u00edas recorriendo el oriente del Estado de M\u00e9xico para conocer y reconocerse entre distintos movimientos. La Caravana del Fuego de la Digna Resistencia busca hermanar a los pueblos originarios y campesinos, organizaciones sociales y educativas, sistemas\u2026","rel":"","context":"En &quot;CINTILLO&quot;","block_context":{"text":"CINTILLO","link":"http:\/\/www.grieta.org.mx\/index.php\/category\/cintillo\/"},"img":{"alt_text":"","src":"https:\/\/i0.wp.com\/www.grieta.org.mx\/wp-content\/uploads\/2018\/03\/14524434_1106112876131411_958039263622046936_o.jpg?resize=350%2C200","width":350,"height":200,"srcset":"https:\/\/i0.wp.com\/www.grieta.org.mx\/wp-content\/uploads\/2018\/03\/14524434_1106112876131411_958039263622046936_o.jpg?resize=350%2C200 1x, https:\/\/i0.wp.com\/www.grieta.org.mx\/wp-content\/uploads\/2018\/03\/14524434_1106112876131411_958039263622046936_o.jpg?resize=525%2C300 1.5x, https:\/\/i0.wp.com\/www.grieta.org.mx\/wp-content\/uploads\/2018\/03\/14524434_1106112876131411_958039263622046936_o.jpg?resize=700%2C400 2x"},"classes":[]},{"id":40295,"url":"http:\/\/www.grieta.org.mx\/index.php\/2019\/10\/16\/ong-acusa-que-se-violo-derecho-de-consulta-por-santa-lucia-alista-demanda-estado-de-mexico\/","url_meta":{"origin":1451,"position":5},"title":"ONG acusa que se viol\u00f3 derecho de consulta por Santa Luc\u00eda; alista demanda (Estado de M\u00e9xico)","author":"grieta","date":"16 octubre, 2019","format":false,"excerpt":"Emilio Fern\u00e1ndez \/ El Universal Considera que viol\u00f3 el derecho a la consulta de las comunidades originarias que no est\u00e1n de acuerdo con la construcci\u00f3n del aeropuerto Tec\u00e1mac.-El Frente de Pueblos Originarios en Defensa del Agua (FPODA) de Tec\u00e1mac y Zumpango demandar\u00e1 ante la Comisi\u00f3n Interamericana de Derechos Humanos (CIDH)\u2026","rel":"","context":"En &quot;CINTILLO&quot;","block_context":{"text":"CINTILLO","link":"http:\/\/www.grieta.org.mx\/index.php\/category\/cintillo\/"},"img":{"alt_text":"","src":"https:\/\/i0.wp.com\/www.grieta.org.mx\/wp-content\/uploads\/2019\/10\/ONG-acusa-que-se-viol%C3%B3-derecho-de-consulta-por-santa-luc%C3%ADa-alista-demanda-edomex-oct.jpg?resize=350%2C200","width":350,"height":200},"classes":[]}],"_links":{"self":[{"href":"http:\/\/www.grieta.org.mx\/index.php\/wp-json\/wp\/v2\/posts\/1451","targetHints":{"allow":["GET"]}}],"collection":[{"href":"http:\/\/www.grieta.org.mx\/index.php\/wp-json\/wp\/v2\/posts"}],"about":[{"href":"http:\/\/www.grieta.org.mx\/index.php\/wp-json\/wp\/v2\/types\/post"}],"author":[{"embeddable":true,"href":"http:\/\/www.grieta.org.mx\/index.php\/wp-json\/wp\/v2\/users\/2"}],"replies":[{"embeddable":true,"href":"http:\/\/www.grieta.org.mx\/index.php\/wp-json\/wp\/v2\/comments?post=1451"}],"version-history":[{"count":1,"href":"http:\/\/www.grieta.org.mx\/index.php\/wp-json\/wp\/v2\/posts\/1451\/revisions"}],"predecessor-version":[{"id":1452,"href":"http:\/\/www.grieta.org.mx\/index.php\/wp-json\/wp\/v2\/posts\/1451\/revisions\/1452"}],"wp:featuredmedia":[{"embeddable":true,"href":"http:\/\/www.grieta.org.mx\/index.php\/wp-json\/wp\/v2\/media\/21928"}],"wp:attachment":[{"href":"http:\/\/www.grieta.org.mx\/index.php\/wp-json\/wp\/v2\/media?parent=1451"}],"wp:term":[{"taxonomy":"category","embeddable":true,"href":"http:\/\/www.grieta.org.mx\/index.php\/wp-json\/wp\/v2\/categories?post=1451"},{"taxonomy":"post_tag","embeddable":true,"href":"http:\/\/www.grieta.org.mx\/index.php\/wp-json\/wp\/v2\/tags?post=1451"}],"curies":[{"name":"wp","href":"https:\/\/api.w.org\/{rel}","templated":true}]}}