{"id":145,"date":"2016-02-01T17:20:10","date_gmt":"2016-02-01T17:20:10","guid":{"rendered":"http:\/\/50.22.11.12\/~grietaor\/?p=145"},"modified":"2018-06-21T22:58:08","modified_gmt":"2018-06-22T03:58:08","slug":"mineria-en-oaxaca-imposicion-temor-y-despojo","status":"publish","type":"post","link":"http:\/\/www.grieta.org.mx\/index.php\/2016\/02\/01\/mineria-en-oaxaca-imposicion-temor-y-despojo\/","title":{"rendered":"Miner\u00eda en Oaxaca: imposici\u00f3n, temor y despojo"},"content":{"rendered":"<p>Roc\u00edo Flores, Oaxaca<\/p>\n<p>Ejutla de Crespo, Oaxaca.- \u201cEl territorio es abajo, arriba\u201d, el territorio no s\u00f3lo es s\u00f3lo una parcela de tierra, es el agua, las plantas, los r\u00edos, nuestras familias, nuestros derechos\u201d, coincidieron habitantes de 48 comunidades de Oaxaca y otros pa\u00edses a quienes se les ha violentado su derecho a la informaci\u00f3n y a la consulta, pues viven en territorios en los que el gobierno federal ha otorgado concesiones mineras sin el consentimiento de sus asambleas comunitarias.<\/p>\n<p>A pesar de que el derecho a la consulta previa libre e informada a los pueblos ind\u00edgenas u originarios est\u00e1 reconocido en el convenio 169 de la Organizaci\u00f3n Internacional del Trabajo (OIT), en Oaxaca existen numerosos conflictos que demuestran que la aplicacio?n del derecho en la pra?ctica todavi?a no es una realidad para las personas que habitan estos pueblos.<\/p>\n<p>Cerro de las Huertas, 90% concesionado a la Miner\u00eda<\/p>\n<p>Ubicada en la agencia municipal de Ejutla de Crespo, Oaxaca, a tan solo hora y media de la ciudad capital, la poblaci\u00f3n de Cerro de las Huertas reuni\u00f3 a integrantes de 48 comunidades, 30 organizaciones, 2 centros de investigaci\u00f3n y 3 radios comunitarias procedentes de los Valles Centrales, Sierra Sur, Costa, Istmo y Ca\u00f1ada, con el objetivo de generar un espacio de reflexi\u00f3n a nivel estatal sobre los desaf\u00edos a los que se enfrentan por las miner\u00edas.<\/p>\n<p>La poblaci\u00f3n aqu\u00ed, vive ya el lamentable malestar por el temor del despojo de sus tierras, el da\u00f1o a los terrenos de siembra y a la salud de las familias.<\/p>\n<p>El presidente del Comisariado de Bienes Comunales, Francisco Pacheco Barrita, narra que apenas en octubre del 2015 comenzaron a enterarse que la mayor parte de sus territorio est\u00e1 concesionado a empresas mineras, aunque los permisos fueron otorgados cinco a\u00f1os atr\u00e1s sin que ellos tuvieran conocimiento.<\/p>\n<p>Luego comenz\u00f3 la falsa idea de que iba a generar empleos dice el comisario.<\/p>\n<p>\u201cMuchos se dejaron convencer por personas extranjeras que les ofrecen dinero, pero no valoran lo verdaderamente importante, la vida de sus familias, de sus hijos, de sus nietos, nosotros estamos pensando en eso, nos est\u00e1 llegando fuerte y queremos que esto se pare\u201d<br \/>\n\u201cVienen comprando terrenos a particulares y se empiezan a meter y a meter, comienzan a hacer exploraciones y luego a meter maquinaria\u201d, agrega.<br \/>\nHasta ahora son 49 mil 743 hect\u00e1reas concesionadas, que abarca desde El Tule hasta San Jos\u00e9 Lachiguiri, todo Valles Centrales, refiere el comisario, quien se ha dado a la tarea de informar sobre las consecuencias de esta empresas en sus comunidades a trav\u00e9s de las asambleas comunitarias.<\/p>\n<p>El temor de la poblaci\u00f3n es porque son dos modalidades de minas, a cielo abierto y subterr\u00e1nea que afectar\u00eda el agua de la que se proveen, y con la que mantienen vivos sus terrenos de siembra, donde cosechan frutas y legumbres que con las que surten a los mercados en el distrito de Ejutla y Oaxaca.<\/p>\n<p>Pero Cerro de las Huertas no es la \u00fanica poblaci\u00f3n que se enfrenta a este tipo de proyectos, existen m\u00e1s de 400 concesiones, 35 proyectos mineros, impactando pr\u00e1cticamente las 8 regiones del estado de Oaxaca. Ninguna de estas concesiones y\/o proyectos tienen la anuencia de los pueblos y comunidades.<\/p>\n<p>La comunidad de Monte del Toro ubicada tambi\u00e9n en Ejutla de Crespo denunci\u00f3 en el encuentro al subdelegado de Conciliaci\u00f3n Agraria, Alfredo Ram\u00edrez , quien mediante enga\u00f1os y promesas falsas intenta dividir al ejido y exige el respeto a su declaratoria de territorio prohibido para la Miner\u00eda, realizada en noviembre de 2015.<\/p>\n<p>\u201cNo vamos a permitir la realizaci\u00f3n de ning\u00fan trabajo o exploraci\u00f3n minera en nuestra comunidad\u201d declararon.<\/p>\n<p>En tanto pobladores de Ciudad Ixtepec en el Istmo de Tehuantepec, expusieron en este encuentro su negativa rotunda al proyecto minero impulsado por la empresa Plata Real, Filial de Primero Mining, misma que est\u00e1 presionando a las autoridades para obtener su consentimiento.<\/p>\n<p>De su lado, la Coordinadora de Pueblos Unidos del Valle de Ocotl\u00e1n exige la cancelaci\u00f3n del proyecto minero \u201cSan Jos\u00e9\u201d y castigo a los responsables materiales e intelectuales de los asesinatos de Bernardo M\u00e9ndez y Bernardo V\u00e1squez. Alto a la campa\u00f1a promovida por Fortuna Silver para expandir su \u201cproyecto de muerte\u201d en las comunidades de Ocotl\u00e1n de Morelos y Ejutla de Crespo.<\/p>\n<p>El Centro de Estudios para la Regi\u00f3n Cuicateca (Cerec) denunci\u00f3 que en la regi\u00f3n de la Ca\u00f1ada existen 13 concesiones mineras, las cuales han vulnerado el derecho a la autonom\u00eda y el territorio. Exigen la cancelaci\u00f3n definitiva del proyecto \u201cLa Raquelita\u201d, ubicado en el municipio de San Juan Tepeuxila.<\/p>\n<p>Adem\u00e1s 14 comunidades chontales de los municipios de San Carlos Yautepec, Santa Mar\u00eda Ecatepec y Asunci\u00f3n Tlacolulita denunciaron que 5 mil 413 hect\u00e1reas est\u00e1n concesionadas a las empresas mineras Zalamera y Minaurum Gold, dichas concesiones tambi\u00e9n fueron entregadas por el gobierno federal sin su autorizaci\u00f3n, por lo que exigen la cancelaci\u00f3n de esos permisos.<\/p>\n<p>A estos proyectos mineros se suman tambi\u00e9n los proyectos e\u00f3licos e hidroel\u00e9ctricos que a decir de los afectados y organizaciones, son la expresi\u00f3n de un modelo de dominaci\u00f3n, basado en la extracci\u00f3n irracional de los bienes comunes de los pueblos, que se sustenta en el despojo, vulnera la autonom\u00eda, el territorio y violenta los sistemas comunitarios en los \u00e1mbitos econ\u00f3micos, pol\u00edticos, sociales y culturales.<\/p>\n<p>La resistencia<\/p>\n<p>Las personas participantes de este encuentro realizado el 29 y 30 de enero, se\u00f1alaron que las empresas mineras violentan sus derechos utilizando diversas estrategias y mecanismos para confrontar a las comunidades.<\/p>\n<p>Acusaron tambi\u00e9n que los gobiernos federal y estatal realizan modificaciones legislativas e institucionales en beneficio de los intereses de las empresas trasnacionales tales como el Fondo Minero, dichos cambios -apuntaron- tienen como finalidad el despojo de los territorios de los pueblos y comunidades ind\u00edgenas.<\/p>\n<p>\u201cA quienes luchan por la defensa de sus territorios se les criminaliza, se les persigue, encarcela y en el peor de los casos se les priva de la vida, el sistema de justicia tampoco garantiza el ejercicio de los derechos humanos\u201d, denunciaron.<\/p>\n<p>Frente a esta problem\u00e1tica com\u00fan, los representantes de las comunidades se\u00f1alaron que se organizan por la defensa de sus pueblos \u201c porque nuestro territorio es arriba, encima, abajo, es el agua, madera, la tierra, \u00e1rboles, pero tambi\u00e9n nuestros derechos\u201d.<\/p>\n<p>\u201cHay que dar la batalla a nivel, regional, nacional y mundial, expuso Francisco Rocael del Consejo de Pueblos Wuxhtaj de Guatemala.<\/p>\n<p>\u201cNuestros territorios sostienen la econom\u00eda y alimentaci\u00f3n comunitaria y regional, los proyectos mineros tambi\u00e9n amenazan gravemente dichas formas de vida, generan contaminaci\u00f3n irreversible\u201d.<\/p>\n<p>\u201cLa Miner\u00eda s\u00f3lo dej\u00f3 hu\u00e9rfanos, viudas y tristeza en Capul\u00e1lpam, hay que decir s\u00ed a la vida, o a la Miner\u00eda\u201d.<\/p>\n<p>\u201cDebemos desmentir la idea de progreso que promocionan las miner\u00edas\u201d, fueron algunas de las expresiones de personas, colectivos y pueblos que este d\u00eda iniciaron con la articulaci\u00f3n de esfuerzos para hacer un frente estatal contra este tipo de megaproyectos a los que han denominado \u201cproyectos de muerte\u201d.<\/p>\n<p><a href=\"http:\/\/www.oaxaca.media\/portada-2\/mineria-en-oaxaca-imposicion-temor-y-despojo\/\" target=\"_blank\" rel=\"noopener\">www.oaxaca.media\/portada-2\/mineria-en-oaxaca-imposicion-temor-y-despojo\/<\/a><\/p>\n","protected":false},"excerpt":{"rendered":"<p>Roc\u00edo Flores, Oaxaca Ejutla de Crespo, Oaxaca.- \u201cEl territorio es abajo, arriba\u201d, el territorio no s\u00f3lo es s\u00f3lo una parcela de tierra, es el agua, las plantas, los r\u00edos, nuestras &hellip; <a href=\"http:\/\/www.grieta.org.mx\/index.php\/2016\/02\/01\/mineria-en-oaxaca-imposicion-temor-y-despojo\/\" class=\"more-link\">Leer m\u00e1s<\/a><\/p>\n","protected":false},"author":2,"featured_media":21928,"comment_status":"closed","ping_status":"open","sticky":false,"template":"","format":"standard","meta":{"ngg_post_thumbnail":0,"_jetpack_newsletter_access":"","_jetpack_dont_email_post_to_subs":false,"_jetpack_newsletter_tier_id":0,"_jetpack_memberships_contains_paywalled_content":false,"_jetpack_memberships_contains_paid_content":false,"footnotes":""},"categories":[80,1357,2,25],"tags":[109,93],"class_list":["post-145","post","type-post","status-publish","format-standard","has-post-thumbnail","hentry","category-cintillo","category-conflictos-mineros-en-oaxaca","category-noticias-nacionales","category-oaxaca","tag-mineria","tag-oaxaca","entry"],"jetpack_featured_media_url":"http:\/\/www.grieta.org.mx\/wp-content\/uploads\/2018\/03\/14524434_1106112876131411_958039263622046936_o.jpg","jetpack_sharing_enabled":true,"jetpack_shortlink":"https:\/\/wp.me\/p7ZJR4-2l","jetpack_likes_enabled":false,"jetpack-related-posts":[{"id":70622,"url":"http:\/\/www.grieta.org.mx\/index.php\/2024\/11\/15\/comunidades-zapotecas-de-valles-centrales-de-oaxaca-rechazan-la-mineria-y-exigen-la-cancelacion-de-proyectos-extractivistas\/","url_meta":{"origin":145,"position":0},"title":"Comunidades zapotecas de Valles Centrales de Oaxaca rechazan la miner\u00eda y exigen la cancelaci\u00f3n de proyectos extractivistas","author":"grieta","date":"15 noviembre, 2024","format":false,"excerpt":"Imagen: Somos el Medio 29 comunidades zapotecas de los Valles Centrales de Oaxaca firmaron una declaratoria regional para prohibir la miner\u00eda en sus territorios, exigiendo la cancelaci\u00f3n del proyecto minero San Jos\u00e9 y las concesiones otorgadas sin su consentimiento, en defensa de sus derechos, el medio ambiente y su tejido\u2026","rel":"","context":"En &quot;CINTILLO&quot;","block_context":{"text":"CINTILLO","link":"http:\/\/www.grieta.org.mx\/index.php\/category\/cintillo\/"},"img":{"alt_text":"","src":"https:\/\/i0.wp.com\/www.grieta.org.mx\/wp-content\/uploads\/2024\/12\/466868332_588359390253850_6499656997780845187_n.jpg?resize=350%2C200","width":350,"height":200,"srcset":"https:\/\/i0.wp.com\/www.grieta.org.mx\/wp-content\/uploads\/2024\/12\/466868332_588359390253850_6499656997780845187_n.jpg?resize=350%2C200 1x, https:\/\/i0.wp.com\/www.grieta.org.mx\/wp-content\/uploads\/2024\/12\/466868332_588359390253850_6499656997780845187_n.jpg?resize=525%2C300 1.5x, https:\/\/i0.wp.com\/www.grieta.org.mx\/wp-content\/uploads\/2024\/12\/466868332_588359390253850_6499656997780845187_n.jpg?resize=700%2C400 2x, https:\/\/i0.wp.com\/www.grieta.org.mx\/wp-content\/uploads\/2024\/12\/466868332_588359390253850_6499656997780845187_n.jpg?resize=1050%2C600 3x, https:\/\/i0.wp.com\/www.grieta.org.mx\/wp-content\/uploads\/2024\/12\/466868332_588359390253850_6499656997780845187_n.jpg?resize=1400%2C800 4x"},"classes":[]},{"id":72087,"url":"http:\/\/www.grieta.org.mx\/index.php\/2025\/07\/24\/pueblos-de-oaxaca-acusan-que-autoridades-avalan-despojo-y-desastre-ecologico-de-minera-cuzcatlan-exigimos-que-se-vayan-de-nuestro-territorio\/","url_meta":{"origin":145,"position":1},"title":"Pueblos de Oaxaca acusan que autoridades avalan despojo y desastre ecol\u00f3gico de Minera Cuzcatl\u00e1n: \u201cExigimos que se vayan de nuestro territorio\u201d","author":"grieta","date":"24 julio, 2025","format":false,"excerpt":"Imagen: Istmo Press Diana Manzo \/ Istmo Press Oaxaca, Oax.- Con aval de autoridades federales y de Oaxaca la Minera Cuzcatl\u00e1n sigue operando en este territorio sure\u00f1o dejando un desastre ecol\u00f3gico y social en diversas comunidades ind\u00edgenas, quienes con una marcha exigen que se vayan de su territorio. Conformadas en\u2026","rel":"","context":"En &quot;CINTILLO&quot;","block_context":{"text":"CINTILLO","link":"http:\/\/www.grieta.org.mx\/index.php\/category\/cintillo\/"},"img":{"alt_text":"","src":"https:\/\/i0.wp.com\/www.grieta.org.mx\/wp-content\/uploads\/2025\/07\/IMG_9769.jpeg?resize=350%2C200","width":350,"height":200,"srcset":"https:\/\/i0.wp.com\/www.grieta.org.mx\/wp-content\/uploads\/2025\/07\/IMG_9769.jpeg?resize=350%2C200 1x, https:\/\/i0.wp.com\/www.grieta.org.mx\/wp-content\/uploads\/2025\/07\/IMG_9769.jpeg?resize=525%2C300 1.5x, https:\/\/i0.wp.com\/www.grieta.org.mx\/wp-content\/uploads\/2025\/07\/IMG_9769.jpeg?resize=700%2C400 2x"},"classes":[]},{"id":44855,"url":"http:\/\/www.grieta.org.mx\/index.php\/2020\/02\/21\/se-opone-cuatro-venados-a-la-mineria-oaxaca\/","url_meta":{"origin":145,"position":2},"title":"Se opone Cuatro Venados a la miner\u00eda (Oaxaca)","author":"grieta","date":"21 febrero, 2020","format":false,"excerpt":"Noticias \/ Octavio V\u00e9lez. Comuneros de San Pablo Cuatro Venados, regi\u00f3n de Valles Centrales, denunciaron que el gobierno federal de Enrique Pe\u00f1a Nieto entreg\u00f3 tres concesiones mineras en su territorio para la explotaci\u00f3n de oro y plata, sin su consentimiento y sin respetar sus derechos. En conferencia de prensa, la\u2026","rel":"","context":"En &quot;CINTILLO&quot;","block_context":{"text":"CINTILLO","link":"http:\/\/www.grieta.org.mx\/index.php\/category\/cintillo\/"},"img":{"alt_text":"","src":"https:\/\/i0.wp.com\/www.grieta.org.mx\/wp-content\/uploads\/2020\/02\/copia_de_minera_1.jpg?resize=350%2C200","width":350,"height":200,"srcset":"https:\/\/i0.wp.com\/www.grieta.org.mx\/wp-content\/uploads\/2020\/02\/copia_de_minera_1.jpg?resize=350%2C200 1x, https:\/\/i0.wp.com\/www.grieta.org.mx\/wp-content\/uploads\/2020\/02\/copia_de_minera_1.jpg?resize=525%2C300 1.5x, https:\/\/i0.wp.com\/www.grieta.org.mx\/wp-content\/uploads\/2020\/02\/copia_de_minera_1.jpg?resize=700%2C400 2x, https:\/\/i0.wp.com\/www.grieta.org.mx\/wp-content\/uploads\/2020\/02\/copia_de_minera_1.jpg?resize=1050%2C600 3x"},"classes":[]},{"id":62858,"url":"http:\/\/www.grieta.org.mx\/index.php\/2021\/12\/14\/pueblos-de-oaxaca-rechazan-consulta-de-semanart-sobre-permanencia-de-cuzcatlan\/","url_meta":{"origin":145,"position":3},"title":"Pueblos de Oaxaca rechazan consulta de Semanart sobre permanencia de Cuzcatl\u00e1n","author":"grieta","date":"14 diciembre, 2021","format":false,"excerpt":"Avispa Midia \/ Redacci\u00f3n. Diez pueblos zapotecas de los Valles Centrales de Oaxaca se reunieron, en los d\u00edas 10 y 11 de diciembre, en asamblea comunitaria regional y reafirmaron su rechazo al proyecto minero de la empresa Cuzcatl\u00e1n, filial de la canadiense Fortuna Silver Mines. Todas las diez comunidades presentaron\u2026","rel":"","context":"En &quot;CINTILLO&quot;","block_context":{"text":"CINTILLO","link":"http:\/\/www.grieta.org.mx\/index.php\/category\/cintillo\/"},"img":{"alt_text":"","src":"https:\/\/i0.wp.com\/www.grieta.org.mx\/wp-content\/uploads\/2021\/12\/AM141221.jpg?resize=350%2C200","width":350,"height":200,"srcset":"https:\/\/i0.wp.com\/www.grieta.org.mx\/wp-content\/uploads\/2021\/12\/AM141221.jpg?resize=350%2C200 1x, https:\/\/i0.wp.com\/www.grieta.org.mx\/wp-content\/uploads\/2021\/12\/AM141221.jpg?resize=525%2C300 1.5x, https:\/\/i0.wp.com\/www.grieta.org.mx\/wp-content\/uploads\/2021\/12\/AM141221.jpg?resize=700%2C400 2x, https:\/\/i0.wp.com\/www.grieta.org.mx\/wp-content\/uploads\/2021\/12\/AM141221.jpg?resize=1050%2C600 3x"},"classes":[]},{"id":62835,"url":"http:\/\/www.grieta.org.mx\/index.php\/2021\/12\/13\/frente-no-a-la-mineria-acusa-a-la-semarnat-por-consulta-amanada-y-favorecer-a-empresa-cuzcatlan-oaxaca\/","url_meta":{"origin":145,"position":4},"title":"Frente No a la Miner\u00eda acusa a la Semarnat por consulta ama\u00f1ada y favorecer a empresa Cuzcatl\u00e1n (Oaxaca)","author":"grieta","date":"13 diciembre, 2021","format":false,"excerpt":"Proceso \/ Pedro Mat\u00edas. Comunidades zapotecas hicieron valer su derecho de libre determinaci\u00f3n como pueblos ind\u00edgenas por lo que realizaron su propia consulta en una Asamblea Regional en Santa Catarina Minas, Ocotl\u00e1n, donde ratificaron su acuerdo para frenar la explotaci\u00f3n en la regi\u00f3n. Di\u00e1logo.La sesi\u00f3n donde se rechaz\u00f3 la miner\u00eda\u2026","rel":"","context":"En &quot;CINTILLO&quot;","block_context":{"text":"CINTILLO","link":"http:\/\/www.grieta.org.mx\/index.php\/category\/cintillo\/"},"img":{"alt_text":"","src":"https:\/\/i0.wp.com\/www.grieta.org.mx\/wp-content\/uploads\/2021\/12\/1-1.jpg?resize=350%2C200","width":350,"height":200,"srcset":"https:\/\/i0.wp.com\/www.grieta.org.mx\/wp-content\/uploads\/2021\/12\/1-1.jpg?resize=350%2C200 1x, https:\/\/i0.wp.com\/www.grieta.org.mx\/wp-content\/uploads\/2021\/12\/1-1.jpg?resize=525%2C300 1.5x, https:\/\/i0.wp.com\/www.grieta.org.mx\/wp-content\/uploads\/2021\/12\/1-1.jpg?resize=700%2C400 2x"},"classes":[]},{"id":68528,"url":"http:\/\/www.grieta.org.mx\/index.php\/2024\/02\/19\/que-ni-lo-intenten-nuestro-territorio-es-libre-de-mineria-le-dicen-zoques-de-chimalapas-a-canadiense-minaurum-gold-y-gobierno-federal-oaxaca\/","url_meta":{"origin":145,"position":5},"title":"\u201cQue ni lo intenten, nuestro territorio es libre de miner\u00eda\u201d le dicen zoques de Chimalapas a canadiense Minaurum Gold y gobierno federal (Oaxaca)","author":"grieta","date":"19 febrero, 2024","format":false,"excerpt":"Imagen: Istmo Press Diana Manzo \/ Istmo Press \u201cQue ni lo intenten, nuestro territorio es libre de Mineria \u201d, le dicen comuneros zoques al gobierno federal y a la empresa minera canadiense Minaurum Gold tras un anuncio publico de querer explotar este territorio ubicado en el Istmo oaxaque\u00f1o. Los comuneros\u2026","rel":"","context":"En &quot;CINTILLO&quot;","block_context":{"text":"CINTILLO","link":"http:\/\/www.grieta.org.mx\/index.php\/category\/cintillo\/"},"img":{"alt_text":"","src":"https:\/\/i0.wp.com\/www.grieta.org.mx\/wp-content\/uploads\/2024\/02\/1708409990085-800x445-1.jpg?resize=350%2C200","width":350,"height":200,"srcset":"https:\/\/i0.wp.com\/www.grieta.org.mx\/wp-content\/uploads\/2024\/02\/1708409990085-800x445-1.jpg?resize=350%2C200 1x, https:\/\/i0.wp.com\/www.grieta.org.mx\/wp-content\/uploads\/2024\/02\/1708409990085-800x445-1.jpg?resize=525%2C300 1.5x, https:\/\/i0.wp.com\/www.grieta.org.mx\/wp-content\/uploads\/2024\/02\/1708409990085-800x445-1.jpg?resize=700%2C400 2x"},"classes":[]}],"_links":{"self":[{"href":"http:\/\/www.grieta.org.mx\/index.php\/wp-json\/wp\/v2\/posts\/145","targetHints":{"allow":["GET"]}}],"collection":[{"href":"http:\/\/www.grieta.org.mx\/index.php\/wp-json\/wp\/v2\/posts"}],"about":[{"href":"http:\/\/www.grieta.org.mx\/index.php\/wp-json\/wp\/v2\/types\/post"}],"author":[{"embeddable":true,"href":"http:\/\/www.grieta.org.mx\/index.php\/wp-json\/wp\/v2\/users\/2"}],"replies":[{"embeddable":true,"href":"http:\/\/www.grieta.org.mx\/index.php\/wp-json\/wp\/v2\/comments?post=145"}],"version-history":[{"count":1,"href":"http:\/\/www.grieta.org.mx\/index.php\/wp-json\/wp\/v2\/posts\/145\/revisions"}],"predecessor-version":[{"id":23883,"href":"http:\/\/www.grieta.org.mx\/index.php\/wp-json\/wp\/v2\/posts\/145\/revisions\/23883"}],"wp:featuredmedia":[{"embeddable":true,"href":"http:\/\/www.grieta.org.mx\/index.php\/wp-json\/wp\/v2\/media\/21928"}],"wp:attachment":[{"href":"http:\/\/www.grieta.org.mx\/index.php\/wp-json\/wp\/v2\/media?parent=145"}],"wp:term":[{"taxonomy":"category","embeddable":true,"href":"http:\/\/www.grieta.org.mx\/index.php\/wp-json\/wp\/v2\/categories?post=145"},{"taxonomy":"post_tag","embeddable":true,"href":"http:\/\/www.grieta.org.mx\/index.php\/wp-json\/wp\/v2\/tags?post=145"}],"curies":[{"name":"wp","href":"https:\/\/api.w.org\/{rel}","templated":true}]}}