{"id":1447,"date":"2016-03-06T15:30:28","date_gmt":"2016-03-06T15:30:28","guid":{"rendered":"http:\/\/50.22.11.12\/~grietaor\/?p=1447"},"modified":"2016-03-07T15:34:00","modified_gmt":"2016-03-07T15:34:00","slug":"rostros-de-fuego-protesta-en-un-epicentro-de-feminicidios","status":"publish","type":"post","link":"http:\/\/www.grieta.org.mx\/index.php\/2016\/03\/06\/rostros-de-fuego-protesta-en-un-epicentro-de-feminicidios\/","title":{"rendered":"Rostros de Fuego: Protesta en un epicentro de feminicidios"},"content":{"rendered":"<p>Jes\u00fas Vergara<\/p>\n<p>La tarde de este s\u00e1bado (5 de marzo del 2016) un grupo de personas, en su mayor\u00eda mujeres, alzaron la voz en contra de los m\u00faltiples feminicidios y actos de violencia de g\u00e9nero en una de las entidades m\u00e1s afectadas por este terrible problema; nos referimos al Estado de M\u00e9xico. Cabe se\u00f1alar que a\u00fan con la alerta de g\u00e9nero emitida por SEGOB en once municipios de esta entidad, los asesinatos y desapariciones contra las mujeres no se han reducido. Incluso se ha documentado como es que dicha alerta de g\u00e9nero fue retardada por motivos electorales, en una de las tantas acusaciones que ha recibido Lorena Cruz S\u00e1nchez titular del Instituto Nacional de las Mujeres (Inmujeres), por abusos laborales, despilfarro de recursos p\u00fablicos, favoritismo, entrega ama\u00f1ada de contratos y nulo compromiso con la igualdad de g\u00e9nero (ver nota en Proceso).<\/p>\n<p>La urgente protesta inici\u00f3 en el municipio de Ecatepec y contin\u00fao en diversas rutas del transporte p\u00fablico hasta llegar a Chimalhuac\u00e1n, en donde realizaron el Performance titulado \u201cRostros de Fuego, del Bordo a la esperanza\u201d:<\/p>\n<p>Ante el vac\u00edo institucional, que no solo permite sino que fomenta la violencia en sus m\u00faltiples formas (la de g\u00e9nero incluida), la colectiva feminista Enredadas, cuyas integrantes acompa\u00f1aron en todo momento la protesta, expresaba el sentido de esta actividad de la siguiente forma: \u201cEstamos generando este movimiento dentro de la periferia urbana. Salimos a gritar, a marchar y prestar nuestro rostro indignado a las mujeres que la violencia machista les ha desdibujado, a las que su cuerpo les han mutilado, a quienes han embolsado y arrojado al bordo, a quienes las han baleado a plena luz del d\u00eda y que se les ha aniquilado, ah\u00ed junto a un Estado omiso y una sociedad indolente en su silencio. Por eso salimos hoy a las calles a decirles: \u00a1Nos vamos a defender!\u201d<\/p>\n<p>Exigencia que a\u00fan a pesar del dolor que provoca el indignante fen\u00f3meno no deja de ser colorida, amorosa, acompa\u00f1ada con silbatos, bailes y consignas que ante todo catalizan la sororidad para defender la vida y la dignidad de las mujeres. Poco a poco vemos como la organizaci\u00f3n comunitaria sale a las calles, primero para visibilizar los fen\u00f3menos que una sociedad hist\u00f3ricamente oprimida por la cultura patriarcal es incapaz de reconocer, y despu\u00e9s porque una vez reconoci\u00e9ndolos no queda otro camino que el compromiso que resuelve o la indiferencia c\u00f3mplice. Es por eso que desde aqu\u00ed nos unimos a la exigencia de una calle sin acoso y de una sociedad sin violencia de g\u00e9nero y junto a ellas decimos: \u00a1Nos queremos vivas, dignas y felices!<\/p>\n<p><a href=\"http:\/\/terceravia.mx\/2016\/03\/protesta-feminicidios\/\" target=\"_blank\">http:\/\/terceravia.mx\/2016\/03\/protesta-feminicidios\/<\/a><\/p>\n","protected":false},"excerpt":{"rendered":"<p>Jes\u00fas Vergara La tarde de este s\u00e1bado (5 de marzo del 2016) un grupo de personas, en su mayor\u00eda mujeres, alzaron la voz en contra de los m\u00faltiples feminicidios y &hellip; <a href=\"http:\/\/www.grieta.org.mx\/index.php\/2016\/03\/06\/rostros-de-fuego-protesta-en-un-epicentro-de-feminicidios\/\" class=\"more-link\">Leer m\u00e1s<\/a><\/p>\n","protected":false},"author":2,"featured_media":21928,"comment_status":"closed","ping_status":"open","sticky":false,"template":"","format":"standard","meta":{"ngg_post_thumbnail":0,"_jetpack_newsletter_access":"","_jetpack_dont_email_post_to_subs":false,"_jetpack_newsletter_tier_id":0,"_jetpack_memberships_contains_paywalled_content":false,"_jetpack_memberships_contains_paid_content":false,"footnotes":""},"categories":[80],"tags":[92,81],"class_list":["post-1447","post","type-post","status-publish","format-standard","has-post-thumbnail","hentry","category-cintillo","tag-estado-de-mexico","tag-feminicidios","entry"],"jetpack_featured_media_url":"http:\/\/www.grieta.org.mx\/wp-content\/uploads\/2018\/03\/14524434_1106112876131411_958039263622046936_o.jpg","jetpack_sharing_enabled":true,"jetpack_shortlink":"https:\/\/wp.me\/p7ZJR4-nl","jetpack_likes_enabled":false,"jetpack-related-posts":[{"id":2498,"url":"http:\/\/www.grieta.org.mx\/index.php\/2016\/08\/22\/feminicidios-en-el-estado-de-mexico\/","url_meta":{"origin":1447,"position":0},"title":"Feminicidios en el Estado de M\u00e9xico","author":"grieta","date":"22 agosto, 2016","format":false,"excerpt":"22\/08\/16. Crecen violencia machista y n\u00famero de mujeres desaparecidasTres PM 10\/08\/16. Once feminicidios violentos en una semana en Edo. de M\u00e9xicoDiario Cambio 02\/08\/16. AVG Edomex, un a\u00f1o de omisi\u00f3n y discurso medi\u00e1ticoSomos el Medio 26\/07\/16. La Alerta de G\u00e9nero cumple 1 a\u00f1o, y nada: Edomex no mueve un dedo contra\u2026","rel":"","context":"En &quot;Estado de M\u00e9xico&quot;","block_context":{"text":"Estado de M\u00e9xico","link":"http:\/\/www.grieta.org.mx\/index.php\/category\/noticias-nacionales\/estado-de-mexico\/"},"img":{"alt_text":"","src":"https:\/\/i0.wp.com\/www.grieta.org.mx\/wp-content\/uploads\/2018\/03\/14524434_1106112876131411_958039263622046936_o.jpg?resize=350%2C200","width":350,"height":200,"srcset":"https:\/\/i0.wp.com\/www.grieta.org.mx\/wp-content\/uploads\/2018\/03\/14524434_1106112876131411_958039263622046936_o.jpg?resize=350%2C200 1x, https:\/\/i0.wp.com\/www.grieta.org.mx\/wp-content\/uploads\/2018\/03\/14524434_1106112876131411_958039263622046936_o.jpg?resize=525%2C300 1.5x, https:\/\/i0.wp.com\/www.grieta.org.mx\/wp-content\/uploads\/2018\/03\/14524434_1106112876131411_958039263622046936_o.jpg?resize=700%2C400 2x"},"classes":[]},{"id":21711,"url":"http:\/\/www.grieta.org.mx\/index.php\/2018\/01\/26\/estados-con-alerta-de-genero-lideran-cifras-de-feminicidio\/","url_meta":{"origin":1447,"position":1},"title":"Estados con alerta de g\u00e9nero lideran cifras de feminicidio","author":"Admin","date":"26 enero, 2018","format":false,"excerpt":"Durante 2017, se cometieron 671 asesinatos de mujeres y en la mayor\u00eda de los casos priva la impunidad CIUDAD DE M\u00c9XICO (EL UNIVERSAL).- Diez de los 13 estados del pa\u00eds en los que se ha activado la alerta de g\u00e9nero por violencia contra las mujeres (AVGM) concentran el mayor n\u00famero\u2026","rel":"","context":"En &quot;CINTILLO&quot;","block_context":{"text":"CINTILLO","link":"http:\/\/www.grieta.org.mx\/index.php\/category\/cintillo\/"},"img":{"alt_text":"","src":"https:\/\/i0.wp.com\/www.grieta.org.mx\/wp-content\/uploads\/2018\/02\/cruce.png_1270173662.png?resize=350%2C200","width":350,"height":200,"srcset":"https:\/\/i0.wp.com\/www.grieta.org.mx\/wp-content\/uploads\/2018\/02\/cruce.png_1270173662.png?resize=350%2C200 1x, https:\/\/i0.wp.com\/www.grieta.org.mx\/wp-content\/uploads\/2018\/02\/cruce.png_1270173662.png?resize=525%2C300 1.5x, https:\/\/i0.wp.com\/www.grieta.org.mx\/wp-content\/uploads\/2018\/02\/cruce.png_1270173662.png?resize=700%2C400 2x"},"classes":[]},{"id":3521,"url":"http:\/\/www.grieta.org.mx\/index.php\/2015\/08\/11\/ahora-piden-alerta-de-genero-para-zacatecas\/","url_meta":{"origin":1447,"position":2},"title":"Ahora piden alerta de g\u00e9nero para Zacatecas","author":"grieta","date":"11 agosto, 2015","format":false,"excerpt":"Redacci\u00f3n SDPnoticias.com 11 ago 2015 La directora del Centro de Justicia para las Mujeres de la entidad asegur\u00f3 que la violencia de g\u00e9nero es algo de todos los d\u00edas en el estado. M\u00e9xico.- Debido al alto n\u00famero de mujeres asesinadas en la entidad, que se eleva al menos a 20\u2026","rel":"","context":"En &quot;CINTILLO&quot;","block_context":{"text":"CINTILLO","link":"http:\/\/www.grieta.org.mx\/index.php\/category\/cintillo\/"},"img":{"alt_text":"","src":"https:\/\/i0.wp.com\/www.grieta.org.mx\/wp-content\/uploads\/2018\/03\/14524434_1106112876131411_958039263622046936_o.jpg?resize=350%2C200","width":350,"height":200,"srcset":"https:\/\/i0.wp.com\/www.grieta.org.mx\/wp-content\/uploads\/2018\/03\/14524434_1106112876131411_958039263622046936_o.jpg?resize=350%2C200 1x, https:\/\/i0.wp.com\/www.grieta.org.mx\/wp-content\/uploads\/2018\/03\/14524434_1106112876131411_958039263622046936_o.jpg?resize=525%2C300 1.5x, https:\/\/i0.wp.com\/www.grieta.org.mx\/wp-content\/uploads\/2018\/03\/14524434_1106112876131411_958039263622046936_o.jpg?resize=700%2C400 2x"},"classes":[]},{"id":24773,"url":"http:\/\/www.grieta.org.mx\/index.php\/2018\/07\/16\/mas-de-198-feminicidios-en-oaxaca-urge-declarar-alerta-de-genero\/","url_meta":{"origin":1447,"position":3},"title":"M\u00e1s de 198 feminicidios en Oaxaca, urge declarar alerta de g\u00e9nero","author":"grieta","date":"16 julio, 2018","format":false,"excerpt":"P\u00e1gina 3. Diana Manzo \/ Corresponsal, Juchit\u00e1n, Oaxaca.- Paulina Tolentino L\u00f3pez de 16 a\u00f1os de edad desapareci\u00f3 hace una semana en Juchit\u00e1n y todav\u00eda no aparece, seg\u00fan la organizaci\u00f3n social Consorcio para la Equidad y G\u00e9nero suman 278 mujeres las desaparecidas en Oaxaca desde la administraci\u00f3n del actual gobernador Alejandro\u2026","rel":"","context":"En &quot;CINTILLO&quot;","block_context":{"text":"CINTILLO","link":"http:\/\/www.grieta.org.mx\/index.php\/category\/cintillo\/"},"img":{"alt_text":"","src":"https:\/\/i0.wp.com\/www.grieta.org.mx\/wp-content\/uploads\/2018\/07\/feminicidio-en-Oaxaca.jpg?resize=350%2C200","width":350,"height":200,"srcset":"https:\/\/i0.wp.com\/www.grieta.org.mx\/wp-content\/uploads\/2018\/07\/feminicidio-en-Oaxaca.jpg?resize=350%2C200 1x, https:\/\/i0.wp.com\/www.grieta.org.mx\/wp-content\/uploads\/2018\/07\/feminicidio-en-Oaxaca.jpg?resize=525%2C300 1.5x, https:\/\/i0.wp.com\/www.grieta.org.mx\/wp-content\/uploads\/2018\/07\/feminicidio-en-Oaxaca.jpg?resize=700%2C400 2x"},"classes":[]},{"id":41686,"url":"http:\/\/www.grieta.org.mx\/index.php\/2019\/11\/29\/mujeres-realizan-performance-un-violador-en-tu-camino-en-toluca-estado-de-mexico\/","url_meta":{"origin":1447,"position":4},"title":"Mujeres realizan performance \u201cUn violador en tu camino\u201d en Toluca (Estado de M\u00e9xico)","author":"grieta","date":"29 noviembre, 2019","format":false,"excerpt":"Foto: El Gr\u00e1fico Claudia Gonz\u00e1lez \/ El Universal Con pa\u00f1uelos verdes, las adolescentes se apostaron frente al Palacio de Gobierno del Estado de M\u00e9xico y exigieron a las autoridades atender la violencia de g\u00e9nero Un grupo de mujeres realiz\u00f3 el performance \u201cUn violador en tu camino\u201d en el centro de\u2026","rel":"","context":"En &quot;CINTILLO&quot;","block_context":{"text":"CINTILLO","link":"http:\/\/www.grieta.org.mx\/index.php\/category\/cintillo\/"},"img":{"alt_text":"","src":"https:\/\/i0.wp.com\/www.grieta.org.mx\/wp-content\/uploads\/2019\/11\/Mujeres-realizan-performance-%E2%80%9CUn-violador-en-tu-camino-toluca-edomex-nov.jpg?resize=350%2C200","width":350,"height":200},"classes":[]},{"id":1593,"url":"http:\/\/www.grieta.org.mx\/index.php\/2015\/12\/02\/edomex-debera-emitir-disculpa-publica-por-su-tardia-atencion-a-feminicidios\/","url_meta":{"origin":1447,"position":5},"title":"Edomex deber\u00e1 emitir disculpa p\u00fablica por su tard\u00eda atenci\u00f3n a feminicidios","author":"grieta","date":"2 diciembre, 2015","format":false,"excerpt":"Paula Mar\u00eda Garc\u00eda Villegas S\u00e1nchez Cordero, jueza Segunda de Distrito en Materia Administrativa del Distrito Federal, emiti\u00f3 una sentencia el pasado 25 de noviembre donde determin\u00f3 amparar a la Comisi\u00f3n Mexicana de Defensa y Promoci\u00f3n de los Derechos Humanos A.C. (CMDPDH) debido al retardo injustificado en la emisi\u00f3n de la\u2026","rel":"","context":"En &quot;CINTILLO&quot;","block_context":{"text":"CINTILLO","link":"http:\/\/www.grieta.org.mx\/index.php\/category\/cintillo\/"},"img":{"alt_text":"","src":"https:\/\/i0.wp.com\/www.grieta.org.mx\/wp-content\/uploads\/2018\/03\/14524434_1106112876131411_958039263622046936_o.jpg?resize=350%2C200","width":350,"height":200,"srcset":"https:\/\/i0.wp.com\/www.grieta.org.mx\/wp-content\/uploads\/2018\/03\/14524434_1106112876131411_958039263622046936_o.jpg?resize=350%2C200 1x, https:\/\/i0.wp.com\/www.grieta.org.mx\/wp-content\/uploads\/2018\/03\/14524434_1106112876131411_958039263622046936_o.jpg?resize=525%2C300 1.5x, https:\/\/i0.wp.com\/www.grieta.org.mx\/wp-content\/uploads\/2018\/03\/14524434_1106112876131411_958039263622046936_o.jpg?resize=700%2C400 2x"},"classes":[]}],"_links":{"self":[{"href":"http:\/\/www.grieta.org.mx\/index.php\/wp-json\/wp\/v2\/posts\/1447","targetHints":{"allow":["GET"]}}],"collection":[{"href":"http:\/\/www.grieta.org.mx\/index.php\/wp-json\/wp\/v2\/posts"}],"about":[{"href":"http:\/\/www.grieta.org.mx\/index.php\/wp-json\/wp\/v2\/types\/post"}],"author":[{"embeddable":true,"href":"http:\/\/www.grieta.org.mx\/index.php\/wp-json\/wp\/v2\/users\/2"}],"replies":[{"embeddable":true,"href":"http:\/\/www.grieta.org.mx\/index.php\/wp-json\/wp\/v2\/comments?post=1447"}],"version-history":[{"count":1,"href":"http:\/\/www.grieta.org.mx\/index.php\/wp-json\/wp\/v2\/posts\/1447\/revisions"}],"predecessor-version":[{"id":1569,"href":"http:\/\/www.grieta.org.mx\/index.php\/wp-json\/wp\/v2\/posts\/1447\/revisions\/1569"}],"wp:featuredmedia":[{"embeddable":true,"href":"http:\/\/www.grieta.org.mx\/index.php\/wp-json\/wp\/v2\/media\/21928"}],"wp:attachment":[{"href":"http:\/\/www.grieta.org.mx\/index.php\/wp-json\/wp\/v2\/media?parent=1447"}],"wp:term":[{"taxonomy":"category","embeddable":true,"href":"http:\/\/www.grieta.org.mx\/index.php\/wp-json\/wp\/v2\/categories?post=1447"},{"taxonomy":"post_tag","embeddable":true,"href":"http:\/\/www.grieta.org.mx\/index.php\/wp-json\/wp\/v2\/tags?post=1447"}],"curies":[{"name":"wp","href":"https:\/\/api.w.org\/{rel}","templated":true}]}}