{"id":14445,"date":"2010-03-27T02:59:13","date_gmt":"2010-03-27T02:59:13","guid":{"rendered":"http:\/\/www.grieta.org.mx\/?p=14445"},"modified":"2016-06-18T03:00:53","modified_gmt":"2016-06-18T03:00:53","slug":"estudian-mas-de-11-mil-menores-migrantes-y-repatriados-en-reynosa","status":"publish","type":"post","link":"http:\/\/www.grieta.org.mx\/index.php\/2010\/03\/27\/estudian-mas-de-11-mil-menores-migrantes-y-repatriados-en-reynosa\/","title":{"rendered":"Estudian m\u00e1s de 11 mil menores migrantes y repatriados en Reynosa"},"content":{"rendered":"<p>M\u00e1s de 11 mil ni\u00f1os migrantes y repatriados por las autoridades estadunidenses cursan actualmente el ciclo escolar 2009-2010 en los diferentes planteles educativos de esta entidad<\/p>\n<p>El secretario de Educaci\u00f3n en Tamaulipas, Manuel Assad Montelongo, indic\u00f3 que de acuerdo con las estad\u00edsticas, entre 10 mil y 11 mil ni\u00f1os son atendidos en los niveles b\u00e1sicos de educaci\u00f3n luego de que fueron deportados a territorio nacional por autoridades de la Patrulla Fronteriza.<\/p>\n<p>Destac\u00f3 que la franja fronteriza del estado es utilizada por autoridades migratorias y de Estados Unidos para realizar los procesos de repatriaci\u00f3n, principalmente por las ciudades de Reynosa y Matamoros.<\/p>\n<p>Puso como ejemplo que durante el a\u00f1o 2009 fueron repatriados unos 70 mil connacionales a trav\u00e9s de la zona fronteriza de esta entidad, de los cuales los m\u00e1s altos porcentajes ingresaron por Reynosa.<\/p>\n<p>Record\u00f3 que del a\u00f1o 2005 a la fecha, el Instituto Nacional de Migraci\u00f3n (INM) ha atendido a m\u00e1s de 13 mil menores de edad, de los cuales seis mil fueron regresados por Reynosa y el resto por otros municipios fronterizos.<\/p>\n<p>Se\u00f1al\u00f3 que las autoridades migratorias de Estados Unidos realizan redadas constantemente, situaci\u00f3n que en ocasiones afecta la educaci\u00f3n de los hijos de aquellos connacionales que salen en busca de una mejor calidad de vida.<\/p>\n<p>Assad Montelongo manifest\u00f3 que en ocasiones los menores viajan solos con la intenci\u00f3n de encontrarse con sus familiares y en ese proceso son aprehendidos y regresados a territorio nacional.<\/p>\n<p>Refiri\u00f3 que el gobierno del estado, a trav\u00e9s de la Secretaria de Educaci\u00f3n y en coordinaci\u00f3n con el sindicato de maestros tiene acordado atender a la poblaci\u00f3n migrante, tanto del interior del pa\u00eds como aquellos que son repatriados por autoridades estadunidenses.<\/p>\n<p>Manifest\u00f3 que la poblaci\u00f3n migrante cursa principalmente educaci\u00f3n preescolar, primaria y secundaria, pues resalt\u00f3 que aquellos que son mayores en ocasiones prefieren trabajar que continuar con sus estudios.<\/p>\n<p>El titular de la Secretar\u00eda de Educaci\u00f3n se\u00f1al\u00f3 que se tiene el compromiso en las m\u00e1s de tres mil 500 escuelas de esta entidad de impartir educaci\u00f3n a todo aquel menor que lo requiere, sin importar si es migrante o repatriado.<\/p>\n<p><a href=\"http:\/\/www.info7.mx\/a\/noticia\/177308\" target=\"_blank\">http:\/\/www.info7.mx\/a\/noticia\/177308<\/a><\/p>\n","protected":false},"excerpt":{"rendered":"<p>M\u00e1s de 11 mil ni\u00f1os migrantes y repatriados por las autoridades estadunidenses cursan actualmente el ciclo escolar 2009-2010 en los diferentes planteles educativos de esta entidad El secretario de Educaci\u00f3n &hellip; <a href=\"http:\/\/www.grieta.org.mx\/index.php\/2010\/03\/27\/estudian-mas-de-11-mil-menores-migrantes-y-repatriados-en-reynosa\/\" class=\"more-link\">Leer m\u00e1s<\/a><\/p>\n","protected":false},"author":2,"featured_media":21928,"comment_status":"closed","ping_status":"closed","sticky":false,"template":"","format":"standard","meta":{"ngg_post_thumbnail":0,"_jetpack_newsletter_access":"","_jetpack_dont_email_post_to_subs":false,"_jetpack_newsletter_tier_id":0,"_jetpack_memberships_contains_paywalled_content":false,"_jetpack_memberships_contains_paid_content":false,"footnotes":""},"categories":[80,259],"tags":[734,158,170],"class_list":["post-14445","post","type-post","status-publish","format-standard","has-post-thumbnail","hentry","category-cintillo","category-tamaulipas","tag-menores","tag-migrantes","tag-reynosa","entry"],"jetpack_featured_media_url":"http:\/\/www.grieta.org.mx\/wp-content\/uploads\/2018\/03\/14524434_1106112876131411_958039263622046936_o.jpg","jetpack_sharing_enabled":true,"jetpack_shortlink":"https:\/\/wp.me\/p7ZJR4-3KZ","jetpack_likes_enabled":false,"jetpack-related-posts":[{"id":14437,"url":"http:\/\/www.grieta.org.mx\/index.php\/2016\/06\/17\/repatriacion-de-menores-migrantes-en-tamaulipas\/","url_meta":{"origin":14445,"position":0},"title":"Repatriaci\u00f3n de menores migrantes en Tamaulipas","author":"grieta","date":"17 junio, 2016","format":false,"excerpt":"14\/06\/16. M\u00e1s de 400 menores mexicanos han sido repatriados por Nuevo LaredoHoy Tamaulipas 27\/03\/2010. Estudian m\u00e1s de 11 mil menores migrantes y repatriados en ReynosaInfo 7 07\/02\/2009. Incrementa 20% \u00edndice de menores repatriados por zona de N. LaredoNTR Zacatecas","rel":"","context":"En &quot;CINTILLO&quot;","block_context":{"text":"CINTILLO","link":"http:\/\/www.grieta.org.mx\/index.php\/category\/cintillo\/"},"img":{"alt_text":"","src":"https:\/\/i0.wp.com\/www.grieta.org.mx\/wp-content\/uploads\/2018\/03\/14524434_1106112876131411_958039263622046936_o.jpg?resize=350%2C200","width":350,"height":200,"srcset":"https:\/\/i0.wp.com\/www.grieta.org.mx\/wp-content\/uploads\/2018\/03\/14524434_1106112876131411_958039263622046936_o.jpg?resize=350%2C200 1x, https:\/\/i0.wp.com\/www.grieta.org.mx\/wp-content\/uploads\/2018\/03\/14524434_1106112876131411_958039263622046936_o.jpg?resize=525%2C300 1.5x, https:\/\/i0.wp.com\/www.grieta.org.mx\/wp-content\/uploads\/2018\/03\/14524434_1106112876131411_958039263622046936_o.jpg?resize=700%2C400 2x"},"classes":[]},{"id":51582,"url":"http:\/\/www.grieta.org.mx\/index.php\/2020\/07\/03\/eua-deporta-a-2-mil-migrantes-por-reynosa-tamaulipas\/","url_meta":{"origin":14445,"position":1},"title":"EUA deporta a 2 mil migrantes por Reynosa (Tamaulipas)","author":"grieta","date":"3 julio, 2020","format":false,"excerpt":"Carolina Garza\/Milenio 3 julio 2020 Entre la poblaci\u00f3n migrante se ha tratado que tomen de forma individual sus medidas preventivas. Migrantes | Cortes\u00eda Junio cerr\u00f3 con mas de 2 mil mexicanos deportados por Reynosa, frontera donde han llegado cerca de 30 migrantes con dictamen de \u201crecuperado\u201d de covid-19. \u201cLlevamos alrededor\u2026","rel":"","context":"En &quot;CINTILLO&quot;","block_context":{"text":"CINTILLO","link":"http:\/\/www.grieta.org.mx\/index.php\/category\/cintillo\/"},"img":{"alt_text":"","src":"https:\/\/i0.wp.com\/www.grieta.org.mx\/wp-content\/uploads\/2020\/07\/migrantes-africanos-cubanos-haitianos-buscan_0_22_958_595.jpg?resize=350%2C200","width":350,"height":200,"srcset":"https:\/\/i0.wp.com\/www.grieta.org.mx\/wp-content\/uploads\/2020\/07\/migrantes-africanos-cubanos-haitianos-buscan_0_22_958_595.jpg?resize=350%2C200 1x, https:\/\/i0.wp.com\/www.grieta.org.mx\/wp-content\/uploads\/2020\/07\/migrantes-africanos-cubanos-haitianos-buscan_0_22_958_595.jpg?resize=525%2C300 1.5x, https:\/\/i0.wp.com\/www.grieta.org.mx\/wp-content\/uploads\/2020\/07\/migrantes-africanos-cubanos-haitianos-buscan_0_22_958_595.jpg?resize=700%2C400 2x"},"classes":[]},{"id":19844,"url":"http:\/\/www.grieta.org.mx\/index.php\/2016\/08\/14\/40-ninos-originarios-de-aguascalientes-han-sido-repatriados-desde-eu\/","url_meta":{"origin":14445,"position":2},"title":"40 ni\u00f1os originarios de Aguascalientes han sido repatriados desde EU","author":"grieta","date":"14 agosto, 2016","format":false,"excerpt":"Hilda Hermosillo, Aguascalientes. De enero a junio de 2016, mil 129 aguascalentenses -mil 82 hombres y 47 mujeres- fueron repatriados desde Estados Unidos (EU), entre ellos, 40 menores de edad que en su mayor\u00eda no se encontraban con ning\u00fan adulto durante su tr\u00e1nsito. Seg\u00fan estad\u00edsticas de la Unidad de Pol\u00edtica\u2026","rel":"","context":"En &quot;Aguascalientes&quot;","block_context":{"text":"Aguascalientes","link":"http:\/\/www.grieta.org.mx\/index.php\/category\/noticias-nacionales\/aguascalientes\/"},"img":{"alt_text":"","src":"https:\/\/i0.wp.com\/www.grieta.org.mx\/wp-content\/uploads\/2018\/03\/14524434_1106112876131411_958039263622046936_o.jpg?resize=350%2C200","width":350,"height":200,"srcset":"https:\/\/i0.wp.com\/www.grieta.org.mx\/wp-content\/uploads\/2018\/03\/14524434_1106112876131411_958039263622046936_o.jpg?resize=350%2C200 1x, https:\/\/i0.wp.com\/www.grieta.org.mx\/wp-content\/uploads\/2018\/03\/14524434_1106112876131411_958039263622046936_o.jpg?resize=525%2C300 1.5x, https:\/\/i0.wp.com\/www.grieta.org.mx\/wp-content\/uploads\/2018\/03\/14524434_1106112876131411_958039263622046936_o.jpg?resize=700%2C400 2x"},"classes":[]},{"id":14441,"url":"http:\/\/www.grieta.org.mx\/index.php\/2009\/02\/07\/incrementa-20-indice-de-menores-repatriados-por-zona-de-n-laredo\/","url_meta":{"origin":14445,"position":3},"title":"Incrementa 20% \u00edndice de menores repatriados por zona de N. Laredo","author":"grieta","date":"7 febrero, 2009","format":false,"excerpt":"Sa\u00fal Ortega Nuevo Laredo, Tamps.- El n\u00famero de menores repatriados por esta frontera y canalizados al albergue Meced aument\u00f3 20 por ciento durante 2008 en comparaci\u00f3n con el a\u00f1o anterior, inform\u00f3 la subdirectora del organismo, Norma Ortiz Garc\u00eda. En entrevista, expres\u00f3 que en 2008 el Instituto Nacional de Migraci\u00f3n (INM)\u2026","rel":"","context":"En &quot;CINTILLO&quot;","block_context":{"text":"CINTILLO","link":"http:\/\/www.grieta.org.mx\/index.php\/category\/cintillo\/"},"img":{"alt_text":"","src":"https:\/\/i0.wp.com\/www.grieta.org.mx\/wp-content\/uploads\/2018\/03\/14524434_1106112876131411_958039263622046936_o.jpg?resize=350%2C200","width":350,"height":200,"srcset":"https:\/\/i0.wp.com\/www.grieta.org.mx\/wp-content\/uploads\/2018\/03\/14524434_1106112876131411_958039263622046936_o.jpg?resize=350%2C200 1x, https:\/\/i0.wp.com\/www.grieta.org.mx\/wp-content\/uploads\/2018\/03\/14524434_1106112876131411_958039263622046936_o.jpg?resize=525%2C300 1.5x, https:\/\/i0.wp.com\/www.grieta.org.mx\/wp-content\/uploads\/2018\/03\/14524434_1106112876131411_958039263622046936_o.jpg?resize=700%2C400 2x"},"classes":[]},{"id":14305,"url":"http:\/\/www.grieta.org.mx\/index.php\/2016\/06\/16\/tamaulipas-y-su-frontera-con-el-mayor-rescate-de-migrantes\/","url_meta":{"origin":14445,"position":4},"title":"Tamaulipas y su frontera, con el mayor rescate de migrantes","author":"grieta","date":"16 junio, 2016","format":false,"excerpt":"David Castellanos Ter\u00e1n Tampico, Tamps. Los municipios de Tamaulipas y de la regi\u00f3n fronteriza con Estados Unidos, es donde se intercepta el mayor n\u00famero de migrantes que intentan cumplir el sue\u00f1o americano. En tan s\u00f3lo 20 d\u00edas las fuerzas federales y del estado han rescatado 536 personas que fueron atrapadas\u2026","rel":"","context":"En &quot;CINTILLO&quot;","block_context":{"text":"CINTILLO","link":"http:\/\/www.grieta.org.mx\/index.php\/category\/cintillo\/"},"img":{"alt_text":"","src":"https:\/\/i0.wp.com\/www.grieta.org.mx\/wp-content\/uploads\/2018\/03\/14524434_1106112876131411_958039263622046936_o.jpg?resize=350%2C200","width":350,"height":200,"srcset":"https:\/\/i0.wp.com\/www.grieta.org.mx\/wp-content\/uploads\/2018\/03\/14524434_1106112876131411_958039263622046936_o.jpg?resize=350%2C200 1x, https:\/\/i0.wp.com\/www.grieta.org.mx\/wp-content\/uploads\/2018\/03\/14524434_1106112876131411_958039263622046936_o.jpg?resize=525%2C300 1.5x, https:\/\/i0.wp.com\/www.grieta.org.mx\/wp-content\/uploads\/2018\/03\/14524434_1106112876131411_958039263622046936_o.jpg?resize=700%2C400 2x"},"classes":[]},{"id":32448,"url":"http:\/\/www.grieta.org.mx\/index.php\/2019\/04\/23\/saturan-albergue-para-migrantes-en-reynosa-tamaulipas\/","url_meta":{"origin":14445,"position":5},"title":"Saturan albergue para migrantes en Reynosa (Tamaulipas)","author":"grieta","date":"23 abril, 2019","format":false,"excerpt":"Carolina Garza \/ Milenio Derivado a la reciente crisis migratoria en la frontera entre M\u00e9xico y Estados Unidos. El albergue Nuestra Se\u00f1ora de Guadalupe en Reynosa tambi\u00e9n se ha visto afectado por la reciente crisis migratoria en la frontera entre M\u00e9xico y Estados Unidos, dejando como resultado que en promedio\u2026","rel":"","context":"En &quot;CINTILLO&quot;","block_context":{"text":"CINTILLO","link":"http:\/\/www.grieta.org.mx\/index.php\/category\/cintillo\/"},"img":{"alt_text":"","src":"https:\/\/i0.wp.com\/www.grieta.org.mx\/wp-content\/uploads\/2019\/04\/Saturan-albergue-para-migrantes-en-Reynosa-tama-abr.jpg?resize=350%2C200","width":350,"height":200,"srcset":"https:\/\/i0.wp.com\/www.grieta.org.mx\/wp-content\/uploads\/2019\/04\/Saturan-albergue-para-migrantes-en-Reynosa-tama-abr.jpg?resize=350%2C200 1x, https:\/\/i0.wp.com\/www.grieta.org.mx\/wp-content\/uploads\/2019\/04\/Saturan-albergue-para-migrantes-en-Reynosa-tama-abr.jpg?resize=525%2C300 1.5x, https:\/\/i0.wp.com\/www.grieta.org.mx\/wp-content\/uploads\/2019\/04\/Saturan-albergue-para-migrantes-en-Reynosa-tama-abr.jpg?resize=700%2C400 2x"},"classes":[]}],"_links":{"self":[{"href":"http:\/\/www.grieta.org.mx\/index.php\/wp-json\/wp\/v2\/posts\/14445","targetHints":{"allow":["GET"]}}],"collection":[{"href":"http:\/\/www.grieta.org.mx\/index.php\/wp-json\/wp\/v2\/posts"}],"about":[{"href":"http:\/\/www.grieta.org.mx\/index.php\/wp-json\/wp\/v2\/types\/post"}],"author":[{"embeddable":true,"href":"http:\/\/www.grieta.org.mx\/index.php\/wp-json\/wp\/v2\/users\/2"}],"replies":[{"embeddable":true,"href":"http:\/\/www.grieta.org.mx\/index.php\/wp-json\/wp\/v2\/comments?post=14445"}],"version-history":[{"count":1,"href":"http:\/\/www.grieta.org.mx\/index.php\/wp-json\/wp\/v2\/posts\/14445\/revisions"}],"predecessor-version":[{"id":14446,"href":"http:\/\/www.grieta.org.mx\/index.php\/wp-json\/wp\/v2\/posts\/14445\/revisions\/14446"}],"wp:featuredmedia":[{"embeddable":true,"href":"http:\/\/www.grieta.org.mx\/index.php\/wp-json\/wp\/v2\/media\/21928"}],"wp:attachment":[{"href":"http:\/\/www.grieta.org.mx\/index.php\/wp-json\/wp\/v2\/media?parent=14445"}],"wp:term":[{"taxonomy":"category","embeddable":true,"href":"http:\/\/www.grieta.org.mx\/index.php\/wp-json\/wp\/v2\/categories?post=14445"},{"taxonomy":"post_tag","embeddable":true,"href":"http:\/\/www.grieta.org.mx\/index.php\/wp-json\/wp\/v2\/tags?post=14445"}],"curies":[{"name":"wp","href":"https:\/\/api.w.org\/{rel}","templated":true}]}}