{"id":1440,"date":"2016-02-16T03:04:35","date_gmt":"2016-02-16T03:04:35","guid":{"rendered":"http:\/\/50.22.11.12\/~grietaor\/?p=1440"},"modified":"2018-07-05T14:30:08","modified_gmt":"2018-07-05T19:30:08","slug":"tras-despidos-mantienen-campamento-frente-a-lexmark-en-ciudad-juarez","status":"publish","type":"post","link":"http:\/\/www.grieta.org.mx\/index.php\/2016\/02\/16\/tras-despidos-mantienen-campamento-frente-a-lexmark-en-ciudad-juarez\/","title":{"rendered":"Tras despidos, mantienen campamento frente a Lexmark en Ciudad Ju\u00e1rez"},"content":{"rendered":"<p>AristeguiNoticias<\/p>\n<p>Desde diciembre del 2015, ex trabajadores de la empresa de impresoras l\u00e1ser Lexmark, ubicada en Ciudad Ju\u00e1rez, Chihuaha, mantienen una protesta tras ser despedidos por solicitar un aumento salarial y por demandar formalmente la creaci\u00f3n de un sindicato a la Junta Local de Conciliaci\u00f3n y Arbitraje.<\/p>\n<p>Los protestantes instalaron un campamento de lonas y cart\u00f3n afuera de la empresa, con mantas que dicen \u201clibertad sindical\u201d y \u201cjusticia a la clase obrera\u201d.<\/p>\n<p>El campamento se mantiene con la donaci\u00f3n de tortillas y frijoles de grupos activistas, e incluso de iglesias estadounidenses. Miguel Hern\u00e1ndez, activista instalado en la ciudad de El Paso, cre\u00f3 una p\u00e1gina fondeadora para el movimiento.<\/p>\n<p>\u201cVivimos de la caridad y es dif\u00edcil, pero aqu\u00ed seguimos\u201d, dijo Susana Prieto Terrazas, la abogada de los manifestantes. \u201cSeguimos adelante. Este es un sistema de esclavitud moderna y tenemos que pelear\u201d, agreg\u00f3.<\/p>\n<p>Los trabajadores acusan a la empresa de usar la intimidaci\u00f3n para evitar que sus empleados actuales se unan al movimiento. Tambi\u00e9n mencionaron que Lexmark coloca camiones en frente del campamento para evitar que se vea la protesta.<\/p>\n<p>Elizabeth Flores, abogada de derechos humanos, mencion\u00f3 que la protesta no generar\u00e1 un cambio inmediato, pero podr\u00eda crear una base muy fuerte para un movimiento obrero poderoso.<\/p>\n<p>En diciembre, alrededor de 700 trabajadores protestaron por obtener un aumento salarial de 6 pesos diarios, y pasar de 114 a 120 pesos. Entonces, la empresa despidi\u00f3 a 120 trabajadores, 75 de los cuales firmaron una carta enviada a la Junta Local de Conciliaci\u00f3n y Arbitraje solicitando la creaci\u00f3n de un sindicato.<\/p>\n<p>La abogada Terrazas afirm\u00f3 que la Junta Local de Conciliaci\u00f3n entreg\u00f3 a Lexmark los nombres de los firmantes, pues era la \u00fanica que los conoc\u00eda.<\/p>\n<p>El vocero de Lexmark asegur\u00f3 en un correo a The Guardian que la raz\u00f3n del despido de 75 trabajadores no fue la intenci\u00f3n de crear un sindicato, sino la \u201cperturbaci\u00f3n laboral\u201d.<\/p>\n<p><a class=\"autohyperlink\" title=\"http:\/\/aristeguinoticias.com\/1702\/mexico\/tras-despidos-mantienen-campamento-frente-a-lexmark-en-ciudad-juarez\/\" href=\"http:\/\/aristeguinoticias.com\/1702\/mexico\/tras-despidos-mantienen-campamento-frente-a-lexmark-en-ciudad-juarez\/\" target=\"_blank\" rel=\"noopener\">aristeguinoticias.com\/1702\/mexico\/tras-despidos-mantienen-campamento-frente-a-lexmark-en-ciudad-juarez\/<\/a><\/p>\n","protected":false},"excerpt":{"rendered":"<p>AristeguiNoticias Desde diciembre del 2015, ex trabajadores de la empresa de impresoras l\u00e1ser Lexmark, ubicada en Ciudad Ju\u00e1rez, Chihuaha, mantienen una protesta tras ser despedidos por solicitar un aumento salarial &hellip; <a href=\"http:\/\/www.grieta.org.mx\/index.php\/2016\/02\/16\/tras-despidos-mantienen-campamento-frente-a-lexmark-en-ciudad-juarez\/\" class=\"more-link\">Leer m\u00e1s<\/a><\/p>\n","protected":false},"author":2,"featured_media":21928,"comment_status":"closed","ping_status":"open","sticky":false,"template":"","format":"standard","meta":{"ngg_post_thumbnail":0,"_jetpack_newsletter_access":"","_jetpack_dont_email_post_to_subs":false,"_jetpack_newsletter_tier_id":0,"_jetpack_memberships_contains_paywalled_content":false,"_jetpack_memberships_contains_paid_content":false,"footnotes":""},"categories":[122,12,80,1398,910,2,83],"tags":[195,196],"class_list":{"0":"post-1440","1":"post","2":"type-post","3":"status-publish","4":"format-standard","5":"has-post-thumbnail","6":"hentry","7":"category-chihuahua","9":"category-cintillo","10":"category-conflictos-laborales-en-chihuahua","11":"category-explotacion-y-precariedad-laboral","12":"category-noticias-nacionales","13":"category-temas-nacionales","14":"tag-explotacion","15":"tag-maquilas","16":"entry"},"jetpack_featured_media_url":"http:\/\/www.grieta.org.mx\/wp-content\/uploads\/2018\/03\/14524434_1106112876131411_958039263622046936_o.jpg","jetpack_sharing_enabled":true,"jetpack_shortlink":"https:\/\/wp.me\/p7ZJR4-ne","jetpack_likes_enabled":false,"jetpack-related-posts":[{"id":17965,"url":"http:\/\/www.grieta.org.mx\/index.php\/2016\/09\/11\/protestan-profesores-de-telebachilleratos-por-falta-de-pagos-en-chihuahua\/","url_meta":{"origin":1440,"position":0},"title":"Conflictos laborales en la industria maquiladora de Chihuahua","author":"grieta","date":"11 septiembre, 2016","format":false,"excerpt":"10\/09\/16. Convocan a obreros a grito \u201cMaquilero\u201d vs campa\u00f1a medi\u00e1tica de empresas, Ciudad Ju\u00e1rezEl Pueblo 06\/09\/16. Preparan obreros verbena contra compa\u00f1a de Index, Ciudad Ju\u00e1rezEl Mexicano 30\/08\/16. Cruza fronteras lucha maquilera contra explotaci\u00f3n laboral, ChihuahuaEl Pueblo 20\/08\/16. Salario maquilador en d\u00f3lares baja 13%, ChihuahuaEl Diario 05\/08\/16. Revela abogada Prieto los\u2026","rel":"","context":"En &quot;Chihuahua&quot;","block_context":{"text":"Chihuahua","link":"http:\/\/www.grieta.org.mx\/index.php\/category\/noticias-nacionales\/chihuahua\/"},"img":{"alt_text":"","src":"https:\/\/i0.wp.com\/www.grieta.org.mx\/wp-content\/uploads\/2018\/03\/14524434_1106112876131411_958039263622046936_o.jpg?resize=350%2C200","width":350,"height":200,"srcset":"https:\/\/i0.wp.com\/www.grieta.org.mx\/wp-content\/uploads\/2018\/03\/14524434_1106112876131411_958039263622046936_o.jpg?resize=350%2C200 1x, https:\/\/i0.wp.com\/www.grieta.org.mx\/wp-content\/uploads\/2018\/03\/14524434_1106112876131411_958039263622046936_o.jpg?resize=525%2C300 1.5x, https:\/\/i0.wp.com\/www.grieta.org.mx\/wp-content\/uploads\/2018\/03\/14524434_1106112876131411_958039263622046936_o.jpg?resize=700%2C400 2x"},"classes":[]},{"id":3322,"url":"http:\/\/www.grieta.org.mx\/index.php\/2015\/12\/15\/lexmark-habria-despedido-a-120-empleados-por-pedir-aumento-y-crear-sindicato\/","url_meta":{"origin":1440,"position":1},"title":"Lexmark habr\u00eda despedido a 120 empleados por pedir aumento y crear sindicato","author":"grieta","date":"15 diciembre, 2015","format":false,"excerpt":"Redacci\u00f3n\/El FINANCIERO La firma de impresi\u00f3n y software Lexmark habr\u00eda despedido al menos a 120 empleados de su planta ubicada en Ciudad Ju\u00e1rez, Chihuahua, presuntamente por solicitar un aumento salarial de 6 pesos y formar un sindicato. De acuerdo con medios locales, los empleados se inconformaron al neg\u00e1rseles el aumento\u2026","rel":"","context":"En &quot;chihuahua&quot;","block_context":{"text":"chihuahua","link":"http:\/\/www.grieta.org.mx\/index.php\/category\/chihuahua\/"},"img":{"alt_text":"","src":"https:\/\/i0.wp.com\/www.grieta.org.mx\/wp-content\/uploads\/2018\/03\/14524434_1106112876131411_958039263622046936_o.jpg?resize=350%2C200","width":350,"height":200,"srcset":"https:\/\/i0.wp.com\/www.grieta.org.mx\/wp-content\/uploads\/2018\/03\/14524434_1106112876131411_958039263622046936_o.jpg?resize=350%2C200 1x, https:\/\/i0.wp.com\/www.grieta.org.mx\/wp-content\/uploads\/2018\/03\/14524434_1106112876131411_958039263622046936_o.jpg?resize=525%2C300 1.5x, https:\/\/i0.wp.com\/www.grieta.org.mx\/wp-content\/uploads\/2018\/03\/14524434_1106112876131411_958039263622046936_o.jpg?resize=700%2C400 2x"},"classes":[]},{"id":3308,"url":"http:\/\/www.grieta.org.mx\/index.php\/2015\/12\/30\/niega-jlca-a-obreros-de-lexmark-sindicato-en-ciudad-juarez\/","url_meta":{"origin":1440,"position":2},"title":"Niega JLCA a obreros de Lexmark sindicato en Ciudad Ju\u00e1rez","author":"grieta","date":"30 diciembre, 2015","format":false,"excerpt":"Juan Ram\u00f3n Rosas\/EL MEXICANO El presidente de la Junta Local de Conciliaci\u00f3n Joaqu\u00edn Barrios, dio a conocer que en d\u00edas pasado se le neg\u00f3 la posibilidad a los empleados de la maquiladora Lexmark de tener un sindicato integrado por ellos mismos, y es que manifest\u00f3 que la petici\u00f3n lleg\u00f3 carente\u2026","rel":"","context":"En &quot;chihuahua&quot;","block_context":{"text":"chihuahua","link":"http:\/\/www.grieta.org.mx\/index.php\/category\/chihuahua\/"},"img":{"alt_text":"","src":"https:\/\/i0.wp.com\/www.grieta.org.mx\/wp-content\/uploads\/2018\/03\/14524434_1106112876131411_958039263622046936_o.jpg?resize=350%2C200","width":350,"height":200,"srcset":"https:\/\/i0.wp.com\/www.grieta.org.mx\/wp-content\/uploads\/2018\/03\/14524434_1106112876131411_958039263622046936_o.jpg?resize=350%2C200 1x, https:\/\/i0.wp.com\/www.grieta.org.mx\/wp-content\/uploads\/2018\/03\/14524434_1106112876131411_958039263622046936_o.jpg?resize=525%2C300 1.5x, https:\/\/i0.wp.com\/www.grieta.org.mx\/wp-content\/uploads\/2018\/03\/14524434_1106112876131411_958039263622046936_o.jpg?resize=700%2C400 2x"},"classes":[]},{"id":4012,"url":"http:\/\/www.grieta.org.mx\/index.php\/2015\/11\/20\/sostienen-plantones-en-maquiladoras-de-chihuahua\/","url_meta":{"origin":1440,"position":3},"title":"Sostienen plantones en maquiladoras de Chihuahua","author":"grieta","date":"20 noviembre, 2015","format":false,"excerpt":"Carlos Ram\u00edrez\/EL MEXICANO Ciudad Ju\u00e1rez,Chihuahua.-En pie de lucha contin\u00faan empleados huelguistas de las empresas maquiladoras Eaton, Lexmark y ADC Commscope, luego que los directivos de esas compa\u00f1\u00edas no les han resuelto nada en torno a sus exigencias; mientras que los inconformes de Foxconn levantaron su plant\u00f3n que mantuvieron a lo\u2026","rel":"","context":"En &quot;chihuahua&quot;","block_context":{"text":"chihuahua","link":"http:\/\/www.grieta.org.mx\/index.php\/category\/chihuahua\/"},"img":{"alt_text":"","src":"https:\/\/i0.wp.com\/www.grieta.org.mx\/wp-content\/uploads\/2018\/03\/14524434_1106112876131411_958039263622046936_o.jpg?resize=350%2C200","width":350,"height":200,"srcset":"https:\/\/i0.wp.com\/www.grieta.org.mx\/wp-content\/uploads\/2018\/03\/14524434_1106112876131411_958039263622046936_o.jpg?resize=350%2C200 1x, https:\/\/i0.wp.com\/www.grieta.org.mx\/wp-content\/uploads\/2018\/03\/14524434_1106112876131411_958039263622046936_o.jpg?resize=525%2C300 1.5x, https:\/\/i0.wp.com\/www.grieta.org.mx\/wp-content\/uploads\/2018\/03\/14524434_1106112876131411_958039263622046936_o.jpg?resize=700%2C400 2x"},"classes":[]},{"id":3329,"url":"http:\/\/www.grieta.org.mx\/index.php\/2015\/12\/10\/prohibe-lexmark-entrada-a-18-obreros-en-rebeldia-en-ciudad-juarez\/","url_meta":{"origin":1440,"position":4},"title":"Proh\u00edbe Lexmark entrada a 18 obreros en rebeld\u00eda en Ciudad Ju\u00e1rez","author":"grieta","date":"10 diciembre, 2015","format":false,"excerpt":"Redacci\u00f3n\/EL MEXICANO Ciudad Ju\u00e1rez,Chihuahua.-Un grupo de al menos 40 personas contin\u00faa con el plant\u00f3n afuera de las instalaciones de la empresa Lexmark, en la exigencia del aumento de salarios para los trabajadores. Tras el paro laboral registrado el martes por la tarde, durante la ma\u00f1ana de ayer, al menos un\u2026","rel":"","context":"En &quot;chihuahua&quot;","block_context":{"text":"chihuahua","link":"http:\/\/www.grieta.org.mx\/index.php\/category\/chihuahua\/"},"img":{"alt_text":"","src":"https:\/\/i0.wp.com\/www.grieta.org.mx\/wp-content\/uploads\/2018\/03\/14524434_1106112876131411_958039263622046936_o.jpg?resize=350%2C200","width":350,"height":200,"srcset":"https:\/\/i0.wp.com\/www.grieta.org.mx\/wp-content\/uploads\/2018\/03\/14524434_1106112876131411_958039263622046936_o.jpg?resize=350%2C200 1x, https:\/\/i0.wp.com\/www.grieta.org.mx\/wp-content\/uploads\/2018\/03\/14524434_1106112876131411_958039263622046936_o.jpg?resize=525%2C300 1.5x, https:\/\/i0.wp.com\/www.grieta.org.mx\/wp-content\/uploads\/2018\/03\/14524434_1106112876131411_958039263622046936_o.jpg?resize=700%2C400 2x"},"classes":[]},{"id":4006,"url":"http:\/\/www.grieta.org.mx\/index.php\/2015\/12\/09\/denunciaran-a-activistas-que-motivaron-protesta-en-maquiladoras-de-ciudad-juarez\/","url_meta":{"origin":1440,"position":5},"title":"Denunciar\u00e1n a activistas que motivaron protesta en maquiladoras de Ciudad Ju\u00e1rez","author":"grieta","date":"9 diciembre, 2015","format":false,"excerpt":"Omar Garc\u00eda\/EL MEXICANO Ciudad Ju\u00e1rez,Chihuahua.-En el segundo d\u00eda consecutivo de protestas en la maquiladora Lexmark, la Secretar\u00eda del Trabajo y Previsi\u00f3n Social anunci\u00f3 que prepara una propuesta de soluci\u00f3n y anticip\u00f3 que los directivos de esa empresa est\u00e1n analizando la posibilidad de interponer una demanda penal por la intromisi\u00f3n de\u2026","rel":"","context":"En &quot;chihuahua&quot;","block_context":{"text":"chihuahua","link":"http:\/\/www.grieta.org.mx\/index.php\/category\/chihuahua\/"},"img":{"alt_text":"","src":"https:\/\/i0.wp.com\/www.grieta.org.mx\/wp-content\/uploads\/2018\/03\/14524434_1106112876131411_958039263622046936_o.jpg?resize=350%2C200","width":350,"height":200,"srcset":"https:\/\/i0.wp.com\/www.grieta.org.mx\/wp-content\/uploads\/2018\/03\/14524434_1106112876131411_958039263622046936_o.jpg?resize=350%2C200 1x, https:\/\/i0.wp.com\/www.grieta.org.mx\/wp-content\/uploads\/2018\/03\/14524434_1106112876131411_958039263622046936_o.jpg?resize=525%2C300 1.5x, https:\/\/i0.wp.com\/www.grieta.org.mx\/wp-content\/uploads\/2018\/03\/14524434_1106112876131411_958039263622046936_o.jpg?resize=700%2C400 2x"},"classes":[]}],"_links":{"self":[{"href":"http:\/\/www.grieta.org.mx\/index.php\/wp-json\/wp\/v2\/posts\/1440","targetHints":{"allow":["GET"]}}],"collection":[{"href":"http:\/\/www.grieta.org.mx\/index.php\/wp-json\/wp\/v2\/posts"}],"about":[{"href":"http:\/\/www.grieta.org.mx\/index.php\/wp-json\/wp\/v2\/types\/post"}],"author":[{"embeddable":true,"href":"http:\/\/www.grieta.org.mx\/index.php\/wp-json\/wp\/v2\/users\/2"}],"replies":[{"embeddable":true,"href":"http:\/\/www.grieta.org.mx\/index.php\/wp-json\/wp\/v2\/comments?post=1440"}],"version-history":[{"count":1,"href":"http:\/\/www.grieta.org.mx\/index.php\/wp-json\/wp\/v2\/posts\/1440\/revisions"}],"predecessor-version":[{"id":24257,"href":"http:\/\/www.grieta.org.mx\/index.php\/wp-json\/wp\/v2\/posts\/1440\/revisions\/24257"}],"wp:featuredmedia":[{"embeddable":true,"href":"http:\/\/www.grieta.org.mx\/index.php\/wp-json\/wp\/v2\/media\/21928"}],"wp:attachment":[{"href":"http:\/\/www.grieta.org.mx\/index.php\/wp-json\/wp\/v2\/media?parent=1440"}],"wp:term":[{"taxonomy":"category","embeddable":true,"href":"http:\/\/www.grieta.org.mx\/index.php\/wp-json\/wp\/v2\/categories?post=1440"},{"taxonomy":"post_tag","embeddable":true,"href":"http:\/\/www.grieta.org.mx\/index.php\/wp-json\/wp\/v2\/tags?post=1440"}],"curies":[{"name":"wp","href":"https:\/\/api.w.org\/{rel}","templated":true}]}}