{"id":14394,"date":"2016-05-08T17:27:59","date_gmt":"2016-05-08T17:27:59","guid":{"rendered":"http:\/\/www.grieta.org.mx\/?p=14394"},"modified":"2019-01-19T13:02:34","modified_gmt":"2019-01-19T19:02:34","slug":"desolacion-en-zacatecas-un-estado-marcado-por-la-migracion-masiva","status":"publish","type":"post","link":"http:\/\/www.grieta.org.mx\/index.php\/2016\/05\/08\/desolacion-en-zacatecas-un-estado-marcado-por-la-migracion-masiva\/","title":{"rendered":"Desolaci\u00f3n en Zacatecas, un estado marcado por la migraci\u00f3n masiva"},"content":{"rendered":"<p>Algunos pueblos de Zacatecas caminan inexorablemente hacia su desaparici\u00f3n empujados por una fuga de habitantes que ven en la migraci\u00f3n a Estados Unidos el \u00fanico futuro posible. Una realidad que ha obligado ya a cerrar escuelas por falta de ni\u00f1os.<\/p>\n<p>08 de mayo de 2016<br \/>\nPor Andrea Gonz\u00e1lez<\/p>\n<p>ZACATECAS, M\u00e9xico.- El fen\u00f3meno de la migraci\u00f3n ha dejado algunos pueblos en M\u00e9xico casi sin vida, tal es el caso de Tuxtuac en el estado de Zacatecas, que se resiste a desaparecer y subsiste sin acceso a tel\u00e9fono e internet, con un drenaje y un suministro de agua defecientes. Su escuela tuvo que cerrar. Los 4 ni\u00f1os que a\u00fan residen all\u00ed han tenido que empacar sus libros y continuar sus estudios en otras localidades.<\/p>\n<p>El abandono de Tuxtuac se percibe incluso antes de llegar. Un camino de terracer\u00eda recibe al viajero que transita por la zona. El silencio reina entre las casas que se suceden y por las que a veces asoma alg\u00fan habitante del centenar que impiden que Tuxtuac pueda considerarse un pueblo fantasma.<\/p>\n<p>La mitad de quienes viven aqu\u00ed es porque fueron deportados de los Estados Unidos. La otra mitad, son adultos mayores que se dedican al campo, tanto al cuidado de animales como a la agricultura. Esta situaci\u00f3n es com\u00fan en la regi\u00f3n.<\/p>\n<p>En La Encarnaci\u00f3n, a dos horas de carretera al norte de Tuxtuac, los vecinos contaron a Univision 34 Los \u00c1ngeles sus historias de juventud, de cuando fueron inmigrantes indocumentados en Estados Unidos, de c\u00f3mo formaron una familia y los problemas que les llevaron a regresar a sus ra\u00edces. Unos lo hicieron por su propia voluntad, tras malas experiencias en EEUU, otros obligados por las autoridades migratorias.<\/p>\n<p>Seg\u00fan datos de la Secretar\u00eda del Zacatecano Migrante, el 50% de la poblaci\u00f3n del estado se encuentra viviendo en Estados Unidos. Es decir, casi un mill\u00f3n y medio de zacatecanos est\u00e1n separados de sus familias, convirti\u00e9ndose as\u00ed en uno de los territorios mexicanos con m\u00e1s alto \u00edndice de migraci\u00f3n. En La Encarnaci\u00f3n, todas las familias dicen tener al menos a un pariente en EEUU. La falta de oportunidades contin\u00faa manteniendo viva la llamada del viaje al norte entre los m\u00e1s peque\u00f1os.<\/p>\n<p>Braulio Gael, un ni\u00f1o de La Encarnaci\u00f3n, asegura que su hermano quiere llev\u00e1rselo con \u00e9l a EEUU y \u00e9l est\u00e1 deseando que llegue ese momento.<\/p>\n<p>\u201cNo quiero estar aqu\u00ed, me aburro aqu\u00ed solo\u201d, coment\u00f3 Gael a Univision. En Tuxtuac, el parque infantil muestra un aspecto decadente, oxidado, como si nadie hubiera jugado all\u00ed en mucho tiempo.<\/p>\n<p>Para Erasmo Alvarado, quien naci\u00f3 en una de estas comunidades y es auxiliar de Desarrollo Econ\u00f3mico del municipio de Villanueva, la soluci\u00f3n para frenar la migraci\u00f3n y las carencias que se viven en estos lugares pasa por reactivar los recursos naturales de la regi\u00f3n.<\/p>\n<p>\u201cYo pienso que si se echa a andar el campo, pues \u00f3igame \u00bfa qu\u00e9 van a Estados Unidos?, \u00bfde qu\u00e9 carece la gente? Estando trabajando el campo, ya es muy diferente\u201d, mencion\u00f3 Alvarado.<\/p>\n<p>El gobernador de Zacatecas, Miguel Alonso Reyes, indic\u00f3 a Univision que se ha trabajado para mantener en funcionamiento infraestructuras como las escuelas en los pueblos del estado y asegur\u00f3 que revisar\u00edan caso por caso para evaluar posibilidades de mejora. <\/p>\n<p>Adem\u00e1s de ni\u00f1os, en Tuxtuac falta el servicio de tel\u00e9fono y de internet, el drenaje es deficiente y el acceso a agua potable corre a cargo de los vecinos.<\/p>\n<p>\u201cEl agua la hacen jalar hasta la \u00faltima casa con mangueras, pero ellos compran su bomba y pagan la luz\u201d, declar\u00f3 Alvarado.<\/p>\n<p><a href=\"http:\/\/www.univision.com\/noticias\/inmigracion\/desolacion-en-zacatecas-un-estado-marcado-por-la-migracion-masiva\" target=\"_blank\">http:\/\/www.univision.com\/noticias\/inmigracion\/desolacion-en-zacatecas-un-estado-marcado-por-la-migracion-masiva<\/a><\/p>\n","protected":false},"excerpt":{"rendered":"<p>Algunos pueblos de Zacatecas caminan inexorablemente hacia su desaparici\u00f3n empujados por una fuga de habitantes que ven en la migraci\u00f3n a Estados Unidos el \u00fanico futuro posible. Una realidad que &hellip; <a href=\"http:\/\/www.grieta.org.mx\/index.php\/2016\/05\/08\/desolacion-en-zacatecas-un-estado-marcado-por-la-migracion-masiva\/\" class=\"more-link\">Leer m\u00e1s<\/a><\/p>\n","protected":false},"author":2,"featured_media":21928,"comment_status":"closed","ping_status":"closed","sticky":false,"template":"","format":"standard","meta":{"ngg_post_thumbnail":0,"_jetpack_newsletter_access":"","_jetpack_dont_email_post_to_subs":false,"_jetpack_newsletter_tier_id":0,"_jetpack_memberships_contains_paywalled_content":false,"_jetpack_memberships_contains_paid_content":false,"footnotes":""},"categories":[80,370,1971,2,83,76],"tags":[731,158],"class_list":["post-14394","post","type-post","status-publish","format-standard","has-post-thumbnail","hentry","category-cintillo","category-migrantes-analisis","category-migrantes-y-migracion-en-zacatecas","category-noticias-nacionales","category-temas-nacionales","category-zacatecas","tag-migracion","tag-migrantes","entry"],"jetpack_featured_media_url":"http:\/\/www.grieta.org.mx\/wp-content\/uploads\/2018\/03\/14524434_1106112876131411_958039263622046936_o.jpg","jetpack_sharing_enabled":true,"jetpack_shortlink":"https:\/\/wp.me\/p7ZJR4-3Ka","jetpack_likes_enabled":false,"jetpack-related-posts":[{"id":14423,"url":"http:\/\/www.grieta.org.mx\/index.php\/2016\/06\/12\/gobierno-sin-politicas-publicas-para-atender-a-menores-repatriados\/","url_meta":{"origin":14394,"position":0},"title":"Gobierno, sin pol\u00edticas p\u00fablicas para atender a menores repatriados","author":"grieta","date":"12 junio, 2016","format":false,"excerpt":"Domingo, 12 de junio de 2016 FRANZELY REYNA Zacatecas.- Miguel Moctezuma Longoria, docente investigador de la Universidad Aut\u00f3noma de Zacatecas (UAZ), inform\u00f3 que el gobierno del estado no cuenta con pol\u00edticas p\u00fablicas ni educacionales para que los ni\u00f1os repatriados puedan integrarse de manera positiva a la sociedad. Explic\u00f3 que la\u2026","rel":"","context":"En &quot;CINTILLO&quot;","block_context":{"text":"CINTILLO","link":"http:\/\/www.grieta.org.mx\/index.php\/category\/cintillo\/"},"img":{"alt_text":"","src":"https:\/\/i0.wp.com\/www.grieta.org.mx\/wp-content\/uploads\/2018\/03\/14524434_1106112876131411_958039263622046936_o.jpg?resize=350%2C200","width":350,"height":200,"srcset":"https:\/\/i0.wp.com\/www.grieta.org.mx\/wp-content\/uploads\/2018\/03\/14524434_1106112876131411_958039263622046936_o.jpg?resize=350%2C200 1x, https:\/\/i0.wp.com\/www.grieta.org.mx\/wp-content\/uploads\/2018\/03\/14524434_1106112876131411_958039263622046936_o.jpg?resize=525%2C300 1.5x, https:\/\/i0.wp.com\/www.grieta.org.mx\/wp-content\/uploads\/2018\/03\/14524434_1106112876131411_958039263622046936_o.jpg?resize=700%2C400 2x"},"classes":[]},{"id":14399,"url":"http:\/\/www.grieta.org.mx\/index.php\/2014\/01\/24\/zacatecas-segundo-lugar-nacional-en-migracion\/","url_meta":{"origin":14394,"position":1},"title":"Zacatecas, segundo lugar nacional en migraci\u00f3n","author":"grieta","date":"24 enero, 2014","format":false,"excerpt":"Viernes, 24 de enero de 2014 Antonio Torres Zacatecas.- La entidad ocupa el segundo lugar nacional en expulsi\u00f3n de mano de obra hacia Estados Unidos por la falta de oportunidades laborales en el campo, asegur\u00f3 el diputado migrante Jos\u00e9 Guadalupe Hern\u00e1ndez R\u00edos. \u201cNecesitamos mejores opciones para los del campo, que\u2026","rel":"","context":"En &quot;CINTILLO&quot;","block_context":{"text":"CINTILLO","link":"http:\/\/www.grieta.org.mx\/index.php\/category\/cintillo\/"},"img":{"alt_text":"","src":"https:\/\/i0.wp.com\/www.grieta.org.mx\/wp-content\/uploads\/2018\/03\/14524434_1106112876131411_958039263622046936_o.jpg?resize=350%2C200","width":350,"height":200,"srcset":"https:\/\/i0.wp.com\/www.grieta.org.mx\/wp-content\/uploads\/2018\/03\/14524434_1106112876131411_958039263622046936_o.jpg?resize=350%2C200 1x, https:\/\/i0.wp.com\/www.grieta.org.mx\/wp-content\/uploads\/2018\/03\/14524434_1106112876131411_958039263622046936_o.jpg?resize=525%2C300 1.5x, https:\/\/i0.wp.com\/www.grieta.org.mx\/wp-content\/uploads\/2018\/03\/14524434_1106112876131411_958039263622046936_o.jpg?resize=700%2C400 2x"},"classes":[]},{"id":14425,"url":"http:\/\/www.grieta.org.mx\/index.php\/2016\/03\/29\/aumenta-numero-de-ninos-repatriados-en-2016\/","url_meta":{"origin":14394,"position":2},"title":"Aumenta n\u00famero de ni\u00f1os repatriados en 2016","author":"grieta","date":"29 marzo, 2016","format":false,"excerpt":"Martes, 29 de marzo de 2016 Notimex\/ NTR Zacatecas Zacatecas.- El n\u00famero de ni\u00f1os repatriados aument\u00f3 100 por ciento el primer trimestre de 2016, en comparaci\u00f3n al mismo periodo de 2015, inform\u00f3 Jes\u00fas Ricardo Rosales, subdirector de Atenci\u00f3n a -Grupos Vulnerables y Desarrollo Familiar del Sistema Estatal DIF (SEDIF). Explic\u00f3\u2026","rel":"","context":"En &quot;CINTILLO&quot;","block_context":{"text":"CINTILLO","link":"http:\/\/www.grieta.org.mx\/index.php\/category\/cintillo\/"},"img":{"alt_text":"","src":"https:\/\/i0.wp.com\/www.grieta.org.mx\/wp-content\/uploads\/2018\/03\/14524434_1106112876131411_958039263622046936_o.jpg?resize=350%2C200","width":350,"height":200,"srcset":"https:\/\/i0.wp.com\/www.grieta.org.mx\/wp-content\/uploads\/2018\/03\/14524434_1106112876131411_958039263622046936_o.jpg?resize=350%2C200 1x, https:\/\/i0.wp.com\/www.grieta.org.mx\/wp-content\/uploads\/2018\/03\/14524434_1106112876131411_958039263622046936_o.jpg?resize=525%2C300 1.5x, https:\/\/i0.wp.com\/www.grieta.org.mx\/wp-content\/uploads\/2018\/03\/14524434_1106112876131411_958039263622046936_o.jpg?resize=700%2C400 2x"},"classes":[]},{"id":14406,"url":"http:\/\/www.grieta.org.mx\/index.php\/2016\/05\/26\/disminuye-numero-de-zacatecanos-repatriados\/","url_meta":{"origin":14394,"position":3},"title":"Disminuye n\u00famero de zacatecanos repatriados","author":"grieta","date":"26 mayo, 2016","format":false,"excerpt":"Jueves, 26 de mayo de 2016 CLAUDIO MONTES DE OCA Zacatecas.- Rigoberto Casta\u00f1eda Espinosa, titular de la Secretar\u00eda del Zacatecano Migrante (Sezami), inform\u00f3 que se ha reducido 27 por ciento el n\u00famero de zacatecanos repatriados en comparaci\u00f3n con el a\u00f1o pasado. Detall\u00f3 que, para la primera mitad de 2015, se\u2026","rel":"","context":"En &quot;CINTILLO&quot;","block_context":{"text":"CINTILLO","link":"http:\/\/www.grieta.org.mx\/index.php\/category\/cintillo\/"},"img":{"alt_text":"","src":"https:\/\/i0.wp.com\/www.grieta.org.mx\/wp-content\/uploads\/2018\/03\/14524434_1106112876131411_958039263622046936_o.jpg?resize=350%2C200","width":350,"height":200,"srcset":"https:\/\/i0.wp.com\/www.grieta.org.mx\/wp-content\/uploads\/2018\/03\/14524434_1106112876131411_958039263622046936_o.jpg?resize=350%2C200 1x, https:\/\/i0.wp.com\/www.grieta.org.mx\/wp-content\/uploads\/2018\/03\/14524434_1106112876131411_958039263622046936_o.jpg?resize=525%2C300 1.5x, https:\/\/i0.wp.com\/www.grieta.org.mx\/wp-content\/uploads\/2018\/03\/14524434_1106112876131411_958039263622046936_o.jpg?resize=700%2C400 2x"},"classes":[]},{"id":14427,"url":"http:\/\/www.grieta.org.mx\/index.php\/2015\/12\/09\/olvidan-a-ninos-repatriados\/","url_meta":{"origin":14394,"position":4},"title":"Olvidan a ni\u00f1os repatriados","author":"grieta","date":"9 diciembre, 2015","format":false,"excerpt":"Mi\u00e9rcoles, 9 de diciembre de 2015 ALEJANDRA L\u00d3PEZ El proyecto que el gobierno municipal, en coordinaci\u00f3n con autoridades de Estados Unidos y la Universidad Aut\u00f3noma de Zacatecas (UAZ), pretend\u00eda implementar para apoyar a menores repatriados est\u00e1 en el olvido, debido a la falta de recursos econ\u00f3micos. La estrategia consist\u00eda en\u2026","rel":"","context":"En &quot;CINTILLO&quot;","block_context":{"text":"CINTILLO","link":"http:\/\/www.grieta.org.mx\/index.php\/category\/cintillo\/"},"img":{"alt_text":"","src":"https:\/\/i0.wp.com\/www.grieta.org.mx\/wp-content\/uploads\/2018\/03\/14524434_1106112876131411_958039263622046936_o.jpg?resize=350%2C200","width":350,"height":200,"srcset":"https:\/\/i0.wp.com\/www.grieta.org.mx\/wp-content\/uploads\/2018\/03\/14524434_1106112876131411_958039263622046936_o.jpg?resize=350%2C200 1x, https:\/\/i0.wp.com\/www.grieta.org.mx\/wp-content\/uploads\/2018\/03\/14524434_1106112876131411_958039263622046936_o.jpg?resize=525%2C300 1.5x, https:\/\/i0.wp.com\/www.grieta.org.mx\/wp-content\/uploads\/2018\/03\/14524434_1106112876131411_958039263622046936_o.jpg?resize=700%2C400 2x"},"classes":[]},{"id":63459,"url":"http:\/\/www.grieta.org.mx\/index.php\/2022\/02\/18\/mexico-detenciones-masivas-de-migrantes-en-la-frontera\/","url_meta":{"origin":14394,"position":5},"title":"M\u00e9xico: detenciones masivas de migrantes en la frontera","author":"grieta","date":"18 febrero, 2022","format":false,"excerpt":"Redacci\u00f3n \/ NIUS Madrid Un total de 1.266 migrantes de 33 nacionalidades han sido detenidos este jueves Un total de 1.266 migrantes de 33 nacionalidades han sido detenidos este jueves en varias operaciones realizadas en M\u00e9xico, seg\u00fan ha informado el Instituto Nacional de Migraci\u00f3n (INM) de M\u00e9xico. \"En las \u00faltimas\u2026","rel":"","context":"En &quot;CINTILLO&quot;","block_context":{"text":"CINTILLO","link":"http:\/\/www.grieta.org.mx\/index.php\/category\/cintillo\/"},"img":{"alt_text":"","src":"https:\/\/i0.wp.com\/www.grieta.org.mx\/wp-content\/uploads\/2022\/02\/clipping_BiXSBd_d867.jpg?resize=350%2C200","width":350,"height":200,"srcset":"https:\/\/i0.wp.com\/www.grieta.org.mx\/wp-content\/uploads\/2022\/02\/clipping_BiXSBd_d867.jpg?resize=350%2C200 1x, https:\/\/i0.wp.com\/www.grieta.org.mx\/wp-content\/uploads\/2022\/02\/clipping_BiXSBd_d867.jpg?resize=525%2C300 1.5x, https:\/\/i0.wp.com\/www.grieta.org.mx\/wp-content\/uploads\/2022\/02\/clipping_BiXSBd_d867.jpg?resize=700%2C400 2x"},"classes":[]}],"_links":{"self":[{"href":"http:\/\/www.grieta.org.mx\/index.php\/wp-json\/wp\/v2\/posts\/14394","targetHints":{"allow":["GET"]}}],"collection":[{"href":"http:\/\/www.grieta.org.mx\/index.php\/wp-json\/wp\/v2\/posts"}],"about":[{"href":"http:\/\/www.grieta.org.mx\/index.php\/wp-json\/wp\/v2\/types\/post"}],"author":[{"embeddable":true,"href":"http:\/\/www.grieta.org.mx\/index.php\/wp-json\/wp\/v2\/users\/2"}],"replies":[{"embeddable":true,"href":"http:\/\/www.grieta.org.mx\/index.php\/wp-json\/wp\/v2\/comments?post=14394"}],"version-history":[{"count":1,"href":"http:\/\/www.grieta.org.mx\/index.php\/wp-json\/wp\/v2\/posts\/14394\/revisions"}],"predecessor-version":[{"id":14398,"href":"http:\/\/www.grieta.org.mx\/index.php\/wp-json\/wp\/v2\/posts\/14394\/revisions\/14398"}],"wp:featuredmedia":[{"embeddable":true,"href":"http:\/\/www.grieta.org.mx\/index.php\/wp-json\/wp\/v2\/media\/21928"}],"wp:attachment":[{"href":"http:\/\/www.grieta.org.mx\/index.php\/wp-json\/wp\/v2\/media?parent=14394"}],"wp:term":[{"taxonomy":"category","embeddable":true,"href":"http:\/\/www.grieta.org.mx\/index.php\/wp-json\/wp\/v2\/categories?post=14394"},{"taxonomy":"post_tag","embeddable":true,"href":"http:\/\/www.grieta.org.mx\/index.php\/wp-json\/wp\/v2\/tags?post=14394"}],"curies":[{"name":"wp","href":"https:\/\/api.w.org\/{rel}","templated":true}]}}