{"id":1434,"date":"2015-12-15T02:53:36","date_gmt":"2015-12-15T02:53:36","guid":{"rendered":"http:\/\/50.22.11.12\/~grietaor\/?p=1434"},"modified":"2016-03-07T02:54:59","modified_gmt":"2016-03-07T02:54:59","slug":"denuncian-amenazas-de-muerte-contra-indigenas-de-baqueachi-chihuahua","status":"publish","type":"post","link":"http:\/\/www.grieta.org.mx\/index.php\/2015\/12\/15\/denuncian-amenazas-de-muerte-contra-indigenas-de-baqueachi-chihuahua\/","title":{"rendered":"Denuncian amenazas de muerte contra ind\u00edgenas de Baqueachi, Chihuahua"},"content":{"rendered":"<p>Entre L\u00edneas<br \/>\nAlejandra Rey<\/p>\n<p>Ind\u00edgenas del ejido Baqueachi han luchado durante m\u00e1s de ochenta a\u00f1os por sus territorios, actualmente han accedido a ocho sentencias favorables, mismas que han sido traducidas al rar\u00e1muri.<\/p>\n<p>A pesar de estas sentencias favorables, los ind\u00edgenas de la comunidad y su representante legal, Estela \u00c1ngeles Mondrag\u00f3n, han recibido una serie de amenazas de muerte, directas e indirectas.<\/p>\n<p>En d\u00edas pasados, una bala fue abandonada en el despacho de la representante legal, sin embargo se desconoce qui\u00e9n fue el autor de esta amenaza simb\u00f3lica en contra de quienes est\u00e1n luchando por la defensa de los territorios rar\u00e1muris.<\/p>\n<p>Las victimas han detallado que ganaderos de Nonoava y Carich\u00ed han agredido verbalmente y en ocasiones f\u00edsicamente a los tarahumaras, incluso se han generado desplazamientos forzados a punta de pistola.<\/p>\n<p>Son alrededor de 32 ganaderos los que comenzaron una persecuci\u00f3n en contra de los tarahumaras e incluso iniciaron un juicio para despojarlos de sus tierras, pero este result\u00f3 negativo d\u00e1ndoles el beneficio a los rar\u00e1muris.<\/p>\n<p>Entre los hechos violentos que han reportado se encuentra que Ra\u00fal Sandoval, hijo del ganadero H\u00e9ctor Sandoval, golpe\u00f3 salvajemente con una reata a Jos\u00e9 Valent\u00edn Ch\u00e1vez, comisario de polic\u00eda ind\u00edgena, y apedre\u00f3 a ni\u00f1os rar\u00e1muris que cruzaban por una vereda.<\/p>\n<p>El 26 de noviembre, justo un d\u00eda despu\u00e9s de la ejecuci\u00f3n de la sentencias favorables, H\u00e9ctor Sandoval apedre\u00f3 a los hijos de Juan Ram\u00edrez.<\/p>\n<p>Adem\u00e1s, el pasado 11 de diciembre en la puerta del despacho de la defensora legal fue colocada una bala de rifle de alto calibre. En este lugar, sede de la organizaci\u00f3n Bowerasa, fue asesinado el abogado Ernesto Rabago en a\u00f1os pasados, homicidio que contin\u00faa impune.<\/p>\n<p><a class=\"autohyperlink\" title=\"http:\/\/entrelineas.com.mx\/local\/denuncian-amenazas-de-muerte-contra-indigenas-de-baqueachi\/\" href=\"http:\/\/entrelineas.com.mx\/local\/denuncian-amenazas-de-muerte-contra-indigenas-de-baqueachi\/\" target=\"_blank\">entrelineas.com.mx\/local\/denuncian-amenazas-de-muerte-contra-indigenas-de-baqueachi\/<\/a><\/p>\n","protected":false},"excerpt":{"rendered":"<p>Entre L\u00edneas Alejandra Rey Ind\u00edgenas del ejido Baqueachi han luchado durante m\u00e1s de ochenta a\u00f1os por sus territorios, actualmente han accedido a ocho sentencias favorables, mismas que han sido traducidas &hellip; <a href=\"http:\/\/www.grieta.org.mx\/index.php\/2015\/12\/15\/denuncian-amenazas-de-muerte-contra-indigenas-de-baqueachi-chihuahua\/\" class=\"more-link\">Leer m\u00e1s<\/a><\/p>\n","protected":false},"author":2,"featured_media":21928,"comment_status":"closed","ping_status":"open","sticky":false,"template":"","format":"standard","meta":{"ngg_post_thumbnail":0,"_jetpack_newsletter_access":"","_jetpack_dont_email_post_to_subs":false,"_jetpack_newsletter_tier_id":0,"_jetpack_memberships_contains_paywalled_content":false,"_jetpack_memberships_contains_paid_content":false,"footnotes":""},"categories":[122,80],"tags":[184,193],"class_list":["post-1434","post","type-post","status-publish","format-standard","has-post-thumbnail","hentry","category-chihuahua","category-cintillo","tag-despojo","tag-raramuris","entry"],"jetpack_featured_media_url":"http:\/\/www.grieta.org.mx\/wp-content\/uploads\/2018\/03\/14524434_1106112876131411_958039263622046936_o.jpg","jetpack_sharing_enabled":true,"jetpack_shortlink":"https:\/\/wp.me\/p7ZJR4-n8","jetpack_likes_enabled":false,"jetpack-related-posts":[{"id":1414,"url":"http:\/\/www.grieta.org.mx\/index.php\/2016\/05\/30\/indigenas-raramuris-de-baqueachi-en-juicio-por-territorio\/","url_meta":{"origin":1434,"position":0},"title":"Ind\u00edgenas rar\u00e1muris de Baqueachi en juicio por territorio","author":"grieta","date":"30 mayo, 2016","format":false,"excerpt":"19\/05\/16. Ganan ind\u00edgenas batalla legal y recuperan prediosEl Diario 02\/03\/16. Cumple seis a\u00f1os impune asesinato de abogado de ejidatarios rar\u00e1murisLa Jornada 15\/12\/15. El largo camino de Baqueachi; amenazas y asesinatos, el precio para ganar su tierraCr\u00f3nica de Chihuahua 15\/12\/15. Denuncian amenazas de muerte contra ind\u00edgenas de Baqueachi, ChihuahuaEntre lineas .15\/12\/15\u2026","rel":"","context":"En &quot;Chihuahua&quot;","block_context":{"text":"Chihuahua","link":"http:\/\/www.grieta.org.mx\/index.php\/category\/noticias-nacionales\/chihuahua\/"},"img":{"alt_text":"","src":"https:\/\/i0.wp.com\/www.grieta.org.mx\/wp-content\/uploads\/2018\/03\/14524434_1106112876131411_958039263622046936_o.jpg?resize=350%2C200","width":350,"height":200,"srcset":"https:\/\/i0.wp.com\/www.grieta.org.mx\/wp-content\/uploads\/2018\/03\/14524434_1106112876131411_958039263622046936_o.jpg?resize=350%2C200 1x, https:\/\/i0.wp.com\/www.grieta.org.mx\/wp-content\/uploads\/2018\/03\/14524434_1106112876131411_958039263622046936_o.jpg?resize=525%2C300 1.5x, https:\/\/i0.wp.com\/www.grieta.org.mx\/wp-content\/uploads\/2018\/03\/14524434_1106112876131411_958039263622046936_o.jpg?resize=700%2C400 2x"},"classes":[]},{"id":13382,"url":"http:\/\/www.grieta.org.mx\/index.php\/2015\/12\/15\/denuncian-indigenas-de-baqueachi-agresiones-por-ganar-juicios\/","url_meta":{"origin":1434,"position":1},"title":"Denuncian ind\u00edgenas de Baqueachi agresiones por ganar juicios","author":"grieta","date":"15 diciembre, 2015","format":false,"excerpt":"La Opcion Ind\u00edgenas de la comunidad de Baqueachi, denunciaron que una vez que obtuvieron dos sentencias por juicios agrarios el pasado 25 de noviembre, fueron agredidos a pedradas, en especial los familiares del comisario ejidal Juan Ram\u00edrez. Estela \u00c1ngeles Mondrag\u00f3n, representante legal de la comunidad ind\u00edgena, fue quien hizo del\u2026","rel":"","context":"En &quot;chihuahua&quot;","block_context":{"text":"chihuahua","link":"http:\/\/www.grieta.org.mx\/index.php\/category\/chihuahua\/"},"img":{"alt_text":"","src":"https:\/\/i0.wp.com\/www.grieta.org.mx\/wp-content\/uploads\/2018\/03\/14524434_1106112876131411_958039263622046936_o.jpg?resize=350%2C200","width":350,"height":200,"srcset":"https:\/\/i0.wp.com\/www.grieta.org.mx\/wp-content\/uploads\/2018\/03\/14524434_1106112876131411_958039263622046936_o.jpg?resize=350%2C200 1x, https:\/\/i0.wp.com\/www.grieta.org.mx\/wp-content\/uploads\/2018\/03\/14524434_1106112876131411_958039263622046936_o.jpg?resize=525%2C300 1.5x, https:\/\/i0.wp.com\/www.grieta.org.mx\/wp-content\/uploads\/2018\/03\/14524434_1106112876131411_958039263622046936_o.jpg?resize=700%2C400 2x"},"classes":[]},{"id":1415,"url":"http:\/\/www.grieta.org.mx\/index.php\/2016\/03\/02\/cumple-seis-anos-impune-asesinato-de-abogado-de-ejidatarios-raramuris\/","url_meta":{"origin":1434,"position":2},"title":"Cumple seis a\u00f1os impune asesinato de abogado de ejidatarios rar\u00e1muris","author":"grieta","date":"2 marzo, 2016","format":false,"excerpt":"La Jornada Miroslava Breach Velducea Unos 200 ind\u00edgenas rar\u00e1muris bajaron de comunidades serranas del municipio de Carich\u00ed para manifestarse este primero de marzo por sexto a\u00f1o consecutivo, y exigir justicia por el homicidio del abogado Ernesto R\u00e1bago Mart\u00ednez, asesinado en su despacho en 2010, d\u00edas despu\u00e9s de que gan\u00f3 a\u2026","rel":"","context":"En &quot;chihuahua&quot;","block_context":{"text":"chihuahua","link":"http:\/\/www.grieta.org.mx\/index.php\/category\/chihuahua\/"},"img":{"alt_text":"","src":"https:\/\/i0.wp.com\/www.grieta.org.mx\/wp-content\/uploads\/2018\/03\/14524434_1106112876131411_958039263622046936_o.jpg?resize=350%2C200","width":350,"height":200,"srcset":"https:\/\/i0.wp.com\/www.grieta.org.mx\/wp-content\/uploads\/2018\/03\/14524434_1106112876131411_958039263622046936_o.jpg?resize=350%2C200 1x, https:\/\/i0.wp.com\/www.grieta.org.mx\/wp-content\/uploads\/2018\/03\/14524434_1106112876131411_958039263622046936_o.jpg?resize=525%2C300 1.5x, https:\/\/i0.wp.com\/www.grieta.org.mx\/wp-content\/uploads\/2018\/03\/14524434_1106112876131411_958039263622046936_o.jpg?resize=700%2C400 2x"},"classes":[]},{"id":1425,"url":"http:\/\/www.grieta.org.mx\/index.php\/2015\/12\/15\/el-largo-camino-de-baqueachi-amenazas-y-asesinatos-el-precio-para-ganar-su-tierra\/","url_meta":{"origin":1434,"position":3},"title":"El largo camino de Baqueachi; amenazas y asesinatos, el precio para ganar su tierra","author":"grieta","date":"15 diciembre, 2015","format":false,"excerpt":"Cr\u00f3nica de ChihuahuaNadia SosaLos pobladores del Ejido Baqueachi, municipio de Carich\u00ed, en su totalidad de la etnia Rar\u00e1muri, anunciaron este martes en la ciudad de Chihuahua, junto con la abogada indigenista que los ha representado desde hace m\u00e1s de una d\u00e9cada Estela \u00c1ngeles Mondrag\u00f3n, que con la \u00faltima resoluci\u00f3n dada\u2026","rel":"","context":"En &quot;chihuahua&quot;","block_context":{"text":"chihuahua","link":"http:\/\/www.grieta.org.mx\/index.php\/category\/chihuahua\/"},"img":{"alt_text":"","src":"https:\/\/i0.wp.com\/www.grieta.org.mx\/wp-content\/uploads\/2018\/03\/14524434_1106112876131411_958039263622046936_o.jpg?resize=350%2C200","width":350,"height":200,"srcset":"https:\/\/i0.wp.com\/www.grieta.org.mx\/wp-content\/uploads\/2018\/03\/14524434_1106112876131411_958039263622046936_o.jpg?resize=350%2C200 1x, https:\/\/i0.wp.com\/www.grieta.org.mx\/wp-content\/uploads\/2018\/03\/14524434_1106112876131411_958039263622046936_o.jpg?resize=525%2C300 1.5x, https:\/\/i0.wp.com\/www.grieta.org.mx\/wp-content\/uploads\/2018\/03\/14524434_1106112876131411_958039263622046936_o.jpg?resize=700%2C400 2x"},"classes":[]},{"id":22839,"url":"http:\/\/www.grieta.org.mx\/index.php\/2014\/10\/31\/repudian-raramuris-proyecto-de-gasoducto-en-chihuahua\/","url_meta":{"origin":1434,"position":4},"title":"Repudian rar\u00e1muris proyecto de gasoducto en Chihuahua","author":"grieta","date":"31 octubre, 2014","format":false,"excerpt":"Patricia Mayorga CHIHUAHUA, Chih. (apro).- Las organizaciones que acompa\u00f1an a las comunidades ind\u00edgenas por donde pasar\u00e1 el gasoducto El Encino-Topolobampo pidieron seguridad para los rar\u00e1muri, quienes han exigido consulta previa para que avance el proyecto, debido a que est\u00e1n siendo intimidados para desistir y aceptar la construcci\u00f3n de la obra.\u2026","rel":"","context":"En &quot;Chihuahua&quot;","block_context":{"text":"Chihuahua","link":"http:\/\/www.grieta.org.mx\/index.php\/category\/noticias-nacionales\/chihuahua\/"},"img":{"alt_text":"","src":"https:\/\/i0.wp.com\/www.grieta.org.mx\/wp-content\/uploads\/2018\/03\/14524434_1106112876131411_958039263622046936_o.jpg?resize=350%2C200","width":350,"height":200,"srcset":"https:\/\/i0.wp.com\/www.grieta.org.mx\/wp-content\/uploads\/2018\/03\/14524434_1106112876131411_958039263622046936_o.jpg?resize=350%2C200 1x, https:\/\/i0.wp.com\/www.grieta.org.mx\/wp-content\/uploads\/2018\/03\/14524434_1106112876131411_958039263622046936_o.jpg?resize=525%2C300 1.5x, https:\/\/i0.wp.com\/www.grieta.org.mx\/wp-content\/uploads\/2018\/03\/14524434_1106112876131411_958039263622046936_o.jpg?resize=700%2C400 2x"},"classes":[]},{"id":37417,"url":"http:\/\/www.grieta.org.mx\/index.php\/2019\/08\/01\/baqueachi-y-huahuacherare-ratifican-a-su-abogada-denuncian-intento-de-division-chihuahua\/","url_meta":{"origin":1434,"position":5},"title":"Baqueachi y Huahuach\u00e9rare ratifican a su abogada; denuncian intento de divisi\u00f3n (Chihuahua)","author":"grieta","date":"1 agosto, 2019","format":false,"excerpt":"LA VERDAD\/ RA\u00cdCHALI Chihuahua \u2013Ante el intento de divisi\u00f3n de las comunidades rar\u00e1muri Baqueachi y Huahuach\u00e9rare, ambas del municipio de Carichi, las asambleas ejidales ratificaron a Estela \u00c1ngeles Mondrag\u00f3n como su representante legal. A inicios de junio, tras una serie de publicaciones que pusieron en duda el trabajo de la\u2026","rel":"","context":"En &quot;Chihuahua&quot;","block_context":{"text":"Chihuahua","link":"http:\/\/www.grieta.org.mx\/index.php\/category\/noticias-nacionales\/chihuahua\/"},"img":{"alt_text":"","src":"https:\/\/i0.wp.com\/www.grieta.org.mx\/wp-content\/uploads\/2019\/08\/Baqueachi.jpg?resize=350%2C200","width":350,"height":200,"srcset":"https:\/\/i0.wp.com\/www.grieta.org.mx\/wp-content\/uploads\/2019\/08\/Baqueachi.jpg?resize=350%2C200 1x, https:\/\/i0.wp.com\/www.grieta.org.mx\/wp-content\/uploads\/2019\/08\/Baqueachi.jpg?resize=525%2C300 1.5x, https:\/\/i0.wp.com\/www.grieta.org.mx\/wp-content\/uploads\/2019\/08\/Baqueachi.jpg?resize=700%2C400 2x"},"classes":[]}],"_links":{"self":[{"href":"http:\/\/www.grieta.org.mx\/index.php\/wp-json\/wp\/v2\/posts\/1434","targetHints":{"allow":["GET"]}}],"collection":[{"href":"http:\/\/www.grieta.org.mx\/index.php\/wp-json\/wp\/v2\/posts"}],"about":[{"href":"http:\/\/www.grieta.org.mx\/index.php\/wp-json\/wp\/v2\/types\/post"}],"author":[{"embeddable":true,"href":"http:\/\/www.grieta.org.mx\/index.php\/wp-json\/wp\/v2\/users\/2"}],"replies":[{"embeddable":true,"href":"http:\/\/www.grieta.org.mx\/index.php\/wp-json\/wp\/v2\/comments?post=1434"}],"version-history":[{"count":1,"href":"http:\/\/www.grieta.org.mx\/index.php\/wp-json\/wp\/v2\/posts\/1434\/revisions"}],"predecessor-version":[{"id":1435,"href":"http:\/\/www.grieta.org.mx\/index.php\/wp-json\/wp\/v2\/posts\/1434\/revisions\/1435"}],"wp:featuredmedia":[{"embeddable":true,"href":"http:\/\/www.grieta.org.mx\/index.php\/wp-json\/wp\/v2\/media\/21928"}],"wp:attachment":[{"href":"http:\/\/www.grieta.org.mx\/index.php\/wp-json\/wp\/v2\/media?parent=1434"}],"wp:term":[{"taxonomy":"category","embeddable":true,"href":"http:\/\/www.grieta.org.mx\/index.php\/wp-json\/wp\/v2\/categories?post=1434"},{"taxonomy":"post_tag","embeddable":true,"href":"http:\/\/www.grieta.org.mx\/index.php\/wp-json\/wp\/v2\/tags?post=1434"}],"curies":[{"name":"wp","href":"https:\/\/api.w.org\/{rel}","templated":true}]}}