{"id":14328,"date":"2016-06-16T04:12:04","date_gmt":"2016-06-16T04:12:04","guid":{"rendered":"http:\/\/www.grieta.org.mx\/?p=14328"},"modified":"2018-06-07T19:28:19","modified_gmt":"2018-06-08T00:28:19","slug":"continua-en-revision-la-construccion-de-parque-eolico-en-juchitan","status":"publish","type":"post","link":"http:\/\/www.grieta.org.mx\/index.php\/2016\/06\/16\/continua-en-revision-la-construccion-de-parque-eolico-en-juchitan\/","title":{"rendered":"Contin\u00faa en revisi\u00f3n la construcci\u00f3n de parque e\u00f3lico en Juchit\u00e1n"},"content":{"rendered":"<p>IstmoPress<\/p>\n<p>Diana Manzo, <\/p>\n<p>Juchitan, Oaxaca.- Integrantes de la Asamblea Popular del Pueblo Juchiteco (AAPJ) manifestaron que a pesar de que el juez federal rechaz\u00f3 el amparo interpuesto por el pueblo binizza no significa que se construir\u00e1 el parque e\u00f3lico en Juchit\u00e1n, porque a\u00fan falta por resolver un segundo amparo y un recurso de revisi\u00f3n.<\/p>\n<p>El recurso de amparo fue interpuesto por el pueblo Binniza\u2019 contra el proceso de consulta realizado por la empresa E\u00f3lica del Sur (antes Mare\u00f1a Renovables) en noviembre de 2014, en la cual manifestaron se violent\u00f3 el convenio 169 de la OIT.<\/p>\n<p>Los opositores e\u00f3licos se\u00f1alaron que la consulta ciudadana fue ileg\u00edtima y estuvo viciada de origen, por lo que Jacinto Suarez y otros mil 165 ind\u00edgenas m\u00e1s, buscaron el amparo de la justicia federal contra la construcci\u00f3n del parque e\u00f3lico y en octubre del 2015, un juez federal les dio la raz\u00f3n a trav\u00e9s de una orden de suspensi\u00f3n.<\/p>\n<p>El pasado jueves 9 de junio, el juez s\u00e9ptimo de distrito con sede en Salina Cruz, dict\u00f3 sentencia neg\u00e1ndole el amparo reclamado por los quejosos, por lo que ahora prosigue el recurso de revisi\u00f3n con un plazo de diez d\u00edas.<\/p>\n<p>Mariano L\u00f3pez G\u00f3mez integrante de la Asamblea Popular del Pueblo Juchiteco (APPJ) inform\u00f3 que como asamblea tambi\u00e9n emitieron un amparo- el m\u00e1s grande en datos de todo el estado- en donde contempla documentos sobre lo ama\u00f1ado que se realiz\u00f3 la consulta ind\u00edgena que promovi\u00f3 la empresa e\u00f3lica del sur y aval\u00f3 el gobierno federal (Secretaria de Energ\u00eda), gobierno estatal y municipal.<\/p>\n<p>Dijo que este segundo amparo a\u00fan vigente lo interpusieron en el mes de agosto del 2015  en donde contempla no solo la consulta ind\u00edgena de Juchit\u00e1n sino todas las consultas ind\u00edgenas que se han realizado en el pa\u00eds, en donde no han sido culturalmente adecuada, de buena fe, tampoco libres y transparente, violentando el convenio 169 de la OIT.<\/p>\n<p> \u201cEl juez sexto Isa\u00edas Corona Coronado  esta a favor de la empresa E\u00f3lica del Sur y ha  retrasado con la sentencia, nosotros interpusimos este amparo en donde vienen 70 peticiones que le hicimos al comit\u00e9 t\u00e9cnico de la consulta y nunca nos respondi\u00f3, nos da largas simplemente\u201d.<\/p>\n<p>Por otro lado, el presidente del Comit\u00e9 de Propietarios Bii Niza, Jorge Blas S\u00e1nchez expres\u00f3 que los arrendatarios est\u00e1n optimistas y  viene a darles esperanzas reales para que se lleve a cabo este proyecto e\u00f3lico.<\/p>\n<p>Reconoci\u00f3 que con esta decisi\u00f3n, no significa que se inicie ya con la construcci\u00f3n del parque e\u00f3lico, pues los quejosos a\u00fan tienen el recurso de revisi\u00f3n.<\/p>\n<p>\u201cSi utilizan este recurso, el juez tomar\u00eda tiempo para checarlo. Si en el t\u00e9rmino de diez d\u00edas h\u00e1biles no lo hacen, autom\u00e1ticamente se da por entendido la sentencia del juez y ah\u00ed se iniciar\u00eda la construcci\u00f3n del parque\u201d, concluy\u00f3.<\/p>\n<p>El a\u00f1o pasado, en el mes de noviembre, se realiz\u00f3 la primera consulta  ind\u00edgena para la construcci\u00f3n de un parque e\u00f3lico en el Istmo de Tehuantepec, la cual promovi\u00f3 la empresa e\u00f3lica del Sur a  trav\u00e9s de un comit\u00e9 t\u00e9cnico que encabez\u00f3 el gobierno federal a trav\u00e9s de la Secretaria de energ\u00eda, estatal y municipal.<\/p>\n<p>Transcurrieron nueve  meses y finalmente el 30 de Julio del 2015 en un plebiscito a mano alzada se acept\u00f3 la construcci\u00f3n del parque e\u00f3lico, el cual ser\u00eda el n\u00famero 23 ubicado en esta tierra oaxaque\u00f1a.<\/p>\n<p>El parque e\u00f3lico seg\u00fan el proyecto consta de  132 turbinas de la marca Vestas, las cuales producir\u00e1n cerca de 2000 kws y al parecer comenzar\u00edan a construir antes de concluir este 2015.<\/p>\n<p><a href=\"http:\/\/www.istmopress.com.mx\/istmo\/continua-revision-la-construccion-parque-eolico-juchitan\/\" target=\"_blank\">http:\/\/www.istmopress.com.mx\/istmo\/continua-revision-la-construccion-parque-eolico-juchitan\/<\/a><\/p>\n","protected":false},"excerpt":{"rendered":"<p>IstmoPress Diana Manzo, Juchitan, Oaxaca.- Integrantes de la Asamblea Popular del Pueblo Juchiteco (AAPJ) manifestaron que a pesar de que el juez federal rechaz\u00f3 el amparo interpuesto por el pueblo &hellip; <a href=\"http:\/\/www.grieta.org.mx\/index.php\/2016\/06\/16\/continua-en-revision-la-construccion-de-parque-eolico-en-juchitan\/\" class=\"more-link\">Leer m\u00e1s<\/a><\/p>\n","protected":false},"author":2,"featured_media":21928,"comment_status":"closed","ping_status":"closed","sticky":false,"template":"","format":"standard","meta":{"ngg_post_thumbnail":0,"_jetpack_newsletter_access":"","_jetpack_dont_email_post_to_subs":false,"_jetpack_newsletter_tier_id":0,"_jetpack_memberships_contains_paywalled_content":false,"_jetpack_memberships_contains_paid_content":false,"footnotes":""},"categories":[80,1306,2,25],"tags":[361,214,93],"class_list":["post-14328","post","type-post","status-publish","format-standard","has-post-thumbnail","hentry","category-cintillo","category-conflictos-por-parques-eolicos-en-oaxaca","category-noticias-nacionales","category-oaxaca","tag-consulta-publica","tag-eolicas","tag-oaxaca","entry"],"jetpack_featured_media_url":"http:\/\/www.grieta.org.mx\/wp-content\/uploads\/2018\/03\/14524434_1106112876131411_958039263622046936_o.jpg","jetpack_sharing_enabled":true,"jetpack_shortlink":"https:\/\/wp.me\/p7ZJR4-3J6","jetpack_likes_enabled":false,"jetpack-related-posts":[{"id":1869,"url":"http:\/\/www.grieta.org.mx\/index.php\/2015\/08\/03\/preparan-juicio-y-asamblea-popular-contra-eolicas\/","url_meta":{"origin":14328,"position":0},"title":"Preparan juicio y asamblea popular contra e\u00f3licas","author":"grieta","date":"3 agosto, 2015","format":false,"excerpt":"Noticias Net. Roselia Chaca, Juchit\u00e1n, Oaxaca.- Las dos fracciones que integran la Asamblea Popular del Pueblo Juchiteco (APPJ) mostraron su rechazo a la aprobaci\u00f3n de la instalaci\u00f3n del parque e\u00f3lico de la empresa \u2018E\u00f3lica del Sur\u2019, que se llev\u00f3 a cabo en la Consulta Ind\u00edgena, en el marco del Convenio\u2026","rel":"","context":"En &quot;CINTILLO&quot;","block_context":{"text":"CINTILLO","link":"http:\/\/www.grieta.org.mx\/index.php\/category\/cintillo\/"},"img":{"alt_text":"","src":"https:\/\/i0.wp.com\/www.grieta.org.mx\/wp-content\/uploads\/2018\/03\/14524434_1106112876131411_958039263622046936_o.jpg?resize=350%2C200","width":350,"height":200,"srcset":"https:\/\/i0.wp.com\/www.grieta.org.mx\/wp-content\/uploads\/2018\/03\/14524434_1106112876131411_958039263622046936_o.jpg?resize=350%2C200 1x, https:\/\/i0.wp.com\/www.grieta.org.mx\/wp-content\/uploads\/2018\/03\/14524434_1106112876131411_958039263622046936_o.jpg?resize=525%2C300 1.5x, https:\/\/i0.wp.com\/www.grieta.org.mx\/wp-content\/uploads\/2018\/03\/14524434_1106112876131411_958039263622046936_o.jpg?resize=700%2C400 2x"},"classes":[]},{"id":63783,"url":"http:\/\/www.grieta.org.mx\/index.php\/2022\/02\/02\/a-pesar-de-concluida-la-consulta-en-union-hidalgo-edf-no-puede-iniciar-parque-eolico-oaxaca\/","url_meta":{"origin":14328,"position":1},"title":"A pesar de concluida la consulta en Uni\u00f3n Hidalgo, EDF no puede iniciar parque e\u00f3lico (Oaxaca)","author":"grieta","date":"2 febrero, 2022","format":false,"excerpt":"Avispa Midia \/ Renata Bessi y Aldo Santiago. Despu\u00e9s de cuatro a\u00f1os del inicio de la Consulta Ind\u00edgena en la comunidad zapoteca de Uni\u00f3n Hidalgo, en el Istmo de Tehuantepec, para la construcci\u00f3n del parque e\u00f3lico de la francesa EDF (Electricit\u00e9 de France), el s\u00e1bado (29) se concluy\u00f3, bajo protestas\u2026","rel":"","context":"En &quot;CINTILLO&quot;","block_context":{"text":"CINTILLO","link":"http:\/\/www.grieta.org.mx\/index.php\/category\/cintillo\/"},"img":{"alt_text":"","src":"https:\/\/i0.wp.com\/www.grieta.org.mx\/wp-content\/uploads\/2022\/03\/Avispa.jpg?resize=350%2C200","width":350,"height":200,"srcset":"https:\/\/i0.wp.com\/www.grieta.org.mx\/wp-content\/uploads\/2022\/03\/Avispa.jpg?resize=350%2C200 1x, https:\/\/i0.wp.com\/www.grieta.org.mx\/wp-content\/uploads\/2022\/03\/Avispa.jpg?resize=525%2C300 1.5x, https:\/\/i0.wp.com\/www.grieta.org.mx\/wp-content\/uploads\/2022\/03\/Avispa.jpg?resize=700%2C400 2x"},"classes":[]},{"id":62030,"url":"http:\/\/www.grieta.org.mx\/index.php\/2021\/09\/20\/comuneros-de-juchitan-logran-victoria-contra-la-francesa-edf\/","url_meta":{"origin":14328,"position":2},"title":"Comuneros de Juchit\u00e1n logran victoria contra la francesa EDF","author":"grieta","date":"20 septiembre, 2021","format":false,"excerpt":"Avispa Midia \/ Renata Bessi. En portada: Campesino es cercado por aerogeneradores en el itsmo de Tehuantepec, Oaxaca. Foto: Santiago Navarro F. Comuneros de Juchit\u00e1n de Zaragoza, en el istmo de Tehuantepec, Oaxaca, lograron la suspensi\u00f3n del proyecto e\u00f3lico Gunaa Sicar\u00fa, de la empresa Energies Nouvelles Group Energ\u00eda de Francia\u2026","rel":"","context":"En &quot;CINTILLO&quot;","block_context":{"text":"CINTILLO","link":"http:\/\/www.grieta.org.mx\/index.php\/category\/cintillo\/"},"img":{"alt_text":"","src":"https:\/\/i0.wp.com\/www.grieta.org.mx\/wp-content\/uploads\/2021\/09\/a.jpeg?resize=350%2C200","width":350,"height":200,"srcset":"https:\/\/i0.wp.com\/www.grieta.org.mx\/wp-content\/uploads\/2021\/09\/a.jpeg?resize=350%2C200 1x, https:\/\/i0.wp.com\/www.grieta.org.mx\/wp-content\/uploads\/2021\/09\/a.jpeg?resize=525%2C300 1.5x, https:\/\/i0.wp.com\/www.grieta.org.mx\/wp-content\/uploads\/2021\/09\/a.jpeg?resize=700%2C400 2x, https:\/\/i0.wp.com\/www.grieta.org.mx\/wp-content\/uploads\/2021\/09\/a.jpeg?resize=1050%2C600 3x"},"classes":[]},{"id":1865,"url":"http:\/\/www.grieta.org.mx\/index.php\/2015\/08\/05\/sener-oaxaquenos-aprobaron-parque-eolico-se-viola-amparo-pueblos-indios\/","url_meta":{"origin":14328,"position":3},"title":"Sener: oaxaque\u00f1os aprobaron parque e\u00f3lico; se viola amparo: pueblos indios","author":"grieta","date":"5 agosto, 2015","format":false,"excerpt":"Miriam Posada Garc\u00eda, Oaxaca Mi\u00e9rcoles 5 de agosto de 2015, p. 27 La Secretar\u00eda de Energ\u00eda (Sener) inform\u00f3 que la comunidad ind\u00edgena zapoteca de Juchit\u00e1n de Zaragoza, Oaxaca, otorg\u00f3 su consentimiento para la construcci\u00f3n y operaci\u00f3n del proyecto de generaci\u00f3n de energ\u00eda e\u00f3lica, que tendr\u00e1 un costo estimado de 14\u2026","rel":"","context":"En &quot;CINTILLO&quot;","block_context":{"text":"CINTILLO","link":"http:\/\/www.grieta.org.mx\/index.php\/category\/cintillo\/"},"img":{"alt_text":"","src":"https:\/\/i0.wp.com\/www.grieta.org.mx\/wp-content\/uploads\/2018\/03\/14524434_1106112876131411_958039263622046936_o.jpg?resize=350%2C200","width":350,"height":200,"srcset":"https:\/\/i0.wp.com\/www.grieta.org.mx\/wp-content\/uploads\/2018\/03\/14524434_1106112876131411_958039263622046936_o.jpg?resize=350%2C200 1x, https:\/\/i0.wp.com\/www.grieta.org.mx\/wp-content\/uploads\/2018\/03\/14524434_1106112876131411_958039263622046936_o.jpg?resize=525%2C300 1.5x, https:\/\/i0.wp.com\/www.grieta.org.mx\/wp-content\/uploads\/2018\/03\/14524434_1106112876131411_958039263622046936_o.jpg?resize=700%2C400 2x"},"classes":[]},{"id":1841,"url":"http:\/\/www.grieta.org.mx\/index.php\/2016\/01\/19\/eolica-del-sur-pide-a-la-cfe-que-no-aplique-descuentos-a-familias-juchitecas\/","url_meta":{"origin":14328,"position":4},"title":"E\u00f3lica del Sur pide a la CFE que no aplique descuentos a familias juchitecas","author":"grieta","date":"19 enero, 2016","format":false,"excerpt":"Diario P\u00e1gina 3. Diana Manzo, Juchit\u00e1n, Oaxaca.- Mediante un documento, la Empresa E\u00f3lica \u201cE\u00f3lica del Sur\u201d que obtuvo el fallo a favor durante la consulta e\u00f3lica ind\u00edgena que concluy\u00f3 en el mes de Julio del 2015, pidi\u00f3 a la Comisi\u00f3n Federal de Electricidad no aplicar el descuento bimestral por el\u2026","rel":"","context":"En &quot;CINTILLO&quot;","block_context":{"text":"CINTILLO","link":"http:\/\/www.grieta.org.mx\/index.php\/category\/cintillo\/"},"img":{"alt_text":"","src":"https:\/\/i0.wp.com\/www.grieta.org.mx\/wp-content\/uploads\/2018\/03\/14524434_1106112876131411_958039263622046936_o.jpg?resize=350%2C200","width":350,"height":200,"srcset":"https:\/\/i0.wp.com\/www.grieta.org.mx\/wp-content\/uploads\/2018\/03\/14524434_1106112876131411_958039263622046936_o.jpg?resize=350%2C200 1x, https:\/\/i0.wp.com\/www.grieta.org.mx\/wp-content\/uploads\/2018\/03\/14524434_1106112876131411_958039263622046936_o.jpg?resize=525%2C300 1.5x, https:\/\/i0.wp.com\/www.grieta.org.mx\/wp-content\/uploads\/2018\/03\/14524434_1106112876131411_958039263622046936_o.jpg?resize=700%2C400 2x"},"classes":[]},{"id":1883,"url":"http:\/\/www.grieta.org.mx\/index.php\/2015\/04\/27\/empresa-espanola-amenaza-a-indigenas-para-instalar-su-parque-eolico-en-oaxaca-ongs\/","url_meta":{"origin":14328,"position":5},"title":"Empresa espa\u00f1ola amenaza a ind\u00edgenas para instalar su parque e\u00f3lico en Oaxaca: ONGs","author":"grieta","date":"27 abril, 2015","format":false,"excerpt":"SinEmbargo. Ilse Garc\u00eda, Oaxaca.- Defensores de la tierra de Juchit\u00e1n, Oaxaca, y organizaciones civiles denunciaron amenazas e intimidaciones durante la consulta ind\u00edgena que se lleva a cabo para la construcci\u00f3n de un parque de la empresa E\u00f3lica del Sur, con la intenci\u00f3n de apresurar el proceso de edificaci\u00f3n. Organizaciones como\u2026","rel":"","context":"En &quot;CINTILLO&quot;","block_context":{"text":"CINTILLO","link":"http:\/\/www.grieta.org.mx\/index.php\/category\/cintillo\/"},"img":{"alt_text":"","src":"https:\/\/i0.wp.com\/www.grieta.org.mx\/wp-content\/uploads\/2018\/03\/14524434_1106112876131411_958039263622046936_o.jpg?resize=350%2C200","width":350,"height":200,"srcset":"https:\/\/i0.wp.com\/www.grieta.org.mx\/wp-content\/uploads\/2018\/03\/14524434_1106112876131411_958039263622046936_o.jpg?resize=350%2C200 1x, https:\/\/i0.wp.com\/www.grieta.org.mx\/wp-content\/uploads\/2018\/03\/14524434_1106112876131411_958039263622046936_o.jpg?resize=525%2C300 1.5x, https:\/\/i0.wp.com\/www.grieta.org.mx\/wp-content\/uploads\/2018\/03\/14524434_1106112876131411_958039263622046936_o.jpg?resize=700%2C400 2x"},"classes":[]}],"_links":{"self":[{"href":"http:\/\/www.grieta.org.mx\/index.php\/wp-json\/wp\/v2\/posts\/14328","targetHints":{"allow":["GET"]}}],"collection":[{"href":"http:\/\/www.grieta.org.mx\/index.php\/wp-json\/wp\/v2\/posts"}],"about":[{"href":"http:\/\/www.grieta.org.mx\/index.php\/wp-json\/wp\/v2\/types\/post"}],"author":[{"embeddable":true,"href":"http:\/\/www.grieta.org.mx\/index.php\/wp-json\/wp\/v2\/users\/2"}],"replies":[{"embeddable":true,"href":"http:\/\/www.grieta.org.mx\/index.php\/wp-json\/wp\/v2\/comments?post=14328"}],"version-history":[{"count":1,"href":"http:\/\/www.grieta.org.mx\/index.php\/wp-json\/wp\/v2\/posts\/14328\/revisions"}],"predecessor-version":[{"id":23507,"href":"http:\/\/www.grieta.org.mx\/index.php\/wp-json\/wp\/v2\/posts\/14328\/revisions\/23507"}],"wp:featuredmedia":[{"embeddable":true,"href":"http:\/\/www.grieta.org.mx\/index.php\/wp-json\/wp\/v2\/media\/21928"}],"wp:attachment":[{"href":"http:\/\/www.grieta.org.mx\/index.php\/wp-json\/wp\/v2\/media?parent=14328"}],"wp:term":[{"taxonomy":"category","embeddable":true,"href":"http:\/\/www.grieta.org.mx\/index.php\/wp-json\/wp\/v2\/categories?post=14328"},{"taxonomy":"post_tag","embeddable":true,"href":"http:\/\/www.grieta.org.mx\/index.php\/wp-json\/wp\/v2\/tags?post=14328"}],"curies":[{"name":"wp","href":"https:\/\/api.w.org\/{rel}","templated":true}]}}