{"id":1425,"date":"2015-12-15T02:38:43","date_gmt":"2015-12-15T02:38:43","guid":{"rendered":"http:\/\/50.22.11.12\/~grietaor\/?p=1425"},"modified":"2016-03-07T02:41:02","modified_gmt":"2016-03-07T02:41:02","slug":"el-largo-camino-de-baqueachi-amenazas-y-asesinatos-el-precio-para-ganar-su-tierra","status":"publish","type":"post","link":"http:\/\/www.grieta.org.mx\/index.php\/2015\/12\/15\/el-largo-camino-de-baqueachi-amenazas-y-asesinatos-el-precio-para-ganar-su-tierra\/","title":{"rendered":"El largo camino de Baqueachi; amenazas y asesinatos, el precio para ganar su tierra"},"content":{"rendered":"<header id=\"cb-standard-featured\">\n<div class=\"cb-entry-header cb-style-standard\"><\/div>\n<\/header>\n<section class=\"entry-content clearfix\">Cr\u00f3nica de Chihuahua<\/section>\n<section class=\"entry-content clearfix\">Nadia SosaLos pobladores del Ejido Baqueachi, municipio de Carich\u00ed, en su totalidad de la etnia Rar\u00e1muri, anunciaron este martes en la ciudad de Chihuahua, junto con la abogada indigenista que los ha representado desde hace m\u00e1s de una d\u00e9cada Estela \u00c1ngeles Mondrag\u00f3n, que con la \u00faltima resoluci\u00f3n dada por un Juez Agrario a favor de la comunidad.<br \/>\nPor este fallo, se mandata al estado y a los particulares de la zona a que respeten sus derechos como los due\u00f1os absolutos del territorio, y por esta orden judicial debieron los particulares, ganaderos, desalojar una extensi\u00f3n de 44 mil 784 hect\u00e1reas. La resoluci\u00f3n se da en medio de amenazas y hostigamientos por parte de ganaderos de la regi\u00f3n que han peleado su cacicazgo a los ind\u00edgenas, golpizas a ni\u00f1os de la comunidad y asesinatos de dos pobladores hace un a\u00f1o.<br \/>\nLa pelea de este pueblo por mantener la propiedad como due\u00f1os originales de la tierra y guardadores del bosque lleva 80 a\u00f1os, los 20 \u00faltimos en tribunales federales, 8 juicios a la fecha, y est\u00e1 marcada por decenas de asesinatos de miembros de Baqueachi y del abogado indigenista Ernesto R\u00e1bago Mart\u00ednez hace 5 a\u00f1os, el 11 de diciembre del 2010, en su despacho jur\u00eddico de la ciudad de Chihuahua.<br \/>\nEl abogado era el esposo de Estela \u00c1ngeles Mondrag\u00f3n y ambos eren v\u00edctimas de amenazas y hostigamientos por parte de los ganaderos de la zona que tienen nombre, H\u00e9ctor Sandoval y Ra\u00fal Sandoval, padre e hijo que perdieron el juicio; sobre el asesinato no hay l\u00edneas de investigaci\u00f3n de la Fiscal\u00eda General de Chihuahua entonces Procuradur\u00eda General del Estado, y ni una sola persona ha sido detenida.<br \/>\nLa abogada ha seguido representando a la comunidad en los tribunales, y vive de hecho, en el municipio donde se encuentra el ejido.<br \/>\nVeinte a\u00f1os tard\u00f3 el laudo, y es el primero en M\u00e9xico que reconoce a una tribu sus derechos ancestrales. El fallo sali\u00f3 del tribunal agrario en el Distrito 5, tras la demanda interpuesta por el ejido en contra de los ganaderos acusados de caciques, por despojo de la tierra. Estos ganaderos han hecho caso omiso de las anteriores sentencias y han infligido a la comunidad abusos, discriminaci\u00f3n, amenazas, golpes y asesinatos.<br \/>\nLa abogada dijo que este triunfo para la comunidad representaba una gran satisfacci\u00f3n pero que el camino en los tribunales y en el ejido segu\u00eda, pues la sentencia todav\u00eda puede ser impugnada, y las amenazas no cesan, la \u00faltima fue una bala de rifle dejada en la puerta del despacho de Bowerasa, la organizaci\u00f3n no gubernamental que fundaron R\u00e1bago y Mondrag\u00f3n a\u00f1os atr\u00e1s, al estilo de las amenazas de los ganaderos del pueblo, y en general, en los pueblos de la Sierra Tarahumara.<\/p>\n<p>http:\/\/www.cronicadechihuahua.com\/El-largo-camino-de-Baqueachi,40937.html<\/p>\n<\/section>\n","protected":false},"excerpt":{"rendered":"<p>Cr\u00f3nica de Chihuahua Nadia SosaLos pobladores del Ejido Baqueachi, municipio de Carich\u00ed, en su totalidad de la etnia Rar\u00e1muri, anunciaron este martes en la ciudad de Chihuahua, junto con la &hellip; <a href=\"http:\/\/www.grieta.org.mx\/index.php\/2015\/12\/15\/el-largo-camino-de-baqueachi-amenazas-y-asesinatos-el-precio-para-ganar-su-tierra\/\" class=\"more-link\">Leer m\u00e1s<\/a><\/p>\n","protected":false},"author":2,"featured_media":21928,"comment_status":"closed","ping_status":"open","sticky":false,"template":"","format":"standard","meta":{"ngg_post_thumbnail":0,"_jetpack_newsletter_access":"","_jetpack_dont_email_post_to_subs":false,"_jetpack_newsletter_tier_id":0,"_jetpack_memberships_contains_paywalled_content":false,"_jetpack_memberships_contains_paid_content":false,"footnotes":""},"categories":[122,80],"tags":[184,193],"class_list":["post-1425","post","type-post","status-publish","format-standard","has-post-thumbnail","hentry","category-chihuahua","category-cintillo","tag-despojo","tag-raramuris","entry"],"jetpack_featured_media_url":"http:\/\/www.grieta.org.mx\/wp-content\/uploads\/2018\/03\/14524434_1106112876131411_958039263622046936_o.jpg","jetpack_sharing_enabled":true,"jetpack_shortlink":"https:\/\/wp.me\/p7ZJR4-mZ","jetpack_likes_enabled":false,"jetpack-related-posts":[{"id":1434,"url":"http:\/\/www.grieta.org.mx\/index.php\/2015\/12\/15\/denuncian-amenazas-de-muerte-contra-indigenas-de-baqueachi-chihuahua\/","url_meta":{"origin":1425,"position":0},"title":"Denuncian amenazas de muerte contra ind\u00edgenas de Baqueachi, Chihuahua","author":"grieta","date":"15 diciembre, 2015","format":false,"excerpt":"Entre L\u00edneas Alejandra Rey Ind\u00edgenas del ejido Baqueachi han luchado durante m\u00e1s de ochenta a\u00f1os por sus territorios, actualmente han accedido a ocho sentencias favorables, mismas que han sido traducidas al rar\u00e1muri. A pesar de estas sentencias favorables, los ind\u00edgenas de la comunidad y su representante legal, Estela \u00c1ngeles Mondrag\u00f3n,\u2026","rel":"","context":"En &quot;chihuahua&quot;","block_context":{"text":"chihuahua","link":"http:\/\/www.grieta.org.mx\/index.php\/category\/chihuahua\/"},"img":{"alt_text":"","src":"https:\/\/i0.wp.com\/www.grieta.org.mx\/wp-content\/uploads\/2018\/03\/14524434_1106112876131411_958039263622046936_o.jpg?resize=350%2C200","width":350,"height":200,"srcset":"https:\/\/i0.wp.com\/www.grieta.org.mx\/wp-content\/uploads\/2018\/03\/14524434_1106112876131411_958039263622046936_o.jpg?resize=350%2C200 1x, https:\/\/i0.wp.com\/www.grieta.org.mx\/wp-content\/uploads\/2018\/03\/14524434_1106112876131411_958039263622046936_o.jpg?resize=525%2C300 1.5x, https:\/\/i0.wp.com\/www.grieta.org.mx\/wp-content\/uploads\/2018\/03\/14524434_1106112876131411_958039263622046936_o.jpg?resize=700%2C400 2x"},"classes":[]},{"id":1414,"url":"http:\/\/www.grieta.org.mx\/index.php\/2016\/05\/30\/indigenas-raramuris-de-baqueachi-en-juicio-por-territorio\/","url_meta":{"origin":1425,"position":1},"title":"Ind\u00edgenas rar\u00e1muris de Baqueachi en juicio por territorio","author":"grieta","date":"30 mayo, 2016","format":false,"excerpt":"19\/05\/16. Ganan ind\u00edgenas batalla legal y recuperan prediosEl Diario 02\/03\/16. Cumple seis a\u00f1os impune asesinato de abogado de ejidatarios rar\u00e1murisLa Jornada 15\/12\/15. El largo camino de Baqueachi; amenazas y asesinatos, el precio para ganar su tierraCr\u00f3nica de Chihuahua 15\/12\/15. Denuncian amenazas de muerte contra ind\u00edgenas de Baqueachi, ChihuahuaEntre lineas .15\/12\/15\u2026","rel":"","context":"En &quot;Chihuahua&quot;","block_context":{"text":"Chihuahua","link":"http:\/\/www.grieta.org.mx\/index.php\/category\/noticias-nacionales\/chihuahua\/"},"img":{"alt_text":"","src":"https:\/\/i0.wp.com\/www.grieta.org.mx\/wp-content\/uploads\/2018\/03\/14524434_1106112876131411_958039263622046936_o.jpg?resize=350%2C200","width":350,"height":200,"srcset":"https:\/\/i0.wp.com\/www.grieta.org.mx\/wp-content\/uploads\/2018\/03\/14524434_1106112876131411_958039263622046936_o.jpg?resize=350%2C200 1x, https:\/\/i0.wp.com\/www.grieta.org.mx\/wp-content\/uploads\/2018\/03\/14524434_1106112876131411_958039263622046936_o.jpg?resize=525%2C300 1.5x, https:\/\/i0.wp.com\/www.grieta.org.mx\/wp-content\/uploads\/2018\/03\/14524434_1106112876131411_958039263622046936_o.jpg?resize=700%2C400 2x"},"classes":[]},{"id":13382,"url":"http:\/\/www.grieta.org.mx\/index.php\/2015\/12\/15\/denuncian-indigenas-de-baqueachi-agresiones-por-ganar-juicios\/","url_meta":{"origin":1425,"position":2},"title":"Denuncian ind\u00edgenas de Baqueachi agresiones por ganar juicios","author":"grieta","date":"15 diciembre, 2015","format":false,"excerpt":"La Opcion Ind\u00edgenas de la comunidad de Baqueachi, denunciaron que una vez que obtuvieron dos sentencias por juicios agrarios el pasado 25 de noviembre, fueron agredidos a pedradas, en especial los familiares del comisario ejidal Juan Ram\u00edrez. Estela \u00c1ngeles Mondrag\u00f3n, representante legal de la comunidad ind\u00edgena, fue quien hizo del\u2026","rel":"","context":"En &quot;chihuahua&quot;","block_context":{"text":"chihuahua","link":"http:\/\/www.grieta.org.mx\/index.php\/category\/chihuahua\/"},"img":{"alt_text":"","src":"https:\/\/i0.wp.com\/www.grieta.org.mx\/wp-content\/uploads\/2018\/03\/14524434_1106112876131411_958039263622046936_o.jpg?resize=350%2C200","width":350,"height":200,"srcset":"https:\/\/i0.wp.com\/www.grieta.org.mx\/wp-content\/uploads\/2018\/03\/14524434_1106112876131411_958039263622046936_o.jpg?resize=350%2C200 1x, https:\/\/i0.wp.com\/www.grieta.org.mx\/wp-content\/uploads\/2018\/03\/14524434_1106112876131411_958039263622046936_o.jpg?resize=525%2C300 1.5x, https:\/\/i0.wp.com\/www.grieta.org.mx\/wp-content\/uploads\/2018\/03\/14524434_1106112876131411_958039263622046936_o.jpg?resize=700%2C400 2x"},"classes":[]},{"id":1415,"url":"http:\/\/www.grieta.org.mx\/index.php\/2016\/03\/02\/cumple-seis-anos-impune-asesinato-de-abogado-de-ejidatarios-raramuris\/","url_meta":{"origin":1425,"position":3},"title":"Cumple seis a\u00f1os impune asesinato de abogado de ejidatarios rar\u00e1muris","author":"grieta","date":"2 marzo, 2016","format":false,"excerpt":"La Jornada Miroslava Breach Velducea Unos 200 ind\u00edgenas rar\u00e1muris bajaron de comunidades serranas del municipio de Carich\u00ed para manifestarse este primero de marzo por sexto a\u00f1o consecutivo, y exigir justicia por el homicidio del abogado Ernesto R\u00e1bago Mart\u00ednez, asesinado en su despacho en 2010, d\u00edas despu\u00e9s de que gan\u00f3 a\u2026","rel":"","context":"En &quot;chihuahua&quot;","block_context":{"text":"chihuahua","link":"http:\/\/www.grieta.org.mx\/index.php\/category\/chihuahua\/"},"img":{"alt_text":"","src":"https:\/\/i0.wp.com\/www.grieta.org.mx\/wp-content\/uploads\/2018\/03\/14524434_1106112876131411_958039263622046936_o.jpg?resize=350%2C200","width":350,"height":200,"srcset":"https:\/\/i0.wp.com\/www.grieta.org.mx\/wp-content\/uploads\/2018\/03\/14524434_1106112876131411_958039263622046936_o.jpg?resize=350%2C200 1x, https:\/\/i0.wp.com\/www.grieta.org.mx\/wp-content\/uploads\/2018\/03\/14524434_1106112876131411_958039263622046936_o.jpg?resize=525%2C300 1.5x, https:\/\/i0.wp.com\/www.grieta.org.mx\/wp-content\/uploads\/2018\/03\/14524434_1106112876131411_958039263622046936_o.jpg?resize=700%2C400 2x"},"classes":[]},{"id":37417,"url":"http:\/\/www.grieta.org.mx\/index.php\/2019\/08\/01\/baqueachi-y-huahuacherare-ratifican-a-su-abogada-denuncian-intento-de-division-chihuahua\/","url_meta":{"origin":1425,"position":4},"title":"Baqueachi y Huahuach\u00e9rare ratifican a su abogada; denuncian intento de divisi\u00f3n (Chihuahua)","author":"grieta","date":"1 agosto, 2019","format":false,"excerpt":"LA VERDAD\/ RA\u00cdCHALI Chihuahua \u2013Ante el intento de divisi\u00f3n de las comunidades rar\u00e1muri Baqueachi y Huahuach\u00e9rare, ambas del municipio de Carichi, las asambleas ejidales ratificaron a Estela \u00c1ngeles Mondrag\u00f3n como su representante legal. A inicios de junio, tras una serie de publicaciones que pusieron en duda el trabajo de la\u2026","rel":"","context":"En &quot;Chihuahua&quot;","block_context":{"text":"Chihuahua","link":"http:\/\/www.grieta.org.mx\/index.php\/category\/noticias-nacionales\/chihuahua\/"},"img":{"alt_text":"","src":"https:\/\/i0.wp.com\/www.grieta.org.mx\/wp-content\/uploads\/2019\/08\/Baqueachi.jpg?resize=350%2C200","width":350,"height":200,"srcset":"https:\/\/i0.wp.com\/www.grieta.org.mx\/wp-content\/uploads\/2019\/08\/Baqueachi.jpg?resize=350%2C200 1x, https:\/\/i0.wp.com\/www.grieta.org.mx\/wp-content\/uploads\/2019\/08\/Baqueachi.jpg?resize=525%2C300 1.5x, https:\/\/i0.wp.com\/www.grieta.org.mx\/wp-content\/uploads\/2019\/08\/Baqueachi.jpg?resize=700%2C400 2x"},"classes":[]},{"id":13379,"url":"http:\/\/www.grieta.org.mx\/index.php\/2016\/05\/19\/ganan-indigenas-batalla-legal-y-recuperan-predios\/","url_meta":{"origin":1425,"position":5},"title":"Ganan ind\u00edgenas batalla legal y recuperan predios","author":"grieta","date":"19 mayo, 2016","format":false,"excerpt":"El Diario Francisco C\u00f3rdova La comunidad de \u201cBakeachi\u201d que por 88 a\u00f1os pele\u00f3 por tierras de cultivo en el municipio de Carich\u00ed, gan\u00f3 una de las m\u00e1s importantes batallas legales de nivel federal que los reconoce como leg\u00edtimos due\u00f1os de 7 mil 700 hect\u00e1reas, de las 44 mil que se\u2026","rel":"","context":"En &quot;chihuahua&quot;","block_context":{"text":"chihuahua","link":"http:\/\/www.grieta.org.mx\/index.php\/category\/chihuahua\/"},"img":{"alt_text":"","src":"https:\/\/i0.wp.com\/www.grieta.org.mx\/wp-content\/uploads\/2018\/03\/14524434_1106112876131411_958039263622046936_o.jpg?resize=350%2C200","width":350,"height":200,"srcset":"https:\/\/i0.wp.com\/www.grieta.org.mx\/wp-content\/uploads\/2018\/03\/14524434_1106112876131411_958039263622046936_o.jpg?resize=350%2C200 1x, https:\/\/i0.wp.com\/www.grieta.org.mx\/wp-content\/uploads\/2018\/03\/14524434_1106112876131411_958039263622046936_o.jpg?resize=525%2C300 1.5x, https:\/\/i0.wp.com\/www.grieta.org.mx\/wp-content\/uploads\/2018\/03\/14524434_1106112876131411_958039263622046936_o.jpg?resize=700%2C400 2x"},"classes":[]}],"_links":{"self":[{"href":"http:\/\/www.grieta.org.mx\/index.php\/wp-json\/wp\/v2\/posts\/1425","targetHints":{"allow":["GET"]}}],"collection":[{"href":"http:\/\/www.grieta.org.mx\/index.php\/wp-json\/wp\/v2\/posts"}],"about":[{"href":"http:\/\/www.grieta.org.mx\/index.php\/wp-json\/wp\/v2\/types\/post"}],"author":[{"embeddable":true,"href":"http:\/\/www.grieta.org.mx\/index.php\/wp-json\/wp\/v2\/users\/2"}],"replies":[{"embeddable":true,"href":"http:\/\/www.grieta.org.mx\/index.php\/wp-json\/wp\/v2\/comments?post=1425"}],"version-history":[{"count":1,"href":"http:\/\/www.grieta.org.mx\/index.php\/wp-json\/wp\/v2\/posts\/1425\/revisions"}],"predecessor-version":[{"id":1428,"href":"http:\/\/www.grieta.org.mx\/index.php\/wp-json\/wp\/v2\/posts\/1425\/revisions\/1428"}],"wp:featuredmedia":[{"embeddable":true,"href":"http:\/\/www.grieta.org.mx\/index.php\/wp-json\/wp\/v2\/media\/21928"}],"wp:attachment":[{"href":"http:\/\/www.grieta.org.mx\/index.php\/wp-json\/wp\/v2\/media?parent=1425"}],"wp:term":[{"taxonomy":"category","embeddable":true,"href":"http:\/\/www.grieta.org.mx\/index.php\/wp-json\/wp\/v2\/categories?post=1425"},{"taxonomy":"post_tag","embeddable":true,"href":"http:\/\/www.grieta.org.mx\/index.php\/wp-json\/wp\/v2\/tags?post=1425"}],"curies":[{"name":"wp","href":"https:\/\/api.w.org\/{rel}","templated":true}]}}