{"id":14233,"date":"2016-05-31T03:55:59","date_gmt":"2016-05-31T03:55:59","guid":{"rendered":"http:\/\/www.grieta.org.mx\/?p=14233"},"modified":"2016-06-16T03:59:53","modified_gmt":"2016-06-16T03:59:53","slug":"maestros-se-movilizaran-en-juarez-y-chihuahua-contra-reforma-educativa","status":"publish","type":"post","link":"http:\/\/www.grieta.org.mx\/index.php\/2016\/05\/31\/maestros-se-movilizaran-en-juarez-y-chihuahua-contra-reforma-educativa\/","title":{"rendered":"Maestros se movilizar\u00e1n en Ju\u00e1rez y Chihuahua contra reforma educativa"},"content":{"rendered":"<p>Entrelineas<br \/>\nAlejandra Rey<img loading=\"lazy\" decoding=\"async\" data-attachment-id=\"14237\" data-permalink=\"http:\/\/www.grieta.org.mx\/index.php\/2016\/05\/31\/maestros-se-movilizaran-en-juarez-y-chihuahua-contra-reforma-educativa\/13335910_10209279486481705_9196585528495472562_n-371x208\/\" data-orig-file=\"http:\/\/www.grieta.org.mx\/wp-content\/uploads\/2016\/05\/13335910_10209279486481705_9196585528495472562_n-371x208.jpg\" data-orig-size=\"371,208\" data-comments-opened=\"0\" data-image-meta=\"{&quot;aperture&quot;:&quot;0&quot;,&quot;credit&quot;:&quot;&quot;,&quot;camera&quot;:&quot;&quot;,&quot;caption&quot;:&quot;&quot;,&quot;created_timestamp&quot;:&quot;0&quot;,&quot;copyright&quot;:&quot;&quot;,&quot;focal_length&quot;:&quot;0&quot;,&quot;iso&quot;:&quot;0&quot;,&quot;shutter_speed&quot;:&quot;0&quot;,&quot;title&quot;:&quot;&quot;,&quot;orientation&quot;:&quot;0&quot;}\" data-image-title=\"13335910_10209279486481705_9196585528495472562_n-371&amp;#215;208\" data-image-description=\"\" data-image-caption=\"\" data-medium-file=\"http:\/\/www.grieta.org.mx\/wp-content\/uploads\/2016\/05\/13335910_10209279486481705_9196585528495472562_n-371x208-300x168.jpg\" data-large-file=\"http:\/\/www.grieta.org.mx\/wp-content\/uploads\/2016\/05\/13335910_10209279486481705_9196585528495472562_n-371x208.jpg\" src=\"http:\/\/www.grieta.org.mx\/wp-content\/uploads\/2016\/05\/13335910_10209279486481705_9196585528495472562_n-371x208.jpg\" alt=\"13335910_10209279486481705_9196585528495472562_n-371x208\" width=\"371\" height=\"208\" class=\"aligncenter size-full wp-image-14237\" srcset=\"http:\/\/www.grieta.org.mx\/wp-content\/uploads\/2016\/05\/13335910_10209279486481705_9196585528495472562_n-371x208.jpg 371w, http:\/\/www.grieta.org.mx\/wp-content\/uploads\/2016\/05\/13335910_10209279486481705_9196585528495472562_n-371x208-300x168.jpg 300w\" sizes=\"auto, (max-width: 371px) 100vw, 371px\" \/><\/p>\n<p>En el marco de las movilizaciones contra la reforma educativa por su car\u00e1cter privatizador en relaci\u00f3n a la educaci\u00f3n p\u00fablica, maestros de Ciudad Ju\u00e1rez y Chihuahua anunciaron movilizaciones para el pr\u00f3ximo viernes y s\u00e1bado.<\/p>\n<p>En Ju\u00e1rez, los educadores est\u00e1n convocando a movilizarse en la segunda marcha contra la reforma, la cual se realizar\u00e1 a partir de la mega bandera a las seis de la tarde, mientras que el viernes y s\u00e1bado estar\u00e1n teniendo en la capital un plant\u00f3n, as\u00ed como tambi\u00e9n algunas escuelas trabajar\u00e1n bajo protesta en Chihuahua.<\/p>\n<p>El rechazo a la evaluaci\u00f3n docente no est\u00e1 en el hecho del diagn\u00f3stico que debe aplicarse a los maestros, sino en la forma en la que se est\u00e1 realizando, la cual consta de opciones m\u00faltiples y en ning\u00fan momento se espec\u00edfica los est\u00e1ndares para dicha evaluaci\u00f3n, seg\u00fan refieren.<\/p>\n<p>El magisterio disidente en Chihuahua -y en el pa\u00eds- ha denunciado que  la evaluaci\u00f3n docente no propicia la mejora de los maestros y solamente forma parte de una reforma que m\u00e1s que educativa es laboral para acabar con la disidencia y dejar el paso libre a la privatizaci\u00f3n de la educaci\u00f3n.<\/p>\n<p>Se\u00f1alan que detr\u00e1s de la reforma educativa se encuentran empresarios, aliados al Partido Revolucionario Institucional y el Partido Acci\u00f3n Nacional, que buscan hacer negocios con la educaci\u00f3n en M\u00e9xico, como se ha buscado con las reformas estructurales.<\/p>\n<p>http:\/\/entrelineas.com.mx\/local\/maestros-se-movilizaran-en-juarez-y-chihuahua-contra-reforma-educativa\/<\/p>\n","protected":false},"excerpt":{"rendered":"<p>Entrelineas Alejandra Rey En el marco de las movilizaciones contra la reforma educativa por su car\u00e1cter privatizador en relaci\u00f3n a la educaci\u00f3n p\u00fablica, maestros de Ciudad Ju\u00e1rez y Chihuahua anunciaron &hellip; <a href=\"http:\/\/www.grieta.org.mx\/index.php\/2016\/05\/31\/maestros-se-movilizaran-en-juarez-y-chihuahua-contra-reforma-educativa\/\" class=\"more-link\">Leer m\u00e1s<\/a><\/p>\n","protected":false},"author":2,"featured_media":21928,"comment_status":"closed","ping_status":"closed","sticky":false,"template":"","format":"standard","meta":{"ngg_post_thumbnail":0,"_jetpack_newsletter_access":"","_jetpack_dont_email_post_to_subs":false,"_jetpack_newsletter_tier_id":0,"_jetpack_memberships_contains_paywalled_content":false,"_jetpack_memberships_contains_paid_content":false,"footnotes":""},"categories":[122,80],"tags":[480,294],"class_list":["post-14233","post","type-post","status-publish","format-standard","has-post-thumbnail","hentry","category-chihuahua","category-cintillo","tag-evaluacion-magisterial","tag-reforma-laboral","entry"],"jetpack_featured_media_url":"http:\/\/www.grieta.org.mx\/wp-content\/uploads\/2018\/03\/14524434_1106112876131411_958039263622046936_o.jpg","jetpack_sharing_enabled":true,"jetpack_shortlink":"https:\/\/wp.me\/p7ZJR4-3Hz","jetpack_likes_enabled":false,"jetpack-related-posts":[{"id":14226,"url":"http:\/\/www.grieta.org.mx\/index.php\/2016\/08\/28\/movilizaciones-contra-reforma-educativa-en-chihuahua\/","url_meta":{"origin":14233,"position":0},"title":"Movilizaciones contra reforma educativa en Chihuahua","author":"grieta","date":"28 agosto, 2016","format":false,"excerpt":"28\/08\/16. Toman maestros casetas de Sacramento, ChihuahuaEl Diario 19\/08\/16. Exigen disidentes a la Secci\u00f3n Octava convocar a paro el lunes en ChihuahuaLa Opci\u00f3n 15\/07\/16. Maestros de Chihuahua enfrentan a su direcci\u00f3n \u201ccharra\u201dLa izquierda diario 09\/07\/16. Toma Resissste casetas en el estado de Chihuahua El diario de Chihuahua 01\/07\/16. Marchan en\u2026","rel":"","context":"En &quot;Chihuahua&quot;","block_context":{"text":"Chihuahua","link":"http:\/\/www.grieta.org.mx\/index.php\/category\/noticias-nacionales\/chihuahua\/"},"img":{"alt_text":"","src":"https:\/\/i0.wp.com\/www.grieta.org.mx\/wp-content\/uploads\/2018\/03\/14524434_1106112876131411_958039263622046936_o.jpg?resize=350%2C200","width":350,"height":200,"srcset":"https:\/\/i0.wp.com\/www.grieta.org.mx\/wp-content\/uploads\/2018\/03\/14524434_1106112876131411_958039263622046936_o.jpg?resize=350%2C200 1x, https:\/\/i0.wp.com\/www.grieta.org.mx\/wp-content\/uploads\/2018\/03\/14524434_1106112876131411_958039263622046936_o.jpg?resize=525%2C300 1.5x, https:\/\/i0.wp.com\/www.grieta.org.mx\/wp-content\/uploads\/2018\/03\/14524434_1106112876131411_958039263622046936_o.jpg?resize=700%2C400 2x"},"classes":[]},{"id":1233,"url":"http:\/\/www.grieta.org.mx\/index.php\/2016\/07\/19\/maestros-de-hidalgo-se-movilizan-en-contra-de-la-reforma-educativa\/","url_meta":{"origin":14233,"position":1},"title":"Movilizaciones contra la Reforma educativa y evaluaci\u00f3n magisterial en Hidalgo","author":"grieta","date":"19 julio, 2016","format":false,"excerpt":"Maestros de Hidalgo se movilizan contra la reforma educativa 19\/07\/16. Maestros realizan marcha tambi\u00e9n en HidalgoEl Universal 11\/06\/16. CNTE Hidalgo y Edomex realizan mitin en Ojo de AguaNoticias \u00c9nfasis 07\/07\/16. Se une SNTE a quinta marcha de CNTE por PachucaQuadrat\u00edn Hidalgo 02\/07\/16. Se niegan 145 maestros a recibir cursos sobre\u2026","rel":"","context":"En &quot;CINTILLO&quot;","block_context":{"text":"CINTILLO","link":"http:\/\/www.grieta.org.mx\/index.php\/category\/cintillo\/"},"img":{"alt_text":"","src":"https:\/\/i0.wp.com\/www.grieta.org.mx\/wp-content\/uploads\/2018\/03\/14524434_1106112876131411_958039263622046936_o.jpg?resize=350%2C200","width":350,"height":200,"srcset":"https:\/\/i0.wp.com\/www.grieta.org.mx\/wp-content\/uploads\/2018\/03\/14524434_1106112876131411_958039263622046936_o.jpg?resize=350%2C200 1x, https:\/\/i0.wp.com\/www.grieta.org.mx\/wp-content\/uploads\/2018\/03\/14524434_1106112876131411_958039263622046936_o.jpg?resize=525%2C300 1.5x, https:\/\/i0.wp.com\/www.grieta.org.mx\/wp-content\/uploads\/2018\/03\/14524434_1106112876131411_958039263622046936_o.jpg?resize=700%2C400 2x"},"classes":[]},{"id":5218,"url":"http:\/\/www.grieta.org.mx\/index.php\/2015\/08\/26\/maestros-de-queretaro-anuncian-movilizaciones-contra-reforma-educativa\/","url_meta":{"origin":14233,"position":2},"title":"Maestros de Quer\u00e9taro anuncian movilizaciones contra reforma educativa","author":"grieta","date":"26 agosto, 2015","format":false,"excerpt":"Rafael Camacho\/C\u00f3dice Informativo Instalar\u00e1n un campamento permanente frente a los juzgados federales Ante la falta de apertura al di\u00e1logo tanto de las autoridades educativas estatales como federales, el pr\u00f3ximo viernes continuar\u00e1n con las manifestaciones, campamentos y hasta eventuales paros contra la Reforma Educativa, advirti\u00f3 Rosa Mar\u00eda C\u00f3rdoba, maestra vocera de\u2026","rel":"","context":"En &quot;CINTILLO&quot;","block_context":{"text":"CINTILLO","link":"http:\/\/www.grieta.org.mx\/index.php\/category\/cintillo\/"},"img":{"alt_text":"","src":"https:\/\/i0.wp.com\/www.grieta.org.mx\/wp-content\/uploads\/2018\/03\/14524434_1106112876131411_958039263622046936_o.jpg?resize=350%2C200","width":350,"height":200,"srcset":"https:\/\/i0.wp.com\/www.grieta.org.mx\/wp-content\/uploads\/2018\/03\/14524434_1106112876131411_958039263622046936_o.jpg?resize=350%2C200 1x, https:\/\/i0.wp.com\/www.grieta.org.mx\/wp-content\/uploads\/2018\/03\/14524434_1106112876131411_958039263622046936_o.jpg?resize=525%2C300 1.5x, https:\/\/i0.wp.com\/www.grieta.org.mx\/wp-content\/uploads\/2018\/03\/14524434_1106112876131411_958039263622046936_o.jpg?resize=700%2C400 2x"},"classes":[]},{"id":20719,"url":"http:\/\/www.grieta.org.mx\/index.php\/2016\/08\/28\/20719\/","url_meta":{"origin":14233,"position":3},"title":"Toman maestros casetas de Sacramento, Chihuahua","author":"grieta","date":"28 agosto, 2016","format":false,"excerpt":"El Diario Un grupo de maestros mantiene tomada la caseta de Sacramento como parte de los movimientos que sostienen los docentes contra la Reforma Educativa y la evaluaci\u00f3n que \u00e9sta conlleva. Con pancartas en los que se leen mensajes alusivos al rechazo a los ordenamientos federales, los profesores permiten el\u2026","rel":"","context":"En &quot;Chihuahua&quot;","block_context":{"text":"Chihuahua","link":"http:\/\/www.grieta.org.mx\/index.php\/category\/noticias-nacionales\/chihuahua\/"},"img":{"alt_text":"","src":"https:\/\/i0.wp.com\/www.grieta.org.mx\/wp-content\/uploads\/2018\/03\/14524434_1106112876131411_958039263622046936_o.jpg?resize=350%2C200","width":350,"height":200,"srcset":"https:\/\/i0.wp.com\/www.grieta.org.mx\/wp-content\/uploads\/2018\/03\/14524434_1106112876131411_958039263622046936_o.jpg?resize=350%2C200 1x, https:\/\/i0.wp.com\/www.grieta.org.mx\/wp-content\/uploads\/2018\/03\/14524434_1106112876131411_958039263622046936_o.jpg?resize=525%2C300 1.5x, https:\/\/i0.wp.com\/www.grieta.org.mx\/wp-content\/uploads\/2018\/03\/14524434_1106112876131411_958039263622046936_o.jpg?resize=700%2C400 2x"},"classes":[]},{"id":7244,"url":"http:\/\/www.grieta.org.mx\/index.php\/2016\/06\/26\/movilizaciones-en-guanajuato-contra-de-la-reforma-educativa\/","url_meta":{"origin":14233,"position":4},"title":"Movilizaciones contra la reforma educativa en Guanajuato","author":"grieta","date":"26 junio, 2016","format":false,"excerpt":"26\/06\/2016. Maestros bloquean carretera federal 57 en San Jose Iturbide SomosMass99 04\/06\/2016. Repudian maestros reforma educativa en Salvatierra Peri\u00f3dico AM 02\/06\/2016. Maestros en Guanajuato marchan contra Reforma Educativa Peri\u00f3dico AM 22\/07\/2015. Maestros de Guanajuato advierten que no presentar\u00e1n examen de evaluaci\u00f3n Zona Franca 21\/07\/2015. Contin\u00faa movimiento en Guanajuato contra la\u2026","rel":"","context":"En &quot;Guanajuato&quot;","block_context":{"text":"Guanajuato","link":"http:\/\/www.grieta.org.mx\/index.php\/category\/noticias-nacionales\/guanajuato\/"},"img":{"alt_text":"","src":"https:\/\/i0.wp.com\/www.grieta.org.mx\/wp-content\/uploads\/2018\/03\/14524434_1106112876131411_958039263622046936_o.jpg?resize=350%2C200","width":350,"height":200,"srcset":"https:\/\/i0.wp.com\/www.grieta.org.mx\/wp-content\/uploads\/2018\/03\/14524434_1106112876131411_958039263622046936_o.jpg?resize=350%2C200 1x, https:\/\/i0.wp.com\/www.grieta.org.mx\/wp-content\/uploads\/2018\/03\/14524434_1106112876131411_958039263622046936_o.jpg?resize=525%2C300 1.5x, https:\/\/i0.wp.com\/www.grieta.org.mx\/wp-content\/uploads\/2018\/03\/14524434_1106112876131411_958039263622046936_o.jpg?resize=700%2C400 2x"},"classes":[]},{"id":571,"url":"http:\/\/www.grieta.org.mx\/index.php\/2016\/09\/12\/movilizaciones-de-maestros-en-campeche-por-evaluacion-al-desempeno-y-reforma-educativa\/","url_meta":{"origin":14233,"position":5},"title":"Movilizaciones contra la Reforma Educativa y evaluaci\u00f3n magisterial en Campeche","author":"grieta","date":"12 septiembre, 2016","format":false,"excerpt":"12\/09\/16. Protestan en contra de reforma educativa (Campeche) El Expreso 24\/07\/16. Maestros vuelven a manifestarse contra Reforma Educativa (Campeche) P\u00e1gin@bierta 17\/07\/16. Maestros de Cetec exigen abrogar reforma educativa (Campeche) Tribuna 12\/07\/16. Campeche presente en las negociaciones de CNTE con Gobernaci\u00f3n P\u00e1gin@bierta 07\/07\/16. Volanteo y boteo de maestros democr\u00e1ticos en caseta\u2026","rel":"","context":"En &quot;Campeche&quot;","block_context":{"text":"Campeche","link":"http:\/\/www.grieta.org.mx\/index.php\/category\/noticias-nacionales\/campeche\/"},"img":{"alt_text":"","src":"https:\/\/i0.wp.com\/www.grieta.org.mx\/wp-content\/uploads\/2018\/03\/14524434_1106112876131411_958039263622046936_o.jpg?resize=350%2C200","width":350,"height":200,"srcset":"https:\/\/i0.wp.com\/www.grieta.org.mx\/wp-content\/uploads\/2018\/03\/14524434_1106112876131411_958039263622046936_o.jpg?resize=350%2C200 1x, https:\/\/i0.wp.com\/www.grieta.org.mx\/wp-content\/uploads\/2018\/03\/14524434_1106112876131411_958039263622046936_o.jpg?resize=525%2C300 1.5x, https:\/\/i0.wp.com\/www.grieta.org.mx\/wp-content\/uploads\/2018\/03\/14524434_1106112876131411_958039263622046936_o.jpg?resize=700%2C400 2x"},"classes":[]}],"_links":{"self":[{"href":"http:\/\/www.grieta.org.mx\/index.php\/wp-json\/wp\/v2\/posts\/14233","targetHints":{"allow":["GET"]}}],"collection":[{"href":"http:\/\/www.grieta.org.mx\/index.php\/wp-json\/wp\/v2\/posts"}],"about":[{"href":"http:\/\/www.grieta.org.mx\/index.php\/wp-json\/wp\/v2\/types\/post"}],"author":[{"embeddable":true,"href":"http:\/\/www.grieta.org.mx\/index.php\/wp-json\/wp\/v2\/users\/2"}],"replies":[{"embeddable":true,"href":"http:\/\/www.grieta.org.mx\/index.php\/wp-json\/wp\/v2\/comments?post=14233"}],"version-history":[{"count":1,"href":"http:\/\/www.grieta.org.mx\/index.php\/wp-json\/wp\/v2\/posts\/14233\/revisions"}],"predecessor-version":[{"id":14238,"href":"http:\/\/www.grieta.org.mx\/index.php\/wp-json\/wp\/v2\/posts\/14233\/revisions\/14238"}],"wp:featuredmedia":[{"embeddable":true,"href":"http:\/\/www.grieta.org.mx\/index.php\/wp-json\/wp\/v2\/media\/21928"}],"wp:attachment":[{"href":"http:\/\/www.grieta.org.mx\/index.php\/wp-json\/wp\/v2\/media?parent=14233"}],"wp:term":[{"taxonomy":"category","embeddable":true,"href":"http:\/\/www.grieta.org.mx\/index.php\/wp-json\/wp\/v2\/categories?post=14233"},{"taxonomy":"post_tag","embeddable":true,"href":"http:\/\/www.grieta.org.mx\/index.php\/wp-json\/wp\/v2\/tags?post=14233"}],"curies":[{"name":"wp","href":"https:\/\/api.w.org\/{rel}","templated":true}]}}