{"id":1415,"date":"2016-03-02T02:12:36","date_gmt":"2016-03-02T02:12:36","guid":{"rendered":"http:\/\/50.22.11.12\/~grietaor\/?p=1415"},"modified":"2016-03-07T02:40:01","modified_gmt":"2016-03-07T02:40:01","slug":"cumple-seis-anos-impune-asesinato-de-abogado-de-ejidatarios-raramuris","status":"publish","type":"post","link":"http:\/\/www.grieta.org.mx\/index.php\/2016\/03\/02\/cumple-seis-anos-impune-asesinato-de-abogado-de-ejidatarios-raramuris\/","title":{"rendered":"Cumple seis a\u00f1os impune asesinato de abogado de ejidatarios rar\u00e1muris"},"content":{"rendered":"<p>La Jornada<br \/>\nMiroslava Breach Velducea<\/p>\n<p>Unos 200 ind\u00edgenas rar\u00e1muris bajaron de comunidades serranas del municipio de Carich\u00ed para manifestarse este primero de marzo por sexto a\u00f1o consecutivo, y exigir justicia por el homicidio del abogado Ernesto R\u00e1bago Mart\u00ednez, asesinado en su despacho en 2010, d\u00edas despu\u00e9s de que gan\u00f3 a ganaderos mestizos un juicio agrario por tierras pertenecientes al ejido Baqueachi.<\/p>\n<p>El presidente del comisariado ejidal, Juan Ram\u00edrez, y el cuarto gobernador de la tribu de Baqueachi, Antonio Nicho, indicaron que durante seis a\u00f1os han esperado resultados de las investigaciones sobre el crimen de Ernesto R\u00e1bago, activista y defensor de derechos humanos, esposo de la abogada Estela \u00c1ngeles Mondrag\u00f3n, quien durante 20 a\u00f1os ha llevado la defensa legal de los rar\u00e1muris para recuperar territorio que les fue arrebatado por los ganaderos.<\/p>\n<p>R\u00e1bago Mart\u00ednez fue asesinado de dos balazos el primero de marzo de 2010, cuando se encontraba en su despacho de la zona centro de la capital del estado, d\u00edas despu\u00e9s de que su esposa \u00c1ngeles Mondrag\u00f3n consigui\u00f3 la primera sentencia favorable en m\u00e1s de 30 juicios agrarios contra ganaderos mestizos de Carich\u00ed, quienes se apropiaron ilegalmente de m\u00e1s de 12 mil hect\u00e1reas de pastizales, propiedad del ejido ind\u00edgena.<\/p>\n<p>Pese a los a\u00f1os transcurridos, los asesinos de Ernesto R\u00e1bago siguen sueltos, dijo Juan Ram\u00edrez. Pero tambi\u00e9n estamos aqu\u00ed para decirles que la lucha pac\u00edfica y jur\u00eddica por el territorio tiene buenos y grandes resultados: tenemos en nuestras manos 16 sentencias que hemos recibido del Tribunal Agrario; en ellas se reconoce que los ind\u00edgenas rar\u00e1muris del ejido Baqueachi siempre han sido y son los verdaderos due\u00f1os de su territorio, que siempre hemos tenido y muchas veces nos han querido robar, sostuvo el dirigente ind\u00edgena.<\/p>\n<p>La tribu de Baqueachi, conformada por unos 3 mil 500 hombres, mujeres y ni\u00f1os, tiene 88 a\u00f1os defendiendo sus tierras de las invasiones mestizas. Cuando empezamos con esta lucha nunca pensamos que iban a morir muchos en espera de justicia, dijo Patricio Ch\u00e1vez Gabriel, uno de los l\u00edderes de esa comunidad ind\u00edgena que ha encabezado durante a\u00f1os la defensa del territorio, retirado ahora de cargos comunitarios por motivos de salud.<\/p>\n<p><a class=\"autohyperlink\" title=\"http:\/\/www.jornada.unam.mx\/2016\/03\/02\/estados\/032n2est\" href=\"http:\/\/www.jornada.unam.mx\/2016\/03\/02\/estados\/032n2est\" target=\"_blank\">www.jornada.unam.mx\/2016\/03\/02\/estados\/032n2est<\/a><\/p>\n","protected":false},"excerpt":{"rendered":"<p>La Jornada Miroslava Breach Velducea Unos 200 ind\u00edgenas rar\u00e1muris bajaron de comunidades serranas del municipio de Carich\u00ed para manifestarse este primero de marzo por sexto a\u00f1o consecutivo, y exigir justicia &hellip; <a href=\"http:\/\/www.grieta.org.mx\/index.php\/2016\/03\/02\/cumple-seis-anos-impune-asesinato-de-abogado-de-ejidatarios-raramuris\/\" class=\"more-link\">Leer m\u00e1s<\/a><\/p>\n","protected":false},"author":2,"featured_media":21928,"comment_status":"closed","ping_status":"open","sticky":false,"template":"","format":"standard","meta":{"ngg_post_thumbnail":0,"_jetpack_newsletter_access":"","_jetpack_dont_email_post_to_subs":false,"_jetpack_newsletter_tier_id":0,"_jetpack_memberships_contains_paywalled_content":false,"_jetpack_memberships_contains_paid_content":false,"footnotes":""},"categories":[122,80],"tags":[184,193],"class_list":["post-1415","post","type-post","status-publish","format-standard","has-post-thumbnail","hentry","category-chihuahua","category-cintillo","tag-despojo","tag-raramuris","entry"],"jetpack_featured_media_url":"http:\/\/www.grieta.org.mx\/wp-content\/uploads\/2018\/03\/14524434_1106112876131411_958039263622046936_o.jpg","jetpack_sharing_enabled":true,"jetpack_shortlink":"https:\/\/wp.me\/p7ZJR4-mP","jetpack_likes_enabled":false,"jetpack-related-posts":[{"id":1414,"url":"http:\/\/www.grieta.org.mx\/index.php\/2016\/05\/30\/indigenas-raramuris-de-baqueachi-en-juicio-por-territorio\/","url_meta":{"origin":1415,"position":0},"title":"Ind\u00edgenas rar\u00e1muris de Baqueachi en juicio por territorio","author":"grieta","date":"30 mayo, 2016","format":false,"excerpt":"19\/05\/16. Ganan ind\u00edgenas batalla legal y recuperan prediosEl Diario 02\/03\/16. Cumple seis a\u00f1os impune asesinato de abogado de ejidatarios rar\u00e1murisLa Jornada 15\/12\/15. El largo camino de Baqueachi; amenazas y asesinatos, el precio para ganar su tierraCr\u00f3nica de Chihuahua 15\/12\/15. Denuncian amenazas de muerte contra ind\u00edgenas de Baqueachi, ChihuahuaEntre lineas .15\/12\/15\u2026","rel":"","context":"En &quot;Chihuahua&quot;","block_context":{"text":"Chihuahua","link":"http:\/\/www.grieta.org.mx\/index.php\/category\/noticias-nacionales\/chihuahua\/"},"img":{"alt_text":"","src":"https:\/\/i0.wp.com\/www.grieta.org.mx\/wp-content\/uploads\/2018\/03\/14524434_1106112876131411_958039263622046936_o.jpg?resize=350%2C200","width":350,"height":200,"srcset":"https:\/\/i0.wp.com\/www.grieta.org.mx\/wp-content\/uploads\/2018\/03\/14524434_1106112876131411_958039263622046936_o.jpg?resize=350%2C200 1x, https:\/\/i0.wp.com\/www.grieta.org.mx\/wp-content\/uploads\/2018\/03\/14524434_1106112876131411_958039263622046936_o.jpg?resize=525%2C300 1.5x, https:\/\/i0.wp.com\/www.grieta.org.mx\/wp-content\/uploads\/2018\/03\/14524434_1106112876131411_958039263622046936_o.jpg?resize=700%2C400 2x"},"classes":[]},{"id":1434,"url":"http:\/\/www.grieta.org.mx\/index.php\/2015\/12\/15\/denuncian-amenazas-de-muerte-contra-indigenas-de-baqueachi-chihuahua\/","url_meta":{"origin":1415,"position":1},"title":"Denuncian amenazas de muerte contra ind\u00edgenas de Baqueachi, Chihuahua","author":"grieta","date":"15 diciembre, 2015","format":false,"excerpt":"Entre L\u00edneas Alejandra Rey Ind\u00edgenas del ejido Baqueachi han luchado durante m\u00e1s de ochenta a\u00f1os por sus territorios, actualmente han accedido a ocho sentencias favorables, mismas que han sido traducidas al rar\u00e1muri. A pesar de estas sentencias favorables, los ind\u00edgenas de la comunidad y su representante legal, Estela \u00c1ngeles Mondrag\u00f3n,\u2026","rel":"","context":"En &quot;chihuahua&quot;","block_context":{"text":"chihuahua","link":"http:\/\/www.grieta.org.mx\/index.php\/category\/chihuahua\/"},"img":{"alt_text":"","src":"https:\/\/i0.wp.com\/www.grieta.org.mx\/wp-content\/uploads\/2018\/03\/14524434_1106112876131411_958039263622046936_o.jpg?resize=350%2C200","width":350,"height":200,"srcset":"https:\/\/i0.wp.com\/www.grieta.org.mx\/wp-content\/uploads\/2018\/03\/14524434_1106112876131411_958039263622046936_o.jpg?resize=350%2C200 1x, https:\/\/i0.wp.com\/www.grieta.org.mx\/wp-content\/uploads\/2018\/03\/14524434_1106112876131411_958039263622046936_o.jpg?resize=525%2C300 1.5x, https:\/\/i0.wp.com\/www.grieta.org.mx\/wp-content\/uploads\/2018\/03\/14524434_1106112876131411_958039263622046936_o.jpg?resize=700%2C400 2x"},"classes":[]},{"id":1425,"url":"http:\/\/www.grieta.org.mx\/index.php\/2015\/12\/15\/el-largo-camino-de-baqueachi-amenazas-y-asesinatos-el-precio-para-ganar-su-tierra\/","url_meta":{"origin":1415,"position":2},"title":"El largo camino de Baqueachi; amenazas y asesinatos, el precio para ganar su tierra","author":"grieta","date":"15 diciembre, 2015","format":false,"excerpt":"Cr\u00f3nica de ChihuahuaNadia SosaLos pobladores del Ejido Baqueachi, municipio de Carich\u00ed, en su totalidad de la etnia Rar\u00e1muri, anunciaron este martes en la ciudad de Chihuahua, junto con la abogada indigenista que los ha representado desde hace m\u00e1s de una d\u00e9cada Estela \u00c1ngeles Mondrag\u00f3n, que con la \u00faltima resoluci\u00f3n dada\u2026","rel":"","context":"En &quot;chihuahua&quot;","block_context":{"text":"chihuahua","link":"http:\/\/www.grieta.org.mx\/index.php\/category\/chihuahua\/"},"img":{"alt_text":"","src":"https:\/\/i0.wp.com\/www.grieta.org.mx\/wp-content\/uploads\/2018\/03\/14524434_1106112876131411_958039263622046936_o.jpg?resize=350%2C200","width":350,"height":200,"srcset":"https:\/\/i0.wp.com\/www.grieta.org.mx\/wp-content\/uploads\/2018\/03\/14524434_1106112876131411_958039263622046936_o.jpg?resize=350%2C200 1x, https:\/\/i0.wp.com\/www.grieta.org.mx\/wp-content\/uploads\/2018\/03\/14524434_1106112876131411_958039263622046936_o.jpg?resize=525%2C300 1.5x, https:\/\/i0.wp.com\/www.grieta.org.mx\/wp-content\/uploads\/2018\/03\/14524434_1106112876131411_958039263622046936_o.jpg?resize=700%2C400 2x"},"classes":[]},{"id":13379,"url":"http:\/\/www.grieta.org.mx\/index.php\/2016\/05\/19\/ganan-indigenas-batalla-legal-y-recuperan-predios\/","url_meta":{"origin":1415,"position":3},"title":"Ganan ind\u00edgenas batalla legal y recuperan predios","author":"grieta","date":"19 mayo, 2016","format":false,"excerpt":"El Diario Francisco C\u00f3rdova La comunidad de \u201cBakeachi\u201d que por 88 a\u00f1os pele\u00f3 por tierras de cultivo en el municipio de Carich\u00ed, gan\u00f3 una de las m\u00e1s importantes batallas legales de nivel federal que los reconoce como leg\u00edtimos due\u00f1os de 7 mil 700 hect\u00e1reas, de las 44 mil que se\u2026","rel":"","context":"En &quot;chihuahua&quot;","block_context":{"text":"chihuahua","link":"http:\/\/www.grieta.org.mx\/index.php\/category\/chihuahua\/"},"img":{"alt_text":"","src":"https:\/\/i0.wp.com\/www.grieta.org.mx\/wp-content\/uploads\/2018\/03\/14524434_1106112876131411_958039263622046936_o.jpg?resize=350%2C200","width":350,"height":200,"srcset":"https:\/\/i0.wp.com\/www.grieta.org.mx\/wp-content\/uploads\/2018\/03\/14524434_1106112876131411_958039263622046936_o.jpg?resize=350%2C200 1x, https:\/\/i0.wp.com\/www.grieta.org.mx\/wp-content\/uploads\/2018\/03\/14524434_1106112876131411_958039263622046936_o.jpg?resize=525%2C300 1.5x, https:\/\/i0.wp.com\/www.grieta.org.mx\/wp-content\/uploads\/2018\/03\/14524434_1106112876131411_958039263622046936_o.jpg?resize=700%2C400 2x"},"classes":[]},{"id":10367,"url":"http:\/\/www.grieta.org.mx\/index.php\/2015\/06\/01\/denuncian-raramuris-que-aeropuerto-de-creel-ya-esta-funcionando\/","url_meta":{"origin":1415,"position":4},"title":"Denuncian rar\u00e1muris que aeropuerto de Creel ya est\u00e1 funcionando","author":"grieta","date":"1 junio, 2015","format":false,"excerpt":"A pesar de que hay un mandato de un juez federal que impide concluir la construcci\u00f3n del Aeropuerto Internacional de Creel en Bocoyna, ind\u00edgenas tarahumaras denunciaron que este aeropuerto ya est\u00e1 en funciones. El pasado domingo 26 de abril, los ind\u00edgenas tarahumaras de la comunidad de San Elias Repchique del\u2026","rel":"","context":"En &quot;CINTILLO&quot;","block_context":{"text":"CINTILLO","link":"http:\/\/www.grieta.org.mx\/index.php\/category\/cintillo\/"},"img":{"alt_text":"","src":"https:\/\/i0.wp.com\/www.grieta.org.mx\/wp-content\/uploads\/2018\/03\/14524434_1106112876131411_958039263622046936_o.jpg?resize=350%2C200","width":350,"height":200,"srcset":"https:\/\/i0.wp.com\/www.grieta.org.mx\/wp-content\/uploads\/2018\/03\/14524434_1106112876131411_958039263622046936_o.jpg?resize=350%2C200 1x, https:\/\/i0.wp.com\/www.grieta.org.mx\/wp-content\/uploads\/2018\/03\/14524434_1106112876131411_958039263622046936_o.jpg?resize=525%2C300 1.5x, https:\/\/i0.wp.com\/www.grieta.org.mx\/wp-content\/uploads\/2018\/03\/14524434_1106112876131411_958039263622046936_o.jpg?resize=700%2C400 2x"},"classes":[]},{"id":22841,"url":"http:\/\/www.grieta.org.mx\/index.php\/2015\/01\/24\/raramuris-impiden-construccion-del-gasoducto-en-batopilas\/","url_meta":{"origin":1415,"position":5},"title":"Rar\u00e1muris impiden construcci\u00f3n del gasoducto en Batopilas (Chihuahua)","author":"grieta","date":"24 enero, 2015","format":false,"excerpt":"Cientos de ind\u00edgenas lograron detener de forma pac\u00edfica, sin que exista una resoluci\u00f3n judicial, pues acordaron que se realice primero una consulta en los pueblos rar\u00e1muris por no haber respetado los derechos de los pueblos rar\u00e1muri. Se trata del gasoducto El Encino-Topolobampo, que implica construir 530 kil\u00f3metros de tuber\u00eda de\u2026","rel":"","context":"En &quot;Chihuahua&quot;","block_context":{"text":"Chihuahua","link":"http:\/\/www.grieta.org.mx\/index.php\/category\/noticias-nacionales\/chihuahua\/"},"img":{"alt_text":"","src":"https:\/\/i0.wp.com\/www.grieta.org.mx\/wp-content\/uploads\/2018\/03\/14524434_1106112876131411_958039263622046936_o.jpg?resize=350%2C200","width":350,"height":200,"srcset":"https:\/\/i0.wp.com\/www.grieta.org.mx\/wp-content\/uploads\/2018\/03\/14524434_1106112876131411_958039263622046936_o.jpg?resize=350%2C200 1x, https:\/\/i0.wp.com\/www.grieta.org.mx\/wp-content\/uploads\/2018\/03\/14524434_1106112876131411_958039263622046936_o.jpg?resize=525%2C300 1.5x, https:\/\/i0.wp.com\/www.grieta.org.mx\/wp-content\/uploads\/2018\/03\/14524434_1106112876131411_958039263622046936_o.jpg?resize=700%2C400 2x"},"classes":[]}],"_links":{"self":[{"href":"http:\/\/www.grieta.org.mx\/index.php\/wp-json\/wp\/v2\/posts\/1415","targetHints":{"allow":["GET"]}}],"collection":[{"href":"http:\/\/www.grieta.org.mx\/index.php\/wp-json\/wp\/v2\/posts"}],"about":[{"href":"http:\/\/www.grieta.org.mx\/index.php\/wp-json\/wp\/v2\/types\/post"}],"author":[{"embeddable":true,"href":"http:\/\/www.grieta.org.mx\/index.php\/wp-json\/wp\/v2\/users\/2"}],"replies":[{"embeddable":true,"href":"http:\/\/www.grieta.org.mx\/index.php\/wp-json\/wp\/v2\/comments?post=1415"}],"version-history":[{"count":1,"href":"http:\/\/www.grieta.org.mx\/index.php\/wp-json\/wp\/v2\/posts\/1415\/revisions"}],"predecessor-version":[{"id":1416,"href":"http:\/\/www.grieta.org.mx\/index.php\/wp-json\/wp\/v2\/posts\/1415\/revisions\/1416"}],"wp:featuredmedia":[{"embeddable":true,"href":"http:\/\/www.grieta.org.mx\/index.php\/wp-json\/wp\/v2\/media\/21928"}],"wp:attachment":[{"href":"http:\/\/www.grieta.org.mx\/index.php\/wp-json\/wp\/v2\/media?parent=1415"}],"wp:term":[{"taxonomy":"category","embeddable":true,"href":"http:\/\/www.grieta.org.mx\/index.php\/wp-json\/wp\/v2\/categories?post=1415"},{"taxonomy":"post_tag","embeddable":true,"href":"http:\/\/www.grieta.org.mx\/index.php\/wp-json\/wp\/v2\/tags?post=1415"}],"curies":[{"name":"wp","href":"https:\/\/api.w.org\/{rel}","templated":true}]}}