{"id":14128,"date":"2014-04-10T09:50:24","date_gmt":"2014-04-10T09:50:24","guid":{"rendered":"http:\/\/www.grieta.org.mx\/?p=14128"},"modified":"2016-06-12T09:54:31","modified_gmt":"2016-06-12T09:54:31","slug":"inauguracion-radio-zapata","status":"publish","type":"post","link":"http:\/\/www.grieta.org.mx\/index.php\/2014\/04\/10\/inauguracion-radio-zapata\/","title":{"rendered":"Inauguraci\u00f3n Radio Zapata"},"content":{"rendered":"<p>CIPOG-EZ \/ Radio Zapata<\/p>\n<p><img loading=\"lazy\" decoding=\"async\" data-attachment-id=\"14129\" data-permalink=\"http:\/\/www.grieta.org.mx\/index.php\/2014\/04\/10\/inauguracion-radio-zapata\/logo-ultima-propuesta-web\/\" data-orig-file=\"http:\/\/www.grieta.org.mx\/wp-content\/uploads\/2016\/06\/logo-ultima-propuesta-web.png\" data-orig-size=\"300,131\" data-comments-opened=\"0\" data-image-meta=\"{&quot;aperture&quot;:&quot;0&quot;,&quot;credit&quot;:&quot;&quot;,&quot;camera&quot;:&quot;&quot;,&quot;caption&quot;:&quot;&quot;,&quot;created_timestamp&quot;:&quot;0&quot;,&quot;copyright&quot;:&quot;&quot;,&quot;focal_length&quot;:&quot;0&quot;,&quot;iso&quot;:&quot;0&quot;,&quot;shutter_speed&quot;:&quot;0&quot;,&quot;title&quot;:&quot;&quot;,&quot;orientation&quot;:&quot;0&quot;}\" data-image-title=\"logo-ultima-propuesta-web\" data-image-description=\"\" data-image-caption=\"\" data-medium-file=\"http:\/\/www.grieta.org.mx\/wp-content\/uploads\/2016\/06\/logo-ultima-propuesta-web-300x131.png\" data-large-file=\"http:\/\/www.grieta.org.mx\/wp-content\/uploads\/2016\/06\/logo-ultima-propuesta-web.png\" class=\"aligncenter size-full wp-image-14129\" src=\"http:\/\/www.grieta.org.mx\/wp-content\/uploads\/2016\/06\/logo-ultima-propuesta-web.png\" alt=\"logo-ultima-propuesta-web\" width=\"300\" height=\"131\" \/><\/p>\n<p>Hoy nosotros, ni\u00f1os, ni\u00f1as, abuelos y abuelas, hombres y mujeres, integrantes del CIPOG-EZ mantenemos en alto los principios y la dignidad de los que pelearon por las tierras de los pueblos originarios. Despu\u00e9s de la traici\u00f3n de Chinameca y del \u201creparto agrario\u201d, nuevamente llegan todas las contrareformas, comenzando por el Articulo 27 en 1992, que es el inicio de la destrucci\u00f3n del campo.<\/p>\n<p>En el campo son las mismas formas de explotaci\u00f3n que durante el porfiriato, y comunidades enteras se rebelan en Baja California. Y nosotros traemos a la memoria al General Zapata, a los hermanos Flores Mag\u00f3n y a Francisco Villa.<\/p>\n<p>En nuestro estado avanza de manera cada vez m\u00e1s cotidiano y doloroso, la represi\u00f3n directa como militarizaci\u00f3n, crimen organizado, secuestro, levantamiento forzado, persecuci\u00f3n, asesinato, c\u00e1rcel, para todos aquellos que levantan la voz dignamente para protestar contra tanta violencia e injusticia.<\/p>\n<div class=\"jetpack-video-wrapper\"><iframe loading=\"lazy\" title=\"Invitacion Radio Zapata\" width=\"1170\" height=\"658\" src=\"https:\/\/www.youtube.com\/embed\/fRDj26GDhY4?feature=oembed\" frameborder=\"0\" allow=\"accelerometer; autoplay; clipboard-write; encrypted-media; gyroscope; picture-in-picture\" allowfullscreen><\/iframe><\/div>\n<p>Los invitamos a reflexionar y no dejarse enga\u00f1ar por los partidos pol\u00edticos y gobiernos con discursos falsos que invaden nuestra vida y nuestros pueblos con formas de hacer pol\u00edtica que rompen la comunidad y formas de gobernar que nos muestran robo, crimen organizado y desv\u00edo de recursos en proyectos carreteros y de todo tipo que nunca terminan. S\u00f3lo como una muestra de que no sirven de nada y no los necesitamos.<\/p>\n<p>Nosotros seguiremos luchando por llevar a los hechos nuestros derechos colectivos y la construcci\u00f3n de un Territorio Comunitario, donde el pueblo manda y el gobierno obedece.<\/p>\n<p>Saludamos al Ej\u00e9rcito Zapatista de Liberaci\u00f3n Nacional por sus esfuerzos, por un pensamiento cr\u00edtico frente a la destrucci\u00f3n capitalista.<\/p>\n<p>Saludamos a nuestras compa\u00f1eras y compa\u00f1eros del Congreso Nacional Ind\u00edgena y de La Sexta Nacional e Internacional.<\/p>\n<p>Saludamos a los padres de familia de los 46 que nos faltan y les seguimos diciendo que siempre estaremos con ustedes apoyando y compartiendo el dolor y la rabia hasta que haya justicia verdadera para Ayotzinapa, ya que la vida de un hijo no es negociable.<\/p>\n<p><img loading=\"lazy\" decoding=\"async\" data-attachment-id=\"14130\" data-permalink=\"http:\/\/www.grieta.org.mx\/index.php\/2014\/04\/10\/inauguracion-radio-zapata\/cropped-slide-13\/\" data-orig-file=\"http:\/\/www.grieta.org.mx\/wp-content\/uploads\/2016\/06\/cropped-slide-13.jpg\" data-orig-size=\"474,138\" data-comments-opened=\"0\" data-image-meta=\"{&quot;aperture&quot;:&quot;0&quot;,&quot;credit&quot;:&quot;&quot;,&quot;camera&quot;:&quot;&quot;,&quot;caption&quot;:&quot;&quot;,&quot;created_timestamp&quot;:&quot;0&quot;,&quot;copyright&quot;:&quot;&quot;,&quot;focal_length&quot;:&quot;0&quot;,&quot;iso&quot;:&quot;0&quot;,&quot;shutter_speed&quot;:&quot;0&quot;,&quot;title&quot;:&quot;&quot;,&quot;orientation&quot;:&quot;0&quot;}\" data-image-title=\"cropped-slide-13\" data-image-description=\"\" data-image-caption=\"\" data-medium-file=\"http:\/\/www.grieta.org.mx\/wp-content\/uploads\/2016\/06\/cropped-slide-13-300x87.jpg\" data-large-file=\"http:\/\/www.grieta.org.mx\/wp-content\/uploads\/2016\/06\/cropped-slide-13.jpg\" class=\"aligncenter size-full wp-image-14130\" src=\"http:\/\/www.grieta.org.mx\/wp-content\/uploads\/2016\/06\/cropped-slide-13.jpg\" alt=\"cropped-slide-13\" width=\"474\" height=\"138\" srcset=\"http:\/\/www.grieta.org.mx\/wp-content\/uploads\/2016\/06\/cropped-slide-13.jpg 474w, http:\/\/www.grieta.org.mx\/wp-content\/uploads\/2016\/06\/cropped-slide-13-300x87.jpg 300w\" sizes=\"auto, (max-width: 474px) 100vw, 474px\" \/><\/p>\n<p>Nosotros seguiremos nuestro esfuerzo por honrar los ideales del General Emiliano Zapata. No nos venderemos ni nos rendiremos a los malos gobiernos, ni por limosnas, ni por migajas de poder. No jugaremos con el dolor de los explotados por este sistema capitalista.<\/p>\n<p style=\"text-align: center;\">Desde el coraz\u00f3n del territorio comunitario a 10 de abril de 2015<\/p>\n<p style=\"text-align: center;\">A T E N T A M E N T E<\/p>\n<p style=\"text-align: center;\">Consejo Ind\u00edgena y Popular de Guerrero \u2013Emiliano Zapata<\/p>\n<p><a href=\"https:\/\/cipogez.wordpress.com\/radio-zapata\/\">Radio Zapata<\/a><\/p>\n","protected":false},"excerpt":{"rendered":"<p>CIPOG-EZ \/ Radio Zapata Hoy nosotros, ni\u00f1os, ni\u00f1as, abuelos y abuelas, hombres y mujeres, integrantes del CIPOG-EZ mantenemos en alto los principios y la dignidad de los que pelearon por &hellip; <a href=\"http:\/\/www.grieta.org.mx\/index.php\/2014\/04\/10\/inauguracion-radio-zapata\/\" class=\"more-link\">Leer m\u00e1s<\/a><\/p>\n","protected":false},"author":2,"featured_media":21928,"comment_status":"closed","ping_status":"closed","sticky":false,"template":"","format":"standard","meta":{"ngg_post_thumbnail":0,"_jetpack_newsletter_access":"","_jetpack_dont_email_post_to_subs":false,"_jetpack_newsletter_tier_id":0,"_jetpack_memberships_contains_paywalled_content":false,"_jetpack_memberships_contains_paid_content":false,"footnotes":""},"categories":[80],"tags":[564,624,563],"class_list":["post-14128","post","type-post","status-publish","format-standard","has-post-thumbnail","hentry","category-cintillo","tag-cipog-ez","tag-radio-zapata","tag-radios-comunitarias","entry"],"jetpack_featured_media_url":"http:\/\/www.grieta.org.mx\/wp-content\/uploads\/2018\/03\/14524434_1106112876131411_958039263622046936_o.jpg","jetpack_sharing_enabled":true,"jetpack_shortlink":"https:\/\/wp.me\/p7ZJR4-3FS","jetpack_likes_enabled":false,"jetpack-related-posts":[{"id":9223,"url":"http:\/\/www.grieta.org.mx\/index.php\/2016\/05\/31\/aniversario-de-radio-zapata\/","url_meta":{"origin":14128,"position":0},"title":"Radio Zapata, desde territorio comunitario","author":"grieta","date":"31 mayo, 2016","format":false,"excerpt":"31\/05\/15. Compartici\u00f3n Radio Zapata y Radio Tlanixco, en el marco de la Red Contra la Repres\u00edon Subversiones 30\/04\/16 Radio Zapata, desde el coraz\u00f3n del Territorio Comunitario Comune info 30\/03\/16 Comunicado sobre actividades del CIPOG-EZ y campa\u00f1a en solidaridad con Radio Zapata CIPOG-EZ 16\/04\/15 Reabrir el monte con la palabra: Radio\u2026","rel":"","context":"En &quot;CINTILLO&quot;","block_context":{"text":"CINTILLO","link":"http:\/\/www.grieta.org.mx\/index.php\/category\/cintillo\/"},"img":{"alt_text":"","src":"https:\/\/i0.wp.com\/www.grieta.org.mx\/wp-content\/uploads\/2018\/03\/14524434_1106112876131411_958039263622046936_o.jpg?resize=350%2C200","width":350,"height":200,"srcset":"https:\/\/i0.wp.com\/www.grieta.org.mx\/wp-content\/uploads\/2018\/03\/14524434_1106112876131411_958039263622046936_o.jpg?resize=350%2C200 1x, https:\/\/i0.wp.com\/www.grieta.org.mx\/wp-content\/uploads\/2018\/03\/14524434_1106112876131411_958039263622046936_o.jpg?resize=525%2C300 1.5x, https:\/\/i0.wp.com\/www.grieta.org.mx\/wp-content\/uploads\/2018\/03\/14524434_1106112876131411_958039263622046936_o.jpg?resize=700%2C400 2x"},"classes":[]},{"id":11033,"url":"http:\/\/www.grieta.org.mx\/index.php\/2016\/03\/30\/comunicado-sobre-actividades-del-cipog-ez-y-campana-en-solidaridad-con-radio-zapata\/","url_meta":{"origin":14128,"position":1},"title":"Comunicado sobre actividades del CIPOG-EZ y campa\u00f1a en solidaridad con Radio Zapata","author":"grieta","date":"30 marzo, 2016","format":false,"excerpt":"Comisi\u00f3n Radio Zapata Al EZLN, Al Congreso Nacional Ind\u00edgena, A la sexta nacional e internacional, A las mujeres y hombres, rebeldes y dignos de M\u00e9xico y el mundo, Nosotros, nosotras, hombres, mujeres, ni\u00f1os y ancianos del Consejo Ind\u00edgena y Popular de Guerrero - Emiliano Zapata (CIPOG-EZ). Queremos informarles algunos pasos\u2026","rel":"","context":"En &quot;CINTILLO&quot;","block_context":{"text":"CINTILLO","link":"http:\/\/www.grieta.org.mx\/index.php\/category\/cintillo\/"},"img":{"alt_text":"","src":"https:\/\/i0.wp.com\/www.grieta.org.mx\/wp-content\/uploads\/2018\/03\/14524434_1106112876131411_958039263622046936_o.jpg?resize=350%2C200","width":350,"height":200,"srcset":"https:\/\/i0.wp.com\/www.grieta.org.mx\/wp-content\/uploads\/2018\/03\/14524434_1106112876131411_958039263622046936_o.jpg?resize=350%2C200 1x, https:\/\/i0.wp.com\/www.grieta.org.mx\/wp-content\/uploads\/2018\/03\/14524434_1106112876131411_958039263622046936_o.jpg?resize=525%2C300 1.5x, https:\/\/i0.wp.com\/www.grieta.org.mx\/wp-content\/uploads\/2018\/03\/14524434_1106112876131411_958039263622046936_o.jpg?resize=700%2C400 2x"},"classes":[]},{"id":13584,"url":"http:\/\/www.grieta.org.mx\/index.php\/2016\/05\/31\/radio-zapata-abriendo-monte\/","url_meta":{"origin":14128,"position":2},"title":"Noticias sobre radios comunitarias en Guerrero","author":"grieta","date":"31 mayo, 2016","format":false,"excerpt":"Noticias sobre Radio Zapata 31\/05\/16. Compartici\u00f3n Radio Zapata y Radio Tlanixco, en el marco de la Red Contra la Repres\u00edon Subversiones 30\/04\/16 Radio Zapata, desde el coraz\u00f3n del Territorio Comunitario Comune info 16\/04\/15 Reabrir el monte con la palabra: Radio Zapata Subversiones 16\/04\/15 \u00a1La lucha sigue, Radio Zapata 94.1 VIVE!\u2026","rel":"","context":"En &quot;Guerrero&quot;","block_context":{"text":"Guerrero","link":"http:\/\/www.grieta.org.mx\/index.php\/category\/noticias-nacionales\/guerrero\/"},"img":{"alt_text":"","src":"https:\/\/i0.wp.com\/www.grieta.org.mx\/wp-content\/uploads\/2018\/03\/14524434_1106112876131411_958039263622046936_o.jpg?resize=350%2C200","width":350,"height":200,"srcset":"https:\/\/i0.wp.com\/www.grieta.org.mx\/wp-content\/uploads\/2018\/03\/14524434_1106112876131411_958039263622046936_o.jpg?resize=350%2C200 1x, https:\/\/i0.wp.com\/www.grieta.org.mx\/wp-content\/uploads\/2018\/03\/14524434_1106112876131411_958039263622046936_o.jpg?resize=525%2C300 1.5x, https:\/\/i0.wp.com\/www.grieta.org.mx\/wp-content\/uploads\/2018\/03\/14524434_1106112876131411_958039263622046936_o.jpg?resize=700%2C400 2x"},"classes":[]},{"id":36734,"url":"http:\/\/www.grieta.org.mx\/index.php\/2019\/07\/21\/denuncia-urgente-por-ataque-armado-a-comunidades-del-cipog-ez\/","url_meta":{"origin":14128,"position":3},"title":"Denuncia urgente por ataque armado a comunidades del CIPOG-EZ","author":"grieta","date":"21 julio, 2019","format":false,"excerpt":"Desde el Concejo Ind\u00edgena y Popular de Guerrero Emiliano Zapata, denunciamos que en estos momentos tarde noche del s\u00e1bado 20 de Julio del 2019, varios comandos armados del grupo narcoparamilitar de los \u00abArdillos\u00bb sitiaron la comunidad de Tula Guerrero. Llevan ya varias horas de ataque armado y la balacera no\u2026","rel":"","context":"En &quot;CINTILLO&quot;","block_context":{"text":"CINTILLO","link":"http:\/\/www.grieta.org.mx\/index.php\/category\/cintillo\/"},"img":{"alt_text":"","src":"https:\/\/i0.wp.com\/www.grieta.org.mx\/wp-content\/uploads\/2019\/06\/logo-CNI-T.png?resize=350%2C200","width":350,"height":200,"srcset":"https:\/\/i0.wp.com\/www.grieta.org.mx\/wp-content\/uploads\/2019\/06\/logo-CNI-T.png?resize=350%2C200 1x, https:\/\/i0.wp.com\/www.grieta.org.mx\/wp-content\/uploads\/2019\/06\/logo-CNI-T.png?resize=525%2C300 1.5x"},"classes":[]},{"id":14107,"url":"http:\/\/www.grieta.org.mx\/index.php\/2014\/04\/10\/palabra-del-cipog-ez-por-la-inauguracion-de-radio-zapata-2\/","url_meta":{"origin":14128,"position":4},"title":"Palabra del CIPOG-EZ por la inauguraci\u00f3n de Radio Zapata","author":"grieta","date":"10 abril, 2014","format":false,"excerpt":"Comisi\u00f3n Radio Zapata, Palabras del CIPOG-EZ, 10 de abril de 2015 Al Ejercito Zapatista de Liberaci\u00f3n Nacional, Al Congreso Nacional Ind\u00edgena, A los originrios de Guerrero y de M\u00e9xico, Al Pueblo de M\u00e9xico, Hoy 10 de abril de 2015 celebramos como pueblos originarios la memoria de nuestro General Emiliano Zapata.\u2026","rel":"","context":"En &quot;CINTILLO&quot;","block_context":{"text":"CINTILLO","link":"http:\/\/www.grieta.org.mx\/index.php\/category\/cintillo\/"},"img":{"alt_text":"","src":"https:\/\/i0.wp.com\/www.grieta.org.mx\/wp-content\/uploads\/2018\/03\/14524434_1106112876131411_958039263622046936_o.jpg?resize=350%2C200","width":350,"height":200,"srcset":"https:\/\/i0.wp.com\/www.grieta.org.mx\/wp-content\/uploads\/2018\/03\/14524434_1106112876131411_958039263622046936_o.jpg?resize=350%2C200 1x, https:\/\/i0.wp.com\/www.grieta.org.mx\/wp-content\/uploads\/2018\/03\/14524434_1106112876131411_958039263622046936_o.jpg?resize=525%2C300 1.5x, https:\/\/i0.wp.com\/www.grieta.org.mx\/wp-content\/uploads\/2018\/03\/14524434_1106112876131411_958039263622046936_o.jpg?resize=700%2C400 2x"},"classes":[]},{"id":14109,"url":"http:\/\/www.grieta.org.mx\/index.php\/2015\/04\/10\/palabra-del-cipog-ez-por-la-inauguracion-de-radio-zapata\/","url_meta":{"origin":14128,"position":5},"title":"Palabra del CIPOG-EZ por la inauguraci\u00f3n de Radio Zapata","author":"grieta","date":"10 abril, 2015","format":false,"excerpt":"Publicado pentro Integral de Comunicaci\u00f3n Comunitaria Palabras del CIPOG-EZ el 10 de abril de 2015 Al Pueblo de M\u00e9xico, A los campesinos de Guerrero y de M\u00e9xico, Al Ejercito Zapatista de Liberaci\u00f3n Nacional, Al Congreso Nacional Ind\u00edgena, Hoy 10 de abril de 2015 celebramos como pueblos originarios la memoria de\u2026","rel":"","context":"En &quot;CINTILLO&quot;","block_context":{"text":"CINTILLO","link":"http:\/\/www.grieta.org.mx\/index.php\/category\/cintillo\/"},"img":{"alt_text":"","src":"https:\/\/i0.wp.com\/www.grieta.org.mx\/wp-content\/uploads\/2018\/03\/14524434_1106112876131411_958039263622046936_o.jpg?resize=350%2C200","width":350,"height":200,"srcset":"https:\/\/i0.wp.com\/www.grieta.org.mx\/wp-content\/uploads\/2018\/03\/14524434_1106112876131411_958039263622046936_o.jpg?resize=350%2C200 1x, https:\/\/i0.wp.com\/www.grieta.org.mx\/wp-content\/uploads\/2018\/03\/14524434_1106112876131411_958039263622046936_o.jpg?resize=525%2C300 1.5x, https:\/\/i0.wp.com\/www.grieta.org.mx\/wp-content\/uploads\/2018\/03\/14524434_1106112876131411_958039263622046936_o.jpg?resize=700%2C400 2x"},"classes":[]}],"_links":{"self":[{"href":"http:\/\/www.grieta.org.mx\/index.php\/wp-json\/wp\/v2\/posts\/14128","targetHints":{"allow":["GET"]}}],"collection":[{"href":"http:\/\/www.grieta.org.mx\/index.php\/wp-json\/wp\/v2\/posts"}],"about":[{"href":"http:\/\/www.grieta.org.mx\/index.php\/wp-json\/wp\/v2\/types\/post"}],"author":[{"embeddable":true,"href":"http:\/\/www.grieta.org.mx\/index.php\/wp-json\/wp\/v2\/users\/2"}],"replies":[{"embeddable":true,"href":"http:\/\/www.grieta.org.mx\/index.php\/wp-json\/wp\/v2\/comments?post=14128"}],"version-history":[{"count":1,"href":"http:\/\/www.grieta.org.mx\/index.php\/wp-json\/wp\/v2\/posts\/14128\/revisions"}],"predecessor-version":[{"id":14131,"href":"http:\/\/www.grieta.org.mx\/index.php\/wp-json\/wp\/v2\/posts\/14128\/revisions\/14131"}],"wp:featuredmedia":[{"embeddable":true,"href":"http:\/\/www.grieta.org.mx\/index.php\/wp-json\/wp\/v2\/media\/21928"}],"wp:attachment":[{"href":"http:\/\/www.grieta.org.mx\/index.php\/wp-json\/wp\/v2\/media?parent=14128"}],"wp:term":[{"taxonomy":"category","embeddable":true,"href":"http:\/\/www.grieta.org.mx\/index.php\/wp-json\/wp\/v2\/categories?post=14128"},{"taxonomy":"post_tag","embeddable":true,"href":"http:\/\/www.grieta.org.mx\/index.php\/wp-json\/wp\/v2\/tags?post=14128"}],"curies":[{"name":"wp","href":"https:\/\/api.w.org\/{rel}","templated":true}]}}