{"id":14102,"date":"2014-04-10T07:02:05","date_gmt":"2014-04-10T07:02:05","guid":{"rendered":"http:\/\/www.grieta.org.mx\/?p=14102"},"modified":"2016-06-13T02:53:47","modified_gmt":"2016-06-13T02:53:47","slug":"primera-declaracion-del-consejo-ndigena-y-popular-de-guerrero-emiliano-zapata","status":"publish","type":"post","link":"http:\/\/www.grieta.org.mx\/index.php\/2014\/04\/10\/primera-declaracion-del-consejo-ndigena-y-popular-de-guerrero-emiliano-zapata\/","title":{"rendered":"Primera Declaraci\u00f3n del Consejo Ind\u00edgena y Popular de Guerrero &#8211; Emiliano Zapata"},"content":{"rendered":"<p>Por Radio Zapata<\/p>\n<p><img loading=\"lazy\" decoding=\"async\" data-attachment-id=\"14105\" data-permalink=\"http:\/\/www.grieta.org.mx\/index.php\/2014\/04\/10\/primera-declaracion-del-consejo-ndigena-y-popular-de-guerrero-emiliano-zapata\/2-cg500aos-scim-2001\/\" data-orig-file=\"http:\/\/www.grieta.org.mx\/wp-content\/uploads\/2014\/04\/2-cg500aos-scim-2001.png\" data-orig-size=\"672,372\" data-comments-opened=\"0\" data-image-meta=\"{&quot;aperture&quot;:&quot;0&quot;,&quot;credit&quot;:&quot;&quot;,&quot;camera&quot;:&quot;&quot;,&quot;caption&quot;:&quot;&quot;,&quot;created_timestamp&quot;:&quot;0&quot;,&quot;copyright&quot;:&quot;&quot;,&quot;focal_length&quot;:&quot;0&quot;,&quot;iso&quot;:&quot;0&quot;,&quot;shutter_speed&quot;:&quot;0&quot;,&quot;title&quot;:&quot;&quot;,&quot;orientation&quot;:&quot;0&quot;}\" data-image-title=\"2-cg500aos-scim-2001\" data-image-description=\"\" data-image-caption=\"\" data-medium-file=\"http:\/\/www.grieta.org.mx\/wp-content\/uploads\/2014\/04\/2-cg500aos-scim-2001-300x166.png\" data-large-file=\"http:\/\/www.grieta.org.mx\/wp-content\/uploads\/2014\/04\/2-cg500aos-scim-2001.png\" class=\"aligncenter size-full wp-image-14105\" src=\"http:\/\/www.grieta.org.mx\/wp-content\/uploads\/2014\/04\/2-cg500aos-scim-2001.png\" alt=\"2-cg500aos-scim-2001\" width=\"672\" height=\"372\" srcset=\"http:\/\/www.grieta.org.mx\/wp-content\/uploads\/2014\/04\/2-cg500aos-scim-2001.png 672w, http:\/\/www.grieta.org.mx\/wp-content\/uploads\/2014\/04\/2-cg500aos-scim-2001-300x166.png 300w\" sizes=\"auto, (max-width: 672px) 100vw, 672px\" \/><\/p>\n<p style=\"text-align: center;\"><strong>Primera Declaraci\u00f3n del Consejo nd\u00edgena y Popular de Guerrero &#8211; Emiliano Zapata<\/strong><\/p>\n<p style=\"text-align: right;\"><em>\u201cCaminando de nuevo para encontrarnos como pueblos\u201d<\/em><\/p>\n<p>Hoy a 95 a\u00f1os del asesinato y traici\u00f3n del mal gobierno a nuestro general Emiliano Zapata, cuando en M\u00e9xico la \u201cmodernidad\u201d es como volver a los tiempos de Porf\u00edrio D\u00edaz, por todos los rincones de nuestro pa\u00eds la destrucci\u00f3n del las formas de vida campesina y el despoblamiento por la expulsi\u00f3n de millones de mexicanos hacia las grandes ciudades, los corredores industriales, los grandes campos agr\u00edculas y a los Estados Unidos. Representan la primer fuente naconal de divisas para la sobrevivencia de millones de familias, la mayor\u00eda con condiciones de vida y trabajo que recuerdan los tiempos delas viejas haciendas porfiristas.<\/p>\n<p>Con la reforma al art\u00edculo 27 constitucional que abri\u00f3 el camino para la mercantilizaci\u00f3n de nuestras tierras, el gran capital comienza una nueva conquista, como en los tiempos de la coloel Mundonia y del porfirismo, de nuestras tierras ancestrales. La traici\u00f3n a los Acuerdos de San Andr\u00e9s del estado mexicanoy sus partidos pol\u00edticos y todas la reformas agraria, minera, de aguas, ambientales, energ\u00e9tica, laborales, entre otras leyes impuestas, m\u00e1s las que estas en camino, nos se\u00f1ales que nos llaman a prepararnos para esta crisis y contra este gran ataque de los poderosos contra los pueblos de M\u00e9xico y el Mundo.<\/p>\n<p>Como miembros del Congreso Nacional Ind\u00edgena, adeherentes la Seta Declaraci\u00f3n de la Selva Lacandona, desde el Cuarto Congreso Nacional Ind\u00edgena, el 4 de mayo de 2006 en Atlapulco.<\/p>\n<p>Caminando con La Sexta, con el CNI, con el EZLN&#8230; compartimos qui\u00e9nes somos, d\u00f3nde estamos, c\u00f3mo vemos M\u00e9xico y el mundo, qu\u00e9 vamos a hacer y c\u00f3mo le vamos a hacer.<\/p>\n<p><em><strong>\u00bfQuienes somos?<\/strong><\/em><\/p>\n<p>Los pueblos Na Savi, Me\u00b4ph\u00e1\u00e1, Nahua y \u00d1amnku\u00e9 de Guerrero que desde 1992 comenzamos a luchar por nuestro derecho a la autonom\u00eda y libre determinaci\u00f3n, constituimos el Consejo Guerrerense 500 a\u00f1os de Resistencia que creci\u00f3 con el surgimiento del Ej\u00e9rcito Zapatista de Liberaci\u00f3n Nacional y se articul\u00f3 con el Congreso Nacional Ind\u00edgena, la casa de todos los pueblos indios de M\u00e9xico, luchamos para que los Derechos y la Cultura ind\u00edgena fueran reconocidos en la constituci\u00f3n.<\/p>\n<p>En la Costa Monta\u00f1a de Guerrero nuestras comunidades llevaron a la pr\u00e1ctica nuevas formas de gobierno comunitario, constituyendo sus propias instituciones. Naci\u00f3 la Polic\u00eda Comunitaria en 1995 y la Coordinadora Regional de Autoridades Comunitarias en 1998. Estos modos de organizaci\u00f3n y de gobierno tampoco fueron inventados, vienen de cinco siglos de resistencia ind\u00edgena y de nuestras experiencias como pueblos.<\/p>\n<p>As\u00ed se demostr\u00f3 que en estas monta\u00f1as, entre la miseria y la represi\u00f3n en la que nos han tenido sumidos, los pueblos somos capaces de recuperar la paz y la tranquilidad. Esta forma de gobierno comunitario le dio vida a la Asamblea Regional de Autoridades Comunitarias y el horizonte de construir un Territorio Comunitario.<br \/>\n\u00bfD\u00f3nde estamos?<\/p>\n<p>Despu\u00e9s de 20 a\u00f1os de esfuerzos queda claro que falt\u00f3 tener una definici\u00f3n en nuestra relaci\u00f3n con los gobiernos para no permitir la subordinaci\u00f3n a cambio de dinero. Para no dejar que se infiltraran agentes gubernamentales con intereses ajenos a nuestros pueblos a querer tomar el control de nuestras instituciones.<\/p>\n<p>Con dinero, proyectos, puestos en el gobierno y promesas, los malos gobiernos acabaron con el Consejo Guerrerense 500 a\u00f1os de resistencia. Muchos dirigentes se vendieron y terminaron alejados del pueblo. Ahora con dinero pretenden destruir el Sistema Comunitario de Seguridad y Justicia (CRAC-PC), aprovechando los intereses de grupos oportunistas.<\/p>\n<p>Por dinero grupos de polic\u00edas y comisarios se han alejado del esp\u00edritu de servicio al pueblo, donde los mismos pueblos reconocen la entrega y el sacrificio por el riesgo que corren los Polic\u00edas Comunitarios, porque no cualquiera se enfrenta a delincuentes sin ning\u00fan pago a cambio.<\/p>\n<p>El Sistema Comunitario de Seguridad y Justicia se levant\u00f3 con autoridades elegidas y respetadas por las comunidades, y eso es lo que se llama legitimidad y es lo que no tienen las autoridades del gobierno, ni quienes acusaron a autoridades y l\u00edderes de los pueblos fundadores de la CRAC-PC de ser paramilitares. Ellos rompieron con el Gobierno Comunitario y ahora reciben dinero del gobierno del estado y se coordinan con el ej\u00e9rcito mexicano.<\/p>\n<p>Si nos quedamos mirando, no vamos a ir m\u00e1s all\u00e1 y de por s\u00ed van a acabar con esta propuesta de gobierno comunitario. Necesitamos pensar nuestro proyecto como pueblos todo el tiempo. No cometer los mismos errores que hemos cometido.<\/p>\n<p><strong><em>\u00bfC\u00f3mo vemos a M\u00e9xico y al mundo?<\/em><\/strong><\/p>\n<p>Hace ya m\u00e1s de doce a\u00f1os que todos los partidos pol\u00edticos se pusieron de acuerdo para no reconocer los derechos y culturas ind\u00edgenas. Durante cinco a\u00f1os luchamos de la mano con organizaciones y pueblos indios de todo el pa\u00eds para que se reconocieran los Acuerdos de San Andr\u00e9s pero el Estado mexicano se neg\u00f3 a saldar esa deuda hist\u00f3rica de reconocer a los pueblos indios como sujetos de derecho. Nos queda claro que la clase pol\u00edtica nunca va a cumplir, que no se puede creer en ellos. S\u00f3lo nos han querido comprar con migajas. Saquen ustedes su propia experiencia.<\/p>\n<p>Los se\u00f1ores del dinero quieren acabar con los campesinos y con los pueblos indios. Las bases econ\u00f3micas del campo mexicano est\u00e1n destruidas. Los malos gobernantes no miran el bienestar del pueblo sino por el de los ricos. Las tierras de los pueblos indios est\u00e1n siendo robadas por empresas extranjeras. Ahora los pol\u00edticos son empleados que venden todo y bien barato. La constituci\u00f3n ya no defiende los derechos del pueblo, ahora defiende la libertad de las empresas para enriquecerse, por eso se est\u00e1n apurando para sacar todas sus contrareformas.<\/p>\n<p>Los partidos pol\u00edticos electorales no defienden, al contrario se ponen al servicio del proyecto neoliberal, enga\u00f1an haciendo que miremos a otro lado mientras venden todo lo que es nuestro. Esa pol\u00edtica no sirve porque no toma en cuenta al pueblo. Por eso pensamos que necesitamos construir otra forma de hacer pol\u00edtica y de organizarnos.<\/p>\n<p>Nuestro Territorio Comunitario est\u00e1 amenazado con proyectos extractivos y de conservaci\u00f3n, los ricos pretenden, como hace 500 a\u00f1os, robarse todas las riquezas de nuestras monta\u00f1as sagradas, controlar nuestros bosques con \u00c1reas Naturales Protegidas, privatizar nuestros n\u00facleos agrarios, militarizar nuestro territorio, envenenarnos con alimentos industriales, contaminar nuestras semillas y hacer que dejemos de sembrar nuestros ma\u00edces criollos para volvernos cada vez m\u00e1s dependientes.<\/p>\n<p><strong>\u00bfQu\u00e9 queremos hacer?<\/strong><\/p>\n<p>El CIPOG-EZ es una organizaci\u00f3n pol\u00edtica que nace para acompa\u00f1ar a nuestros pueblos, a nuestras asambleas. Con respeto a la autonom\u00eda de las comunidades, las organizaciones y las personas. Nuestro prop\u00f3sito es trabajar y formarnos para servir a nuestros pueblos, para defender nuestras comunidades y construir un futuro digno en nuestros territorios.<\/p>\n<p>El CIPOG-EZ se propone trabajar con la gente sencilla y humilde pero honesta y digna. No para decirles qu\u00e9 van a hacer, sino para tomar en cuenta su palabra y pensar c\u00f3mo podemos seguir caminando como pueblos. Construir una red organizativa que, tomando en cuenta la palabra de la gente, responda a preguntas para actuar con responsabilidad en la lucha de nuestros pueblos y para construir propuestas para resistir a la guerra de exterminio contra los pueblos originarios.<\/p>\n<p>Queremos fortalecer nuestras formas de vida comunitaria, las relaciones de respeto y apoyo mutuo. No para gestionar proyectos de gobierno, para eso ya hay muchos, nosotros nos preguntamos y preguntamos: qu\u00e9 podemos construir con nuestras propias fuerzas, con la fuerza organizativa que levantan los pueblos cuando desde la palabra nace el acuerdo y crecen las propuestas y la organizaci\u00f3n.<\/p>\n<p>El CIPOG-EZ busca ser una peque\u00f1a casa donde podamos escucharnos y hablar entre pueblos. No viene a prometer nada, viene a preguntar y a escuchar. No sigue el calendario electoral ni la gesti\u00f3n de proyectos del mal gobierno, no trabaja ni tiene tratos con partidos pol\u00edticos.<\/p>\n<p>Caminamos con las comunidades y sus asambleas con los siguientes principios:<\/p>\n<p>No hacer acuerdos a nombre del CIPOG-EZ sin informar a las asambleas.<br \/>\nS\u00ed construir acuerdos en nuestras asambleas comunitarios y reginales.<\/p>\n<p>No buscar regalos, favores ni puestos p\u00fablicos.<br \/>\nNo participar con los partidos pol\u00edticos que dividen a nuestros pueblos por migajas.<\/p>\n<p>No negociar con el gobierno a espaldasde los pueblos.<br \/>\nS\u00ed tomar ecuenta la opini\u00f3n de asambleas, promotores y consejeros.<\/p>\n<p>El CIPOG-EZ camina con los pueblos originarios, frente al sistema capitalista que nos roba, desprecia y reprime.<\/p>\n<p>Como pueblos originarios recuperamos los principios que nos heredaron las luchas de nuestros pueblos y que recuperaron para todos y todas:<\/p>\n<p>Mandar obedeciendo.<br \/>\nProponer y no imponer.<br \/>\nConstruir y no destruir.<br \/>\nBajar y no subir.<br \/>\nConvencer y no vencer.<br \/>\nRepresentar y no suplantar.<br \/>\nServir y no servirse.<\/p>\n<p><strong>\u00bfC\u00f3mo le vamos a hacer?<\/strong><\/p>\n<p>El CIPOG-EZ se trabaja\u00a0 la formaci\u00f3n pol\u00edtica, t\u00e9cnica y cultural de promotores y promotoras, con la participaci\u00f3n de ni\u00f1os, j\u00f3venes, se\u00f1ores, se\u00f1oras y abuelos que fomenten el pensamiento comunitario. Para seamos todos guardianes de nuestros pueblos. Que todos caminemos, que nadie se quede atr\u00e1s. Buscamos facilitadores la organizaci\u00f3n y el ejercicio de nuestros derechos colectivos.<\/p>\n<p>Los Centros de Saberes son espacios formativos para resolver en colectivo y de manera autogestiva nuestras demandas y necesidades: seguridad y justicia, defensa del territorio, agroecolog\u00eda y alimentaci\u00f3n, mercado interno,\u00a0 educaci\u00f3n, salud e informaci\u00f3n comunitaria.<\/p>\n<p>Por lo que se viene, pensamos que el futuro del Territorio Comunitario y el futuro de los pueblos \u00d1u savii, Me\u00b4phaa, Nahua y \u00d1omda\u00e1 requiere, ahora como antes, de la fuerza organizativa de nuestras comunidades y de la autonom\u00eda de nuestras instituciones y organizaciones.<\/p>\n<p>No nos interesan los pleitos de dirigencias, no buscamos dividir en las comunidades, buscamos acompa\u00f1ar, compartir informaci\u00f3n. Buscamos que los pueblos, familias y personas sean capaces de caminar con la justicia y reconstruir los tejidos sociales y comunitarios.<\/p>\n<p>Reconocemos a la Coordinadora Regional de Autoridades Comunitarias de los Pueblos Fundadores del Sistema Comunitario de Seguridad y Justicia que no se han vendido ni rendido frente a los oportunistas y la estrategia de contrainsurgencia implementada por el gobierno. Reconocemos a nuestra Asamblea Regional que es la m\u00e1xima instancia de toma de decisiones. La respetamos y la acoma\u00f1amos.<\/p>\n<p>Es importante rescatar toda la memoria y los conocimientos que se han juntado en m\u00e1s de 20 a\u00f1os de luchas, porque todav\u00eda falta mucho por recorrer para construir un Territorio Comunitario capaz de resistir a la gran desgracia que se viene, que es la destrucci\u00f3n de nuestra patria y de nuestros pueblos.<\/p>\n<p style=\"text-align: center;\">\u00a1Zapata vive y la lucha sigue!<\/p>\n<p style=\"text-align: center;\">Territorio Comunitario, Guerrero, 10 de abril de 2014<\/p>\n<p style=\"text-align: center;\">Atentamente<\/p>\n<p style=\"text-align: center;\">Consejo ind\u00edgena y Popular de Guerero &#8211; Emiliano Zapata<\/p>\n<p><a href=\"https:\/\/cipogez.wordpress.com\/primera-declaracion\/\">Primera Declaraci\u00f3n<\/a><\/p>\n","protected":false},"excerpt":{"rendered":"<p>Por Radio Zapata Primera Declaraci\u00f3n del Consejo nd\u00edgena y Popular de Guerrero &#8211; Emiliano Zapata \u201cCaminando de nuevo para encontrarnos como pueblos\u201d Hoy a 95 a\u00f1os del asesinato y traici\u00f3n &hellip; <a href=\"http:\/\/www.grieta.org.mx\/index.php\/2014\/04\/10\/primera-declaracion-del-consejo-ndigena-y-popular-de-guerrero-emiliano-zapata\/\" class=\"more-link\">Leer m\u00e1s<\/a><\/p>\n","protected":false},"author":2,"featured_media":21928,"comment_status":"closed","ping_status":"closed","sticky":false,"template":"","format":"standard","meta":{"ngg_post_thumbnail":0,"_jetpack_newsletter_access":"","_jetpack_dont_email_post_to_subs":false,"_jetpack_newsletter_tier_id":0,"_jetpack_memberships_contains_paywalled_content":false,"_jetpack_memberships_contains_paid_content":false,"footnotes":""},"categories":[80],"tags":[725,564,95],"class_list":["post-14102","post","type-post","status-publish","format-standard","has-post-thumbnail","hentry","category-cintillo","tag-cg500anos","tag-cipog-ez","tag-cni","entry"],"jetpack_featured_media_url":"http:\/\/www.grieta.org.mx\/wp-content\/uploads\/2018\/03\/14524434_1106112876131411_958039263622046936_o.jpg","jetpack_sharing_enabled":true,"jetpack_shortlink":"https:\/\/wp.me\/p7ZJR4-3Fs","jetpack_likes_enabled":false,"jetpack-related-posts":[{"id":33879,"url":"http:\/\/www.grieta.org.mx\/index.php\/2019\/05\/25\/comunicado-del-concejo-indigena-y-popular-de-guerrero-emiliano-zapata-cipog-ez-por-el-reciente-asesinato-de-nuestros-hermanos-bartolo-hilario-morales-e-isaias-xanteco-ahuejote\/","url_meta":{"origin":14102,"position":0},"title":"Comunicado del Concejo Ind\u00edgena y Popular de Guerrero \u2013 Emiliano Zapata (CIPOG-EZ), por el reciente asesinato de nuestros hermanos Bartolo Hilario Morales e Isa\u00edas Xanteco Ahuejote","author":"grieta","date":"25 mayo, 2019","format":false,"excerpt":"COMUNICADO DEL CONCEJO IND\u00cdGENA Y POPULAR DE GUERRERO \u2013 EMILIANO ZAPATA (CIPOG-EZ), POR EL RECIENTE ASESINATO DE NUESTROS HERMANOS BARTOLO HILARIO MORALES E ISA\u00cdAS XANTECO AHUEJOTE Mayo del 2019, Monta\u00f1a Baja del Estado de Guerrero. Al Ejercito Zapatista de Liberaci\u00f3n Nacional Al Congreso Nacional Ind\u00edgena Al Concejo Ind\u00edgena de Gobierno\u2026","rel":"","context":"En &quot;CINTILLO&quot;","block_context":{"text":"CINTILLO","link":"http:\/\/www.grieta.org.mx\/index.php\/category\/cintillo\/"},"img":{"alt_text":"","src":"https:\/\/i0.wp.com\/www.grieta.org.mx\/wp-content\/uploads\/2019\/05\/logo-CNI-To.png?resize=350%2C200","width":350,"height":200,"srcset":"https:\/\/i0.wp.com\/www.grieta.org.mx\/wp-content\/uploads\/2019\/05\/logo-CNI-To.png?resize=350%2C200 1x, https:\/\/i0.wp.com\/www.grieta.org.mx\/wp-content\/uploads\/2019\/05\/logo-CNI-To.png?resize=525%2C300 1.5x"},"classes":[]},{"id":11033,"url":"http:\/\/www.grieta.org.mx\/index.php\/2016\/03\/30\/comunicado-sobre-actividades-del-cipog-ez-y-campana-en-solidaridad-con-radio-zapata\/","url_meta":{"origin":14102,"position":1},"title":"Comunicado sobre actividades del CIPOG-EZ y campa\u00f1a en solidaridad con Radio Zapata","author":"grieta","date":"30 marzo, 2016","format":false,"excerpt":"Comisi\u00f3n Radio Zapata Al EZLN, Al Congreso Nacional Ind\u00edgena, A la sexta nacional e internacional, A las mujeres y hombres, rebeldes y dignos de M\u00e9xico y el mundo, Nosotros, nosotras, hombres, mujeres, ni\u00f1os y ancianos del Consejo Ind\u00edgena y Popular de Guerrero - Emiliano Zapata (CIPOG-EZ). Queremos informarles algunos pasos\u2026","rel":"","context":"En &quot;CINTILLO&quot;","block_context":{"text":"CINTILLO","link":"http:\/\/www.grieta.org.mx\/index.php\/category\/cintillo\/"},"img":{"alt_text":"","src":"https:\/\/i0.wp.com\/www.grieta.org.mx\/wp-content\/uploads\/2018\/03\/14524434_1106112876131411_958039263622046936_o.jpg?resize=350%2C200","width":350,"height":200,"srcset":"https:\/\/i0.wp.com\/www.grieta.org.mx\/wp-content\/uploads\/2018\/03\/14524434_1106112876131411_958039263622046936_o.jpg?resize=350%2C200 1x, https:\/\/i0.wp.com\/www.grieta.org.mx\/wp-content\/uploads\/2018\/03\/14524434_1106112876131411_958039263622046936_o.jpg?resize=525%2C300 1.5x, https:\/\/i0.wp.com\/www.grieta.org.mx\/wp-content\/uploads\/2018\/03\/14524434_1106112876131411_958039263622046936_o.jpg?resize=700%2C400 2x"},"classes":[]},{"id":14128,"url":"http:\/\/www.grieta.org.mx\/index.php\/2014\/04\/10\/inauguracion-radio-zapata\/","url_meta":{"origin":14102,"position":2},"title":"Inauguraci\u00f3n Radio Zapata","author":"grieta","date":"10 abril, 2014","format":false,"excerpt":"CIPOG-EZ \/ Radio Zapata Hoy nosotros, ni\u00f1os, ni\u00f1as, abuelos y abuelas, hombres y mujeres, integrantes del CIPOG-EZ mantenemos en alto los principios y la dignidad de los que pelearon por las tierras de los pueblos originarios. Despu\u00e9s de la traici\u00f3n de Chinameca y del \u201creparto agrario\u201d, nuevamente llegan todas las\u2026","rel":"","context":"En &quot;CINTILLO&quot;","block_context":{"text":"CINTILLO","link":"http:\/\/www.grieta.org.mx\/index.php\/category\/cintillo\/"},"img":{"alt_text":"","src":"https:\/\/i0.wp.com\/www.grieta.org.mx\/wp-content\/uploads\/2018\/03\/14524434_1106112876131411_958039263622046936_o.jpg?resize=350%2C200","width":350,"height":200,"srcset":"https:\/\/i0.wp.com\/www.grieta.org.mx\/wp-content\/uploads\/2018\/03\/14524434_1106112876131411_958039263622046936_o.jpg?resize=350%2C200 1x, https:\/\/i0.wp.com\/www.grieta.org.mx\/wp-content\/uploads\/2018\/03\/14524434_1106112876131411_958039263622046936_o.jpg?resize=525%2C300 1.5x, https:\/\/i0.wp.com\/www.grieta.org.mx\/wp-content\/uploads\/2018\/03\/14524434_1106112876131411_958039263622046936_o.jpg?resize=700%2C400 2x"},"classes":[]},{"id":14107,"url":"http:\/\/www.grieta.org.mx\/index.php\/2014\/04\/10\/palabra-del-cipog-ez-por-la-inauguracion-de-radio-zapata-2\/","url_meta":{"origin":14102,"position":3},"title":"Palabra del CIPOG-EZ por la inauguraci\u00f3n de Radio Zapata","author":"grieta","date":"10 abril, 2014","format":false,"excerpt":"Comisi\u00f3n Radio Zapata, Palabras del CIPOG-EZ, 10 de abril de 2015 Al Ejercito Zapatista de Liberaci\u00f3n Nacional, Al Congreso Nacional Ind\u00edgena, A los originrios de Guerrero y de M\u00e9xico, Al Pueblo de M\u00e9xico, Hoy 10 de abril de 2015 celebramos como pueblos originarios la memoria de nuestro General Emiliano Zapata.\u2026","rel":"","context":"En &quot;CINTILLO&quot;","block_context":{"text":"CINTILLO","link":"http:\/\/www.grieta.org.mx\/index.php\/category\/cintillo\/"},"img":{"alt_text":"","src":"https:\/\/i0.wp.com\/www.grieta.org.mx\/wp-content\/uploads\/2018\/03\/14524434_1106112876131411_958039263622046936_o.jpg?resize=350%2C200","width":350,"height":200,"srcset":"https:\/\/i0.wp.com\/www.grieta.org.mx\/wp-content\/uploads\/2018\/03\/14524434_1106112876131411_958039263622046936_o.jpg?resize=350%2C200 1x, https:\/\/i0.wp.com\/www.grieta.org.mx\/wp-content\/uploads\/2018\/03\/14524434_1106112876131411_958039263622046936_o.jpg?resize=525%2C300 1.5x, https:\/\/i0.wp.com\/www.grieta.org.mx\/wp-content\/uploads\/2018\/03\/14524434_1106112876131411_958039263622046936_o.jpg?resize=700%2C400 2x"},"classes":[]},{"id":14109,"url":"http:\/\/www.grieta.org.mx\/index.php\/2015\/04\/10\/palabra-del-cipog-ez-por-la-inauguracion-de-radio-zapata\/","url_meta":{"origin":14102,"position":4},"title":"Palabra del CIPOG-EZ por la inauguraci\u00f3n de Radio Zapata","author":"grieta","date":"10 abril, 2015","format":false,"excerpt":"Publicado pentro Integral de Comunicaci\u00f3n Comunitaria Palabras del CIPOG-EZ el 10 de abril de 2015 Al Pueblo de M\u00e9xico, A los campesinos de Guerrero y de M\u00e9xico, Al Ejercito Zapatista de Liberaci\u00f3n Nacional, Al Congreso Nacional Ind\u00edgena, Hoy 10 de abril de 2015 celebramos como pueblos originarios la memoria de\u2026","rel":"","context":"En &quot;CINTILLO&quot;","block_context":{"text":"CINTILLO","link":"http:\/\/www.grieta.org.mx\/index.php\/category\/cintillo\/"},"img":{"alt_text":"","src":"https:\/\/i0.wp.com\/www.grieta.org.mx\/wp-content\/uploads\/2018\/03\/14524434_1106112876131411_958039263622046936_o.jpg?resize=350%2C200","width":350,"height":200,"srcset":"https:\/\/i0.wp.com\/www.grieta.org.mx\/wp-content\/uploads\/2018\/03\/14524434_1106112876131411_958039263622046936_o.jpg?resize=350%2C200 1x, https:\/\/i0.wp.com\/www.grieta.org.mx\/wp-content\/uploads\/2018\/03\/14524434_1106112876131411_958039263622046936_o.jpg?resize=525%2C300 1.5x, https:\/\/i0.wp.com\/www.grieta.org.mx\/wp-content\/uploads\/2018\/03\/14524434_1106112876131411_958039263622046936_o.jpg?resize=700%2C400 2x"},"classes":[]},{"id":30863,"url":"http:\/\/www.grieta.org.mx\/index.php\/2019\/03\/16\/convocatoria-a-las-jornadas-de-lucha-zapata-vive-samir-vive-la-lucha-sigue-a-100-anos-del-asesinato-del-general-emiliano-zapata-salazar\/","url_meta":{"origin":14102,"position":5},"title":"CONVOCATORIA A LAS JORNADAS DE LUCHA \u201cZAPATA VIVE, SAMIR VIVE, LA LUCHA SIGUE\u201d A 100 A\u00d1OS DEL ASESINATO DEL GENERAL EMILIANO ZAPATA SALAZAR","author":"grieta","date":"16 marzo, 2019","format":false,"excerpt":"CONVOCATORIA A LAS JORNADAS DE LUCHA \u201cZAPATA VIVE, SAMIR VIVE, LA LUCHA SIGUE\u201d A 100 A\u00d1OS DEL ASESINATO DEL GENERAL EMILIANO ZAPATA SALAZAR Considerando que a nuestro hermano Samir Flores Soberanes lo mat\u00f3 el r\u00e9gimen neoliberal; no sabemos si el gobierno, si los empresarios, si sus c\u00e1rteles delincuenciales, o, si\u2026","rel":"","context":"En &quot;CINTILLO&quot;","block_context":{"text":"CINTILLO","link":"http:\/\/www.grieta.org.mx\/index.php\/category\/cintillo\/"},"img":{"alt_text":"","src":"https:\/\/i0.wp.com\/www.grieta.org.mx\/wp-content\/uploads\/2018\/03\/14524434_1106112876131411_958039263622046936_o.jpg?resize=350%2C200","width":350,"height":200,"srcset":"https:\/\/i0.wp.com\/www.grieta.org.mx\/wp-content\/uploads\/2018\/03\/14524434_1106112876131411_958039263622046936_o.jpg?resize=350%2C200 1x, https:\/\/i0.wp.com\/www.grieta.org.mx\/wp-content\/uploads\/2018\/03\/14524434_1106112876131411_958039263622046936_o.jpg?resize=525%2C300 1.5x, https:\/\/i0.wp.com\/www.grieta.org.mx\/wp-content\/uploads\/2018\/03\/14524434_1106112876131411_958039263622046936_o.jpg?resize=700%2C400 2x"},"classes":[]}],"_links":{"self":[{"href":"http:\/\/www.grieta.org.mx\/index.php\/wp-json\/wp\/v2\/posts\/14102","targetHints":{"allow":["GET"]}}],"collection":[{"href":"http:\/\/www.grieta.org.mx\/index.php\/wp-json\/wp\/v2\/posts"}],"about":[{"href":"http:\/\/www.grieta.org.mx\/index.php\/wp-json\/wp\/v2\/types\/post"}],"author":[{"embeddable":true,"href":"http:\/\/www.grieta.org.mx\/index.php\/wp-json\/wp\/v2\/users\/2"}],"replies":[{"embeddable":true,"href":"http:\/\/www.grieta.org.mx\/index.php\/wp-json\/wp\/v2\/comments?post=14102"}],"version-history":[{"count":1,"href":"http:\/\/www.grieta.org.mx\/index.php\/wp-json\/wp\/v2\/posts\/14102\/revisions"}],"predecessor-version":[{"id":14164,"href":"http:\/\/www.grieta.org.mx\/index.php\/wp-json\/wp\/v2\/posts\/14102\/revisions\/14164"}],"wp:featuredmedia":[{"embeddable":true,"href":"http:\/\/www.grieta.org.mx\/index.php\/wp-json\/wp\/v2\/media\/21928"}],"wp:attachment":[{"href":"http:\/\/www.grieta.org.mx\/index.php\/wp-json\/wp\/v2\/media?parent=14102"}],"wp:term":[{"taxonomy":"category","embeddable":true,"href":"http:\/\/www.grieta.org.mx\/index.php\/wp-json\/wp\/v2\/categories?post=14102"},{"taxonomy":"post_tag","embeddable":true,"href":"http:\/\/www.grieta.org.mx\/index.php\/wp-json\/wp\/v2\/tags?post=14102"}],"curies":[{"name":"wp","href":"https:\/\/api.w.org\/{rel}","templated":true}]}}