{"id":14094,"date":"2016-06-10T05:23:48","date_gmt":"2016-06-10T05:23:48","guid":{"rendered":"http:\/\/www.grieta.org.mx\/?p=14094"},"modified":"2016-06-12T05:32:18","modified_gmt":"2016-06-12T05:32:18","slug":"gobierno-de-guerrero-ejecuta-obras-sin-cumplir-con-normas-ambientales","status":"publish","type":"post","link":"http:\/\/www.grieta.org.mx\/index.php\/2016\/06\/10\/gobierno-de-guerrero-ejecuta-obras-sin-cumplir-con-normas-ambientales\/","title":{"rendered":"Gobierno de Guerrero ejecuta obras sin cumplir con normas ambientales"},"content":{"rendered":"<p>Proceso<\/p>\n<p>Redacci\u00f3n,<\/p>\n<p><img loading=\"lazy\" decoding=\"async\" data-attachment-id=\"14096\" data-permalink=\"http:\/\/www.grieta.org.mx\/index.php\/2016\/06\/10\/gobierno-de-guerrero-ejecuta-obras-sin-cumplir-con-normas-ambientales\/rot_profepa_hospital_grox\/\" data-orig-file=\"http:\/\/www.grieta.org.mx\/wp-content\/uploads\/2016\/06\/rot_profepa_hospital_grox-.jpg\" data-orig-size=\"702,312\" data-comments-opened=\"0\" data-image-meta=\"{&quot;aperture&quot;:&quot;0&quot;,&quot;credit&quot;:&quot;&quot;,&quot;camera&quot;:&quot;&quot;,&quot;caption&quot;:&quot;&quot;,&quot;created_timestamp&quot;:&quot;0&quot;,&quot;copyright&quot;:&quot;&quot;,&quot;focal_length&quot;:&quot;0&quot;,&quot;iso&quot;:&quot;0&quot;,&quot;shutter_speed&quot;:&quot;0&quot;,&quot;title&quot;:&quot;&quot;,&quot;orientation&quot;:&quot;0&quot;}\" data-image-title=\"rot_profepa_hospital_grox-\" data-image-description=\"\" data-image-caption=\"\" data-medium-file=\"http:\/\/www.grieta.org.mx\/wp-content\/uploads\/2016\/06\/rot_profepa_hospital_grox--300x133.jpg\" data-large-file=\"http:\/\/www.grieta.org.mx\/wp-content\/uploads\/2016\/06\/rot_profepa_hospital_grox-.jpg\" src=\"http:\/\/www.grieta.org.mx\/wp-content\/uploads\/2016\/06\/rot_profepa_hospital_grox-.jpg\" alt=\"rot_profepa_hospital_grox-\" width=\"702\" height=\"312\" class=\"aligncenter size-full wp-image-14096\" srcset=\"http:\/\/www.grieta.org.mx\/wp-content\/uploads\/2016\/06\/rot_profepa_hospital_grox-.jpg 702w, http:\/\/www.grieta.org.mx\/wp-content\/uploads\/2016\/06\/rot_profepa_hospital_grox--300x133.jpg 300w\" sizes=\"auto, (max-width: 702px) 100vw, 702px\" \/><\/p>\n<p>Ciudad de M\u00e9xico (apro).- La Procuradur\u00eda Federal de Protecci\u00f3n al Ambiente (PROFEPA) vuelve a enmendarle la plana al gobierno de Guerrero por violar las normas ambientales al construir una obra sin las autorizaciones correspondientes.<\/p>\n<p>No es la primera vez en que las autoridades estatales incumplen con la legislaci\u00f3n federal en ese y otros rubros. El pasado 14 de abril la Profepa clausur\u00f3 dos Proyectos de Reubicaci\u00f3n y Construcci\u00f3n de Vivienda del \u201cPlan Nuevo Guerrero\u201d, por no contar con autorizaciones en Materia de Impacto Ambiental y Cambio de Uso de Suelo en Terrenos Forestales emitidas por la Secretar\u00eda del Medio Ambiente y Recursos Naturales (Semarnat).<\/p>\n<p>En esta ocasi\u00f3n, el organismo encargado de vigilar el puntual cumplimiento de la legislaci\u00f3n ambiental encontr\u00f3 anomal\u00edas en el proyecto de nuevo hospital que se construye en el poblado de El Quemado, municipio de Acapulco.<\/p>\n<p>Al realizar una inspecci\u00f3n, la Profepa constat\u00f3 que la obra carece del permiso correspondiente de cambio de uso de suelo que debe expedir la Semarnat.<\/p>\n<p>Seg\u00fan el dictamen oficial, la Secretaria de Salud Federal y la Empresa Ingenier\u00eda y Control de Proyectos, S A de CV, responsables de la construcci\u00f3n de nosocomio, que tendr\u00e1 120 camas, no cumplen ninguna de las tres medidas ordenadas en la Resoluci\u00f3n Administrativa.<\/p>\n<p>La m\u00e1s importante tiene que ver con el cambio de uso de suelo en un \u00e1rea de 0.439 hect\u00e1reas. La empresa constructora removi\u00f3 vegetaci\u00f3n forestal de selva baja caducifolia sin el permiso correspondiente, por lo que deber\u00e1 restaurar el \u00e1rea afectada para dejarla como estaba antes de realizar las obras detectadas al momento de la visita.<\/p>\n<p>De acuerdo con la Profepa, la constructora s\u00f3lo se present\u00f3 copia del acuse del ingreso del tr\u00e1mite ante Semarnat de fecha 16 de diciembre de 2015, mismo que fue rechazado por no acreditar la propiedad del predio.<\/p>\n<p>Adem\u00e1s, a la fecha sigue sin cumplir con al programa de ejecuci\u00f3n de las medidas correctivas, de restauraci\u00f3n y compensaci\u00f3n contempladas en el dictamen t\u00e9cnico y en el complemento al dictamen t\u00e9cnico de la superficie afectada por el cambio de uso de suelo, en el plazo contemplado en el calendario de actividades, debiendo informar mensualmente sus avances a partir de la notificaci\u00f3n de la resoluci\u00f3n administrativa del 2 de julio de 2015.<\/p>\n<p>Por si fuera poco, consign\u00f3 la Profepa, tampoco se ha presentado ni ejecutado un programa de reforestaci\u00f3n con especies de la regi\u00f3n, en una superficie de una hect\u00e1rea en el lugar de la obra, como se establece en la resoluci\u00f3n administrativa, toda vez que la reforestaci\u00f3n realizada al momento se encuentran en \u00e1reas internas dentro del proyecto, donde posiblemente la siembra de \u00e1rboles mayores no es recomendable.<\/p>\n<p>Remach\u00f3 as\u00ed la Profepa:<\/p>\n<p>\u201cPara realizar el cambio de uso de suelo en terrenos forestales, es imprescindible contar con la autorizaci\u00f3n emitida por la Semarnat, de acuerdo al art\u00edculo 163 lo anterior es una clara infracci\u00f3n a la Ley General de Desarrollo Forestal Sustentable.<\/p>\n<p>http:\/\/www.proceso.com.mx\/443666\/gobierno-guerrero-ejecuta-obras-sin-cumplir-normas-ambientales<\/p>\n","protected":false},"excerpt":{"rendered":"<p>Proceso Redacci\u00f3n, Ciudad de M\u00e9xico (apro).- La Procuradur\u00eda Federal de Protecci\u00f3n al Ambiente (PROFEPA) vuelve a enmendarle la plana al gobierno de Guerrero por violar las normas ambientales al construir &hellip; <a href=\"http:\/\/www.grieta.org.mx\/index.php\/2016\/06\/10\/gobierno-de-guerrero-ejecuta-obras-sin-cumplir-con-normas-ambientales\/\" class=\"more-link\">Leer m\u00e1s<\/a><\/p>\n","protected":false},"author":2,"featured_media":21928,"comment_status":"closed","ping_status":"closed","sticky":false,"template":"","format":"standard","meta":{"ngg_post_thumbnail":0,"_jetpack_newsletter_access":"","_jetpack_dont_email_post_to_subs":false,"_jetpack_newsletter_tier_id":0,"_jetpack_memberships_contains_paywalled_content":false,"_jetpack_memberships_contains_paid_content":false,"footnotes":""},"categories":[80],"tags":[96,724],"class_list":["post-14094","post","type-post","status-publish","format-standard","has-post-thumbnail","hentry","category-cintillo","tag-megaproyectos","tag-violacion-de-leyes","entry"],"jetpack_featured_media_url":"http:\/\/www.grieta.org.mx\/wp-content\/uploads\/2018\/03\/14524434_1106112876131411_958039263622046936_o.jpg","jetpack_sharing_enabled":true,"jetpack_shortlink":"https:\/\/wp.me\/p7ZJR4-3Fk","jetpack_likes_enabled":false,"jetpack-related-posts":[{"id":2464,"url":"http:\/\/www.grieta.org.mx\/index.php\/2015\/11\/12\/clausura-profepa-9-minas-son-7-en-sabinas\/","url_meta":{"origin":14094,"position":0},"title":"Clausura Profepa 9 minas; son 7 en Sabinas","author":"grieta","date":"12 noviembre, 2015","format":false,"excerpt":"Sabinas, Coah.- La Procuradur\u00eda Federal de Protecci\u00f3n al Ambiente (PROFEPA) clausur\u00f3 de manera total temporal 9 minas de extracci\u00f3n de carb\u00f3n mineral en los municipios de Escobedo, San Juan de Sabinas y Sabinas, en el estado de Coahuila, por la afectaci\u00f3n de una superficie total de 60,031 metros cuadrados donde\u2026","rel":"","context":"En &quot;CINTILLO&quot;","block_context":{"text":"CINTILLO","link":"http:\/\/www.grieta.org.mx\/index.php\/category\/cintillo\/"},"img":{"alt_text":"","src":"https:\/\/i0.wp.com\/www.grieta.org.mx\/wp-content\/uploads\/2018\/03\/14524434_1106112876131411_958039263622046936_o.jpg?resize=350%2C200","width":350,"height":200,"srcset":"https:\/\/i0.wp.com\/www.grieta.org.mx\/wp-content\/uploads\/2018\/03\/14524434_1106112876131411_958039263622046936_o.jpg?resize=350%2C200 1x, https:\/\/i0.wp.com\/www.grieta.org.mx\/wp-content\/uploads\/2018\/03\/14524434_1106112876131411_958039263622046936_o.jpg?resize=525%2C300 1.5x, https:\/\/i0.wp.com\/www.grieta.org.mx\/wp-content\/uploads\/2018\/03\/14524434_1106112876131411_958039263622046936_o.jpg?resize=700%2C400 2x"},"classes":[]},{"id":55464,"url":"http:\/\/www.grieta.org.mx\/index.php\/2020\/11\/25\/denuncian-ante-semarnat-y-profepa-la-construccion-de-punto-olivo-en-queretaro\/","url_meta":{"origin":14094,"position":1},"title":"Denuncian ante Semarnat y Profepa la construcci\u00f3n de \u201cPunto Olivo\u201d, en Quer\u00e9taro","author":"grieta","date":"25 noviembre, 2020","format":false,"excerpt":"Las car\u00e1tulas de las denuncias que difunden desde la p\u00e1gina \u201cCiudadanos Reforestando Quer\u00e9taro\u201d. Iv\u00e1n Aldama Garnica \/ Liberta de Palabra En un video promocional, es difundido que el desarrollo se ubica \u201centre dos hermosas \u00e1reas naturales protegidas\u201d. Quer\u00e9taro, Qro.- Federico Orozco Mouret y Jessica Guerrero Nieto anunciaron que interpusieron una\u2026","rel":"","context":"En &quot;CINTILLO&quot;","block_context":{"text":"CINTILLO","link":"http:\/\/www.grieta.org.mx\/index.php\/category\/cintillo\/"},"img":{"alt_text":"","src":"https:\/\/i0.wp.com\/www.grieta.org.mx\/wp-content\/uploads\/2020\/11\/Denuncian-ante-Semarnat-y-Profepa-la-construccio%CC%81n-de-Punto-Olivo-en-Quere%CC%81taro-1024x536-1.jpg?resize=350%2C200","width":350,"height":200,"srcset":"https:\/\/i0.wp.com\/www.grieta.org.mx\/wp-content\/uploads\/2020\/11\/Denuncian-ante-Semarnat-y-Profepa-la-construccio%CC%81n-de-Punto-Olivo-en-Quere%CC%81taro-1024x536-1.jpg?resize=350%2C200 1x, https:\/\/i0.wp.com\/www.grieta.org.mx\/wp-content\/uploads\/2020\/11\/Denuncian-ante-Semarnat-y-Profepa-la-construccio%CC%81n-de-Punto-Olivo-en-Quere%CC%81taro-1024x536-1.jpg?resize=525%2C300 1.5x, https:\/\/i0.wp.com\/www.grieta.org.mx\/wp-content\/uploads\/2020\/11\/Denuncian-ante-Semarnat-y-Profepa-la-construccio%CC%81n-de-Punto-Olivo-en-Quere%CC%81taro-1024x536-1.jpg?resize=700%2C400 2x"},"classes":[]},{"id":14092,"url":"http:\/\/www.grieta.org.mx\/index.php\/2016\/06\/10\/gobierno-de-guerrero-permite-megaproyectos-violando-leyes-ambientales\/","url_meta":{"origin":14094,"position":2},"title":"Gobierno permite proyectos violando leyes ambientales","author":"grieta","date":"10 junio, 2016","format":false,"excerpt":"10\/06\/16. Gobierno de Guerrero permite obras sin cumplir normas ambientales Proceso","rel":"","context":"En &quot;CINTILLO&quot;","block_context":{"text":"CINTILLO","link":"http:\/\/www.grieta.org.mx\/index.php\/category\/cintillo\/"},"img":{"alt_text":"","src":"https:\/\/i0.wp.com\/www.grieta.org.mx\/wp-content\/uploads\/2018\/03\/14524434_1106112876131411_958039263622046936_o.jpg?resize=350%2C200","width":350,"height":200,"srcset":"https:\/\/i0.wp.com\/www.grieta.org.mx\/wp-content\/uploads\/2018\/03\/14524434_1106112876131411_958039263622046936_o.jpg?resize=350%2C200 1x, https:\/\/i0.wp.com\/www.grieta.org.mx\/wp-content\/uploads\/2018\/03\/14524434_1106112876131411_958039263622046936_o.jpg?resize=525%2C300 1.5x, https:\/\/i0.wp.com\/www.grieta.org.mx\/wp-content\/uploads\/2018\/03\/14524434_1106112876131411_958039263622046936_o.jpg?resize=700%2C400 2x"},"classes":[]},{"id":59602,"url":"http:\/\/www.grieta.org.mx\/index.php\/2021\/05\/27\/sigue-la-lucha-ambiental-en-yucatan-profepa-clausura-cuatro-granjas-porcicolas-tras-denuncias-colectivas\/","url_meta":{"origin":14094,"position":3},"title":"Sigue la lucha ambiental en Yucat\u00e1n: Profepa clausura cuatro granjas porc\u00edcolas, tras denuncias colectivas","author":"grieta","date":"27 mayo, 2021","format":false,"excerpt":"Itzel Chan \/ Noticaribe M\u00c9RIDA, MX.- Luego de una denuncia realizada por m\u00e1s de 50 ciudadanos, representantes de 21 comunidades mayas, la Procuradur\u00eda Federal de Protecci\u00f3n al Ambiente (Profepa) suspendi\u00f3 las actividades de cuatro granjas porc\u00edcolas distribuidas en Yucat\u00e1n. A ra\u00edz de una denuncia de tipo regional, realizada el pasado\u2026","rel":"","context":"En &quot;Agroindustria&quot;","block_context":{"text":"Agroindustria","link":"http:\/\/www.grieta.org.mx\/index.php\/category\/megaproyectos\/agroindustria\/"},"img":{"alt_text":"","src":"https:\/\/i0.wp.com\/www.grieta.org.mx\/wp-content\/uploads\/2021\/05\/Clausura.png?resize=350%2C200","width":350,"height":200,"srcset":"https:\/\/i0.wp.com\/www.grieta.org.mx\/wp-content\/uploads\/2021\/05\/Clausura.png?resize=350%2C200 1x, https:\/\/i0.wp.com\/www.grieta.org.mx\/wp-content\/uploads\/2021\/05\/Clausura.png?resize=525%2C300 1.5x, https:\/\/i0.wp.com\/www.grieta.org.mx\/wp-content\/uploads\/2021\/05\/Clausura.png?resize=700%2C400 2x"},"classes":[]},{"id":14546,"url":"http:\/\/www.grieta.org.mx\/index.php\/2016\/06\/07\/no-hay-delito-ambiental-en-tajamar-cancun-resolvio-la-profepa-el-fonatur-actuo-apegado-a-lo-autorizado-por-semarnat\/","url_meta":{"origin":14094,"position":4},"title":"No hay delito ambiental en Tajamar Canc\u00fan resolvi\u00f3 la Profepa. El Fonatur actu\u00f3 apegado a lo autorizado por Semarnat","author":"grieta","date":"7 junio, 2016","format":false,"excerpt":"CANC\u00daN, MX.- La Procuradur\u00eda Federal de Protecci\u00f3n al Ambiente (Profepa) resolvi\u00f3 que la remoci\u00f3n de vegetaci\u00f3n forestal en el Proyecto Malec\u00f3n Tur\u00edstico Tajamar Canc\u00fan, ejecutada por el Fondo Nacional de Fomento al Turismo (Fonatur) en enero pasado, se realiz\u00f3 en apego a la autorizaci\u00f3n en materia de impacto ambiental vigente.\u2026","rel":"","context":"En &quot;CINTILLO&quot;","block_context":{"text":"CINTILLO","link":"http:\/\/www.grieta.org.mx\/index.php\/category\/cintillo\/"},"img":{"alt_text":"","src":"https:\/\/i0.wp.com\/www.grieta.org.mx\/wp-content\/uploads\/2018\/03\/14524434_1106112876131411_958039263622046936_o.jpg?resize=350%2C200","width":350,"height":200,"srcset":"https:\/\/i0.wp.com\/www.grieta.org.mx\/wp-content\/uploads\/2018\/03\/14524434_1106112876131411_958039263622046936_o.jpg?resize=350%2C200 1x, https:\/\/i0.wp.com\/www.grieta.org.mx\/wp-content\/uploads\/2018\/03\/14524434_1106112876131411_958039263622046936_o.jpg?resize=525%2C300 1.5x, https:\/\/i0.wp.com\/www.grieta.org.mx\/wp-content\/uploads\/2018\/03\/14524434_1106112876131411_958039263622046936_o.jpg?resize=700%2C400 2x"},"classes":[]},{"id":1187,"url":"http:\/\/www.grieta.org.mx\/index.php\/2015\/12\/09\/protestan-activistas-en-cuatro-municipios-de-hidalgo-y-estado-de-mexico-en-contra-de-la-contaminacion-provocada-por-cementeras\/","url_meta":{"origin":14094,"position":5},"title":"Protestan activistas en cuatro municipios de Hidalgo y Estado de M\u00e9xico en contra de la contaminaci\u00f3n provocada por cementeras","author":"grieta","date":"9 diciembre, 2015","format":false,"excerpt":"Inicio en cuatro municipios de Hidalgo y uno del Estado de M\u00e9xico, la campa\u00f1a Acci\u00f3n Comunitaria Ambiental (ACA), encaminada a lograr que las empresas cementeras principalmente cumplan con las normas oficiales mexicanas y las autoridades ambientales detengan las pr\u00e1cticas irregulares que ponen en riesgo el ambiente y la salud de\u2026","rel":"","context":"En &quot;CINTILLO&quot;","block_context":{"text":"CINTILLO","link":"http:\/\/www.grieta.org.mx\/index.php\/category\/cintillo\/"},"img":{"alt_text":"","src":"https:\/\/i0.wp.com\/www.grieta.org.mx\/wp-content\/uploads\/2018\/03\/14524434_1106112876131411_958039263622046936_o.jpg?resize=350%2C200","width":350,"height":200,"srcset":"https:\/\/i0.wp.com\/www.grieta.org.mx\/wp-content\/uploads\/2018\/03\/14524434_1106112876131411_958039263622046936_o.jpg?resize=350%2C200 1x, https:\/\/i0.wp.com\/www.grieta.org.mx\/wp-content\/uploads\/2018\/03\/14524434_1106112876131411_958039263622046936_o.jpg?resize=525%2C300 1.5x, https:\/\/i0.wp.com\/www.grieta.org.mx\/wp-content\/uploads\/2018\/03\/14524434_1106112876131411_958039263622046936_o.jpg?resize=700%2C400 2x"},"classes":[]}],"_links":{"self":[{"href":"http:\/\/www.grieta.org.mx\/index.php\/wp-json\/wp\/v2\/posts\/14094","targetHints":{"allow":["GET"]}}],"collection":[{"href":"http:\/\/www.grieta.org.mx\/index.php\/wp-json\/wp\/v2\/posts"}],"about":[{"href":"http:\/\/www.grieta.org.mx\/index.php\/wp-json\/wp\/v2\/types\/post"}],"author":[{"embeddable":true,"href":"http:\/\/www.grieta.org.mx\/index.php\/wp-json\/wp\/v2\/users\/2"}],"replies":[{"embeddable":true,"href":"http:\/\/www.grieta.org.mx\/index.php\/wp-json\/wp\/v2\/comments?post=14094"}],"version-history":[{"count":1,"href":"http:\/\/www.grieta.org.mx\/index.php\/wp-json\/wp\/v2\/posts\/14094\/revisions"}],"predecessor-version":[{"id":14097,"href":"http:\/\/www.grieta.org.mx\/index.php\/wp-json\/wp\/v2\/posts\/14094\/revisions\/14097"}],"wp:featuredmedia":[{"embeddable":true,"href":"http:\/\/www.grieta.org.mx\/index.php\/wp-json\/wp\/v2\/media\/21928"}],"wp:attachment":[{"href":"http:\/\/www.grieta.org.mx\/index.php\/wp-json\/wp\/v2\/media?parent=14094"}],"wp:term":[{"taxonomy":"category","embeddable":true,"href":"http:\/\/www.grieta.org.mx\/index.php\/wp-json\/wp\/v2\/categories?post=14094"},{"taxonomy":"post_tag","embeddable":true,"href":"http:\/\/www.grieta.org.mx\/index.php\/wp-json\/wp\/v2\/tags?post=14094"}],"curies":[{"name":"wp","href":"https:\/\/api.w.org\/{rel}","templated":true}]}}