{"id":14092,"date":"2016-06-10T05:23:41","date_gmt":"2016-06-10T05:23:41","guid":{"rendered":"http:\/\/www.grieta.org.mx\/?p=14092"},"modified":"2016-06-12T09:16:17","modified_gmt":"2016-06-12T09:16:17","slug":"gobierno-de-guerrero-permite-megaproyectos-violando-leyes-ambientales","status":"publish","type":"post","link":"http:\/\/www.grieta.org.mx\/index.php\/2016\/06\/10\/gobierno-de-guerrero-permite-megaproyectos-violando-leyes-ambientales\/","title":{"rendered":"Gobierno permite proyectos violando leyes ambientales"},"content":{"rendered":"<p><strong>10\/06\/16. <\/strong><a href=\"http:\/\/www.grieta.org.mx\/index.php\/2016\/06\/10\/gobierno-de-guerrero-ejecuta-obras-sin-cumplir-con-normas-ambientales\/\">Gobierno de Guerrero permite obras sin cumplir normas ambientales<\/a><br \/>\n<em>Proceso<\/em><\/p>\n","protected":false},"excerpt":{"rendered":"<p>10\/06\/16. Gobierno de Guerrero permite obras sin cumplir normas ambientales Proceso<\/p>\n","protected":false},"author":2,"featured_media":21928,"comment_status":"closed","ping_status":"closed","sticky":false,"template":"","format":"standard","meta":{"ngg_post_thumbnail":0,"_jetpack_newsletter_access":"","_jetpack_dont_email_post_to_subs":false,"_jetpack_newsletter_tier_id":0,"_jetpack_memberships_contains_paywalled_content":false,"_jetpack_memberships_contains_paid_content":false,"footnotes":""},"categories":[80,18],"tags":[],"class_list":["post-14092","post","type-post","status-publish","format-standard","has-post-thumbnail","hentry","category-cintillo","category-guerrero","entry"],"jetpack_featured_media_url":"http:\/\/www.grieta.org.mx\/wp-content\/uploads\/2018\/03\/14524434_1106112876131411_958039263622046936_o.jpg","jetpack_sharing_enabled":true,"jetpack_shortlink":"https:\/\/wp.me\/p7ZJR4-3Fi","jetpack_likes_enabled":false,"jetpack-related-posts":[{"id":14094,"url":"http:\/\/www.grieta.org.mx\/index.php\/2016\/06\/10\/gobierno-de-guerrero-ejecuta-obras-sin-cumplir-con-normas-ambientales\/","url_meta":{"origin":14092,"position":0},"title":"Gobierno de Guerrero ejecuta obras sin cumplir con normas ambientales","author":"grieta","date":"10 junio, 2016","format":false,"excerpt":"Proceso Redacci\u00f3n, Ciudad de M\u00e9xico (apro).- La Procuradur\u00eda Federal de Protecci\u00f3n al Ambiente (PROFEPA) vuelve a enmendarle la plana al gobierno de Guerrero por violar las normas ambientales al construir una obra sin las autorizaciones correspondientes. No es la primera vez en que las autoridades estatales incumplen con la legislaci\u00f3n\u2026","rel":"","context":"En &quot;CINTILLO&quot;","block_context":{"text":"CINTILLO","link":"http:\/\/www.grieta.org.mx\/index.php\/category\/cintillo\/"},"img":{"alt_text":"","src":"https:\/\/i0.wp.com\/www.grieta.org.mx\/wp-content\/uploads\/2018\/03\/14524434_1106112876131411_958039263622046936_o.jpg?resize=350%2C200","width":350,"height":200,"srcset":"https:\/\/i0.wp.com\/www.grieta.org.mx\/wp-content\/uploads\/2018\/03\/14524434_1106112876131411_958039263622046936_o.jpg?resize=350%2C200 1x, https:\/\/i0.wp.com\/www.grieta.org.mx\/wp-content\/uploads\/2018\/03\/14524434_1106112876131411_958039263622046936_o.jpg?resize=525%2C300 1.5x, https:\/\/i0.wp.com\/www.grieta.org.mx\/wp-content\/uploads\/2018\/03\/14524434_1106112876131411_958039263622046936_o.jpg?resize=700%2C400 2x"},"classes":[]},{"id":28176,"url":"http:\/\/www.grieta.org.mx\/index.php\/2018\/12\/23\/emite-epn-40-titulos-de-asignacion-minera-guerrero\/","url_meta":{"origin":14092,"position":1},"title":"Emite EPN 40 t\u00edtulos de asignaci\u00f3n minera (Guerrero)","author":"grieta","date":"23 diciembre, 2018","format":false,"excerpt":"Redacci\u00f3n \/ El Imparcial En el \u00faltimo d\u00eda de su Administraci\u00f3n, el Gobierno de Enrique Pe\u00f1a Nieto emiti\u00f3 42 t\u00edtulos de asignaci\u00f3n minera en diferentes estados. Los lotes asignados van desde 122 hasta 44 mil hect\u00e1reas, de acuerdo con los t\u00edtulos publicados el 30 de noviembre en el Diario Oficial\u2026","rel":"","context":"En &quot;CINTILLO&quot;","block_context":{"text":"CINTILLO","link":"http:\/\/www.grieta.org.mx\/index.php\/category\/cintillo\/"},"img":{"alt_text":"","src":"https:\/\/i0.wp.com\/www.grieta.org.mx\/wp-content\/uploads\/2019\/01\/1955382-N.jpg?resize=350%2C200","width":350,"height":200,"srcset":"https:\/\/i0.wp.com\/www.grieta.org.mx\/wp-content\/uploads\/2019\/01\/1955382-N.jpg?resize=350%2C200 1x, https:\/\/i0.wp.com\/www.grieta.org.mx\/wp-content\/uploads\/2019\/01\/1955382-N.jpg?resize=525%2C300 1.5x, https:\/\/i0.wp.com\/www.grieta.org.mx\/wp-content\/uploads\/2019\/01\/1955382-N.jpg?resize=700%2C400 2x"},"classes":[]},{"id":29167,"url":"http:\/\/www.grieta.org.mx\/index.php\/2019\/01\/29\/la-nueva-secretaria-del-bienestar-dejaria-sin-guarderia-a-11-mil-ninos-guerrero\/","url_meta":{"origin":14092,"position":2},"title":"La nueva Secretar\u00eda del Bienestar dejar\u00eda sin guarder\u00eda a 11 mil ni\u00f1os (Guerrero)","author":"grieta","date":"29 enero, 2019","format":false,"excerpt":"Redacci\u00f3n \/ Digital Guerrero *Lo denuncian responsables de esas estancias Chilpancingo Gro; a 29 de enero del 2019.- Responsables de 315 guarder\u00edas dependientes de la ex Secretar\u00eda de Desarrollo Social, ahora del Bienestar, ubicadas en Guerrero, marcharon en esta capital para inconformarse debido a que el gobierno federal pretende dejar\u2026","rel":"","context":"En &quot;CINTILLO&quot;","block_context":{"text":"CINTILLO","link":"http:\/\/www.grieta.org.mx\/index.php\/category\/cintillo\/"},"img":{"alt_text":"","src":"https:\/\/i0.wp.com\/www.grieta.org.mx\/wp-content\/uploads\/2019\/02\/F-1-MARCHA-PROTESTA-GUARDER%C3%8DAS-IRZA.jpg?resize=350%2C200","width":350,"height":200,"srcset":"https:\/\/i0.wp.com\/www.grieta.org.mx\/wp-content\/uploads\/2019\/02\/F-1-MARCHA-PROTESTA-GUARDER%C3%8DAS-IRZA.jpg?resize=350%2C200 1x, https:\/\/i0.wp.com\/www.grieta.org.mx\/wp-content\/uploads\/2019\/02\/F-1-MARCHA-PROTESTA-GUARDER%C3%8DAS-IRZA.jpg?resize=525%2C300 1.5x, https:\/\/i0.wp.com\/www.grieta.org.mx\/wp-content\/uploads\/2019\/02\/F-1-MARCHA-PROTESTA-GUARDER%C3%8DAS-IRZA.jpg?resize=700%2C400 2x"},"classes":[]},{"id":13595,"url":"http:\/\/www.grieta.org.mx\/index.php\/2016\/05\/30\/gasta-gobierno-de-guerrero-en-medios-incluso-inexistantes\/","url_meta":{"origin":14092,"position":3},"title":"Violencia contra periodistas y ataques a la libertad de expresi\u00f3n en Guerrero","author":"grieta","date":"30 mayo, 2016","format":false,"excerpt":"30\/05\/16. Gobierno de Guerrero gast\u00f3 discrecionalmente 18 mdp en 80 medios Proceso 25\/04\/16. Asesinan a periodista Francisco Pacheco en Taxco, Guerrero API 19\/09\/15. Atacan a balazos reportero de Guerrero; resulta ileso 24 Horas 10\/02\/16. Exdiputado perredista amenaza de muerte a corresponsal de Proceso en Guerrero Proceso 02\/16. Es responsabilidad del\u2026","rel":"","context":"En &quot;Guerrero&quot;","block_context":{"text":"Guerrero","link":"http:\/\/www.grieta.org.mx\/index.php\/category\/noticias-nacionales\/guerrero\/"},"img":{"alt_text":"","src":"https:\/\/i0.wp.com\/www.grieta.org.mx\/wp-content\/uploads\/2018\/03\/14524434_1106112876131411_958039263622046936_o.jpg?resize=350%2C200","width":350,"height":200,"srcset":"https:\/\/i0.wp.com\/www.grieta.org.mx\/wp-content\/uploads\/2018\/03\/14524434_1106112876131411_958039263622046936_o.jpg?resize=350%2C200 1x, https:\/\/i0.wp.com\/www.grieta.org.mx\/wp-content\/uploads\/2018\/03\/14524434_1106112876131411_958039263622046936_o.jpg?resize=525%2C300 1.5x, https:\/\/i0.wp.com\/www.grieta.org.mx\/wp-content\/uploads\/2018\/03\/14524434_1106112876131411_958039263622046936_o.jpg?resize=700%2C400 2x"},"classes":[]},{"id":9168,"url":"http:\/\/www.grieta.org.mx\/index.php\/2015\/11\/18\/areas-de-la-exportadora-de-sal-de-guerrero-negro-entre-las-mas-contaminadas-del-pais\/","url_meta":{"origin":14092,"position":4},"title":"\u00c1reas de la Exportadora de Sal de Guerrero Negro, entre las m\u00e1s contaminadas del pa\u00eds","author":"grieta","date":"18 noviembre, 2015","format":false,"excerpt":"La Paz, Baja California Sur (BCS). Entre los 20 sitios contaminados prioritarios de M\u00e9xico, hay 4 lugares clasificados en Baja California Sur como pasivos ambientales, y una es un \u00e1rea donde se encuentra la Exportadora de Sal de Guerrero Negro, municipio de Muleg\u00e9, seg\u00fan el cat\u00e1logo publicado en l\u00ednea, recientemente,\u2026","rel":"","context":"En &quot;CINTILLO&quot;","block_context":{"text":"CINTILLO","link":"http:\/\/www.grieta.org.mx\/index.php\/category\/cintillo\/"},"img":{"alt_text":"","src":"https:\/\/i0.wp.com\/www.grieta.org.mx\/wp-content\/uploads\/2018\/03\/14524434_1106112876131411_958039263622046936_o.jpg?resize=350%2C200","width":350,"height":200,"srcset":"https:\/\/i0.wp.com\/www.grieta.org.mx\/wp-content\/uploads\/2018\/03\/14524434_1106112876131411_958039263622046936_o.jpg?resize=350%2C200 1x, https:\/\/i0.wp.com\/www.grieta.org.mx\/wp-content\/uploads\/2018\/03\/14524434_1106112876131411_958039263622046936_o.jpg?resize=525%2C300 1.5x, https:\/\/i0.wp.com\/www.grieta.org.mx\/wp-content\/uploads\/2018\/03\/14524434_1106112876131411_958039263622046936_o.jpg?resize=700%2C400 2x"},"classes":[]},{"id":2061,"url":"http:\/\/www.grieta.org.mx\/index.php\/2016\/08\/29\/oaxaca-segundo-lugar-nacional-en-numero-de-ataques-a-defensores-ambientales\/","url_meta":{"origin":14092,"position":5},"title":"Ataques a defensores ambientales y de derechos humanos en Oaxaca","author":"grieta","date":"29 agosto, 2016","format":false,"excerpt":"29\/08\/16. Denuncia defensora de mujeres acoso pol\u00edtico; teme por su vida P\u00e1gina 3 09\/08\/16. Oaxaca primer lugar nacional en ataques a defensoras de DH; suman 648 P\u00e1gina 3 04\/01\/16. Crece el n\u00famero de ataques a defensores ambientales en el gobierno de Pe\u00f1a Nieto Animal Pol\u00edtico","rel":"","context":"En &quot;NOTICIAS NACIONALES&quot;","block_context":{"text":"NOTICIAS NACIONALES","link":"http:\/\/www.grieta.org.mx\/index.php\/category\/noticias-nacionales\/"},"img":{"alt_text":"","src":"https:\/\/i0.wp.com\/www.grieta.org.mx\/wp-content\/uploads\/2018\/03\/14524434_1106112876131411_958039263622046936_o.jpg?resize=350%2C200","width":350,"height":200,"srcset":"https:\/\/i0.wp.com\/www.grieta.org.mx\/wp-content\/uploads\/2018\/03\/14524434_1106112876131411_958039263622046936_o.jpg?resize=350%2C200 1x, https:\/\/i0.wp.com\/www.grieta.org.mx\/wp-content\/uploads\/2018\/03\/14524434_1106112876131411_958039263622046936_o.jpg?resize=525%2C300 1.5x, https:\/\/i0.wp.com\/www.grieta.org.mx\/wp-content\/uploads\/2018\/03\/14524434_1106112876131411_958039263622046936_o.jpg?resize=700%2C400 2x"},"classes":[]}],"_links":{"self":[{"href":"http:\/\/www.grieta.org.mx\/index.php\/wp-json\/wp\/v2\/posts\/14092","targetHints":{"allow":["GET"]}}],"collection":[{"href":"http:\/\/www.grieta.org.mx\/index.php\/wp-json\/wp\/v2\/posts"}],"about":[{"href":"http:\/\/www.grieta.org.mx\/index.php\/wp-json\/wp\/v2\/types\/post"}],"author":[{"embeddable":true,"href":"http:\/\/www.grieta.org.mx\/index.php\/wp-json\/wp\/v2\/users\/2"}],"replies":[{"embeddable":true,"href":"http:\/\/www.grieta.org.mx\/index.php\/wp-json\/wp\/v2\/comments?post=14092"}],"version-history":[{"count":1,"href":"http:\/\/www.grieta.org.mx\/index.php\/wp-json\/wp\/v2\/posts\/14092\/revisions"}],"predecessor-version":[{"id":14123,"href":"http:\/\/www.grieta.org.mx\/index.php\/wp-json\/wp\/v2\/posts\/14092\/revisions\/14123"}],"wp:featuredmedia":[{"embeddable":true,"href":"http:\/\/www.grieta.org.mx\/index.php\/wp-json\/wp\/v2\/media\/21928"}],"wp:attachment":[{"href":"http:\/\/www.grieta.org.mx\/index.php\/wp-json\/wp\/v2\/media?parent=14092"}],"wp:term":[{"taxonomy":"category","embeddable":true,"href":"http:\/\/www.grieta.org.mx\/index.php\/wp-json\/wp\/v2\/categories?post=14092"},{"taxonomy":"post_tag","embeddable":true,"href":"http:\/\/www.grieta.org.mx\/index.php\/wp-json\/wp\/v2\/tags?post=14092"}],"curies":[{"name":"wp","href":"https:\/\/api.w.org\/{rel}","templated":true}]}}