{"id":14085,"date":"2016-05-20T04:50:28","date_gmt":"2016-05-20T04:50:28","guid":{"rendered":"http:\/\/www.grieta.org.mx\/?p=14085"},"modified":"2016-06-12T04:52:59","modified_gmt":"2016-06-12T04:52:59","slug":"nuevo-vallarta-es-reconocido-como-destino-turistico-limpio-a-pesar-de-contaminacion","status":"publish","type":"post","link":"http:\/\/www.grieta.org.mx\/index.php\/2016\/05\/20\/nuevo-vallarta-es-reconocido-como-destino-turistico-limpio-a-pesar-de-contaminacion\/","title":{"rendered":"Nuevo Vallarta es reconocido como \u201cDestino Tur\u00edstico Limpio&#8221; a pesar de contaminaci\u00f3n"},"content":{"rendered":"<p>Fernando Sanchez\/Alternativo Noticias<\/p>\n<p>Bah\u00eda de Banderas, Nay.- La Procuradur\u00eda Federal de Protecci\u00f3n al Medio Ambiente  (PROFEPA) entreg\u00f3 este jueves, en presencia del gobernador del Estado de Nayarit Roberto Sandoval Casta\u00f1eda, el reconocimiento \u201cDestino Tur\u00edstico Limpio\u201d al Fideicomiso Bah\u00eda de Banderas (FIBBA) en Nuevo Vallarta.<\/p>\n<p>Este es el primer y \u00fanico reconocimiento en el pa\u00eds, para un estado que se supone tiene el compromiso con el medio ambiente al certificar al Estado en calidad ambiental, en los rubros de manejo integral del agua, manejo integral de residuos, infraestructura urbana y recursos naturales.<\/p>\n<p>El galard\u00f3n fue entregado por el Secretario del Medio Ambiente y Recursos Naturales (SEMARNAT), Rafael Pacchiano Alam\u00e1n, y el Procurador Federal de Protecci\u00f3n al Ambiente (PROFEPA), Guillermo Haro Belchez.<\/p>\n<p>El Gobernador enfatiz\u00f3 que su administraci\u00f3n ha implementado pol\u00edticas p\u00fablicas enfocadas en la creaci\u00f3n de desarrollos tur\u00edsticos sustentables, priorizando siempre a la naturaleza; felicitando a los prestadores de servicios tur\u00edsticos en la entidad, a nayaritas en general y, principalmente, a los integrantes del Fideicomiso Bah\u00eda de Banderas (FIBBA), por su esfuerzo y apoyo para obtener los resultados que posicionan a Nayarit como el estado que m\u00e1s cuida el medio ambiente a nivel nacional.<\/p>\n<p>En el evento tambi\u00e9n estuvieron presentes algunos residentes del lugar que le manifestaron su inconformidad al gobernador sobre la triste realidad en problemas de contaminaci\u00f3n que enfrentan las costas Nayaritas.<\/p>\n<p>Nuevo Vallarta es un fraccionamiento hotelero, que pertenece al municipio Bah\u00eda de Banderas y forma parte de la Rivera Nayarita, que es considerado un potencial destino tur\u00edstico internacional, pero desafortunadamente se encuentra fuertemente contaminado en muchos sentidos, por lo que este galard\u00f3n crea ciertas sospechas sobre sus habitantes.<\/p>\n<p>La contaminaci\u00f3n del municipio ha sido constantemente difundida por diferentes medios como los escurrimientos de agua negra lanzados al mar en Sayulita que provocaron la perdida de la categor\u00eda como \u201cPueblo M\u00e1gico\u201d.<\/p>\n<p>A los habitantes del lugar les parece inexplicable como se puede certificar ambientalmente las playas de un fraccionamiento que tiene en su frontera sur el R\u00edo Ameca, el cual trae una carga directa de aguas negras de poblados r\u00edo Arriba; y al norte por la Laguna del Quelele, que se alimenta por canales de agua donde arrojan un gran volumen de aguas negras, provenientes de diferentes fraccionamientos a la redonda, por lo que ambos cuerpos de agua se encuentran severamente contaminados.<\/p>\n<p>Ademas, parece el colmo del cinismo que PROFEPA, como m\u00e1xima autoridad ambiental del pa\u00eds, entregue un reconocimiento de &#8220;Destino Tur\u00edstico Limpio&#8221; a Nuevo Vallarta, cuando ante la mirada de miles de personas que viven en las Jarretaderas y las comunidades aleda\u00f1as que son afectadas por la falta de actuaci\u00f3n de la autoridad por la destrucci\u00f3n ambiental que ha ocasionado el Grupo VIDANTA (Mayan Palace) en el Rio Ameca, el cual ha operado sin intervenci\u00f3n alguna de las autoridades municipales, estatales o federales, privatizando calles p\u00fablicas, cerrando accesos al mar, extrayendo material p\u00e9treo del R\u00edo Ameca provocando la destrucci\u00f3n del manglar y el desplazamiento o perdida de la fauna nativa del lugar.<\/p>\n<p>Para otorgar este reconocimiento, se supone que SEMARNAT y PROFEPA auditaron m\u00e1s de 260 mil metros cuadrados de pol\u00edgonos de Nuevo Vallarta, de los cuales 2 mil 500 metros cuadrados est\u00e1n construidos; 27 kil\u00f3metros de calles y avenidas, 6 mil 500 metros cuadrados de canales, tres pozos profundos que suministran agua potable, 20 kil\u00f3metros de redes de agua potable, 21 kil\u00f3metros de redes de drenaje y seis kil\u00f3metros de rieles de riego.<\/p>\n<p>Adem\u00e1s, una planta de tratamiento de aguas residuales, cuyas aguas tratadas se utilizan para el riego de \u00e1reas verdes; manejo de 334 toneladas de residuos s\u00f3lidos urbanos por mes, a trav\u00e9s del sistema de recolecci\u00f3n, transporte, selecci\u00f3n y clasificaci\u00f3n; tres talleres de mantenimiento, 750 luminarias que constituyen el alumbrado p\u00fablico e, incluso, dos tranv\u00edas tur\u00edsticos que conforman el sistema de transporte p\u00fablico gratuito.<\/p>\n<p>Si en verdad realizaron cuidadosamente estos estudios solo queda la duda de: \u00bfporque no habr\u00e1n visto la gran contaminaci\u00f3n que existe en el lugar?<\/p>\n<p><a href=\"http:\/\/alternativonoticias.com\/noticias-bahia-de-banderas\/item\/699-nuevo-vallarta-es-reconocido-como-%E2%80%9Cdestino-tur%C3%ADstico-limpio-a-pesar-de-contaminaci%C3%B3n.html#.V1yg63T3veQ\" target=\"_blank\">http:\/\/alternativonoticias.com\/noticias-bahia-de-banderas\/item\/699-nuevo-vallarta-es-reconocido-como-%E2%80%9Cdestino-tur%C3%ADstico-limpio-a-pesar-de-contaminaci%C3%B3n.html#.V1yg63T3veQ<\/a><\/p>\n","protected":false},"excerpt":{"rendered":"<p>Fernando Sanchez\/Alternativo Noticias Bah\u00eda de Banderas, Nay.- La Procuradur\u00eda Federal de Protecci\u00f3n al Medio Ambiente (PROFEPA) entreg\u00f3 este jueves, en presencia del gobernador del Estado de Nayarit Roberto Sandoval Casta\u00f1eda, &hellip; <a href=\"http:\/\/www.grieta.org.mx\/index.php\/2016\/05\/20\/nuevo-vallarta-es-reconocido-como-destino-turistico-limpio-a-pesar-de-contaminacion\/\" class=\"more-link\">Leer m\u00e1s<\/a><\/p>\n","protected":false},"author":2,"featured_media":21928,"comment_status":"closed","ping_status":"closed","sticky":false,"template":"","format":"standard","meta":{"ngg_post_thumbnail":0,"_jetpack_newsletter_access":"","_jetpack_dont_email_post_to_subs":false,"_jetpack_newsletter_tier_id":0,"_jetpack_memberships_contains_paywalled_content":false,"_jetpack_memberships_contains_paid_content":false,"footnotes":""},"categories":[80],"tags":[91,573],"class_list":["post-14085","post","type-post","status-publish","format-standard","has-post-thumbnail","hentry","category-cintillo","tag-contaminacion-ambiental","tag-proyecto-turistico","entry"],"jetpack_featured_media_url":"http:\/\/www.grieta.org.mx\/wp-content\/uploads\/2018\/03\/14524434_1106112876131411_958039263622046936_o.jpg","jetpack_sharing_enabled":true,"jetpack_shortlink":"https:\/\/wp.me\/p7ZJR4-3Fb","jetpack_likes_enabled":false,"jetpack-related-posts":[{"id":13012,"url":"http:\/\/www.grieta.org.mx\/index.php\/2016\/05\/15\/grupo-vidanta-modifica-el-cauce-del-rio-ameca\/","url_meta":{"origin":14085,"position":0},"title":"Grupo Vidanta modifica el cauce del r\u00edo Ameca","author":"grieta","date":"15 mayo, 2016","format":false,"excerpt":"Mauricio Lira Camacho\/MERIDIANO Puerto Vallarta Activistas y abogados que realizaron un recorrido en estos d\u00edas, como producto de una serie de denuncias que se han hecho con antelaci\u00f3n, para frenar tal atropello El grupo Vidanta modifica el cauce natural del r\u00edo Ameca adem\u00e1s, destruye con camiones y pesada maquinaria todo\u2026","rel":"","context":"En &quot;CINTILLO&quot;","block_context":{"text":"CINTILLO","link":"http:\/\/www.grieta.org.mx\/index.php\/category\/cintillo\/"},"img":{"alt_text":"","src":"https:\/\/i0.wp.com\/www.grieta.org.mx\/wp-content\/uploads\/2018\/03\/14524434_1106112876131411_958039263622046936_o.jpg?resize=350%2C200","width":350,"height":200,"srcset":"https:\/\/i0.wp.com\/www.grieta.org.mx\/wp-content\/uploads\/2018\/03\/14524434_1106112876131411_958039263622046936_o.jpg?resize=350%2C200 1x, https:\/\/i0.wp.com\/www.grieta.org.mx\/wp-content\/uploads\/2018\/03\/14524434_1106112876131411_958039263622046936_o.jpg?resize=525%2C300 1.5x, https:\/\/i0.wp.com\/www.grieta.org.mx\/wp-content\/uploads\/2018\/03\/14524434_1106112876131411_958039263622046936_o.jpg?resize=700%2C400 2x"},"classes":[]},{"id":52647,"url":"http:\/\/www.grieta.org.mx\/index.php\/2020\/08\/12\/https-www-somoselmedio-com-2020-08-12-colectivas-feministas-declaran-en-semaforo-rojo-a-los-municipios-de-puerto-vallarta-y-bahia-de-banderas-por-violencia-sexual-y-feminicida\/","url_meta":{"origin":14085,"position":1},"title":"Colectivas feministas declaran en Sem\u00e1foro Rojo a los municipios de Puerto Vallarta y Bah\u00eda de Banderas por violencia sexual y feminicida (Nayarit, Jalisco)","author":"grieta","date":"12 agosto, 2020","format":false,"excerpt":"Foto: Somos el Medio Redacci\u00f3n \/ @Somoselmeio Esta tarde, el Comit\u00e9 para Am\u00e9rica Latina y el Caribe para la Defensa de los Derechos de las Mujeres (Cladem), el Colectivo Mujeres Puerto Vallarta, el Colectivo MAM y mujeres feministas, declararon en\u00a0Sem\u00e1foro Rojo a los municipios de Puerto Vallarta y Bah\u00eda de\u2026","rel":"","context":"En &quot;CINTILLO&quot;","block_context":{"text":"CINTILLO","link":"http:\/\/www.grieta.org.mx\/index.php\/category\/cintillo\/"},"img":{"alt_text":"","src":"https:\/\/i0.wp.com\/www.grieta.org.mx\/wp-content\/uploads\/2020\/08\/feminicidios-768x1024.jpg?resize=350%2C200","width":350,"height":200,"srcset":"https:\/\/i0.wp.com\/www.grieta.org.mx\/wp-content\/uploads\/2020\/08\/feminicidios-768x1024.jpg?resize=350%2C200 1x, https:\/\/i0.wp.com\/www.grieta.org.mx\/wp-content\/uploads\/2020\/08\/feminicidios-768x1024.jpg?resize=525%2C300 1.5x, https:\/\/i0.wp.com\/www.grieta.org.mx\/wp-content\/uploads\/2020\/08\/feminicidios-768x1024.jpg?resize=700%2C400 2x"},"classes":[]},{"id":51626,"url":"http:\/\/www.grieta.org.mx\/index.php\/2020\/07\/05\/reforma-ambiental-de-silvano-aureoles-privatiza-areas-naturales-protegidas-michoacan\/","url_meta":{"origin":14085,"position":2},"title":"Reforma ambiental de Silvano Aureoles \u00abprivatiza\u00bb \u00e1reas naturales protegidas (Michoac\u00e1n)","author":"grieta","date":"5 julio, 2020","format":false,"excerpt":"Ireri Pi\u00f1a \/Contramuro, Michoac\u00e1n ntegrantes de diversas asociaciones de protecci\u00f3n al medio ambiente, aseguran que facilita el cambio de uso de suelo de las tierras que actualmente est\u00e1n protegidas Morelia, Michoac\u00e1n.- La \u201cLey para la Conservaci\u00f3n y Sustentabilidad Ambiental del Estado de Michoac\u00e1n de Ocampo\u201d, es un retroceso en el\u2026","rel":"","context":"En &quot;CINTILLO&quot;","block_context":{"text":"CINTILLO","link":"http:\/\/www.grieta.org.mx\/index.php\/category\/cintillo\/"},"img":{"alt_text":"","src":"https:\/\/i0.wp.com\/www.grieta.org.mx\/wp-content\/uploads\/2020\/07\/bosque.jpg?resize=350%2C200","width":350,"height":200,"srcset":"https:\/\/i0.wp.com\/www.grieta.org.mx\/wp-content\/uploads\/2020\/07\/bosque.jpg?resize=350%2C200 1x, https:\/\/i0.wp.com\/www.grieta.org.mx\/wp-content\/uploads\/2020\/07\/bosque.jpg?resize=525%2C300 1.5x, https:\/\/i0.wp.com\/www.grieta.org.mx\/wp-content\/uploads\/2020\/07\/bosque.jpg?resize=700%2C400 2x"},"classes":[]},{"id":71687,"url":"http:\/\/www.grieta.org.mx\/index.php\/2025\/05\/16\/desarrollo-turistico-privatiza-camino-ancestral-y-playa-en-nayarit\/","url_meta":{"origin":14085,"position":3},"title":"Desarrollo tur\u00edstico privatiza camino ancestral y playa en Nayarit","author":"grieta","date":"16 mayo, 2025","format":false,"excerpt":"Imagen:\u00a0Javier Fr\u00edas\/Quadrat\u00edn Jalisco BAH\u00cdA DE BANDERAS, Nay., 16 de mayo de 2025.- El camino ancestral que conecta a los poblados costeros de Sayulita y San Pancho, en el municipio de Bah\u00eda de Banderas, Nayarit, est\u00e1 bloqueado por un desarrollo tur\u00edstico que tambi\u00e9n est\u00e1 privatizado la playa Malpaso. Se trata del\u2026","rel":"","context":"En &quot;CINTILLO&quot;","block_context":{"text":"CINTILLO","link":"http:\/\/www.grieta.org.mx\/index.php\/category\/cintillo\/"},"img":{"alt_text":"","src":"https:\/\/i0.wp.com\/www.grieta.org.mx\/wp-content\/uploads\/2025\/05\/IMG_7582-1160x700-1.jpeg?resize=350%2C200","width":350,"height":200,"srcset":"https:\/\/i0.wp.com\/www.grieta.org.mx\/wp-content\/uploads\/2025\/05\/IMG_7582-1160x700-1.jpeg?resize=350%2C200 1x, https:\/\/i0.wp.com\/www.grieta.org.mx\/wp-content\/uploads\/2025\/05\/IMG_7582-1160x700-1.jpeg?resize=525%2C300 1.5x, https:\/\/i0.wp.com\/www.grieta.org.mx\/wp-content\/uploads\/2025\/05\/IMG_7582-1160x700-1.jpeg?resize=700%2C400 2x, https:\/\/i0.wp.com\/www.grieta.org.mx\/wp-content\/uploads\/2025\/05\/IMG_7582-1160x700-1.jpeg?resize=1050%2C600 3x"},"classes":[]},{"id":20431,"url":"http:\/\/www.grieta.org.mx\/index.php\/2016\/08\/25\/cementeras-deben-contrarrestar-dano-al-medio-ambiente\/","url_meta":{"origin":14085,"position":4},"title":"Cementeras deben contrarrestar da\u00f1o al medio ambiente","author":"grieta","date":"25 agosto, 2016","format":false,"excerpt":"H\u00e9ctor Santoy Ponciano Jim\u00e9nez V\u00e1zquez, vecino de la localidad de Yolotepec (Santiago de Anaya), exhort\u00f3 su inconformidad por las acciones que realiza una empresa cementera y que atentan contra el medio ambiente del lugar. En entrevista para Capital Hidalgo dijo que desde hace un tiempo una industria que contamina el\u2026","rel":"","context":"En &quot;CINTILLO&quot;","block_context":{"text":"CINTILLO","link":"http:\/\/www.grieta.org.mx\/index.php\/category\/cintillo\/"},"img":{"alt_text":"","src":"https:\/\/i0.wp.com\/www.grieta.org.mx\/wp-content\/uploads\/2018\/03\/14524434_1106112876131411_958039263622046936_o.jpg?resize=350%2C200","width":350,"height":200,"srcset":"https:\/\/i0.wp.com\/www.grieta.org.mx\/wp-content\/uploads\/2018\/03\/14524434_1106112876131411_958039263622046936_o.jpg?resize=350%2C200 1x, https:\/\/i0.wp.com\/www.grieta.org.mx\/wp-content\/uploads\/2018\/03\/14524434_1106112876131411_958039263622046936_o.jpg?resize=525%2C300 1.5x, https:\/\/i0.wp.com\/www.grieta.org.mx\/wp-content\/uploads\/2018\/03\/14524434_1106112876131411_958039263622046936_o.jpg?resize=700%2C400 2x"},"classes":[]},{"id":4075,"url":"http:\/\/www.grieta.org.mx\/index.php\/2015\/08\/12\/alcalde-inicia-campana-para-impedir-proteccion-de-la-reserva-de-yum-balam-holbox\/","url_meta":{"origin":14085,"position":5},"title":"Alcalde inicia campa\u00f1a para impedir protecci\u00f3n de la reserva de Yum Balam (Holbox)","author":"grieta","date":"12 agosto, 2015","format":false,"excerpt":"CANC\u00daN, MX.- El presidente municipal de L\u00e1zaro C\u00e1rdenas, el priista Luciano Sim\u00e1 Cab, inici\u00f3 una campa\u00f1a de recolecci\u00f3n de firmas para frenar la inminente publicaci\u00f3n del plan de manejo de la zona de reserva de Yum Balam, que busca resguardar el equilibrio ecol\u00f3gico en esa \u00c1rea Natural Protegida (ANP). Luciano\u2026","rel":"","context":"En &quot;CINTILLO&quot;","block_context":{"text":"CINTILLO","link":"http:\/\/www.grieta.org.mx\/index.php\/category\/cintillo\/"},"img":{"alt_text":"","src":"https:\/\/i0.wp.com\/www.grieta.org.mx\/wp-content\/uploads\/2018\/03\/14524434_1106112876131411_958039263622046936_o.jpg?resize=350%2C200","width":350,"height":200,"srcset":"https:\/\/i0.wp.com\/www.grieta.org.mx\/wp-content\/uploads\/2018\/03\/14524434_1106112876131411_958039263622046936_o.jpg?resize=350%2C200 1x, https:\/\/i0.wp.com\/www.grieta.org.mx\/wp-content\/uploads\/2018\/03\/14524434_1106112876131411_958039263622046936_o.jpg?resize=525%2C300 1.5x, https:\/\/i0.wp.com\/www.grieta.org.mx\/wp-content\/uploads\/2018\/03\/14524434_1106112876131411_958039263622046936_o.jpg?resize=700%2C400 2x"},"classes":[]}],"_links":{"self":[{"href":"http:\/\/www.grieta.org.mx\/index.php\/wp-json\/wp\/v2\/posts\/14085","targetHints":{"allow":["GET"]}}],"collection":[{"href":"http:\/\/www.grieta.org.mx\/index.php\/wp-json\/wp\/v2\/posts"}],"about":[{"href":"http:\/\/www.grieta.org.mx\/index.php\/wp-json\/wp\/v2\/types\/post"}],"author":[{"embeddable":true,"href":"http:\/\/www.grieta.org.mx\/index.php\/wp-json\/wp\/v2\/users\/2"}],"replies":[{"embeddable":true,"href":"http:\/\/www.grieta.org.mx\/index.php\/wp-json\/wp\/v2\/comments?post=14085"}],"version-history":[{"count":1,"href":"http:\/\/www.grieta.org.mx\/index.php\/wp-json\/wp\/v2\/posts\/14085\/revisions"}],"predecessor-version":[{"id":14086,"href":"http:\/\/www.grieta.org.mx\/index.php\/wp-json\/wp\/v2\/posts\/14085\/revisions\/14086"}],"wp:featuredmedia":[{"embeddable":true,"href":"http:\/\/www.grieta.org.mx\/index.php\/wp-json\/wp\/v2\/media\/21928"}],"wp:attachment":[{"href":"http:\/\/www.grieta.org.mx\/index.php\/wp-json\/wp\/v2\/media?parent=14085"}],"wp:term":[{"taxonomy":"category","embeddable":true,"href":"http:\/\/www.grieta.org.mx\/index.php\/wp-json\/wp\/v2\/categories?post=14085"},{"taxonomy":"post_tag","embeddable":true,"href":"http:\/\/www.grieta.org.mx\/index.php\/wp-json\/wp\/v2\/tags?post=14085"}],"curies":[{"name":"wp","href":"https:\/\/api.w.org\/{rel}","templated":true}]}}