{"id":14082,"date":"2016-05-20T04:42:04","date_gmt":"2016-05-20T04:42:04","guid":{"rendered":"http:\/\/www.grieta.org.mx\/?p=14082"},"modified":"2016-06-12T04:54:16","modified_gmt":"2016-06-12T04:54:16","slug":"conflictos-ambientales-en-nayarit","status":"publish","type":"post","link":"http:\/\/www.grieta.org.mx\/index.php\/2016\/05\/20\/conflictos-ambientales-en-nayarit\/","title":{"rendered":"Conflictos ambientales en Nayarit"},"content":{"rendered":"<p><strong>20\/05\/16. <\/strong><a href=http:\/\/www.grieta.org.mx\/index.php\/2016\/05\/20\/nuevo-vallarta-es-reconocido-como-destino-turistico-limpio-a-pesar-de-contaminacion\/\">Nuevo Vallarta es reconocido como \u201cDestino Tur\u00edstico Limpio&#8221; a pesar de contaminaci\u00f3n<\/a><br \/>\n<em>Alternativo Noticias<\/em><\/p>\n","protected":false},"excerpt":{"rendered":"<p>20\/05\/16.<\/p>\n","protected":false},"author":2,"featured_media":21928,"comment_status":"closed","ping_status":"closed","sticky":false,"template":"","format":"standard","meta":{"ngg_post_thumbnail":0,"_jetpack_newsletter_access":"","_jetpack_dont_email_post_to_subs":false,"_jetpack_newsletter_tier_id":0,"_jetpack_memberships_contains_paywalled_content":false,"_jetpack_memberships_contains_paid_content":false,"footnotes":""},"categories":[80,23],"tags":[91],"class_list":["post-14082","post","type-post","status-publish","format-standard","has-post-thumbnail","hentry","category-cintillo","category-nayarit","tag-contaminacion-ambiental","entry"],"jetpack_featured_media_url":"http:\/\/www.grieta.org.mx\/wp-content\/uploads\/2018\/03\/14524434_1106112876131411_958039263622046936_o.jpg","jetpack_sharing_enabled":true,"jetpack_shortlink":"https:\/\/wp.me\/p7ZJR4-3F8","jetpack_likes_enabled":false,"jetpack-related-posts":[{"id":35954,"url":"http:\/\/www.grieta.org.mx\/index.php\/2019\/06\/09\/en-zona-de-mangle-desarrolladores-incendian-maleza-nayarit\/","url_meta":{"origin":14082,"position":0},"title":"En zona de mangle: Desarrolladores incendian maleza (Nayarit)","author":"grieta","date":"9 junio, 2019","format":false,"excerpt":"Foto: Realidades Atentan contra el ecosistema, la flora y la fauna V\u00edctor Trejo Olmos \/ Realidades Bah\u00eda de Banderas, Nayarit.- Domingo 09 de junio del 2019.- De manera sist\u00e9mica incendian pastizal en la zona de flamingos en Nuevo Vallarta, colindante a la laguna del Quelele donde hay presencia de mangle.\u2026","rel":"","context":"En &quot;CINTILLO&quot;","block_context":{"text":"CINTILLO","link":"http:\/\/www.grieta.org.mx\/index.php\/category\/cintillo\/"},"img":{"alt_text":"","src":"https:\/\/i0.wp.com\/www.grieta.org.mx\/wp-content\/uploads\/2019\/07\/Incendio-durante-toda-la-semana-01.jpg?resize=350%2C200","width":350,"height":200,"srcset":"https:\/\/i0.wp.com\/www.grieta.org.mx\/wp-content\/uploads\/2019\/07\/Incendio-durante-toda-la-semana-01.jpg?resize=350%2C200 1x, https:\/\/i0.wp.com\/www.grieta.org.mx\/wp-content\/uploads\/2019\/07\/Incendio-durante-toda-la-semana-01.jpg?resize=525%2C300 1.5x, https:\/\/i0.wp.com\/www.grieta.org.mx\/wp-content\/uploads\/2019\/07\/Incendio-durante-toda-la-semana-01.jpg?resize=700%2C400 2x, https:\/\/i0.wp.com\/www.grieta.org.mx\/wp-content\/uploads\/2019\/07\/Incendio-durante-toda-la-semana-01.jpg?resize=1050%2C600 3x"},"classes":[]},{"id":44956,"url":"http:\/\/www.grieta.org.mx\/index.php\/2020\/02\/20\/rio-santiago-mata-a-indigenas-nayarit\/","url_meta":{"origin":14082,"position":1},"title":"R\u00edo Santiago mata a ind\u00edgenas (Nayarit)","author":"grieta","date":"20 febrero, 2020","format":false,"excerpt":"Foto: Ilustrativa Se ha suscitado una fuerte ola de casos de c\u00e1ncer por los altos niveles de contaminaci\u00f3n del r\u00edo Santiago, denuncia l\u00edder wix\u00e1rrica, Zen\u00f3n M\u00fa\u00f1oz M\u00e9xico. Jueves 20 de febrero del 2020.- Agencias.- De acuerdo a la declaraci\u00f3n del l\u00edder wix\u00e1rrica, Zen\u00f3n M\u00fa\u00f1oz, han aumentado alarmantemente los casos de\u2026","rel":"","context":"En &quot;CINTILLO&quot;","block_context":{"text":"CINTILLO","link":"http:\/\/www.grieta.org.mx\/index.php\/category\/cintillo\/"},"img":{"alt_text":"","src":"https:\/\/i0.wp.com\/www.grieta.org.mx\/wp-content\/uploads\/2020\/02\/D-wyvGgW4CYUn9K.jpg?resize=350%2C200","width":350,"height":200,"srcset":"https:\/\/i0.wp.com\/www.grieta.org.mx\/wp-content\/uploads\/2020\/02\/D-wyvGgW4CYUn9K.jpg?resize=350%2C200 1x, https:\/\/i0.wp.com\/www.grieta.org.mx\/wp-content\/uploads\/2020\/02\/D-wyvGgW4CYUn9K.jpg?resize=525%2C300 1.5x, https:\/\/i0.wp.com\/www.grieta.org.mx\/wp-content\/uploads\/2020\/02\/D-wyvGgW4CYUn9K.jpg?resize=700%2C400 2x"},"classes":[]},{"id":72253,"url":"http:\/\/www.grieta.org.mx\/index.php\/2025\/08\/18\/ciudadanos-denuncian-ecocidio-en-punta-de-mita-desarrollo-destruye-manglar-y-limita-acceso-a-playa-la-cocina-nayarit\/","url_meta":{"origin":14082,"position":2},"title":"Ciudadanos denuncian ecocidio en Punta de Mita: desarrollo destruye manglar y limita acceso a playa La Cocina (Nayarit)","author":"grieta","date":"18 agosto, 2025","format":false,"excerpt":"Imagen: Tribuna de la Bah\u00eda Isrrael Torres \/ Tribuna de la Bah\u00eda Pobladores de\u00a0Punta de Mita, en Bah\u00eda de Banderas, hicieron un en\u00e9rgico llamado a las autoridades federales, entre ellas la\u00a0Profepa\u00a0y la\u00a0Semarnat, para intervenir en la construcci\u00f3n de un desarrollo tur\u00edstico que, aseguran, est\u00e1 devastando la flora y fauna en\u00a0playa\u2026","rel":"","context":"En &quot;CINTILLO&quot;","block_context":{"text":"CINTILLO","link":"http:\/\/www.grieta.org.mx\/index.php\/category\/cintillo\/"},"img":{"alt_text":"","src":"https:\/\/i0.wp.com\/www.grieta.org.mx\/wp-content\/uploads\/2025\/08\/WhatsApp-Image-2025-08-18-at-5.44.25-PM.jpeg.webp?resize=350%2C200","width":350,"height":200,"srcset":"https:\/\/i0.wp.com\/www.grieta.org.mx\/wp-content\/uploads\/2025\/08\/WhatsApp-Image-2025-08-18-at-5.44.25-PM.jpeg.webp?resize=350%2C200 1x, https:\/\/i0.wp.com\/www.grieta.org.mx\/wp-content\/uploads\/2025\/08\/WhatsApp-Image-2025-08-18-at-5.44.25-PM.jpeg.webp?resize=525%2C300 1.5x, https:\/\/i0.wp.com\/www.grieta.org.mx\/wp-content\/uploads\/2025\/08\/WhatsApp-Image-2025-08-18-at-5.44.25-PM.jpeg.webp?resize=700%2C400 2x, https:\/\/i0.wp.com\/www.grieta.org.mx\/wp-content\/uploads\/2025\/08\/WhatsApp-Image-2025-08-18-at-5.44.25-PM.jpeg.webp?resize=1050%2C600 3x"},"classes":[]},{"id":13005,"url":"http:\/\/www.grieta.org.mx\/index.php\/2016\/05\/22\/conflictos-en-nayarit-por-fracking\/","url_meta":{"origin":14082,"position":3},"title":"Conflictos en Nayarit por fracking","author":"grieta","date":"22 mayo, 2016","format":false,"excerpt":"22\/05\/16. Campesinos de Nayarit amenazados por el 'fracking' Vice 03\/11\/15. Otorgan a Grupo Salinas la primera concesi\u00f3n para una planta geot\u00e9rmica en M\u00e9xico Emeequis","rel":"","context":"En &quot;Fracking&quot;","block_context":{"text":"Fracking","link":"http:\/\/www.grieta.org.mx\/index.php\/category\/megaproyectos\/fracking\/"},"img":{"alt_text":"","src":"https:\/\/i0.wp.com\/www.grieta.org.mx\/wp-content\/uploads\/2018\/03\/14524434_1106112876131411_958039263622046936_o.jpg?resize=350%2C200","width":350,"height":200,"srcset":"https:\/\/i0.wp.com\/www.grieta.org.mx\/wp-content\/uploads\/2018\/03\/14524434_1106112876131411_958039263622046936_o.jpg?resize=350%2C200 1x, https:\/\/i0.wp.com\/www.grieta.org.mx\/wp-content\/uploads\/2018\/03\/14524434_1106112876131411_958039263622046936_o.jpg?resize=525%2C300 1.5x, https:\/\/i0.wp.com\/www.grieta.org.mx\/wp-content\/uploads\/2018\/03\/14524434_1106112876131411_958039263622046936_o.jpg?resize=700%2C400 2x"},"classes":[]},{"id":34930,"url":"http:\/\/www.grieta.org.mx\/index.php\/2019\/06\/17\/jalisco-exigen-declaratoria-de-emergencia-sanitaria-en-chapala-jalisco\/","url_meta":{"origin":14082,"position":4},"title":"Exigen declaratoria de emergencia sanitaria en Chapala (Jalisco)","author":"grieta","date":"17 junio, 2019","format":false,"excerpt":"Sergio Blanco \/ El Informador Comunidades que padecen la contaminaci\u00f3n en la cuenca piden adem\u00e1s la detecci\u00f3n y atenci\u00f3n de las personas que padecen enfermedades renales derivadas de \u00e9sta En representaci\u00f3n de las comunidades que padecen\u00a0la contaminaci\u00f3n en la cuenca Lerma Chapala Santiago, por las descargas de agua sin tratar\u2026","rel":"","context":"En &quot;CINTILLO&quot;","block_context":{"text":"CINTILLO","link":"http:\/\/www.grieta.org.mx\/index.php\/category\/cintillo\/"},"img":{"alt_text":"","src":"https:\/\/i0.wp.com\/www.grieta.org.mx\/wp-content\/uploads\/2019\/06\/whatsapp_image_2019-06-17_at_3_03_19_pm_crop1560803372203.jpeg_1970638775.jpeg?resize=350%2C200","width":350,"height":200,"srcset":"https:\/\/i0.wp.com\/www.grieta.org.mx\/wp-content\/uploads\/2019\/06\/whatsapp_image_2019-06-17_at_3_03_19_pm_crop1560803372203.jpeg_1970638775.jpeg?resize=350%2C200 1x, https:\/\/i0.wp.com\/www.grieta.org.mx\/wp-content\/uploads\/2019\/06\/whatsapp_image_2019-06-17_at_3_03_19_pm_crop1560803372203.jpeg_1970638775.jpeg?resize=525%2C300 1.5x, https:\/\/i0.wp.com\/www.grieta.org.mx\/wp-content\/uploads\/2019\/06\/whatsapp_image_2019-06-17_at_3_03_19_pm_crop1560803372203.jpeg_1970638775.jpeg?resize=700%2C400 2x"},"classes":[]},{"id":41944,"url":"http:\/\/www.grieta.org.mx\/index.php\/2019\/11\/30\/denuncian-ecocidio-por-un-basurero-irregular-en-compostela-nayarit\/","url_meta":{"origin":14082,"position":5},"title":"Denuncian ecocidio por un basurero irregular en Compostela Nayarit","author":"grieta","date":"30 noviembre, 2019","format":false,"excerpt":"Imagen:Opini\u00f3n de la Bah\u00eda Redacci\u00f3n \/ Opini\u00f3n de la Bah\u00eda La semana pasada habitantes del municipio Compostela de la Riviera de Nayarit marcharon hasta la oficina de la Fiscal\u00eda General de Nayarit en La Pe\u00f1ita de Jaltemba, para interponer una denuncia por ecocidio por el vertedero \u201cLa Colmena\u201d. De este\u2026","rel":"","context":"En &quot;CINTILLO&quot;","block_context":{"text":"CINTILLO","link":"http:\/\/www.grieta.org.mx\/index.php\/category\/cintillo\/"},"img":{"alt_text":"","src":"https:\/\/i0.wp.com\/www.grieta.org.mx\/wp-content\/uploads\/2019\/12\/Deposito_controlado_multibarrera.jpg?resize=350%2C200","width":350,"height":200,"srcset":"https:\/\/i0.wp.com\/www.grieta.org.mx\/wp-content\/uploads\/2019\/12\/Deposito_controlado_multibarrera.jpg?resize=350%2C200 1x, https:\/\/i0.wp.com\/www.grieta.org.mx\/wp-content\/uploads\/2019\/12\/Deposito_controlado_multibarrera.jpg?resize=525%2C300 1.5x"},"classes":[]}],"_links":{"self":[{"href":"http:\/\/www.grieta.org.mx\/index.php\/wp-json\/wp\/v2\/posts\/14082","targetHints":{"allow":["GET"]}}],"collection":[{"href":"http:\/\/www.grieta.org.mx\/index.php\/wp-json\/wp\/v2\/posts"}],"about":[{"href":"http:\/\/www.grieta.org.mx\/index.php\/wp-json\/wp\/v2\/types\/post"}],"author":[{"embeddable":true,"href":"http:\/\/www.grieta.org.mx\/index.php\/wp-json\/wp\/v2\/users\/2"}],"replies":[{"embeddable":true,"href":"http:\/\/www.grieta.org.mx\/index.php\/wp-json\/wp\/v2\/comments?post=14082"}],"version-history":[{"count":1,"href":"http:\/\/www.grieta.org.mx\/index.php\/wp-json\/wp\/v2\/posts\/14082\/revisions"}],"predecessor-version":[{"id":14087,"href":"http:\/\/www.grieta.org.mx\/index.php\/wp-json\/wp\/v2\/posts\/14082\/revisions\/14087"}],"wp:featuredmedia":[{"embeddable":true,"href":"http:\/\/www.grieta.org.mx\/index.php\/wp-json\/wp\/v2\/media\/21928"}],"wp:attachment":[{"href":"http:\/\/www.grieta.org.mx\/index.php\/wp-json\/wp\/v2\/media?parent=14082"}],"wp:term":[{"taxonomy":"category","embeddable":true,"href":"http:\/\/www.grieta.org.mx\/index.php\/wp-json\/wp\/v2\/categories?post=14082"},{"taxonomy":"post_tag","embeddable":true,"href":"http:\/\/www.grieta.org.mx\/index.php\/wp-json\/wp\/v2\/tags?post=14082"}],"curies":[{"name":"wp","href":"https:\/\/api.w.org\/{rel}","templated":true}]}}