{"id":1408,"date":"2015-09-24T19:15:08","date_gmt":"2015-09-24T19:15:08","guid":{"rendered":"http:\/\/50.22.11.12\/~grietaor\/?p=1408"},"modified":"2016-03-06T19:16:08","modified_gmt":"2016-03-06T19:16:08","slug":"acuerdan-alumnos-de-diferentes-instituciones-cinco-acciones-en-reclamo-de-justicia-por-caso-el-ayotzinapa","status":"publish","type":"post","link":"http:\/\/www.grieta.org.mx\/index.php\/2015\/09\/24\/acuerdan-alumnos-de-diferentes-instituciones-cinco-acciones-en-reclamo-de-justicia-por-caso-el-ayotzinapa\/","title":{"rendered":"Acuerdan alumnos de diferentes instituciones cinco acciones en reclamo de justicia por caso el Ayotzinapa"},"content":{"rendered":"<p>La Jornada Zacatecas<\/p>\n<p>Acuerdan alumnos de diferentes instituciones cinco acciones en reclamo de justicia por caso el Ayotzinapa<\/p>\n<p>24\/09\/15<\/p>\n<p> ? El 26 de septiembre a las 12 horas marchar\u00e1n de la Seduzac a Plaza Bicentenario<\/p>\n<p>Voceros de la Asamblea de Estudiantes de la Universidad Aut\u00f3noma de Zacatecas informaron del acuerdo interestudiantil para realizar una serie de cinco acciones con que conmemorar\u00e1n el primer aniversario del asesinato de seis personas y la desaparici\u00f3n forzada de 43 estudiantes de la Normal Rural Ra\u00fal Isidro Burgos de Ayotzinapa, la madrugada de entre el 26 y 27 de septiembre de 2014, en el municipio de Iguala, Guerrero.<\/p>\n<p>Los j\u00f3venes convinieron con pares del Colegio de Bachilleres de Zacatecas (Cobaez) y, de manera individual, con alumnos de la Universidad Aut\u00f3noma de Durango, entre otros colectivos estudiantiles, hacer una convocatoria amplia como \u201cestudiantes\u201d para permitir que tanto los que actualmente cursan estudios en instituciones p\u00fablicas como privadas puedan acudir indistintamente, y asimismo, facilitar la integraci\u00f3n de manera amplia de la ciudadan\u00eda interesada en sumarse a este ejercicio de memoria y reclamo de justicia para este caso, misma que se sincronizar\u00e1 con la que en Ciudad de M\u00e9xico involucrar\u00e1 a los padres de los normalistas.<\/p>\n<p>Buscan deslindar esta iniciativa de los partidos pol\u00edticos y sus personajes emblem\u00e1ticos, a fin de que no s\u00f3lo no capitalicen pol\u00edticamente este acontecimiento, sino que desalienten con su presencia a quienes expresan un descontento con el actuar de estos institutos, precis\u00f3 Yoandra.<\/p>\n<p>Esa fue la raz\u00f3n, coment\u00f3 por su parte Lino Escobedo, de que decidieran no asistir como colectivos y en representaci\u00f3n de sus instituciones educativas, a la otra manifestaci\u00f3n que se anuncia, partir\u00e1 a las 17 horas del mismo d\u00eda desde el Caballito de Gonz\u00e1lez Ortega hasta Plaza de Armas.<\/p>\n<p>Luego de este resolutivo tomado el pasado 22 de septiembre, expresaron su invitaci\u00f3n cordial a los alumnos del Instituto Polit\u00e9cnico Nacional (IPN) y la Universidad Tecnol\u00f3gica del Estado de Zacatecas (Utzac) para que se sumen a las acciones estudiantiles, entre las que se encuentra la marcha, que tendr\u00e1 como punto de la salida el bulevar Adolfo L\u00f3pez Mateos al mediod\u00eda (12 horas), a la altura de la sede de la Seduzac, y que concluir\u00e1 en Plaza Bicentenario.<\/p>\n<p>En este espacio har\u00e1n una plantaci\u00f3n de \u00e1rboles, una escenificaci\u00f3n, y a\u00fan por concretarse est\u00e1 planteado un performance en cerros aleda\u00f1os as\u00ed como una ceremonia c\u00edvica en torno a un asta bandera. Estas acciones est\u00e1n propuestas como formas m\u00e1s creativas y visuales de protesta durante el viernes y el s\u00e1bado pr\u00f3ximo, dijeron.<\/p>\n<p>Yoandra coment\u00f3 tambi\u00e9n, que desde las 11 horas del mismo 26 de septiembre funcionar\u00e1n brigadas estudiantiles de la UAZ inscritas en el proyecto La Universidad a la Calle, que tendr\u00e1n labor en las colonias Estrella de Oro y El Orito, de la capital del estado.<\/p>\n<p><a href=\"http:\/\/ljz.mx\/2015\/09\/24\/acuerdan-alumnos-de-diferentes-instituciones-cinco-acciones-en-reclamo-de-justicia-por-caso-el-ayotzinapa\/\" target=\"_blank\">ljz.mx\/2015\/09\/24\/acuerdan-alumnos-de-diferentes-instituciones-cinco-acciones-en-reclamo-de-justicia-por-caso-el-ayotzinapa\/<\/a><\/p>\n","protected":false},"excerpt":{"rendered":"<p>La Jornada Zacatecas Acuerdan alumnos de diferentes instituciones cinco acciones en reclamo de justicia por caso el Ayotzinapa 24\/09\/15 ? El 26 de septiembre a las 12 horas marchar\u00e1n de &hellip; <a href=\"http:\/\/www.grieta.org.mx\/index.php\/2015\/09\/24\/acuerdan-alumnos-de-diferentes-instituciones-cinco-acciones-en-reclamo-de-justicia-por-caso-el-ayotzinapa\/\" class=\"more-link\">Leer m\u00e1s<\/a><\/p>\n","protected":false},"author":2,"featured_media":21928,"comment_status":"closed","ping_status":"open","sticky":false,"template":"","format":"standard","meta":{"ngg_post_thumbnail":0,"_jetpack_newsletter_access":"","_jetpack_dont_email_post_to_subs":false,"_jetpack_newsletter_tier_id":0,"_jetpack_memberships_contains_paywalled_content":false,"_jetpack_memberships_contains_paid_content":false,"footnotes":""},"categories":[80,139],"tags":[119],"class_list":["post-1408","post","type-post","status-publish","format-standard","has-post-thumbnail","hentry","category-cintillo","category-zacatecas","tag-ayotzinapa","entry"],"jetpack_featured_media_url":"http:\/\/www.grieta.org.mx\/wp-content\/uploads\/2018\/03\/14524434_1106112876131411_958039263622046936_o.jpg","jetpack_sharing_enabled":true,"jetpack_shortlink":"https:\/\/wp.me\/p7ZJR4-mI","jetpack_likes_enabled":false,"jetpack-related-posts":[{"id":1410,"url":"http:\/\/www.grieta.org.mx\/index.php\/2016\/03\/27\/movilizaciones-por-ayotzinapa-en-zacatecas\/","url_meta":{"origin":1408,"position":0},"title":"Movilizaciones por Ayotzinapa en Zacatecas","author":"grieta","date":"27 marzo, 2016","format":false,"excerpt":"27\/03\/16. Exigen esclarecimiento del caso Ayotzinapa NTR Zacatecas 26\/01\/16. Marcha MDMZ en conmemoraci\u00f3n de caso Ayotzinapa NTR Zacatecas 26\/09\/15. Marchan por Ayotzinapa (Zacatecas) NTR Zacatecas 24\/09\/15. Acuerdan alumnos de diferentes instituciones cinco acciones en reclamo de justicia por caso el Ayotzinapa La Jornada Zacatecas","rel":"","context":"En &quot;CINTILLO&quot;","block_context":{"text":"CINTILLO","link":"http:\/\/www.grieta.org.mx\/index.php\/category\/cintillo\/"},"img":{"alt_text":"","src":"https:\/\/i0.wp.com\/www.grieta.org.mx\/wp-content\/uploads\/2018\/03\/14524434_1106112876131411_958039263622046936_o.jpg?resize=350%2C200","width":350,"height":200,"srcset":"https:\/\/i0.wp.com\/www.grieta.org.mx\/wp-content\/uploads\/2018\/03\/14524434_1106112876131411_958039263622046936_o.jpg?resize=350%2C200 1x, https:\/\/i0.wp.com\/www.grieta.org.mx\/wp-content\/uploads\/2018\/03\/14524434_1106112876131411_958039263622046936_o.jpg?resize=525%2C300 1.5x, https:\/\/i0.wp.com\/www.grieta.org.mx\/wp-content\/uploads\/2018\/03\/14524434_1106112876131411_958039263622046936_o.jpg?resize=700%2C400 2x"},"classes":[]},{"id":1406,"url":"http:\/\/www.grieta.org.mx\/index.php\/2015\/09\/26\/marchan-por-ayotzinapa\/","url_meta":{"origin":1408,"position":1},"title":"Marchan por Ayotzinapa","author":"grieta","date":"26 septiembre, 2015","format":false,"excerpt":"S\u00e1bado, 26 de septiembre de 2015 ABIGAIL SALINAS Zacatecas.- Despu\u00e9s de las 12 horas de este s\u00e1bado, cientos de j\u00f3venes marcharon al cumplirse un a\u00f1o de la desaparici\u00f3n de los estudiantes de la Escuela Normal Rural Ra\u00fal Isidro Burgos de Ayotzinapa, Guerrero. Los manifestantes se reunieron frente a las oficinas\u2026","rel":"","context":"En &quot;CINTILLO&quot;","block_context":{"text":"CINTILLO","link":"http:\/\/www.grieta.org.mx\/index.php\/category\/cintillo\/"},"img":{"alt_text":"","src":"https:\/\/i0.wp.com\/www.grieta.org.mx\/wp-content\/uploads\/2018\/03\/14524434_1106112876131411_958039263622046936_o.jpg?resize=350%2C200","width":350,"height":200,"srcset":"https:\/\/i0.wp.com\/www.grieta.org.mx\/wp-content\/uploads\/2018\/03\/14524434_1106112876131411_958039263622046936_o.jpg?resize=350%2C200 1x, https:\/\/i0.wp.com\/www.grieta.org.mx\/wp-content\/uploads\/2018\/03\/14524434_1106112876131411_958039263622046936_o.jpg?resize=525%2C300 1.5x, https:\/\/i0.wp.com\/www.grieta.org.mx\/wp-content\/uploads\/2018\/03\/14524434_1106112876131411_958039263622046936_o.jpg?resize=700%2C400 2x"},"classes":[]},{"id":8540,"url":"http:\/\/www.grieta.org.mx\/index.php\/2016\/03\/27\/exigen-esclarecimiento-del-caso-ayotzinapa\/","url_meta":{"origin":1408,"position":2},"title":"Exigen esclarecimiento del caso Ayotzinapa","author":"grieta","date":"27 marzo, 2016","format":false,"excerpt":"Domingo, 27 de marzo de 2016 ABIGAIL SALINAS | NTRZACATECAS.COM Zacatecas.- La tarde de este s\u00e1bado, el colectivo de ciudadanos independientes de Zacatecas se manifest\u00f3 pac\u00edficamente en las escalinatas del Teatro Fernando Calder\u00f3n para exigir el esclarecimiento del caso de Ayotzinapa. A 18 meses de la desaparici\u00f3n de los 43\u2026","rel":"","context":"En &quot;CINTILLO&quot;","block_context":{"text":"CINTILLO","link":"http:\/\/www.grieta.org.mx\/index.php\/category\/cintillo\/"},"img":{"alt_text":"","src":"https:\/\/i0.wp.com\/www.grieta.org.mx\/wp-content\/uploads\/2018\/03\/14524434_1106112876131411_958039263622046936_o.jpg?resize=350%2C200","width":350,"height":200,"srcset":"https:\/\/i0.wp.com\/www.grieta.org.mx\/wp-content\/uploads\/2018\/03\/14524434_1106112876131411_958039263622046936_o.jpg?resize=350%2C200 1x, https:\/\/i0.wp.com\/www.grieta.org.mx\/wp-content\/uploads\/2018\/03\/14524434_1106112876131411_958039263622046936_o.jpg?resize=525%2C300 1.5x, https:\/\/i0.wp.com\/www.grieta.org.mx\/wp-content\/uploads\/2018\/03\/14524434_1106112876131411_958039263622046936_o.jpg?resize=700%2C400 2x"},"classes":[]},{"id":1404,"url":"http:\/\/www.grieta.org.mx\/index.php\/2016\/01\/26\/marcha-mdmz-en-conmemoracion-de-caso-ayotzinapa\/","url_meta":{"origin":1408,"position":3},"title":"Marcha MDMZ en conmemoraci\u00f3n de caso Ayotzinapa","author":"grieta","date":"26 enero, 2016","format":false,"excerpt":"Martes, 26 de enero de 2016 ABIGAIL SALINAS Zacatecas.- Con el lema \u201cni perd\u00f3n ni olvido\u201d, cerca de 200 integrantes del Movimiento Democr\u00e1tico Magisterial de Zacatecas (MDMZ) realizaron una marcha en conmemoraci\u00f3n a los 16 meses de la desaparici\u00f3n de los estudiantes de la Escuela Normal Rural Ra\u00fal Isidro Burgos\u2026","rel":"","context":"En &quot;CINTILLO&quot;","block_context":{"text":"CINTILLO","link":"http:\/\/www.grieta.org.mx\/index.php\/category\/cintillo\/"},"img":{"alt_text":"","src":"https:\/\/i0.wp.com\/www.grieta.org.mx\/wp-content\/uploads\/2018\/03\/14524434_1106112876131411_958039263622046936_o.jpg?resize=350%2C200","width":350,"height":200,"srcset":"https:\/\/i0.wp.com\/www.grieta.org.mx\/wp-content\/uploads\/2018\/03\/14524434_1106112876131411_958039263622046936_o.jpg?resize=350%2C200 1x, https:\/\/i0.wp.com\/www.grieta.org.mx\/wp-content\/uploads\/2018\/03\/14524434_1106112876131411_958039263622046936_o.jpg?resize=525%2C300 1.5x, https:\/\/i0.wp.com\/www.grieta.org.mx\/wp-content\/uploads\/2018\/03\/14524434_1106112876131411_958039263622046936_o.jpg?resize=700%2C400 2x"},"classes":[]},{"id":8951,"url":"http:\/\/www.grieta.org.mx\/index.php\/2015\/02\/01\/normalistas-de-michoacan-alertas-a-caso-ayotzinapa\/","url_meta":{"origin":1408,"position":4},"title":"Normalistas de Michoac\u00e1n, alertas a caso Ayotzinapa","author":"Admin","date":"1 febrero, 2015","format":false,"excerpt":"MORELIA, Mich., 1 de febrero de 2015.- Luego de continuas movilizaciones y acciones donde se exig\u00eda la aparici\u00f3n con vida de los 43 normalistas de Ayotzinapa Guerrero, y tras las declaraciones hechas por Jes\u00fas Murillo Karam, procurador General de la Rep\u00fablica, en torno al caso, estudiantes normalistas de la entidad\u2026","rel":"","context":"En &quot;CINTILLO&quot;","block_context":{"text":"CINTILLO","link":"http:\/\/www.grieta.org.mx\/index.php\/category\/cintillo\/"},"img":{"alt_text":"","src":"https:\/\/i0.wp.com\/www.grieta.org.mx\/wp-content\/uploads\/2018\/03\/14524434_1106112876131411_958039263622046936_o.jpg?resize=350%2C200","width":350,"height":200,"srcset":"https:\/\/i0.wp.com\/www.grieta.org.mx\/wp-content\/uploads\/2018\/03\/14524434_1106112876131411_958039263622046936_o.jpg?resize=350%2C200 1x, https:\/\/i0.wp.com\/www.grieta.org.mx\/wp-content\/uploads\/2018\/03\/14524434_1106112876131411_958039263622046936_o.jpg?resize=525%2C300 1.5x, https:\/\/i0.wp.com\/www.grieta.org.mx\/wp-content\/uploads\/2018\/03\/14524434_1106112876131411_958039263622046936_o.jpg?resize=700%2C400 2x"},"classes":[]},{"id":4131,"url":"http:\/\/www.grieta.org.mx\/index.php\/2015\/08\/02\/la-cnte-y-padres-de-los-43-marchan-en-oaxaca\/","url_meta":{"origin":1408,"position":5},"title":"La CNTE y padres de los 43 marchan en Oaxaca","author":"grieta","date":"2 agosto, 2015","format":false,"excerpt":"OAXACA, OAXACA (02\/AGO\/2015).- Maestros de la Secci\u00f3n 22 del CNTE, padres de familia y alumnos de la escuela Normal Rural \u201cRa\u00fal Isidro Burgos\u201d, de Ayotzinapa, realizaron una marchan en demanda de la presentaci\u00f3n con vida de los 43 estudiantes desaparecidos el 26 de septiembre de 2014. Luego de recorrer las\u2026","rel":"","context":"En &quot;CINTILLO&quot;","block_context":{"text":"CINTILLO","link":"http:\/\/www.grieta.org.mx\/index.php\/category\/cintillo\/"},"img":{"alt_text":"","src":"https:\/\/i0.wp.com\/www.grieta.org.mx\/wp-content\/uploads\/2018\/03\/14524434_1106112876131411_958039263622046936_o.jpg?resize=350%2C200","width":350,"height":200,"srcset":"https:\/\/i0.wp.com\/www.grieta.org.mx\/wp-content\/uploads\/2018\/03\/14524434_1106112876131411_958039263622046936_o.jpg?resize=350%2C200 1x, https:\/\/i0.wp.com\/www.grieta.org.mx\/wp-content\/uploads\/2018\/03\/14524434_1106112876131411_958039263622046936_o.jpg?resize=525%2C300 1.5x, https:\/\/i0.wp.com\/www.grieta.org.mx\/wp-content\/uploads\/2018\/03\/14524434_1106112876131411_958039263622046936_o.jpg?resize=700%2C400 2x"},"classes":[]}],"_links":{"self":[{"href":"http:\/\/www.grieta.org.mx\/index.php\/wp-json\/wp\/v2\/posts\/1408","targetHints":{"allow":["GET"]}}],"collection":[{"href":"http:\/\/www.grieta.org.mx\/index.php\/wp-json\/wp\/v2\/posts"}],"about":[{"href":"http:\/\/www.grieta.org.mx\/index.php\/wp-json\/wp\/v2\/types\/post"}],"author":[{"embeddable":true,"href":"http:\/\/www.grieta.org.mx\/index.php\/wp-json\/wp\/v2\/users\/2"}],"replies":[{"embeddable":true,"href":"http:\/\/www.grieta.org.mx\/index.php\/wp-json\/wp\/v2\/comments?post=1408"}],"version-history":[{"count":1,"href":"http:\/\/www.grieta.org.mx\/index.php\/wp-json\/wp\/v2\/posts\/1408\/revisions"}],"predecessor-version":[{"id":1409,"href":"http:\/\/www.grieta.org.mx\/index.php\/wp-json\/wp\/v2\/posts\/1408\/revisions\/1409"}],"wp:featuredmedia":[{"embeddable":true,"href":"http:\/\/www.grieta.org.mx\/index.php\/wp-json\/wp\/v2\/media\/21928"}],"wp:attachment":[{"href":"http:\/\/www.grieta.org.mx\/index.php\/wp-json\/wp\/v2\/media?parent=1408"}],"wp:term":[{"taxonomy":"category","embeddable":true,"href":"http:\/\/www.grieta.org.mx\/index.php\/wp-json\/wp\/v2\/categories?post=1408"},{"taxonomy":"post_tag","embeddable":true,"href":"http:\/\/www.grieta.org.mx\/index.php\/wp-json\/wp\/v2\/tags?post=1408"}],"curies":[{"name":"wp","href":"https:\/\/api.w.org\/{rel}","templated":true}]}}